{"id":1352,"date":"2025-11-16T18:06:09","date_gmt":"2025-11-16T17:06:09","guid":{"rendered":"https:\/\/www.parisenigmes.com\/blog\/?p=1352"},"modified":"2026-02-04T11:01:52","modified_gmt":"2026-02-04T10:01:52","slug":"visiter-strasbourg","status":"publish","type":"post","link":"https:\/\/www.parisenigmes.com\/blog\/visiter-strasbourg\/","title":{"rendered":"Visiter Strasbourg : 36 incontournables \u00e0 faire et voir"},"content":{"rendered":"<p data-start=\"311\" data-end=\"701\">Strasbourg, joyau de l\u2019Alsace, est une ville o\u00f9 l\u2019histoire m\u00e9di\u00e9vale rencontre l\u2019architecture gothique et l\u2019art de vivre alsacien.<\/p>\n<p data-start=\"311\" data-end=\"701\">Entre quartiers pittoresques, monuments embl\u00e9matiques et institutions culturelles prestigieuses, chaque rue, chaque pont et chaque place raconte une histoire unique.<\/p>\n<p data-start=\"311\" data-end=\"701\">Dans cet article, d\u00e9couvrez 33 lieux incontournables afin de visiter Strasbourg pour explorer pleinement son patrimoine et ses tr\u00e9sors cach\u00e9s.<\/p>\n<p data-start=\"311\" data-end=\"701\">Pour une d\u00e9couverte originale, partez \u00e0 l\u2019aventure avec notre parcours <strong data-start=\"965\" data-end=\"1003\">\u00ab\u202f<a href=\"https:\/\/www.parisenigmes.com\/experiences\/strasbourg\/jeu-de-piste-centre-ville-historique-strasbourg\">Les secrets du centre-ville historique de Strasbourg<\/a>\u202f\u00bb<\/strong>, un m\u00e9lange captivant entre escape game et visite culturelle autonome, qui vous fera explorer la ville autrement.<\/p>\n<p><a href=\"https:\/\/www.parisenigmes.com\/experiences\/strasbourg\/jeux-de-piste\"><img data-dominant-color=\"6d695d\" data-has-transparency=\"false\" style=\"--dominant-color: #6d695d;\" loading=\"lazy\" decoding=\"async\" class=\"wp-image-4132 size-medium aligncenter not-transparent\" src=\"https:\/\/www.parisenigmes.com\/blog\/wp-content\/uploads\/2025\/11\/jeu-de-piste-Strasbourg-300x300.webp\" alt=\"jeux de piste Strasbourg\" width=\"300\" height=\"300\" srcset=\"https:\/\/www.parisenigmes.com\/blog\/wp-content\/uploads\/2025\/11\/jeu-de-piste-Strasbourg-300x300.webp 300w, https:\/\/www.parisenigmes.com\/blog\/wp-content\/uploads\/2025\/11\/jeu-de-piste-Strasbourg-1024x1024.webp 1024w, https:\/\/www.parisenigmes.com\/blog\/wp-content\/uploads\/2025\/11\/jeu-de-piste-Strasbourg-150x150.webp 150w, https:\/\/www.parisenigmes.com\/blog\/wp-content\/uploads\/2025\/11\/jeu-de-piste-Strasbourg-768x768.webp 768w, https:\/\/www.parisenigmes.com\/blog\/wp-content\/uploads\/2025\/11\/jeu-de-piste-Strasbourg.webp 1080w\" sizes=\"auto, (max-width: 300px) 100vw, 300px\" \/><\/a><\/p>\n<h2 data-start=\"708\" data-end=\"745\">Monuments et b\u00e2timents historiques<\/h2>\n<h3 data-start=\"747\" data-end=\"767\">Barrage Vauban<\/h3>\n<figure id=\"attachment_1357\" aria-describedby=\"caption-attachment-1357\" style=\"width: 1024px\" class=\"wp-caption aligncenter\"><img data-dominant-color=\"a79d97\" data-has-transparency=\"false\" style=\"--dominant-color: #a79d97;\" loading=\"lazy\" decoding=\"async\" class=\"wp-image-1357 size-large not-transparent\" src=\"https:\/\/www.parisenigmes.com\/blog\/wp-content\/uploads\/2025\/11\/barrage_Vauban-1024x535.webp\" alt=\"Le Barrage Vauban\" width=\"1024\" height=\"535\" srcset=\"https:\/\/www.parisenigmes.com\/blog\/wp-content\/uploads\/2025\/11\/barrage_Vauban-1024x535.webp 1024w, https:\/\/www.parisenigmes.com\/blog\/wp-content\/uploads\/2025\/11\/barrage_Vauban-300x157.webp 300w, https:\/\/www.parisenigmes.com\/blog\/wp-content\/uploads\/2025\/11\/barrage_Vauban-768x401.webp 768w, https:\/\/www.parisenigmes.com\/blog\/wp-content\/uploads\/2025\/11\/barrage_Vauban.webp 1200w\" sizes=\"auto, (max-width: 1024px) 100vw, 1024px\" \/><figcaption id=\"caption-attachment-1357\" class=\"wp-caption-text\">Le Barrage Vauban<\/figcaption><\/figure>\n<p data-start=\"768\" data-end=\"1406\">Le <strong data-start=\"771\" data-end=\"789\">Barrage Vauban<\/strong> est un ouvrage d\u00e9fensif du XVII\u1d49 si\u00e8cle con\u00e7u pour prot\u00e9ger Strasbourg et inonder les zones alentours en cas d\u2019attaque.<\/p>\n<p data-start=\"768\" data-end=\"1406\">Il mesure 120 m\u00e8tres de long et comporte 13 arches, dont trois sur\u00e9lev\u00e9es pour laisser passer les bateaux.<br data-start=\"1078\" data-end=\"1081\" \/>Au sommet, une terrasse panoramique offre une vue spectaculaire sur les Ponts Couverts et le quartier de la Petite France.<\/p>\n<p data-start=\"768\" data-end=\"1406\">Le barrage abrite un lapidarium pr\u00e9sentant des moulages de gargouilles et de sculptures de la cath\u00e9drale.<br data-start=\"1311\" data-end=\"1314\" \/>Class\u00e9 monument historique depuis 1971, il est ouvert au public et tr\u00e8s pris\u00e9 des touristes.<\/p>\n<h3 data-start=\"1408\" data-end=\"1428\">Palais du Rhin<\/h3>\n<figure id=\"attachment_1358\" aria-describedby=\"caption-attachment-1358\" style=\"width: 1024px\" class=\"wp-caption aligncenter\"><img data-dominant-color=\"8595a5\" data-has-transparency=\"false\" style=\"--dominant-color: #8595a5;\" loading=\"lazy\" decoding=\"async\" class=\"wp-image-1358 size-large not-transparent\" src=\"https:\/\/www.parisenigmes.com\/blog\/wp-content\/uploads\/2025\/11\/Palais_Rhin_Strasbourg-1024x541.webp\" alt=\"Le Palais du Rhin\" width=\"1024\" height=\"541\" srcset=\"https:\/\/www.parisenigmes.com\/blog\/wp-content\/uploads\/2025\/11\/Palais_Rhin_Strasbourg-1024x541.webp 1024w, https:\/\/www.parisenigmes.com\/blog\/wp-content\/uploads\/2025\/11\/Palais_Rhin_Strasbourg-300x159.webp 300w, https:\/\/www.parisenigmes.com\/blog\/wp-content\/uploads\/2025\/11\/Palais_Rhin_Strasbourg-768x406.webp 768w, https:\/\/www.parisenigmes.com\/blog\/wp-content\/uploads\/2025\/11\/Palais_Rhin_Strasbourg.webp 1200w\" sizes=\"auto, (max-width: 1024px) 100vw, 1024px\" \/><figcaption id=\"caption-attachment-1358\" class=\"wp-caption-text\">Le Palais du Rhin<\/figcaption><\/figure>\n<p data-start=\"1429\" data-end=\"1922\">Le <strong data-start=\"1432\" data-end=\"1450\">Palais du Rhin<\/strong>, construit sous l\u2019\u00e8re allemande au d\u00e9but du XX\u1d49 si\u00e8cle, est un symbole du pouvoir imp\u00e9rial.<\/p>\n<p data-start=\"1429\" data-end=\"1922\">Situ\u00e9 dans le quartier de la Neustadt, il est entour\u00e9 de jardins et de larges perspectives.<\/p>\n<p data-start=\"1429\" data-end=\"1922\">Aujourd\u2019hui, il abrite des institutions officielles et reste un rep\u00e8re architectural majeur.<\/p>\n<p data-start=\"1429\" data-end=\"1922\">Son style wilhelmien impose sa grandeur et refl\u00e8te l\u2019histoire r\u00e9cente de Strasbourg.<\/p>\n<p data-start=\"1429\" data-end=\"1922\">M\u00eame si peu touristique \u00e0 l\u2019int\u00e9rieur, son ext\u00e9rieur impressionne par ses dimensions et son \u00e9l\u00e9gance.<\/p>\n<h3 data-start=\"1924\" data-end=\"1948\">La Nouvelle Douane<\/h3>\n<figure id=\"attachment_1359\" aria-describedby=\"caption-attachment-1359\" style=\"width: 1024px\" class=\"wp-caption aligncenter\"><img data-dominant-color=\"909ba0\" data-has-transparency=\"false\" style=\"--dominant-color: #909ba0;\" loading=\"lazy\" decoding=\"async\" class=\"wp-image-1359 size-large not-transparent\" title=\"La nouvelle Douane\" src=\"https:\/\/www.parisenigmes.com\/blog\/wp-content\/uploads\/2025\/11\/douane_de_Strasbourg-1024x663.webp\" alt=\"La nouvelle Douane\" width=\"1024\" height=\"663\" srcset=\"https:\/\/www.parisenigmes.com\/blog\/wp-content\/uploads\/2025\/11\/douane_de_Strasbourg-1024x663.webp 1024w, https:\/\/www.parisenigmes.com\/blog\/wp-content\/uploads\/2025\/11\/douane_de_Strasbourg-300x194.webp 300w, https:\/\/www.parisenigmes.com\/blog\/wp-content\/uploads\/2025\/11\/douane_de_Strasbourg-768x497.webp 768w, https:\/\/www.parisenigmes.com\/blog\/wp-content\/uploads\/2025\/11\/douane_de_Strasbourg.webp 1200w\" sizes=\"auto, (max-width: 1024px) 100vw, 1024px\" \/><figcaption id=\"caption-attachment-1359\" class=\"wp-caption-text\">La nouvelle Douane<\/figcaption><\/figure>\n<p data-start=\"1949\" data-end=\"2497\">La <strong data-start=\"1952\" data-end=\"1971\">Nouvelle Douane<\/strong> est un b\u00e2timent Renaissance situ\u00e9 sur les quais de l\u2019Ill, construit au XVI\u1d49 si\u00e8cle.<\/p>\n<p data-start=\"1949\" data-end=\"2497\">Elle servait \u00e0 contr\u00f4ler les marchandises et percevoir les taxes pour la ville.<\/p>\n<p data-start=\"1949\" data-end=\"2497\">Aujourd\u2019hui, elle abrite des commerces et des restaurants, tout en conservant son architecture historique.<\/p>\n<p data-start=\"1949\" data-end=\"2497\">Ses fa\u00e7ades d\u00e9cor\u00e9es de sculptures et de motifs g\u00e9om\u00e9triques en font un joyau architectural.<\/p>\n<p data-start=\"1949\" data-end=\"2497\"><a href=\"https:\/\/www.parisenigmes.com\/experiences\/strasbourg\/jeux-de-piste\"><img data-dominant-color=\"6d695d\" data-has-transparency=\"false\" style=\"--dominant-color: #6d695d;\" loading=\"lazy\" decoding=\"async\" class=\"wp-image-4132 size-medium aligncenter not-transparent\" src=\"https:\/\/www.parisenigmes.com\/blog\/wp-content\/uploads\/2025\/11\/jeu-de-piste-Strasbourg-300x300.webp\" alt=\"jeux de piste Strasbourg\" width=\"300\" height=\"300\" srcset=\"https:\/\/www.parisenigmes.com\/blog\/wp-content\/uploads\/2025\/11\/jeu-de-piste-Strasbourg-300x300.webp 300w, https:\/\/www.parisenigmes.com\/blog\/wp-content\/uploads\/2025\/11\/jeu-de-piste-Strasbourg-1024x1024.webp 1024w, https:\/\/www.parisenigmes.com\/blog\/wp-content\/uploads\/2025\/11\/jeu-de-piste-Strasbourg-150x150.webp 150w, https:\/\/www.parisenigmes.com\/blog\/wp-content\/uploads\/2025\/11\/jeu-de-piste-Strasbourg-768x768.webp 768w, https:\/\/www.parisenigmes.com\/blog\/wp-content\/uploads\/2025\/11\/jeu-de-piste-Strasbourg.webp 1080w\" sizes=\"auto, (max-width: 300px) 100vw, 300px\" \/><\/a><\/p>\n<h3 data-start=\"2499\" data-end=\"2519\">Pont du Faisan<\/h3>\n<figure id=\"attachment_1360\" aria-describedby=\"caption-attachment-1360\" style=\"width: 1024px\" class=\"wp-caption aligncenter\"><img data-dominant-color=\"818284\" data-has-transparency=\"false\" style=\"--dominant-color: #818284;\" loading=\"lazy\" decoding=\"async\" class=\"size-large wp-image-1360 not-transparent\" src=\"https:\/\/www.parisenigmes.com\/blog\/wp-content\/uploads\/2025\/11\/Pont_du_Faisan-1024x533.webp\" alt=\"Le pont du Faisan \u00e0 Strasbourg\" width=\"1024\" height=\"533\" srcset=\"https:\/\/www.parisenigmes.com\/blog\/wp-content\/uploads\/2025\/11\/Pont_du_Faisan-1024x533.webp 1024w, https:\/\/www.parisenigmes.com\/blog\/wp-content\/uploads\/2025\/11\/Pont_du_Faisan-300x156.webp 300w, https:\/\/www.parisenigmes.com\/blog\/wp-content\/uploads\/2025\/11\/Pont_du_Faisan-768x400.webp 768w, https:\/\/www.parisenigmes.com\/blog\/wp-content\/uploads\/2025\/11\/Pont_du_Faisan.webp 1200w\" sizes=\"auto, (max-width: 1024px) 100vw, 1024px\" \/><figcaption id=\"caption-attachment-1360\" class=\"wp-caption-text\">Le pont du Faisan \u00e0 Strasbourg<\/figcaption><\/figure>\n<p data-start=\"2520\" data-end=\"2991\">Le <strong data-start=\"2523\" data-end=\"2541\">Pont du Faisan<\/strong> est un pont historique reliant le quartier de la Petite France \u00e0 d\u2019autres zones de Strasbourg.<\/p>\n<p data-start=\"2520\" data-end=\"2991\">Il date du Moyen \u00c2ge et a \u00e9t\u00e9 reconstruit plusieurs fois au fil des si\u00e8cles.<\/p>\n<p data-start=\"2520\" data-end=\"2991\">Son architecture traditionnelle en fait un point de passage pittoresque pour les pi\u00e9tons.<\/p>\n<h3 data-start=\"2993\" data-end=\"3032\">Anciennes glaci\u00e8res de Strasbourg<\/h3>\n<figure id=\"attachment_3000\" aria-describedby=\"caption-attachment-3000\" style=\"width: 1024px\" class=\"wp-caption aligncenter\"><img data-dominant-color=\"7e8790\" data-has-transparency=\"false\" style=\"--dominant-color: #7e8790;\" loading=\"lazy\" decoding=\"async\" class=\"size-large wp-image-3000 not-transparent\" src=\"https:\/\/www.parisenigmes.com\/blog\/wp-content\/uploads\/2025\/11\/1280px-Anciennes_Glacieres_Strasbourg_13-1024x682.webp\" alt=\"Anciennes Glacie\u0300res Strasbourg\" width=\"1024\" height=\"682\" srcset=\"https:\/\/www.parisenigmes.com\/blog\/wp-content\/uploads\/2025\/11\/1280px-Anciennes_Glacieres_Strasbourg_13-1024x682.webp 1024w, https:\/\/www.parisenigmes.com\/blog\/wp-content\/uploads\/2025\/11\/1280px-Anciennes_Glacieres_Strasbourg_13-300x200.webp 300w, https:\/\/www.parisenigmes.com\/blog\/wp-content\/uploads\/2025\/11\/1280px-Anciennes_Glacieres_Strasbourg_13-768x512.webp 768w, https:\/\/www.parisenigmes.com\/blog\/wp-content\/uploads\/2025\/11\/1280px-Anciennes_Glacieres_Strasbourg_13.webp 1280w\" sizes=\"auto, (max-width: 1024px) 100vw, 1024px\" \/><figcaption id=\"caption-attachment-3000\" class=\"wp-caption-text\">Anciennes Glacie\u0300res Strasbourg<\/figcaption><\/figure>\n<p data-start=\"3033\" data-end=\"3488\">Les <strong data-start=\"3037\" data-end=\"3060\">anciennes glaci\u00e8res<\/strong> \u00e9taient utilis\u00e9es autrefois pour stocker la glace et conserver les denr\u00e9es.<\/p>\n<p data-start=\"3033\" data-end=\"3488\">Situ\u00e9es pr\u00e8s de la Petite France, elles t\u00e9moignent du commerce et de l\u2019\u00e9conomie ancienne de la ville.<\/p>\n<p data-start=\"3033\" data-end=\"3488\">Ces b\u00e2timents ont \u00e9t\u00e9 restaur\u00e9s et int\u00e9gr\u00e9s dans le paysage urbain actuel.<\/p>\n<h3 data-start=\"3490\" data-end=\"3524\">\u00c9cluse A de la Petite France<\/h3>\n<figure id=\"attachment_3001\" aria-describedby=\"caption-attachment-3001\" style=\"width: 1024px\" class=\"wp-caption aligncenter\"><img data-dominant-color=\"6a6d65\" data-has-transparency=\"false\" style=\"--dominant-color: #6a6d65;\" loading=\"lazy\" decoding=\"async\" class=\"size-large wp-image-3001 not-transparent\" src=\"https:\/\/www.parisenigmes.com\/blog\/wp-content\/uploads\/2025\/11\/Ecluse_A_de_la_Petite_France_a_Strasbourg_2014-1024x682.webp\" alt=\"\u00c9cluse A\" width=\"1024\" height=\"682\" srcset=\"https:\/\/www.parisenigmes.com\/blog\/wp-content\/uploads\/2025\/11\/Ecluse_A_de_la_Petite_France_a_Strasbourg_2014-1024x682.webp 1024w, https:\/\/www.parisenigmes.com\/blog\/wp-content\/uploads\/2025\/11\/Ecluse_A_de_la_Petite_France_a_Strasbourg_2014-300x200.webp 300w, https:\/\/www.parisenigmes.com\/blog\/wp-content\/uploads\/2025\/11\/Ecluse_A_de_la_Petite_France_a_Strasbourg_2014-768x512.webp 768w, https:\/\/www.parisenigmes.com\/blog\/wp-content\/uploads\/2025\/11\/Ecluse_A_de_la_Petite_France_a_Strasbourg_2014.webp 1280w\" sizes=\"auto, (max-width: 1024px) 100vw, 1024px\" \/><figcaption id=\"caption-attachment-3001\" class=\"wp-caption-text\">\u00c9cluse A<\/figcaption><\/figure>\n<p data-start=\"3525\" data-end=\"3995\">L\u2019<strong data-start=\"3527\" data-end=\"3539\">\u00c9cluse A<\/strong> est l\u2019une des anciennes \u00e9cluses du quartier de la Petite France, datant de l\u2019\u00e9poque m\u00e9di\u00e9vale.<\/p>\n<p data-start=\"3525\" data-end=\"3995\">Elle servait \u00e0 r\u00e9guler le niveau de l\u2019eau pour la navigation et les moulins de la ville.<\/p>\n<p data-start=\"3525\" data-end=\"3995\">On peut encore observer ses m\u00e9canismes et sa structure typique des \u00e9cluses anciennes.<\/p>\n<p data-start=\"3525\" data-end=\"3995\">C\u2019est un exemple vivant de l\u2019ing\u00e9nierie hydraulique traditionnelle strasbourgeoise.<\/p>\n<h3 data-start=\"130\" data-end=\"149\">Palais Rohan<\/h3>\n<figure id=\"attachment_1361\" aria-describedby=\"caption-attachment-1361\" style=\"width: 1024px\" class=\"wp-caption aligncenter\"><img data-dominant-color=\"6c6a66\" data-has-transparency=\"false\" style=\"--dominant-color: #6c6a66;\" loading=\"lazy\" decoding=\"async\" class=\"size-large wp-image-1361 not-transparent\" src=\"https:\/\/www.parisenigmes.com\/blog\/wp-content\/uploads\/2025\/11\/Palais_Rohan-1024x535.webp\" alt=\"Le palais Rohan \u00e0 Strasbourg\" width=\"1024\" height=\"535\" srcset=\"https:\/\/www.parisenigmes.com\/blog\/wp-content\/uploads\/2025\/11\/Palais_Rohan-1024x535.webp 1024w, https:\/\/www.parisenigmes.com\/blog\/wp-content\/uploads\/2025\/11\/Palais_Rohan-300x157.webp 300w, https:\/\/www.parisenigmes.com\/blog\/wp-content\/uploads\/2025\/11\/Palais_Rohan-768x401.webp 768w, https:\/\/www.parisenigmes.com\/blog\/wp-content\/uploads\/2025\/11\/Palais_Rohan.webp 1200w\" sizes=\"auto, (max-width: 1024px) 100vw, 1024px\" \/><figcaption id=\"caption-attachment-1361\" class=\"wp-caption-text\">Le palais Rohan \u00e0 Strasbourg<\/figcaption><\/figure>\n<p data-start=\"150\" data-end=\"871\">Le Palais Rohan est un chef-d\u2019\u0153uvre du XVIII\u1d49 si\u00e8cle, situ\u00e9 \u00e0 c\u00f4t\u00e9 de la Cath\u00e9drale Notre-Dame de Strasbourg.<\/p>\n<p data-start=\"150\" data-end=\"871\">Il servait autrefois de r\u00e9sidence aux princes-\u00e9v\u00eaques de Strasbourg et t\u00e9moigne du pouvoir religieux et politique de l\u2019\u00e9poque.<\/p>\n<p data-start=\"150\" data-end=\"871\">Aujourd\u2019hui, il abrite trois mus\u00e9es\u202f: le mus\u00e9e des Beaux-Arts, le mus\u00e9e Arch\u00e9ologique et le mus\u00e9e des Arts D\u00e9coratifs.<\/p>\n<p data-start=\"150\" data-end=\"871\">Son architecture classique et ses salons richement d\u00e9cor\u00e9s refl\u00e8tent le go\u00fbt raffin\u00e9 de l\u2019aristocratie strasbourgeoise.<\/p>\n<p data-start=\"150\" data-end=\"871\">Le palais est \u00e9galement c\u00e9l\u00e8bre pour ses magnifiques escaliers et ses fa\u00e7ades orn\u00e9es de sculptures.<\/p>\n<p data-start=\"150\" data-end=\"871\">C\u2019est un lieu incontournable pour les amateurs d\u2019art et d\u2019histoire, offrant une immersion compl\u00e8te dans le patrimoine strasbourgeois.<\/p>\n<h3 data-start=\"761\" data-end=\"776\">Grand\u2019Rue<\/h3>\n<figure id=\"attachment_3002\" aria-describedby=\"caption-attachment-3002\" style=\"width: 1024px\" class=\"wp-caption aligncenter\"><img data-dominant-color=\"7b6f69\" data-has-transparency=\"false\" style=\"--dominant-color: #7b6f69;\" loading=\"lazy\" decoding=\"async\" class=\"size-large wp-image-3002 not-transparent\" src=\"https:\/\/www.parisenigmes.com\/blog\/wp-content\/uploads\/2025\/11\/Strasbourg_GrandRue_b-1-1024x768.webp\" alt=\"GrandRue\" width=\"1024\" height=\"768\" srcset=\"https:\/\/www.parisenigmes.com\/blog\/wp-content\/uploads\/2025\/11\/Strasbourg_GrandRue_b-1-1024x768.webp 1024w, https:\/\/www.parisenigmes.com\/blog\/wp-content\/uploads\/2025\/11\/Strasbourg_GrandRue_b-1-300x225.webp 300w, https:\/\/www.parisenigmes.com\/blog\/wp-content\/uploads\/2025\/11\/Strasbourg_GrandRue_b-1-768x576.webp 768w, https:\/\/www.parisenigmes.com\/blog\/wp-content\/uploads\/2025\/11\/Strasbourg_GrandRue_b-1.webp 1280w\" sizes=\"auto, (max-width: 1024px) 100vw, 1024px\" \/><figcaption id=\"caption-attachment-3002\" class=\"wp-caption-text\">GrandRue<\/figcaption><\/figure>\n<p data-start=\"777\" data-end=\"1191\">La <strong data-start=\"780\" data-end=\"793\">Grand\u2019Rue<\/strong> traverse la Grande \u00cele et est l\u2019une des art\u00e8res historiques de Strasbourg.<\/p>\n<p data-start=\"777\" data-end=\"1191\">Elle regroupe des b\u00e2timents de styles Renaissance, XVIII\u1d49 si\u00e8cle et m\u00e9di\u00e9val.<\/p>\n<p data-start=\"777\" data-end=\"1191\">La rue relie plusieurs places importantes et quartiers touristiques.<\/p>\n<p data-start=\"777\" data-end=\"1191\">C\u2019est un lieu commer\u00e7ant, anim\u00e9 par des boutiques, restaurants et caf\u00e9s.<\/p>\n<p data-start=\"777\" data-end=\"1191\">Elle constitue un passage oblig\u00e9 pour d\u00e9couvrir l\u2019\u00e2me commer\u00e7ante et historique de Strasbourg.<\/p>\n<h2 data-start=\"4002\" data-end=\"4040\">\u00c9glises et institutions religieuses<\/h2>\n<h3 data-start=\"4042\" data-end=\"4083\">Cath\u00e9drale Notre-Dame de Strasbourg<\/h3>\n<figure id=\"attachment_1362\" aria-describedby=\"caption-attachment-1362\" style=\"width: 1024px\" class=\"wp-caption aligncenter\"><img data-dominant-color=\"6b7285\" data-has-transparency=\"false\" style=\"--dominant-color: #6b7285;\" loading=\"lazy\" decoding=\"async\" class=\"size-large wp-image-1362 not-transparent\" src=\"https:\/\/www.parisenigmes.com\/blog\/wp-content\/uploads\/2025\/11\/Cathedrale_Notre-Dame-1024x683.webp\" alt=\"Cat\u00e9hdrale Notre-Dame de Strasbourg\" width=\"1024\" height=\"683\" srcset=\"https:\/\/www.parisenigmes.com\/blog\/wp-content\/uploads\/2025\/11\/Cathedrale_Notre-Dame-1024x683.webp 1024w, https:\/\/www.parisenigmes.com\/blog\/wp-content\/uploads\/2025\/11\/Cathedrale_Notre-Dame-300x200.webp 300w, https:\/\/www.parisenigmes.com\/blog\/wp-content\/uploads\/2025\/11\/Cathedrale_Notre-Dame-768x512.webp 768w, https:\/\/www.parisenigmes.com\/blog\/wp-content\/uploads\/2025\/11\/Cathedrale_Notre-Dame.webp 1200w\" sizes=\"auto, (max-width: 1024px) 100vw, 1024px\" \/><figcaption id=\"caption-attachment-1362\" class=\"wp-caption-text\">Cat\u00e9hdrale Notre-Dame de Strasbourg<\/figcaption><\/figure>\n<p data-start=\"4084\" data-end=\"4656\">La <strong data-start=\"4087\" data-end=\"4112\">Cath\u00e9drale Notre-Dame<\/strong> est un chef-d\u2019\u0153uvre gothique du XIII\u1d49 si\u00e8cle avec sa c\u00e9l\u00e8bre fl\u00e8che culminant \u00e0 142 m\u00e8tres. Elle abrite l\u2019horloge astronomique Renaissance et de nombreuses \u0153uvres d\u2019art religieuses.<\/p>\n<p data-start=\"4084\" data-end=\"4656\">Son parvis est un lieu de rencontre et d\u2019observation des sculptures et vitraux. Class\u00e9e monument historique, elle est un symbole majeur de Strasbourg et attire des milliers de visiteurs.<\/p>\n<p data-start=\"4084\" data-end=\"4656\">D\u00e9couvrez une myst\u00e9rieuse plaque dans lequel se trouve un tr\u00e9sor sur la place de la cath\u00e9drale de Strasbourg avec notre aventure <a href=\"https:\/\/www.parisenigmes.com\/experiences\/strasbourg\/jeu-de-piste-centre-ville-historique-strasbourg\">Les secrets du centre-ville historique de Strasbourg<\/a><\/p>\n<p data-start=\"4084\" data-end=\"4656\"><a href=\"https:\/\/www.parisenigmes.com\/experiences\/strasbourg\/jeux-de-piste\"><img data-dominant-color=\"6d695d\" data-has-transparency=\"false\" style=\"--dominant-color: #6d695d;\" loading=\"lazy\" decoding=\"async\" class=\"wp-image-4132 size-medium aligncenter not-transparent\" src=\"https:\/\/www.parisenigmes.com\/blog\/wp-content\/uploads\/2025\/11\/jeu-de-piste-Strasbourg-300x300.webp\" alt=\"jeux de piste Strasbourg\" width=\"300\" height=\"300\" srcset=\"https:\/\/www.parisenigmes.com\/blog\/wp-content\/uploads\/2025\/11\/jeu-de-piste-Strasbourg-300x300.webp 300w, https:\/\/www.parisenigmes.com\/blog\/wp-content\/uploads\/2025\/11\/jeu-de-piste-Strasbourg-1024x1024.webp 1024w, https:\/\/www.parisenigmes.com\/blog\/wp-content\/uploads\/2025\/11\/jeu-de-piste-Strasbourg-150x150.webp 150w, https:\/\/www.parisenigmes.com\/blog\/wp-content\/uploads\/2025\/11\/jeu-de-piste-Strasbourg-768x768.webp 768w, https:\/\/www.parisenigmes.com\/blog\/wp-content\/uploads\/2025\/11\/jeu-de-piste-Strasbourg.webp 1080w\" sizes=\"auto, (max-width: 300px) 100vw, 300px\" \/><\/a><\/p>\n<h3 data-start=\"4658\" data-end=\"4683\">\u00c9glise Saint-Thomas<\/h3>\n<figure id=\"attachment_1363\" aria-describedby=\"caption-attachment-1363\" style=\"width: 1024px\" class=\"wp-caption aligncenter\"><img data-dominant-color=\"96897d\" data-has-transparency=\"false\" style=\"--dominant-color: #96897d;\" loading=\"lazy\" decoding=\"async\" class=\"size-large wp-image-1363 not-transparent\" src=\"https:\/\/www.parisenigmes.com\/blog\/wp-content\/uploads\/2025\/11\/Strasbourg_eglise_Saint-Thomas-1024x683.webp\" alt=\"Eglise Saint-Thomas \u00e0 Strasbourg\" width=\"1024\" height=\"683\" srcset=\"https:\/\/www.parisenigmes.com\/blog\/wp-content\/uploads\/2025\/11\/Strasbourg_eglise_Saint-Thomas-1024x683.webp 1024w, https:\/\/www.parisenigmes.com\/blog\/wp-content\/uploads\/2025\/11\/Strasbourg_eglise_Saint-Thomas-300x200.webp 300w, https:\/\/www.parisenigmes.com\/blog\/wp-content\/uploads\/2025\/11\/Strasbourg_eglise_Saint-Thomas-768x512.webp 768w, https:\/\/www.parisenigmes.com\/blog\/wp-content\/uploads\/2025\/11\/Strasbourg_eglise_Saint-Thomas.webp 1200w\" sizes=\"auto, (max-width: 1024px) 100vw, 1024px\" \/><figcaption id=\"caption-attachment-1363\" class=\"wp-caption-text\">Eglise Saint-Thomas \u00e0 Strasbourg<\/figcaption><\/figure>\n<p data-start=\"4684\" data-end=\"5168\">L\u2019<strong data-start=\"4686\" data-end=\"4709\">\u00e9glise Saint-Thomas<\/strong> est une \u00e9glise protestante gothique datant du XIII\u1d49 si\u00e8cle.<\/p>\n<p data-start=\"4684\" data-end=\"5168\">Elle poss\u00e8de l\u2019un des plus c\u00e9l\u00e8bres orgues Silbermann du XVIII\u1d49 si\u00e8cle.<\/p>\n<p data-start=\"4684\" data-end=\"5168\">Son architecture gothique tardive impressionne par sa verticalit\u00e9 et ses vo\u00fbtes \u00e9lanc\u00e9es.<\/p>\n<h3 data-start=\"5170\" data-end=\"5215\">\u00c9glise catholique Saint-Pierre-le-Vieux<\/h3>\n<figure id=\"attachment_1364\" aria-describedby=\"caption-attachment-1364\" style=\"width: 768px\" class=\"wp-caption aligncenter\"><img data-dominant-color=\"7d8382\" data-has-transparency=\"false\" style=\"--dominant-color: #7d8382;\" loading=\"lazy\" decoding=\"async\" class=\"size-large wp-image-1364 not-transparent\" src=\"https:\/\/www.parisenigmes.com\/blog\/wp-content\/uploads\/2025\/11\/Eglise_Saint-Pierre-le-Vieux_catholique_de_Strasbourg-768x1024.webp\" alt=\"Eglise Saint-Pierre-le-Vieux\" width=\"768\" height=\"1024\" srcset=\"https:\/\/www.parisenigmes.com\/blog\/wp-content\/uploads\/2025\/11\/Eglise_Saint-Pierre-le-Vieux_catholique_de_Strasbourg-768x1024.webp 768w, https:\/\/www.parisenigmes.com\/blog\/wp-content\/uploads\/2025\/11\/Eglise_Saint-Pierre-le-Vieux_catholique_de_Strasbourg-225x300.webp 225w, https:\/\/www.parisenigmes.com\/blog\/wp-content\/uploads\/2025\/11\/Eglise_Saint-Pierre-le-Vieux_catholique_de_Strasbourg.webp 960w\" sizes=\"auto, (max-width: 768px) 100vw, 768px\" \/><figcaption id=\"caption-attachment-1364\" class=\"wp-caption-text\">Eglise Saint-Pierre-le-Vieux<\/figcaption><\/figure>\n<p data-start=\"5216\" data-end=\"5741\">Cette \u00e9glise est unique car elle est utilis\u00e9e \u00e0 la fois par les catholiques et les protestants (simultaneum).<\/p>\n<p data-start=\"5216\" data-end=\"5741\">Elle remonte au XIII\u1d49 si\u00e8cle, avec des reconstructions au XIX\u1d49 si\u00e8cle.<\/p>\n<p data-start=\"5216\" data-end=\"5741\">Son orgue Silbermann de 1709 est particuli\u00e8rement renomm\u00e9.<\/p>\n<p data-start=\"5216\" data-end=\"5741\">L\u2019\u00e9difice abrite \u00e9galement des panneaux sculpt\u00e9s et peintures du XVe si\u00e8cle.<\/p>\n<p data-start=\"5216\" data-end=\"5741\">Sa situation centrale en fait un point incontournable pour d\u00e9couvrir le patrimoine religieux de Strasbourg.<\/p>\n<h3 data-start=\"5743\" data-end=\"5782\">\u00c9glise protestante du Temple-Neuf<\/h3>\n<figure id=\"attachment_3003\" aria-describedby=\"caption-attachment-3003\" style=\"width: 768px\" class=\"wp-caption aligncenter\"><img data-dominant-color=\"89908b\" data-has-transparency=\"false\" style=\"--dominant-color: #89908b;\" loading=\"lazy\" decoding=\"async\" class=\"size-large wp-image-3003 not-transparent\" src=\"https:\/\/www.parisenigmes.com\/blog\/wp-content\/uploads\/2025\/11\/Absolute_temple_neuf_01-1-768x1024.webp\" alt=\"Temple Neuf Strasbourg\" width=\"768\" height=\"1024\" srcset=\"https:\/\/www.parisenigmes.com\/blog\/wp-content\/uploads\/2025\/11\/Absolute_temple_neuf_01-1-768x1024.webp 768w, https:\/\/www.parisenigmes.com\/blog\/wp-content\/uploads\/2025\/11\/Absolute_temple_neuf_01-1-225x300.webp 225w, https:\/\/www.parisenigmes.com\/blog\/wp-content\/uploads\/2025\/11\/Absolute_temple_neuf_01-1.webp 960w\" sizes=\"auto, (max-width: 768px) 100vw, 768px\" \/><figcaption id=\"caption-attachment-3003\" class=\"wp-caption-text\">Temple Neuf Strasbourg<\/figcaption><\/figure>\n<p data-start=\"5783\" data-end=\"6318\">Le <strong data-start=\"5786\" data-end=\"5801\">Temple-Neuf<\/strong> est une \u00e9glise protestante n\u00e9o-romane construite apr\u00e8s l\u2019incendie de l\u2019ancienne \u00e9glise.\u00a0<br data-start=\"5975\" data-end=\"5978\" \/>Il a \u00e9t\u00e9 achev\u00e9 en 1877 et son clocher marque l\u2019horizon de la Grande \u00cele.<\/p>\n<p data-start=\"5783\" data-end=\"6318\">L\u2019int\u00e9rieur combine influences byzantines et n\u00e9o-romanes, avec de grandes arches verticales.<\/p>\n<p data-start=\"5783\" data-end=\"6318\">Il appartient \u00e0 l\u2019Union des \u00c9glises protestantes d\u2019Alsace et de Lorraine.<\/p>\n<p data-start=\"5783\" data-end=\"6318\">L\u2019\u00e9glise est \u00e9galement utilis\u00e9e pour des concerts en raison de son acoustique exceptionnelle.<\/p>\n<h2 data-start=\"168\" data-end=\"204\">Maisons remarquables<\/h2>\n<h3 data-start=\"4017\" data-end=\"4037\">Mus\u00e9e alsacien<\/h3>\n<figure id=\"attachment_1365\" aria-describedby=\"caption-attachment-1365\" style=\"width: 1024px\" class=\"wp-caption aligncenter\"><img data-dominant-color=\"585c52\" data-has-transparency=\"false\" style=\"--dominant-color: #585c52;\" loading=\"lazy\" decoding=\"async\" class=\"size-large wp-image-1365 not-transparent\" src=\"https:\/\/www.parisenigmes.com\/blog\/wp-content\/uploads\/2025\/11\/Musee_alsacien-1024x536.webp\" alt=\"Mus\u00e9e Alsacien de Strasbourg\" width=\"1024\" height=\"536\" srcset=\"https:\/\/www.parisenigmes.com\/blog\/wp-content\/uploads\/2025\/11\/Musee_alsacien-1024x536.webp 1024w, https:\/\/www.parisenigmes.com\/blog\/wp-content\/uploads\/2025\/11\/Musee_alsacien-300x157.webp 300w, https:\/\/www.parisenigmes.com\/blog\/wp-content\/uploads\/2025\/11\/Musee_alsacien-768x402.webp 768w, https:\/\/www.parisenigmes.com\/blog\/wp-content\/uploads\/2025\/11\/Musee_alsacien.webp 1200w\" sizes=\"auto, (max-width: 1024px) 100vw, 1024px\" \/><figcaption id=\"caption-attachment-1365\" class=\"wp-caption-text\">Mus\u00e9e Alsacien de Strasbourg<\/figcaption><\/figure>\n<p data-start=\"4038\" data-end=\"4643\">Le <strong data-start=\"4041\" data-end=\"4059\">Mus\u00e9e alsacien<\/strong> est d\u00e9di\u00e9 \u00e0 la vie traditionnelle alsacienne, ses m\u00e9tiers et coutumes.<\/p>\n<p data-start=\"4038\" data-end=\"4643\">Il est situ\u00e9 dans plusieurs maisons \u00e0 colombages du XVI\u1d49 et XVII\u1d49 si\u00e8cle.<\/p>\n<p data-start=\"4038\" data-end=\"4643\">Le mus\u00e9e expose des costumes, outils, meubles et objets quotidiens d\u2019Alsace.<br data-start=\"4364\" data-end=\"4367\" \/><br data-start=\"4472\" data-end=\"4475\" \/>C\u2019est un lieu incontournable pour comprendre l\u2019histoire sociale et culturelle de la r\u00e9gion.<\/p>\n<h3 data-start=\"206\" data-end=\"229\">Maison Kammerzell<\/h3>\n<figure id=\"attachment_1366\" aria-describedby=\"caption-attachment-1366\" style=\"width: 1024px\" class=\"wp-caption aligncenter\"><img data-dominant-color=\"58636e\" data-has-transparency=\"false\" style=\"--dominant-color: #58636e;\" loading=\"lazy\" decoding=\"async\" class=\"size-large wp-image-1366 not-transparent\" src=\"https:\/\/www.parisenigmes.com\/blog\/wp-content\/uploads\/2025\/11\/Maison_Kammerzell-1024x536.webp\" alt=\"Maison Kammerzell \u00e0 Strasbourg\" width=\"1024\" height=\"536\" srcset=\"https:\/\/www.parisenigmes.com\/blog\/wp-content\/uploads\/2025\/11\/Maison_Kammerzell-1024x536.webp 1024w, https:\/\/www.parisenigmes.com\/blog\/wp-content\/uploads\/2025\/11\/Maison_Kammerzell-300x157.webp 300w, https:\/\/www.parisenigmes.com\/blog\/wp-content\/uploads\/2025\/11\/Maison_Kammerzell-768x402.webp 768w, https:\/\/www.parisenigmes.com\/blog\/wp-content\/uploads\/2025\/11\/Maison_Kammerzell.webp 1200w\" sizes=\"auto, (max-width: 1024px) 100vw, 1024px\" \/><figcaption id=\"caption-attachment-1366\" class=\"wp-caption-text\">Maison Kammerzell \u00e0 Strasbourg<\/figcaption><\/figure>\n<p data-start=\"230\" data-end=\"781\">La <strong data-start=\"233\" data-end=\"254\">Maison Kammerzell<\/strong>, construite en 1427, est l\u2019une des maisons m\u00e9di\u00e9vales les plus c\u00e9l\u00e8bres de Strasbourg.Elle combine architecture gothique et Renaissance avec des fa\u00e7ades \u00e0 colombages richement d\u00e9cor\u00e9es.<\/p>\n<p data-start=\"230\" data-end=\"781\">\u00c0 l\u2019int\u00e9rieur, des fresques et boiseries racontent l\u2019histoire locale et les l\u00e9gendes alsaciennes. Aujourd\u2019hui, elle abrite un restaurant-brasserie r\u00e9put\u00e9, m\u00ealant gastronomie et patrimoine.<\/p>\n<p data-start=\"230\" data-end=\"781\">Situ\u00e9e \u00e0 c\u00f4t\u00e9 de la cath\u00e9drale, c\u2019est un lieu incontournable pour les visiteurs.<\/p>\n<h3 data-start=\"783\" data-end=\"802\">Maison Goethe<\/h3>\n<figure id=\"attachment_1367\" aria-describedby=\"caption-attachment-1367\" style=\"width: 683px\" class=\"wp-caption aligncenter\"><img data-dominant-color=\"73635d\" data-has-transparency=\"false\" style=\"--dominant-color: #73635d;\" loading=\"lazy\" decoding=\"async\" class=\"size-large wp-image-1367 not-transparent\" src=\"https:\/\/www.parisenigmes.com\/blog\/wp-content\/uploads\/2025\/11\/Maison_Goethe_Strasbourg-683x1024.webp\" alt=\"Maison de Goethe \u00e0 Strasbourg\" width=\"683\" height=\"1024\" srcset=\"https:\/\/www.parisenigmes.com\/blog\/wp-content\/uploads\/2025\/11\/Maison_Goethe_Strasbourg-683x1024.webp 683w, https:\/\/www.parisenigmes.com\/blog\/wp-content\/uploads\/2025\/11\/Maison_Goethe_Strasbourg-200x300.webp 200w, https:\/\/www.parisenigmes.com\/blog\/wp-content\/uploads\/2025\/11\/Maison_Goethe_Strasbourg-768x1152.webp 768w, https:\/\/www.parisenigmes.com\/blog\/wp-content\/uploads\/2025\/11\/Maison_Goethe_Strasbourg.webp 960w\" sizes=\"auto, (max-width: 683px) 100vw, 683px\" \/><figcaption id=\"caption-attachment-1367\" class=\"wp-caption-text\">Maison de Goethe \u00e0 Strasbourg<\/figcaption><\/figure>\n<p data-start=\"803\" data-end=\"1270\">La <strong data-start=\"806\" data-end=\"823\">Maison Goethe<\/strong> est li\u00e9e \u00e0 Johann Wolfgang von Goethe, qui a s\u00e9journ\u00e9 \u00e0 Strasbourg au XVIII\u1d49 si\u00e8cle. Elle constitue un lieu de m\u00e9moire pour les passionn\u00e9s de litt\u00e9rature et d\u2019histoire europ\u00e9enne.<\/p>\n<p data-start=\"803\" data-end=\"1270\">Bien que l\u2019\u00e9difice ait \u00e9t\u00e9 modifi\u00e9 au fil du temps, il conserve son charme historique.<\/p>\n<p data-start=\"803\" data-end=\"1270\">D\u00e9couvrez l&rsquo;histoire de Goethe et ce qui le lie \u00e0 Strasbourg avec notre parcours <a href=\"https:\/\/www.parisenigmes.com\/experiences\/strasbourg\/jeu-de-piste-centre-ville-historique-strasbourg\">Les secrets du centre-ville historique de Strasbourg<\/a><\/p>\n<h3 data-start=\"1272\" data-end=\"1321\">H\u00f4tel Cour du Corbeau (MGallery Collection)<\/h3>\n<figure id=\"attachment_1368\" aria-describedby=\"caption-attachment-1368\" style=\"width: 1024px\" class=\"wp-caption aligncenter\"><img data-dominant-color=\"615f5f\" data-has-transparency=\"false\" style=\"--dominant-color: #615f5f;\" loading=\"lazy\" decoding=\"async\" class=\"size-large wp-image-1368 not-transparent\" src=\"https:\/\/www.parisenigmes.com\/blog\/wp-content\/uploads\/2025\/11\/Cour_du_Corbeau-1024x535.webp\" alt=\"H\u00f4tel cour du Corbeau \u00e0 Strasbourg\" width=\"1024\" height=\"535\" srcset=\"https:\/\/www.parisenigmes.com\/blog\/wp-content\/uploads\/2025\/11\/Cour_du_Corbeau-1024x535.webp 1024w, https:\/\/www.parisenigmes.com\/blog\/wp-content\/uploads\/2025\/11\/Cour_du_Corbeau-300x157.webp 300w, https:\/\/www.parisenigmes.com\/blog\/wp-content\/uploads\/2025\/11\/Cour_du_Corbeau-768x401.webp 768w, https:\/\/www.parisenigmes.com\/blog\/wp-content\/uploads\/2025\/11\/Cour_du_Corbeau.webp 1200w\" sizes=\"auto, (max-width: 1024px) 100vw, 1024px\" \/><figcaption id=\"caption-attachment-1368\" class=\"wp-caption-text\">H\u00f4tel cour du Corbeau \u00e0 Strasbourg<\/figcaption><\/figure>\n<p data-start=\"1322\" data-end=\"1873\">L\u2019<strong data-start=\"1324\" data-end=\"1349\">H\u00f4tel Cour du Corbeau<\/strong> est un b\u00e2timent Renaissance du XVI\u1d49 si\u00e8cle, class\u00e9 Monument historique.<\/p>\n<p data-start=\"1322\" data-end=\"1873\">Aujourd\u2019hui transform\u00e9 en h\u00f4tel de charme (MGallery), il conserve ses colombages et ses cours int\u00e9rieures.<\/p>\n<p data-start=\"1322\" data-end=\"1873\">Les chambres combinent confort moderne et \u00e9l\u00e9ments d\u2019\u00e9poque pour une exp\u00e9rience authentique.<\/p>\n<p data-start=\"1322\" data-end=\"1873\">L\u2019h\u00f4tel est situ\u00e9 au c\u0153ur du centre historique, \u00e0 proximit\u00e9 des principaux monuments.<\/p>\n<p data-start=\"1322\" data-end=\"1873\">S\u00e9journer ici permet de vivre une immersion totale dans le patrimoine strasbourgeois..<\/p>\n<h2 data-start=\"189\" data-end=\"216\">Les Places monumentales de Strasbourg<\/h2>\n<h3 data-start=\"218\" data-end=\"236\">Place Kl\u00e9ber<\/h3>\n<figure id=\"attachment_1369\" aria-describedby=\"caption-attachment-1369\" style=\"width: 1024px\" class=\"wp-caption aligncenter\"><img data-dominant-color=\"8e8981\" data-has-transparency=\"false\" style=\"--dominant-color: #8e8981;\" loading=\"lazy\" decoding=\"async\" class=\"size-large wp-image-1369 not-transparent\" src=\"https:\/\/www.parisenigmes.com\/blog\/wp-content\/uploads\/2025\/11\/place_Kleber-1024x535.webp\" alt=\"Place Kleber\" width=\"1024\" height=\"535\" srcset=\"https:\/\/www.parisenigmes.com\/blog\/wp-content\/uploads\/2025\/11\/place_Kleber-1024x535.webp 1024w, https:\/\/www.parisenigmes.com\/blog\/wp-content\/uploads\/2025\/11\/place_Kleber-300x157.webp 300w, https:\/\/www.parisenigmes.com\/blog\/wp-content\/uploads\/2025\/11\/place_Kleber-768x401.webp 768w, https:\/\/www.parisenigmes.com\/blog\/wp-content\/uploads\/2025\/11\/place_Kleber.webp 1200w\" sizes=\"auto, (max-width: 1024px) 100vw, 1024px\" \/><figcaption id=\"caption-attachment-1369\" class=\"wp-caption-text\">Place Kleber<\/figcaption><\/figure>\n<p data-start=\"237\" data-end=\"1091\">La <strong data-start=\"240\" data-end=\"256\">Place Kl\u00e9ber<\/strong> rend hommage au <strong data-start=\"273\" data-end=\"317\">g\u00e9n\u00e9ral Jean-Baptiste Kl\u00e9ber (1753-1800)<\/strong>, natif de Strasbourg et h\u00e9ros de la R\u00e9volution fran\u00e7aise.<\/p>\n<p data-start=\"237\" data-end=\"1091\">Kl\u00e9ber s\u2019illustra notamment lors de la campagne d\u2019\u00c9gypte aux c\u00f4t\u00e9s de Napol\u00e9on Bonaparte et fut assassin\u00e9 au Caire en 1800.<\/p>\n<p data-start=\"237\" data-end=\"1091\">Sa statue tr\u00f4ne au centre de la place depuis 1840 et symbolise le courage, le patriotisme et le lien de Strasbourg avec l\u2019histoire militaire fran\u00e7aise.<\/p>\n<p data-start=\"237\" data-end=\"1091\">La place a \u00e9t\u00e9 rebaptis\u00e9e \u00e0 sa m\u00e9moire apr\u00e8s la R\u00e9volution pour honorer cet enfant du pays devenu figure nationale.<\/p>\n<p data-start=\"237\" data-end=\"1091\">Elle est bord\u00e9e de b\u00e2timents historiques et commerces, servant de lieu central pour les march\u00e9s, festivals et rassemblements publics.<\/p>\n<p data-start=\"237\" data-end=\"1091\"><a href=\"https:\/\/www.parisenigmes.com\/experiences\/strasbourg\/jeux-de-piste\"><img data-dominant-color=\"6d695d\" data-has-transparency=\"false\" style=\"--dominant-color: #6d695d;\" loading=\"lazy\" decoding=\"async\" class=\"wp-image-4132 size-medium aligncenter not-transparent\" src=\"https:\/\/www.parisenigmes.com\/blog\/wp-content\/uploads\/2025\/11\/jeu-de-piste-Strasbourg-300x300.webp\" alt=\"jeux de piste Strasbourg\" width=\"300\" height=\"300\" srcset=\"https:\/\/www.parisenigmes.com\/blog\/wp-content\/uploads\/2025\/11\/jeu-de-piste-Strasbourg-300x300.webp 300w, https:\/\/www.parisenigmes.com\/blog\/wp-content\/uploads\/2025\/11\/jeu-de-piste-Strasbourg-1024x1024.webp 1024w, https:\/\/www.parisenigmes.com\/blog\/wp-content\/uploads\/2025\/11\/jeu-de-piste-Strasbourg-150x150.webp 150w, https:\/\/www.parisenigmes.com\/blog\/wp-content\/uploads\/2025\/11\/jeu-de-piste-Strasbourg-768x768.webp 768w, https:\/\/www.parisenigmes.com\/blog\/wp-content\/uploads\/2025\/11\/jeu-de-piste-Strasbourg.webp 1080w\" sizes=\"auto, (max-width: 300px) 100vw, 300px\" \/><\/a><\/p>\n<h3 data-start=\"237\" data-end=\"1091\">Place Gutenberg<\/h3>\n<figure id=\"attachment_1370\" aria-describedby=\"caption-attachment-1370\" style=\"width: 1024px\" class=\"wp-caption aligncenter\"><img data-dominant-color=\"8f887f\" data-has-transparency=\"false\" style=\"--dominant-color: #8f887f;\" loading=\"lazy\" decoding=\"async\" class=\"size-large wp-image-1370 not-transparent\" src=\"https:\/\/www.parisenigmes.com\/blog\/wp-content\/uploads\/2025\/11\/place_gutenberg-1024x535.webp\" alt=\"Place Gutenberg\" width=\"1024\" height=\"535\" srcset=\"https:\/\/www.parisenigmes.com\/blog\/wp-content\/uploads\/2025\/11\/place_gutenberg-1024x535.webp 1024w, https:\/\/www.parisenigmes.com\/blog\/wp-content\/uploads\/2025\/11\/place_gutenberg-300x157.webp 300w, https:\/\/www.parisenigmes.com\/blog\/wp-content\/uploads\/2025\/11\/place_gutenberg-768x401.webp 768w, https:\/\/www.parisenigmes.com\/blog\/wp-content\/uploads\/2025\/11\/place_gutenberg.webp 1200w\" sizes=\"auto, (max-width: 1024px) 100vw, 1024px\" \/><figcaption id=\"caption-attachment-1370\" class=\"wp-caption-text\">Place Gutenberg<\/figcaption><\/figure>\n<p data-start=\"1115\" data-end=\"1966\">La <strong data-start=\"1118\" data-end=\"1137\">Place Gutenberg<\/strong> rend hommage \u00e0 <strong data-start=\"1153\" data-end=\"1192\">Johannes Gutenberg (vers 1400-1468)<\/strong>, inventeur de l\u2019imprimerie \u00e0 caract\u00e8res mobiles. Gutenberg a \u00e9tudi\u00e9 et travaill\u00e9 \u00e0 Strasbourg au d\u00e9but du XVe si\u00e8cle avant de perfectionner son invention \u00e0 Mayence. La statue \u00e9rig\u00e9e sur la place le repr\u00e9sente tenant un livre et un outil d\u2019impression, symbole de diffusion du savoir et de la culture.<\/p>\n<p data-start=\"1115\" data-end=\"1966\">La place est entour\u00e9e de b\u00e2timents historiques, t\u00e9moins du commerce et de la vie intellectuelle de la ville au Moyen \u00c2ge. Elle accueille chaque ann\u00e9e des \u00e9v\u00e9nements culturels, march\u00e9s et animations de No\u00ebl qui animent le c\u0153ur de la Grande \u00cele.<\/p>\n<p data-start=\"1115\" data-end=\"1966\">C\u2019est un lieu incontournable pour admirer l\u2019architecture alsacienne tout en rendant hommage \u00e0 l\u2019un des inventeurs les plus influents de l\u2019histoire europ\u00e9enne.<\/p>\n<p data-start=\"1115\" data-end=\"1966\">Apprenez en plus sur Gutenberg et Strasbourg avec notre parcours <a href=\"https:\/\/www.parisenigmes.com\/experiences\/strasbourg\/jeu-de-piste-centre-ville-historique-strasbourg\">Les secrets du centre-ville historique de Strasbourg<\/a><\/p>\n<h3 data-start=\"1968\" data-end=\"1992\">Place Benjamin Zix<\/h3>\n<figure id=\"attachment_1371\" aria-describedby=\"caption-attachment-1371\" style=\"width: 1024px\" class=\"wp-caption aligncenter\"><img data-dominant-color=\"766b60\" data-has-transparency=\"false\" style=\"--dominant-color: #766b60;\" loading=\"lazy\" decoding=\"async\" class=\"size-large wp-image-1371 not-transparent\" src=\"https:\/\/www.parisenigmes.com\/blog\/wp-content\/uploads\/2025\/11\/Place_Benjamin_Zix-1024x537.webp\" alt=\"Place Benjamin Zix\" width=\"1024\" height=\"537\" srcset=\"https:\/\/www.parisenigmes.com\/blog\/wp-content\/uploads\/2025\/11\/Place_Benjamin_Zix-1024x537.webp 1024w, https:\/\/www.parisenigmes.com\/blog\/wp-content\/uploads\/2025\/11\/Place_Benjamin_Zix-300x157.webp 300w, https:\/\/www.parisenigmes.com\/blog\/wp-content\/uploads\/2025\/11\/Place_Benjamin_Zix-768x403.webp 768w, https:\/\/www.parisenigmes.com\/blog\/wp-content\/uploads\/2025\/11\/Place_Benjamin_Zix.webp 1200w\" sizes=\"auto, (max-width: 1024px) 100vw, 1024px\" \/><figcaption id=\"caption-attachment-1371\" class=\"wp-caption-text\">Place Benjamin Zix<\/figcaption><\/figure>\n<p data-start=\"1993\" data-end=\"2711\">La <strong data-start=\"1996\" data-end=\"2018\">Place Benjamin Zix<\/strong> se situe dans le quartier pittoresque de la Petite France.<\/p>\n<p data-start=\"1993\" data-end=\"2711\">Elle est nomm\u00e9e en hommage \u00e0 <strong data-start=\"2168\" data-end=\"2196\">Benjamin Zix (1770-1827)<\/strong>, peintre et professeur strasbourgeois c\u00e9l\u00e8bre pour ses dessins et aquarelles d\u2019architecture.<\/p>\n<p data-start=\"1993\" data-end=\"2711\">La place est entour\u00e9e de maisons \u00e0 colombages datant du XVI\u1d49 et XVII\u1d49 si\u00e8cle, caract\u00e9ristiques du style alsacien.<\/p>\n<p data-start=\"1993\" data-end=\"2711\">Elle offre un cadre calme pour contempler les canaux et les b\u00e2timents m\u00e9di\u00e9vaux restaur\u00e9s.<\/p>\n<p data-start=\"1993\" data-end=\"2711\">\u00c0 proximit\u00e9 se trouve la Maison des Tanneurs, ancienne demeure de m\u00e9tiers traditionnels, transform\u00e9e en mus\u00e9e et restaurant.<\/p>\n<h3 data-start=\"2713\" data-end=\"2737\">Place des Tripiers<\/h3>\n<figure id=\"attachment_1372\" aria-describedby=\"caption-attachment-1372\" style=\"width: 1024px\" class=\"wp-caption aligncenter\"><img data-dominant-color=\"656256\" data-has-transparency=\"false\" style=\"--dominant-color: #656256;\" loading=\"lazy\" decoding=\"async\" class=\"size-large wp-image-1372 not-transparent\" src=\"https:\/\/www.parisenigmes.com\/blog\/wp-content\/uploads\/2025\/11\/place_des_tripiers-1024x535.webp\" alt=\"Place des tripiers\" width=\"1024\" height=\"535\" srcset=\"https:\/\/www.parisenigmes.com\/blog\/wp-content\/uploads\/2025\/11\/place_des_tripiers-1024x535.webp 1024w, https:\/\/www.parisenigmes.com\/blog\/wp-content\/uploads\/2025\/11\/place_des_tripiers-300x157.webp 300w, https:\/\/www.parisenigmes.com\/blog\/wp-content\/uploads\/2025\/11\/place_des_tripiers-768x401.webp 768w, https:\/\/www.parisenigmes.com\/blog\/wp-content\/uploads\/2025\/11\/place_des_tripiers.webp 1200w\" sizes=\"auto, (max-width: 1024px) 100vw, 1024px\" \/><figcaption id=\"caption-attachment-1372\" class=\"wp-caption-text\">Place des tripiers<\/figcaption><\/figure>\n<p data-start=\"2738\" data-end=\"3437\">La <strong data-start=\"2741\" data-end=\"2763\">Place des Tripiers<\/strong> est un petit espace historique du centre-ville, situ\u00e9 \u00e0 quelques pas de la cath\u00e9drale. Elle tire son nom des m\u00e9tiers de la boucherie et du commerce de tripes qui s\u2019y d\u00e9roulaient au Moyen \u00c2ge.<\/p>\n<p data-start=\"2738\" data-end=\"3437\">La place conserve son caract\u00e8re m\u00e9di\u00e9val avec ses ruelles \u00e9troites et ses fa\u00e7ades \u00e0 colombages. Aujourd\u2019hui, elle accueille des boutiques artisanales, des caf\u00e9s et des restaurants typiques.<\/p>\n<p data-start=\"2738\" data-end=\"3437\">D\u00e9couvrez les secrets sur l&rsquo;hommage rendu de cette place aux vignerons Alsaciens avec notre jeu de piste <a href=\"https:\/\/www.parisenigmes.com\/experiences\/strasbourg\/jeu-de-piste-centre-ville-historique-strasbourg\">Les secrets du centre-ville historique de Strasbourg<\/a><\/p>\n<p data-start=\"2738\" data-end=\"3437\"><a href=\"https:\/\/www.parisenigmes.com\/experiences\/strasbourg\/jeux-de-piste\"><img data-dominant-color=\"6d695d\" data-has-transparency=\"false\" style=\"--dominant-color: #6d695d;\" loading=\"lazy\" decoding=\"async\" class=\"wp-image-4132 size-medium aligncenter not-transparent\" src=\"https:\/\/www.parisenigmes.com\/blog\/wp-content\/uploads\/2025\/11\/jeu-de-piste-Strasbourg-300x300.webp\" alt=\"jeux de piste Strasbourg\" width=\"300\" height=\"300\" srcset=\"https:\/\/www.parisenigmes.com\/blog\/wp-content\/uploads\/2025\/11\/jeu-de-piste-Strasbourg-300x300.webp 300w, https:\/\/www.parisenigmes.com\/blog\/wp-content\/uploads\/2025\/11\/jeu-de-piste-Strasbourg-1024x1024.webp 1024w, https:\/\/www.parisenigmes.com\/blog\/wp-content\/uploads\/2025\/11\/jeu-de-piste-Strasbourg-150x150.webp 150w, https:\/\/www.parisenigmes.com\/blog\/wp-content\/uploads\/2025\/11\/jeu-de-piste-Strasbourg-768x768.webp 768w, https:\/\/www.parisenigmes.com\/blog\/wp-content\/uploads\/2025\/11\/jeu-de-piste-Strasbourg.webp 1080w\" sizes=\"auto, (max-width: 300px) 100vw, 300px\" \/><\/a><\/p>\n<h3 data-start=\"3439\" data-end=\"3472\">Place Saint-Pierre-le-Jeune<\/h3>\n<figure id=\"attachment_3004\" aria-describedby=\"caption-attachment-3004\" style=\"width: 1024px\" class=\"wp-caption aligncenter\"><img data-dominant-color=\"708393\" data-has-transparency=\"false\" style=\"--dominant-color: #708393;\" loading=\"lazy\" decoding=\"async\" class=\"size-large wp-image-3004 not-transparent\" src=\"https:\/\/www.parisenigmes.com\/blog\/wp-content\/uploads\/2025\/11\/Absolute_Eglise_St_Pierre_Le_jeune_01-1024x784.webp\" alt=\"Eglise Saint-Pierre Le jeune\" width=\"1024\" height=\"784\" srcset=\"https:\/\/www.parisenigmes.com\/blog\/wp-content\/uploads\/2025\/11\/Absolute_Eglise_St_Pierre_Le_jeune_01-1024x784.webp 1024w, https:\/\/www.parisenigmes.com\/blog\/wp-content\/uploads\/2025\/11\/Absolute_Eglise_St_Pierre_Le_jeune_01-300x230.webp 300w, https:\/\/www.parisenigmes.com\/blog\/wp-content\/uploads\/2025\/11\/Absolute_Eglise_St_Pierre_Le_jeune_01-768x588.webp 768w, https:\/\/www.parisenigmes.com\/blog\/wp-content\/uploads\/2025\/11\/Absolute_Eglise_St_Pierre_Le_jeune_01.webp 1280w\" sizes=\"auto, (max-width: 1024px) 100vw, 1024px\" \/><figcaption id=\"caption-attachment-3004\" class=\"wp-caption-text\">Eglise Saint-Pierre Le jeune<\/figcaption><\/figure>\n<p data-start=\"3473\" data-end=\"4186\">La <strong data-start=\"3476\" data-end=\"3507\">Place Saint-Pierre-le-Jeune<\/strong> entoure l\u2019\u00e9glise du m\u00eame nom, un \u00e9difice m\u00e9di\u00e9val majeur de Strasbourg.<\/p>\n<p data-start=\"3473\" data-end=\"4186\">Elle porte le nom de l\u2019\u00e9glise, d\u00e9di\u00e9e \u00e0 Saint Pierre, et refl\u00e8te l\u2019importance religieuse et sociale du quartier au fil des si\u00e8cles.<\/p>\n<p data-start=\"3473\" data-end=\"4186\">La place est anim\u00e9e par des terrasses de caf\u00e9s, march\u00e9s et \u00e9v\u00e9nements culturels occasionnels.<\/p>\n<p data-start=\"3473\" data-end=\"4186\">Elle offre une vue directe sur le clocher et les fa\u00e7ades historiques de l\u2019\u00e9glise.<\/p>\n<p data-start=\"3473\" data-end=\"4186\">Les b\u00e2timents autour pr\u00e9sentent un m\u00e9lange d\u2019architecture m\u00e9di\u00e9vale et Renaissance.<\/p>\n<h3 data-start=\"4188\" data-end=\"4213\">Place Saint-\u00c9tienne<\/h3>\n<figure id=\"attachment_3005\" aria-describedby=\"caption-attachment-3005\" style=\"width: 1024px\" class=\"wp-caption aligncenter\"><img data-dominant-color=\"545555\" data-has-transparency=\"false\" style=\"--dominant-color: #545555;\" loading=\"lazy\" decoding=\"async\" class=\"size-large wp-image-3005 not-transparent\" src=\"https:\/\/www.parisenigmes.com\/blog\/wp-content\/uploads\/2025\/11\/Strasbourg_place_Saint-Etienne_avril_2015-1024x682.webp\" alt=\"Place Saint-Etienne\" width=\"1024\" height=\"682\" srcset=\"https:\/\/www.parisenigmes.com\/blog\/wp-content\/uploads\/2025\/11\/Strasbourg_place_Saint-Etienne_avril_2015-1024x682.webp 1024w, https:\/\/www.parisenigmes.com\/blog\/wp-content\/uploads\/2025\/11\/Strasbourg_place_Saint-Etienne_avril_2015-300x200.webp 300w, https:\/\/www.parisenigmes.com\/blog\/wp-content\/uploads\/2025\/11\/Strasbourg_place_Saint-Etienne_avril_2015-768x512.webp 768w, https:\/\/www.parisenigmes.com\/blog\/wp-content\/uploads\/2025\/11\/Strasbourg_place_Saint-Etienne_avril_2015.webp 1280w\" sizes=\"auto, (max-width: 1024px) 100vw, 1024px\" \/><figcaption id=\"caption-attachment-3005\" class=\"wp-caption-text\">Place Saint-Etienne<\/figcaption><\/figure>\n<p data-start=\"4214\" data-end=\"4862\">La <strong data-start=\"4217\" data-end=\"4240\">Place Saint-\u00c9tienne<\/strong> se situe pr\u00e8s de l\u2019\u00e9glise Saint-\u00c9tienne, dans le centre historique.<\/p>\n<p data-start=\"4214\" data-end=\"4862\">Elle rend hommage \u00e0 l\u2019\u00e9glise m\u00e9di\u00e9vale, d\u00e9di\u00e9e \u00e0 Saint \u00c9tienne, premier martyr chr\u00e9tien.<\/p>\n<p data-start=\"4214\" data-end=\"4862\">La place est bord\u00e9e de maisons \u00e0 colombages typiques du vieux Strasbourg et conserve une atmosph\u00e8re m\u00e9di\u00e9vale.<\/p>\n<p data-start=\"4214\" data-end=\"4862\">C\u2019est un espace calme et moins touristique, id\u00e9al pour une promenade tranquille.<\/p>\n<h3 data-start=\"4864\" data-end=\"4905\">Place du March\u00e9-aux-Cochons-de-Lait<\/h3>\n<figure id=\"attachment_1373\" aria-describedby=\"caption-attachment-1373\" style=\"width: 1024px\" class=\"wp-caption aligncenter\"><img data-dominant-color=\"696f75\" data-has-transparency=\"false\" style=\"--dominant-color: #696f75;\" loading=\"lazy\" decoding=\"async\" class=\"size-large wp-image-1373 not-transparent\" src=\"https:\/\/www.parisenigmes.com\/blog\/wp-content\/uploads\/2025\/11\/Place_du_Marche_aux_Cochons_de_Lait-1024x536.webp\" alt=\"Place du march\u00e9 aux cochons de lait\" width=\"1024\" height=\"536\" srcset=\"https:\/\/www.parisenigmes.com\/blog\/wp-content\/uploads\/2025\/11\/Place_du_Marche_aux_Cochons_de_Lait-1024x536.webp 1024w, https:\/\/www.parisenigmes.com\/blog\/wp-content\/uploads\/2025\/11\/Place_du_Marche_aux_Cochons_de_Lait-300x157.webp 300w, https:\/\/www.parisenigmes.com\/blog\/wp-content\/uploads\/2025\/11\/Place_du_Marche_aux_Cochons_de_Lait-768x402.webp 768w, https:\/\/www.parisenigmes.com\/blog\/wp-content\/uploads\/2025\/11\/Place_du_Marche_aux_Cochons_de_Lait.webp 1200w\" sizes=\"auto, (max-width: 1024px) 100vw, 1024px\" \/><figcaption id=\"caption-attachment-1373\" class=\"wp-caption-text\">Place du march\u00e9 aux cochons de lait<\/figcaption><\/figure>\n<p data-start=\"4906\" data-end=\"5553\">Cette <strong data-start=\"4912\" data-end=\"4932\">place historique<\/strong> \u00e9tait d\u00e9di\u00e9e au commerce du porc et des volailles au Moyen \u00c2ge.<\/p>\n<p data-start=\"4906\" data-end=\"5553\">Elle conserve son nom et ses b\u00e2timents anciens, t\u00e9moins de l\u2019activit\u00e9 commerciale m\u00e9di\u00e9vale.<\/p>\n<p data-start=\"4906\" data-end=\"5553\">La place est bord\u00e9e de maisons \u00e0 colombages typiques de l\u2019Alsace, offrant un cadre pittoresque.<\/p>\n<h3 data-start=\"5555\" data-end=\"5582\">Place du March\u00e9 Gayot<\/h3>\n<figure id=\"attachment_3006\" aria-describedby=\"caption-attachment-3006\" style=\"width: 1024px\" class=\"wp-caption aligncenter\"><img data-dominant-color=\"7a806c\" data-has-transparency=\"false\" style=\"--dominant-color: #7a806c;\" loading=\"lazy\" decoding=\"async\" class=\"size-large wp-image-3006 not-transparent\" src=\"https:\/\/www.parisenigmes.com\/blog\/wp-content\/uploads\/2025\/11\/Place_du_Marche_Gayot-Strasbourg_1-1024x768.webp\" alt=\"Place du March\u00e9 Gayot\" width=\"1024\" height=\"768\" srcset=\"https:\/\/www.parisenigmes.com\/blog\/wp-content\/uploads\/2025\/11\/Place_du_Marche_Gayot-Strasbourg_1-1024x768.webp 1024w, https:\/\/www.parisenigmes.com\/blog\/wp-content\/uploads\/2025\/11\/Place_du_Marche_Gayot-Strasbourg_1-300x225.webp 300w, https:\/\/www.parisenigmes.com\/blog\/wp-content\/uploads\/2025\/11\/Place_du_Marche_Gayot-Strasbourg_1-768x576.webp 768w, https:\/\/www.parisenigmes.com\/blog\/wp-content\/uploads\/2025\/11\/Place_du_Marche_Gayot-Strasbourg_1.webp 1280w\" sizes=\"auto, (max-width: 1024px) 100vw, 1024px\" \/><figcaption id=\"caption-attachment-3006\" class=\"wp-caption-text\">Place du March\u00e9 Gayot<\/figcaption><\/figure>\n<p data-start=\"5583\" data-end=\"6208\">La <strong data-start=\"5586\" data-end=\"5611\">Place du March\u00e9 Gayot<\/strong> est un espace historique moins connu, proche de la Grand\u2019Rue.<\/p>\n<p data-start=\"5583\" data-end=\"6208\">Elle \u00e9tait utilis\u00e9e pour les march\u00e9s et le commerce local au Moyen \u00c2ge.<\/p>\n<p data-start=\"5583\" data-end=\"6208\">Les b\u00e2timents restaur\u00e9s pr\u00e9sentent un style alsacien classique, avec fa\u00e7ades color\u00e9es et colombages.<\/p>\n<p data-start=\"5583\" data-end=\"6208\">D\u00e9couvrez la l\u00e9gende de la \u00ab\u00a0chaussure du roi\u00a0\u00bb dans notre parcours <a href=\"https:\/\/www.parisenigmes.com\/experiences\/strasbourg\/jeu-de-piste-centre-ville-historique-strasbourg\">Les secrets du centre-ville historique de Strasbourg<\/a><\/p>\n<h2 data-start=\"216\" data-end=\"255\">Th\u00e9\u00e2tres et institutions culturelles<\/h2>\n<h3 data-start=\"257\" data-end=\"285\">Op\u00e9ra national du Rhin<\/h3>\n<figure id=\"attachment_1374\" aria-describedby=\"caption-attachment-1374\" style=\"width: 1024px\" class=\"wp-caption aligncenter\"><img data-dominant-color=\"837b77\" data-has-transparency=\"false\" style=\"--dominant-color: #837b77;\" loading=\"lazy\" decoding=\"async\" class=\"size-large wp-image-1374 not-transparent\" src=\"https:\/\/www.parisenigmes.com\/blog\/wp-content\/uploads\/2025\/11\/opera_de_strasborug-1024x535.webp\" alt=\"Op\u00e9ra de Strasbourg\" width=\"1024\" height=\"535\" srcset=\"https:\/\/www.parisenigmes.com\/blog\/wp-content\/uploads\/2025\/11\/opera_de_strasborug-1024x535.webp 1024w, https:\/\/www.parisenigmes.com\/blog\/wp-content\/uploads\/2025\/11\/opera_de_strasborug-300x157.webp 300w, https:\/\/www.parisenigmes.com\/blog\/wp-content\/uploads\/2025\/11\/opera_de_strasborug-768x401.webp 768w, https:\/\/www.parisenigmes.com\/blog\/wp-content\/uploads\/2025\/11\/opera_de_strasborug.webp 1200w\" sizes=\"auto, (max-width: 1024px) 100vw, 1024px\" \/><figcaption id=\"caption-attachment-1374\" class=\"wp-caption-text\">Op\u00e9ra de Strasbourg<\/figcaption><\/figure>\n<p data-start=\"286\" data-end=\"1170\">L\u2019<strong data-start=\"288\" data-end=\"320\">Op\u00e9ra national du Rhin (ONR)<\/strong> est le principal th\u00e9\u00e2tre lyrique de Strasbourg et l\u2019un des op\u00e9ras les plus importants de France.<\/p>\n<p data-start=\"286\" data-end=\"1170\">Il a \u00e9t\u00e9 cr\u00e9\u00e9 en 1972 et r\u00e9sulte de la fusion de plusieurs compagnies lyriques de Strasbourg, Mulhouse et Colmar.<\/p>\n<p data-start=\"286\" data-end=\"1170\">L\u2019ONR propose des repr\u00e9sentations d\u2019op\u00e9ra, de ballet et de concerts tout au long de l\u2019ann\u00e9e, attirant un public national et international.<\/p>\n<p data-start=\"286\" data-end=\"1170\">Le b\u00e2timent de Strasbourg, moderne mais \u00e9l\u00e9gant, s\u2019int\u00e8gre dans le centre historique tout en offrant des infrastructures de pointe pour la sc\u00e8ne et l\u2019acoustique.<\/p>\n<h3 data-start=\"286\" data-end=\"1170\">Th\u00e9\u00e2tre national de Strasbourg (TNS)<\/h3>\n<figure id=\"attachment_1375\" aria-describedby=\"caption-attachment-1375\" style=\"width: 1024px\" class=\"wp-caption aligncenter\"><img data-dominant-color=\"6c8086\" data-has-transparency=\"false\" style=\"--dominant-color: #6c8086;\" loading=\"lazy\" decoding=\"async\" class=\"size-large wp-image-1375 not-transparent\" src=\"https:\/\/www.parisenigmes.com\/blog\/wp-content\/uploads\/2025\/11\/theatre_national_de_Strasbourg-1024x535.webp\" alt=\"Th\u00e9\u00e2tre National de Strasbourg\" width=\"1024\" height=\"535\" srcset=\"https:\/\/www.parisenigmes.com\/blog\/wp-content\/uploads\/2025\/11\/theatre_national_de_Strasbourg-1024x535.webp 1024w, https:\/\/www.parisenigmes.com\/blog\/wp-content\/uploads\/2025\/11\/theatre_national_de_Strasbourg-300x157.webp 300w, https:\/\/www.parisenigmes.com\/blog\/wp-content\/uploads\/2025\/11\/theatre_national_de_Strasbourg-768x401.webp 768w, https:\/\/www.parisenigmes.com\/blog\/wp-content\/uploads\/2025\/11\/theatre_national_de_Strasbourg.webp 1200w\" sizes=\"auto, (max-width: 1024px) 100vw, 1024px\" \/><figcaption id=\"caption-attachment-1375\" class=\"wp-caption-text\">Th\u00e9\u00e2tre National de Strasbourg<\/figcaption><\/figure>\n<p data-start=\"1215\" data-end=\"2110\">Le <strong data-start=\"1218\" data-end=\"1258\">Th\u00e9\u00e2tre national de Strasbourg (TNS)<\/strong> est une institution majeure pour le th\u00e9\u00e2tre contemporain en France.<\/p>\n<p data-start=\"1215\" data-end=\"2110\">Fond\u00e9 en 1871, il occupe un b\u00e2timent historique de la Grande \u00cele et est r\u00e9put\u00e9 pour ses cr\u00e9ations originales et ses adaptations modernes de classiques.<\/p>\n<p data-start=\"1215\" data-end=\"2110\">Il accueille des festivals, des spectacles internationaux et des r\u00e9sidences d\u2019artistes, enrichissant la vie culturelle de Strasbourg.<\/p>\n<p data-start=\"1215\" data-end=\"2110\"><a href=\"https:\/\/www.parisenigmes.com\/experiences\/strasbourg\/jeux-de-piste\"><img data-dominant-color=\"6d695d\" data-has-transparency=\"false\" style=\"--dominant-color: #6d695d;\" loading=\"lazy\" decoding=\"async\" class=\"wp-image-4132 size-medium aligncenter not-transparent\" src=\"https:\/\/www.parisenigmes.com\/blog\/wp-content\/uploads\/2025\/11\/jeu-de-piste-Strasbourg-300x300.webp\" alt=\"jeux de piste Strasbourg\" width=\"300\" height=\"300\" srcset=\"https:\/\/www.parisenigmes.com\/blog\/wp-content\/uploads\/2025\/11\/jeu-de-piste-Strasbourg-300x300.webp 300w, https:\/\/www.parisenigmes.com\/blog\/wp-content\/uploads\/2025\/11\/jeu-de-piste-Strasbourg-1024x1024.webp 1024w, https:\/\/www.parisenigmes.com\/blog\/wp-content\/uploads\/2025\/11\/jeu-de-piste-Strasbourg-150x150.webp 150w, https:\/\/www.parisenigmes.com\/blog\/wp-content\/uploads\/2025\/11\/jeu-de-piste-Strasbourg-768x768.webp 768w, https:\/\/www.parisenigmes.com\/blog\/wp-content\/uploads\/2025\/11\/jeu-de-piste-Strasbourg.webp 1080w\" sizes=\"auto, (max-width: 300px) 100vw, 300px\" \/><\/a><\/p>\n<h3 data-start=\"2112\" data-end=\"2178\">Biblioth\u00e8que nationale et universitaire de Strasbourg (BNUS)<\/h3>\n<p><img data-dominant-color=\"45738e\" data-has-transparency=\"false\" style=\"--dominant-color: #45738e;\" loading=\"lazy\" decoding=\"async\" class=\"aligncenter size-large wp-image-1376 not-transparent\" src=\"https:\/\/www.parisenigmes.com\/blog\/wp-content\/uploads\/2025\/11\/bbliotheque_nationale_et_Universitaire_de_Strasbourg-1024x535.webp\" alt=\"Biblioth\u00e9que nationale et universitaire de Strasbourg\" width=\"1024\" height=\"535\" srcset=\"https:\/\/www.parisenigmes.com\/blog\/wp-content\/uploads\/2025\/11\/bbliotheque_nationale_et_Universitaire_de_Strasbourg-1024x535.webp 1024w, https:\/\/www.parisenigmes.com\/blog\/wp-content\/uploads\/2025\/11\/bbliotheque_nationale_et_Universitaire_de_Strasbourg-300x157.webp 300w, https:\/\/www.parisenigmes.com\/blog\/wp-content\/uploads\/2025\/11\/bbliotheque_nationale_et_Universitaire_de_Strasbourg-768x401.webp 768w, https:\/\/www.parisenigmes.com\/blog\/wp-content\/uploads\/2025\/11\/bbliotheque_nationale_et_Universitaire_de_Strasbourg.webp 1200w\" sizes=\"auto, (max-width: 1024px) 100vw, 1024px\" \/><\/p>\n<p data-start=\"2179\" data-end=\"3161\">La <strong data-start=\"2182\" data-end=\"2246\">Biblioth\u00e8que nationale et universitaire de Strasbourg (BNUS)<\/strong> est l\u2019une des plus grandes biblioth\u00e8ques de France et un centre de recherche majeur.<\/p>\n<p data-start=\"2179\" data-end=\"3161\">Fond\u00e9e au XVIII\u1d49 si\u00e8cle, elle poss\u00e8de plus de 4 millions de documents, dont de nombreux manuscrits, incunables et archives rares.<\/p>\n<p data-start=\"2179\" data-end=\"3161\">Son architecture allie tradition et modernit\u00e9, avec des espaces de lecture lumineux et des collections patrimoniales bien conserv\u00e9es.<\/p>\n<p data-start=\"2179\" data-end=\"3161\">La BNUS accueille r\u00e9guli\u00e8rement des expositions temporaires sur des th\u00e9matiques vari\u00e9es, de l\u2019histoire alsacienne \u00e0 la litt\u00e9rature mondiale.<\/p>\n<h2 data-start=\"7878\" data-end=\"7889\">Quartiers embl\u00e9matiques<\/h2>\n<h3 data-start=\"7891\" data-end=\"7920\">Quartier de la Neustadt<\/h3>\n<p><img data-dominant-color=\"45738e\" data-has-transparency=\"false\" style=\"--dominant-color: #45738e;\" loading=\"lazy\" decoding=\"async\" class=\"aligncenter size-large wp-image-1376 not-transparent\" src=\"https:\/\/www.parisenigmes.com\/blog\/wp-content\/uploads\/2025\/11\/bbliotheque_nationale_et_Universitaire_de_Strasbourg-1024x535.webp\" alt=\"Biblioth\u00e9que nationale et universitaire de Strasbourg\" width=\"1024\" height=\"535\" srcset=\"https:\/\/www.parisenigmes.com\/blog\/wp-content\/uploads\/2025\/11\/bbliotheque_nationale_et_Universitaire_de_Strasbourg-1024x535.webp 1024w, https:\/\/www.parisenigmes.com\/blog\/wp-content\/uploads\/2025\/11\/bbliotheque_nationale_et_Universitaire_de_Strasbourg-300x157.webp 300w, https:\/\/www.parisenigmes.com\/blog\/wp-content\/uploads\/2025\/11\/bbliotheque_nationale_et_Universitaire_de_Strasbourg-768x401.webp 768w, https:\/\/www.parisenigmes.com\/blog\/wp-content\/uploads\/2025\/11\/bbliotheque_nationale_et_Universitaire_de_Strasbourg.webp 1200w\" sizes=\"auto, (max-width: 1024px) 100vw, 1024px\" \/><\/p>\n<p data-start=\"7921\" data-end=\"8454\">La <strong data-start=\"7924\" data-end=\"7936\">Neustadt<\/strong> est un quartier construit sous l\u2019occupation allemande \u00e0 la fin du XIX\u1d49 si\u00e8cle.<\/p>\n<p data-start=\"7921\" data-end=\"8454\">Il pr\u00e9sente un style architectural wilhelmien avec larges avenues et b\u00e2timents administratifs.<\/p>\n<p data-start=\"7921\" data-end=\"8454\">On y trouve le Palais du Rhin et d\u2019autres b\u00e2timents officiels embl\u00e9matiques.<\/p>\n<p data-start=\"7921\" data-end=\"8454\">Le quartier contraste avec la Grande \u00cele m\u00e9di\u00e9vale, offrant un exemple d\u2019urbanisme allemand.<\/p>\n<p data-start=\"7921\" data-end=\"8454\">Il est inscrit au patrimoine mondial de l\u2019UNESCO, au titre de l\u2019ensemble \u201cStrasbourg, Grande \u00cele\u201d.<\/p>\n<h3 data-start=\"184\" data-end=\"205\">La Petite France<\/h3>\n<figure id=\"attachment_1360\" aria-describedby=\"caption-attachment-1360\" style=\"width: 1024px\" class=\"wp-caption aligncenter\"><img data-dominant-color=\"818284\" data-has-transparency=\"false\" style=\"--dominant-color: #818284;\" loading=\"lazy\" decoding=\"async\" class=\"size-large wp-image-1360 not-transparent\" src=\"https:\/\/www.parisenigmes.com\/blog\/wp-content\/uploads\/2025\/11\/Pont_du_Faisan-1024x533.webp\" alt=\"Le pont du Faisan \u00e0 Strasbourg\" width=\"1024\" height=\"533\" srcset=\"https:\/\/www.parisenigmes.com\/blog\/wp-content\/uploads\/2025\/11\/Pont_du_Faisan-1024x533.webp 1024w, https:\/\/www.parisenigmes.com\/blog\/wp-content\/uploads\/2025\/11\/Pont_du_Faisan-300x156.webp 300w, https:\/\/www.parisenigmes.com\/blog\/wp-content\/uploads\/2025\/11\/Pont_du_Faisan-768x400.webp 768w, https:\/\/www.parisenigmes.com\/blog\/wp-content\/uploads\/2025\/11\/Pont_du_Faisan.webp 1200w\" sizes=\"auto, (max-width: 1024px) 100vw, 1024px\" \/><figcaption id=\"caption-attachment-1360\" class=\"wp-caption-text\">Le pont du Faisan \u00e0 Strasbourg<\/figcaption><\/figure>\n<p data-start=\"207\" data-end=\"1212\">La <strong data-start=\"210\" data-end=\"227\">Petite France<\/strong> est le quartier le plus pittoresque et embl\u00e9matique de Strasbourg.<\/p>\n<p data-start=\"207\" data-end=\"1212\">Elle tire son nom des patients atteints de la syphilis, surnomm\u00e9s autrefois \u201cles Fran\u00e7ais\u201d, qui y \u00e9taient soign\u00e9s au XVI\u1d49 si\u00e8cle dans l\u2019h\u00f4pital Saint-Jean.<\/p>\n<p data-start=\"207\" data-end=\"1212\">Le quartier est caract\u00e9ris\u00e9 par ses maisons \u00e0 colombages datant des XVI\u1d49 et XVII\u1d49 si\u00e8cles, souvent avec des toits en tuiles rouges et des balcons en bois d\u00e9cor\u00e9s.<\/p>\n<p data-start=\"207\" data-end=\"1212\">De nombreux canaux de l\u2019Ill traversent la Petite France, autrefois utilis\u00e9s par les tanneurs, meuniers et p\u00eacheurs qui faisaient prosp\u00e9rer le quartier.<\/p>\n<h2 data-start=\"1213\" data-end=\"1649\">Visiter les Institutions europ\u00e9ennes de Strasbourg<\/h2>\n<h3 data-start=\"873\" data-end=\"911\">Parlement europ\u00e9en \u2013 Strasbourg<\/h3>\n<figure id=\"attachment_1377\" aria-describedby=\"caption-attachment-1377\" style=\"width: 1024px\" class=\"wp-caption aligncenter\"><img data-dominant-color=\"74777d\" data-has-transparency=\"false\" style=\"--dominant-color: #74777d;\" loading=\"lazy\" decoding=\"async\" class=\"size-full wp-image-1377 not-transparent\" src=\"https:\/\/www.parisenigmes.com\/blog\/wp-content\/uploads\/2025\/11\/Parlement-europeen-Strasbourg.webp\" alt=\"Parlement Europ\u00e9en de Strasbourg\" width=\"1024\" height=\"807\" srcset=\"https:\/\/www.parisenigmes.com\/blog\/wp-content\/uploads\/2025\/11\/Parlement-europeen-Strasbourg.webp 1024w, https:\/\/www.parisenigmes.com\/blog\/wp-content\/uploads\/2025\/11\/Parlement-europeen-Strasbourg-300x236.webp 300w, https:\/\/www.parisenigmes.com\/blog\/wp-content\/uploads\/2025\/11\/Parlement-europeen-Strasbourg-768x605.webp 768w\" sizes=\"auto, (max-width: 1024px) 100vw, 1024px\" \/><figcaption id=\"caption-attachment-1377\" class=\"wp-caption-text\">Parlement Europ\u00e9en de Strasbourg<\/figcaption><\/figure>\n<p data-start=\"912\" data-end=\"1618\">Le Parlement europ\u00e9en de Strasbourg est l\u2019une des principales institutions de l\u2019Union europ\u00e9enne.<\/p>\n<p data-start=\"912\" data-end=\"1618\">Situ\u00e9 dans le quartier de l\u2019Esplanade, il accueille les sessions pl\u00e9ni\u00e8res et repr\u00e9sente le c\u0153ur d\u00e9mocratique europ\u00e9en.<\/p>\n<p data-start=\"912\" data-end=\"1618\">Son architecture moderne, avec sa grande verri\u00e8re et sa salle h\u00e9micycle, contraste avec le centre historique de la ville.<\/p>\n<p data-start=\"912\" data-end=\"1618\">Les visiteurs peuvent participer \u00e0 des visites guid\u00e9es pour d\u00e9couvrir le fonctionnement du Parlement et ses installations.<\/p>\n<p data-start=\"912\" data-end=\"1618\">Des expositions et \u00e9v\u00e9nements p\u00e9dagogiques y sont r\u00e9guli\u00e8rement organis\u00e9s pour sensibiliser \u00e0 l\u2019histoire et au r\u00f4le de l\u2019UE.<\/p>\n<p data-start=\"912\" data-end=\"1618\">La visite du Parlement europ\u00e9en permet de comprendre l\u2019importance de Strasbourg comme capitale europ\u00e9enne.<\/p>\n<h3 data-start=\"938\" data-end=\"1443\"><strong data-start=\"938\" data-end=\"982\">Conseil de l\u2019Europe \/ Palais de l\u2019Europe<\/strong><\/h3>\n<figure id=\"attachment_1378\" aria-describedby=\"caption-attachment-1378\" style=\"width: 1024px\" class=\"wp-caption aligncenter\"><img data-dominant-color=\"999890\" data-has-transparency=\"false\" style=\"--dominant-color: #999890;\" loading=\"lazy\" decoding=\"async\" class=\"size-large wp-image-1378 not-transparent\" src=\"https:\/\/www.parisenigmes.com\/blog\/wp-content\/uploads\/2025\/11\/Conseil_de_lEurope-1024x512.webp\" alt=\"Conseil de l'Europe \u00e0 Strasbourg\" width=\"1024\" height=\"512\" srcset=\"https:\/\/www.parisenigmes.com\/blog\/wp-content\/uploads\/2025\/11\/Conseil_de_lEurope-1024x512.webp 1024w, https:\/\/www.parisenigmes.com\/blog\/wp-content\/uploads\/2025\/11\/Conseil_de_lEurope-300x150.webp 300w, https:\/\/www.parisenigmes.com\/blog\/wp-content\/uploads\/2025\/11\/Conseil_de_lEurope-768x384.webp 768w, https:\/\/www.parisenigmes.com\/blog\/wp-content\/uploads\/2025\/11\/Conseil_de_lEurope.webp 1200w\" sizes=\"auto, (max-width: 1024px) 100vw, 1024px\" \/><figcaption id=\"caption-attachment-1378\" class=\"wp-caption-text\">Conseil de l&rsquo;Europe \u00e0 Strasbourg<\/figcaption><\/figure>\n<p data-start=\"938\" data-end=\"1443\">\u00c0 c\u00f4t\u00e9 du Parlement europ\u00e9en, le Palais de l\u2019Europe abrite le Conseil de l\u2019Europe, fond\u00e9 en 1949 pour promouvoir la d\u00e9mocratie, les droits de l\u2019homme et l\u2019\u00c9tat de droit en Europe.<\/p>\n<p data-start=\"938\" data-end=\"1443\">Le b\u00e2timent est facilement reconnaissable avec sa fa\u00e7ade moderne et son architecture imposante.<\/p>\n<p data-start=\"938\" data-end=\"1443\">Des visites guid\u00e9es permettent de d\u00e9couvrir les salles de r\u00e9union et d\u2019en apprendre davantage sur le r\u00f4le du Conseil dans la diplomatie europ\u00e9enne et les conventions qu\u2019il supervise.<\/p>\n<h3 data-start=\"1445\" data-end=\"1933\"><strong data-start=\"1445\" data-end=\"1486\">Cour europ\u00e9enne des droits de l\u2019homme<\/strong><\/h3>\n<figure id=\"attachment_1379\" aria-describedby=\"caption-attachment-1379\" style=\"width: 1024px\" class=\"wp-caption aligncenter\"><img data-dominant-color=\"acac9d\" data-has-transparency=\"false\" style=\"--dominant-color: #acac9d;\" loading=\"lazy\" decoding=\"async\" class=\"size-large wp-image-1379 not-transparent\" src=\"https:\/\/www.parisenigmes.com\/blog\/wp-content\/uploads\/2025\/11\/Cour_europeenne_des_droits_de_lhomme-1024x535.webp\" alt=\"Cour europ\u00e9enne des droits de l'homme\" width=\"1024\" height=\"535\" srcset=\"https:\/\/www.parisenigmes.com\/blog\/wp-content\/uploads\/2025\/11\/Cour_europeenne_des_droits_de_lhomme-1024x535.webp 1024w, https:\/\/www.parisenigmes.com\/blog\/wp-content\/uploads\/2025\/11\/Cour_europeenne_des_droits_de_lhomme-300x157.webp 300w, https:\/\/www.parisenigmes.com\/blog\/wp-content\/uploads\/2025\/11\/Cour_europeenne_des_droits_de_lhomme-768x401.webp 768w, https:\/\/www.parisenigmes.com\/blog\/wp-content\/uploads\/2025\/11\/Cour_europeenne_des_droits_de_lhomme.webp 1200w\" sizes=\"auto, (max-width: 1024px) 100vw, 1024px\" \/><figcaption id=\"caption-attachment-1379\" class=\"wp-caption-text\">Cour europ\u00e9enne des droits de l&rsquo;homme<\/figcaption><\/figure>\n<p data-start=\"1445\" data-end=\"1933\">\u00c9galement situ\u00e9 \u00e0 Strasbourg, la Cour europ\u00e9enne des droits de l\u2019homme est un autre symbole majeur de la ville en tant que capitale europ\u00e9enne.<\/p>\n<p data-start=\"1445\" data-end=\"1933\">Elle veille \u00e0 l\u2019application de la Convention europ\u00e9enne des droits de l\u2019homme et traite les plaintes individuelles et \u00e9tatiques.<\/p>\n<p data-start=\"1445\" data-end=\"1933\">L\u2019\u00e9difice, moderne et fonctionnel, offre aux visiteurs un aper\u00e7u du fonctionnement de la justice europ\u00e9enne et de la protection des droits fondamentaux sur le continent.<\/p>\n<h2 data-start=\"179\" data-end=\"214\">Parcs et jardins incontournables<\/h2>\n<h3 data-start=\"216\" data-end=\"241\">Parc de l\u2019Orangerie<\/h3>\n<figure id=\"attachment_2988\" aria-describedby=\"caption-attachment-2988\" style=\"width: 1024px\" class=\"wp-caption aligncenter\"><img data-dominant-color=\"6b7458\" data-has-transparency=\"false\" style=\"--dominant-color: #6b7458;\" loading=\"lazy\" decoding=\"async\" class=\"size-large wp-image-2988 not-transparent\" src=\"https:\/\/www.parisenigmes.com\/blog\/wp-content\/uploads\/2025\/11\/Parc_de_lOrangerie_@_Strasbourg_31746229648-1024x682.webp\" alt=\"Parc de l'Orangerie\" width=\"1024\" height=\"682\" srcset=\"https:\/\/www.parisenigmes.com\/blog\/wp-content\/uploads\/2025\/11\/Parc_de_lOrangerie_@_Strasbourg_31746229648-1024x682.webp 1024w, https:\/\/www.parisenigmes.com\/blog\/wp-content\/uploads\/2025\/11\/Parc_de_lOrangerie_@_Strasbourg_31746229648-300x200.webp 300w, https:\/\/www.parisenigmes.com\/blog\/wp-content\/uploads\/2025\/11\/Parc_de_lOrangerie_@_Strasbourg_31746229648-768x512.webp 768w, https:\/\/www.parisenigmes.com\/blog\/wp-content\/uploads\/2025\/11\/Parc_de_lOrangerie_@_Strasbourg_31746229648.webp 1280w\" sizes=\"auto, (max-width: 1024px) 100vw, 1024px\" \/><figcaption id=\"caption-attachment-2988\" class=\"wp-caption-text\">Parc de l&rsquo;Orangerie<\/figcaption><\/figure>\n<p data-start=\"242\" data-end=\"1422\">Le <strong data-start=\"245\" data-end=\"268\">Parc de l\u2019Orangerie<\/strong>, d\u2019une superficie de 26 hectares, est le plus ancien et l\u2019un des plus embl\u00e9matiques espaces verts de Strasbourg.<\/p>\n<p data-start=\"242\" data-end=\"1422\">Selon certaines sources, il aurait \u00e9t\u00e9 dessin\u00e9 d\u00e8s 1801 par des plans attribu\u00e9s \u00e0 Andr\u00e9 Le N\u00f4tre, ou bien \u00e0 l\u2019ing\u00e9nieur Antoine du Chaffat en 1735.<\/p>\n<p data-start=\"242\" data-end=\"1422\">Le pavillon Jos\u00e9phine, construit en 1807 pour abriter les orangers (donnant son nom au parc), rend hommage \u00e0 l\u2019imp\u00e9ratrice Jos\u00e9phine de Beauharnais.<\/p>\n<p data-start=\"242\" data-end=\"1422\">Lors de l\u2019exposition industrielle et artisanale de 1895, le parc s\u2019est agrandi et s\u2019est dot\u00e9 d\u2019un lac artificiel, d\u2019une cascade, ainsi que d\u2019all\u00e9es \u201c\u00e0 la fran\u00e7aise\u201d et \u201c\u00e0 l\u2019anglaise\u201d.<\/p>\n<p data-start=\"242\" data-end=\"1422\">Aujourd\u2019hui, on y trouve une mini-ferme, un circuit de voitures pour enfants, des barques sur le lac, ainsi que des \u0153uvres d\u2019art diss\u00e9min\u00e9es le long des sentiers.<\/p>\n<p data-start=\"242\" data-end=\"1422\">Ce parc est \u00e9galement situ\u00e9 juste en face des institutions europ\u00e9ennes, ce qui en fait un point de rencontre symbolique entre nature, pouvoir et patrimoine.<\/p>\n<h3 data-start=\"1429\" data-end=\"1456\">Jardin des Deux Rives<\/h3>\n<figure id=\"attachment_2989\" aria-describedby=\"caption-attachment-2989\" style=\"width: 1024px\" class=\"wp-caption aligncenter\"><img data-dominant-color=\"5a7887\" data-has-transparency=\"false\" style=\"--dominant-color: #5a7887;\" loading=\"lazy\" decoding=\"async\" class=\"size-large wp-image-2989 not-transparent\" src=\"https:\/\/www.parisenigmes.com\/blog\/wp-content\/uploads\/2025\/11\/PasserelleMimram-J2R-RemiLEBLOND-1024x682.webp\" alt=\"Jardin des Deux Rives\" width=\"1024\" height=\"682\" srcset=\"https:\/\/www.parisenigmes.com\/blog\/wp-content\/uploads\/2025\/11\/PasserelleMimram-J2R-RemiLEBLOND-1024x682.webp 1024w, https:\/\/www.parisenigmes.com\/blog\/wp-content\/uploads\/2025\/11\/PasserelleMimram-J2R-RemiLEBLOND-300x200.webp 300w, https:\/\/www.parisenigmes.com\/blog\/wp-content\/uploads\/2025\/11\/PasserelleMimram-J2R-RemiLEBLOND-768x512.webp 768w, https:\/\/www.parisenigmes.com\/blog\/wp-content\/uploads\/2025\/11\/PasserelleMimram-J2R-RemiLEBLOND.webp 1280w\" sizes=\"auto, (max-width: 1024px) 100vw, 1024px\" \/><figcaption id=\"caption-attachment-2989\" class=\"wp-caption-text\">Jardin des Deux Rives<\/figcaption><\/figure>\n<p data-start=\"1457\" data-end=\"2581\">Le <strong data-start=\"1460\" data-end=\"1485\">Jardin des Deux Rives<\/strong> est un parc transfrontalier qui s\u2019\u00e9tend sur les rives du Rhin \u00e0 Strasbourg et \u00e0 Kehl, en Allemagne.<\/p>\n<p data-start=\"1457\" data-end=\"2581\">Cr\u00e9\u00e9 en 2004, il symbolise la coop\u00e9ration franco-allemande et l\u2019amiti\u00e9 entre les deux rives.<br data-start=\"1756\" data-end=\"1759\" \/>Le paysagiste allemand R\u00fcdiger\u202fBrosk a con\u00e7u la structure du jardin, adoptant un trac\u00e9 circulaire qui \u00e9voque l\u2019unit\u00e9 et l\u2019Europe.<\/p>\n<p data-start=\"1457\" data-end=\"2581\">Une passerelle embl\u00e9matique, la <strong data-start=\"1961\" data-end=\"1982\">Passerelle Mimram<\/strong>, con\u00e7ue par l\u2019architecte Marc Mimram, relie les deux rives, offrant une exp\u00e9rience pi\u00e9tonne et cycliste au-dessus du Rhin.<\/p>\n<p data-start=\"1457\" data-end=\"2581\">Lors du sommet de l\u2019OTAN en 2009, les chefs d\u2019\u00c9tat se sont retrouv\u00e9s au milieu de cette passerelle, symbole fort d\u2019un pont entre les nations.<\/p>\n<p data-start=\"1457\" data-end=\"2581\">Le jardin propose aussi des jardins \u201c\u00e9ph\u00e9m\u00e8res\u201d, des escaliers d\u2019eau, des aires de jeux et des installations artistiques, et accueille chaque \u00e9t\u00e9 des concerts en plein air, comme la \u201cSymphonie des Deux Rives\u201d.<\/p>\n<h3 data-start=\"2588\" data-end=\"2614\">Parc de la Citadelle<\/h3>\n<figure id=\"attachment_2990\" aria-describedby=\"caption-attachment-2990\" style=\"width: 1024px\" class=\"wp-caption aligncenter\"><img data-dominant-color=\"6e7f66\" data-has-transparency=\"false\" style=\"--dominant-color: #6e7f66;\" loading=\"lazy\" decoding=\"async\" class=\"size-large wp-image-2990 not-transparent\" src=\"https:\/\/www.parisenigmes.com\/blog\/wp-content\/uploads\/2025\/11\/Parc_de_la_Citadelle-Strasbourg6-1024x746.webp\" alt=\"Parc de la Citadelle\" width=\"1024\" height=\"746\" srcset=\"https:\/\/www.parisenigmes.com\/blog\/wp-content\/uploads\/2025\/11\/Parc_de_la_Citadelle-Strasbourg6-1024x746.webp 1024w, https:\/\/www.parisenigmes.com\/blog\/wp-content\/uploads\/2025\/11\/Parc_de_la_Citadelle-Strasbourg6-300x219.webp 300w, https:\/\/www.parisenigmes.com\/blog\/wp-content\/uploads\/2025\/11\/Parc_de_la_Citadelle-Strasbourg6-768x560.webp 768w, https:\/\/www.parisenigmes.com\/blog\/wp-content\/uploads\/2025\/11\/Parc_de_la_Citadelle-Strasbourg6.webp 1280w\" sizes=\"auto, (max-width: 1024px) 100vw, 1024px\" \/><figcaption id=\"caption-attachment-2990\" class=\"wp-caption-text\">Parc de la Citadelle<\/figcaption><\/figure>\n<p data-start=\"2615\" data-end=\"3691\">Le <strong data-start=\"2618\" data-end=\"2642\">Parc de la Citadelle<\/strong> occupe 11 hectares dans le quartier de l\u2019Esplanade, sur le site de l\u2019ancienne citadelle con\u00e7ue par Vauban en 1681.<\/p>\n<p data-start=\"2615\" data-end=\"3691\">En 1964, le terrain militaris\u00e9 a \u00e9t\u00e9 r\u00e9habilit\u00e9 en parc, int\u00e9grant des vestiges historiques comme des bastions, des murs d\u2019escarpe et des douves.<\/p>\n<p data-start=\"2615\" data-end=\"3691\">Les fortifications d\u2019origine \u2014 dessins en forme d\u2019\u00e9toile \u2014 subsistent en partie, rappelant le r\u00f4le d\u00e9fensif majeur de la citadelle dans l\u2019histoire de Strasbourg.<\/p>\n<p data-start=\"2615\" data-end=\"3691\">Le nom du parc rend directement hommage \u00e0 cette ancienne forteresse, aujourd\u2019hui transform\u00e9e en havre de verdure.<\/p>\n<p data-start=\"2615\" data-end=\"3691\">On y trouve des sentiers ombrag\u00e9s, des aires de jeux, et m\u00eame des bassins d\u2019eau, qui invitent \u00e0 la d\u00e9tente entre patrimoine militaire et nature.<\/p>\n<p data-start=\"2615\" data-end=\"3691\">Chaque \u00e9t\u00e9, le parc accueille des \u00e9v\u00e9nements culturels comme le festival \u201cInterf\u00e9rences\u201d et des moments de d\u00e9tente en plein air autour des anciens foss\u00e9s.<\/p>\n<h2 data-start=\"176\" data-end=\"222\">Gastronomie et sp\u00e9cialit\u00e9s strasbourgeoises<\/h2>\n<p data-start=\"224\" data-end=\"519\">Strasbourg n\u2019est pas seulement une ville d\u2019histoire et d\u2019architecture : elle est aussi un v\u00e9ritable haut-lieu de la gastronomie alsacienne. Ses sp\u00e9cialit\u00e9s refl\u00e8tent un m\u00e9lange unique d\u2019influences fran\u00e7aises et germaniques, entre recettes traditionnelles, saveurs locales et produits du terroir.<\/p>\n<h3 data-start=\"521\" data-end=\"540\">La choucroute<\/h3>\n<figure id=\"attachment_2991\" aria-describedby=\"caption-attachment-2991\" style=\"width: 1024px\" class=\"wp-caption aligncenter\"><img data-dominant-color=\"95602f\" data-has-transparency=\"false\" style=\"--dominant-color: #95602f;\" loading=\"lazy\" decoding=\"async\" class=\"size-large wp-image-2991 not-transparent\" src=\"https:\/\/www.parisenigmes.com\/blog\/wp-content\/uploads\/2025\/11\/Choucroute_alsacienne_garnie-1024x768.webp\" alt=\"La choucroute\" width=\"1024\" height=\"768\" srcset=\"https:\/\/www.parisenigmes.com\/blog\/wp-content\/uploads\/2025\/11\/Choucroute_alsacienne_garnie-1024x768.webp 1024w, https:\/\/www.parisenigmes.com\/blog\/wp-content\/uploads\/2025\/11\/Choucroute_alsacienne_garnie-300x225.webp 300w, https:\/\/www.parisenigmes.com\/blog\/wp-content\/uploads\/2025\/11\/Choucroute_alsacienne_garnie-768x576.webp 768w, https:\/\/www.parisenigmes.com\/blog\/wp-content\/uploads\/2025\/11\/Choucroute_alsacienne_garnie.webp 1280w\" sizes=\"auto, (max-width: 1024px) 100vw, 1024px\" \/><figcaption id=\"caption-attachment-2991\" class=\"wp-caption-text\">La choucroute<\/figcaption><\/figure>\n<p data-start=\"541\" data-end=\"1040\">Plat embl\u00e9matique de Strasbourg et de toute l\u2019Alsace, la <strong data-start=\"598\" data-end=\"612\">choucroute<\/strong> est compos\u00e9e de chou ferment\u00e9 cuit avec des pommes de terre et assorti de diff\u00e9rentes viandes et charcuteries, comme le jarret de porc, le lard ou les saucisses locales.<\/p>\n<p data-start=\"541\" data-end=\"1040\">Son origine remonte au Moyen \u00c2ge et sa popularit\u00e9 dans la r\u00e9gion est li\u00e9e aux m\u00e9thodes de conservation de l\u00e9gumes pour l\u2019hiver.<\/p>\n<p data-start=\"541\" data-end=\"1040\">La choucroute garnie se d\u00e9guste dans de nombreuses winstubs, ces restaurants traditionnels alsaciens \u00e0 l\u2019atmosph\u00e8re conviviale.<\/p>\n<h3 data-start=\"1042\" data-end=\"1061\">Le baeckeoffe<\/h3>\n<figure id=\"attachment_2992\" aria-describedby=\"caption-attachment-2992\" style=\"width: 1024px\" class=\"wp-caption aligncenter\"><img data-dominant-color=\"84592f\" data-has-transparency=\"false\" style=\"--dominant-color: #84592f;\" loading=\"lazy\" decoding=\"async\" class=\"size-large wp-image-2992 not-transparent\" src=\"https:\/\/www.parisenigmes.com\/blog\/wp-content\/uploads\/2025\/11\/Baeckeoffe_01-1024x768.webp\" alt=\"baeckeoffe\" width=\"1024\" height=\"768\" srcset=\"https:\/\/www.parisenigmes.com\/blog\/wp-content\/uploads\/2025\/11\/Baeckeoffe_01-1024x768.webp 1024w, https:\/\/www.parisenigmes.com\/blog\/wp-content\/uploads\/2025\/11\/Baeckeoffe_01-300x225.webp 300w, https:\/\/www.parisenigmes.com\/blog\/wp-content\/uploads\/2025\/11\/Baeckeoffe_01-768x576.webp 768w, https:\/\/www.parisenigmes.com\/blog\/wp-content\/uploads\/2025\/11\/Baeckeoffe_01.webp 1280w\" sizes=\"auto, (max-width: 1024px) 100vw, 1024px\" \/><figcaption id=\"caption-attachment-2992\" class=\"wp-caption-text\">baeckeoffe<\/figcaption><\/figure>\n<p data-start=\"1062\" data-end=\"1490\">Le <strong data-start=\"1065\" data-end=\"1079\">baeckeoffe<\/strong> est un plat familial mijot\u00e9, typique de Strasbourg, qui combine viandes marin\u00e9es (porc, b\u0153uf, agneau), pommes de terre et l\u00e9gumes, cuits lentement dans une terrine en terre cuite.<\/p>\n<p data-start=\"1062\" data-end=\"1490\">Son nom signifie litt\u00e9ralement \u201cfour du boulanger\u201d car autrefois les habitants apportaient leur plat chez le boulanger pour qu\u2019il le fasse cuire dans son four communal. Il symbolise la cuisine rustique et g\u00e9n\u00e9reuse de la r\u00e9gion.<\/p>\n<h3 data-start=\"1492\" data-end=\"1526\">Le foie gras et les terrines<\/h3>\n<p data-start=\"1527\" data-end=\"1858\">Le foie gras est une sp\u00e9cialit\u00e9 incontournable de Strasbourg et de l\u2019Alsace.<\/p>\n<p data-start=\"1527\" data-end=\"1858\">Souvent servi en entr\u00e9e sur du pain frais ou accompagn\u00e9 de confitures et chutneys, il incarne le raffinement de la cuisine alsacienne.<\/p>\n<p data-start=\"1527\" data-end=\"1858\">La r\u00e9gion est \u00e9galement r\u00e9put\u00e9e pour ses <strong data-start=\"1780\" data-end=\"1801\">terrines et p\u00e2t\u00e9s<\/strong>, souvent pr\u00e9par\u00e9s avec des produits locaux de qualit\u00e9.<\/p>\n<h3 data-start=\"1860\" data-end=\"1892\">Les desserts traditionnels<\/h3>\n<figure id=\"attachment_2993\" aria-describedby=\"caption-attachment-2993\" style=\"width: 556px\" class=\"wp-caption aligncenter\"><img data-dominant-color=\"a18f6f\" data-has-transparency=\"false\" style=\"--dominant-color: #a18f6f;\" loading=\"lazy\" decoding=\"async\" class=\"size-full wp-image-2993 not-transparent\" src=\"https:\/\/www.parisenigmes.com\/blog\/wp-content\/uploads\/2025\/11\/Kouglof.webp\" alt=\"kougelhopf\" width=\"556\" height=\"537\" srcset=\"https:\/\/www.parisenigmes.com\/blog\/wp-content\/uploads\/2025\/11\/Kouglof.webp 556w, https:\/\/www.parisenigmes.com\/blog\/wp-content\/uploads\/2025\/11\/Kouglof-300x290.webp 300w\" sizes=\"auto, (max-width: 556px) 100vw, 556px\" \/><figcaption id=\"caption-attachment-2993\" class=\"wp-caption-text\">kougelhopf<\/figcaption><\/figure>\n<p data-start=\"1893\" data-end=\"2198\">C\u00f4t\u00e9 sucr\u00e9, Strasbourg brille avec ses <strong data-start=\"1932\" data-end=\"1944\">bredeles<\/strong>, petits biscuits parfum\u00e9s \u00e0 la cannelle, \u00e0 l\u2019anis ou aux amandes, surtout pr\u00e9par\u00e9s pendant la p\u00e9riode de No\u00ebl.<\/p>\n<p data-start=\"1893\" data-end=\"2198\">Le <strong data-start=\"2059\" data-end=\"2073\">kougelhopf<\/strong>, g\u00e2teau brioch\u00e9 en forme de couronne, est une autre sp\u00e9cialit\u00e9 embl\u00e9matique, souvent servi au petit-d\u00e9jeuner ou au go\u00fbter.<\/p>\n<h3 data-start=\"2200\" data-end=\"2234\">Les vins et boissons locales<\/h3>\n<figure id=\"attachment_2994\" aria-describedby=\"caption-attachment-2994\" style=\"width: 683px\" class=\"wp-caption aligncenter\"><img data-dominant-color=\"8e9891\" data-has-transparency=\"false\" style=\"--dominant-color: #8e9891;\" loading=\"lazy\" decoding=\"async\" class=\"size-large wp-image-2994 not-transparent\" src=\"https:\/\/www.parisenigmes.com\/blog\/wp-content\/uploads\/2025\/11\/Alsace_Riesling_2007-683x1024.webp\" alt=\"Vin d'Alsace Riesling\" width=\"683\" height=\"1024\" srcset=\"https:\/\/www.parisenigmes.com\/blog\/wp-content\/uploads\/2025\/11\/Alsace_Riesling_2007-683x1024.webp 683w, https:\/\/www.parisenigmes.com\/blog\/wp-content\/uploads\/2025\/11\/Alsace_Riesling_2007-200x300.webp 200w, https:\/\/www.parisenigmes.com\/blog\/wp-content\/uploads\/2025\/11\/Alsace_Riesling_2007-768x1151.webp 768w, https:\/\/www.parisenigmes.com\/blog\/wp-content\/uploads\/2025\/11\/Alsace_Riesling_2007.webp 1000w\" sizes=\"auto, (max-width: 683px) 100vw, 683px\" \/><figcaption id=\"caption-attachment-2994\" class=\"wp-caption-text\">Vin d&rsquo;Alsace Riesling<\/figcaption><\/figure>\n<p data-start=\"2235\" data-end=\"2641\">Strasbourg est situ\u00e9e au c\u0153ur de la route des vins d\u2019Alsace, c\u00e9l\u00e8bre pour ses <strong data-start=\"2313\" data-end=\"2340\">vins blancs aromatiques<\/strong>, comme le Riesling, le Gewurztraminer ou le Pinot Gris.<\/p>\n<p data-start=\"2235\" data-end=\"2641\">Ces vins accompagnent parfaitement les plats traditionnels et t\u00e9moignent du savoir-faire viticole ancestral de la r\u00e9gion.<\/p>\n<p data-start=\"2235\" data-end=\"2641\">La bi\u00e8re alsacienne, brass\u00e9e localement, reste \u00e9galement tr\u00e8s populaire dans les winstubs et les brasseries artisanales.<\/p>\n<h3 data-start=\"2643\" data-end=\"2675\">L\u2019exp\u00e9rience gastronomique<\/h3>\n<p data-start=\"2676\" data-end=\"3051\">Pour d\u00e9couvrir pleinement la gastronomie strasbourgeoise, il est conseill\u00e9 de visiter les <strong data-start=\"2766\" data-end=\"2790\">winstubs historiques<\/strong>, ces restaurants chaleureux o\u00f9 la cuisine traditionnelle se marie avec le d\u00e9cor typique alsacien.<\/p>\n<p data-start=\"2676\" data-end=\"3051\">Les march\u00e9s, comme le march\u00e9 couvert de Strasbourg ou les march\u00e9s de No\u00ebl, offrent \u00e9galement une immersion gustative avec produits frais et sp\u00e9cialit\u00e9s locales.<\/p>\n<h2 data-start=\"186\" data-end=\"228\">\u00c9v\u00e9nements incontournables \u00e0 Strasbourg<\/h2>\n<h3 data-start=\"232\" data-end=\"1279\"><strong data-start=\"232\" data-end=\"274\">Le March\u00e9 de No\u00ebl \u2013 Christkindelsm\u00e4rik<\/strong><\/h3>\n<figure id=\"attachment_2995\" aria-describedby=\"caption-attachment-2995\" style=\"width: 1024px\" class=\"wp-caption aligncenter\"><img data-dominant-color=\"383d31\" data-has-transparency=\"false\" style=\"--dominant-color: #383d31;\" loading=\"lazy\" decoding=\"async\" class=\"size-large wp-image-2995 not-transparent\" src=\"https:\/\/www.parisenigmes.com\/blog\/wp-content\/uploads\/2025\/11\/Strasbourg_Christkindelsmarik_11201408973-1024x837.webp\" alt=\"Christkindelsm\u00e4rik\" width=\"1024\" height=\"837\" srcset=\"https:\/\/www.parisenigmes.com\/blog\/wp-content\/uploads\/2025\/11\/Strasbourg_Christkindelsmarik_11201408973-1024x837.webp 1024w, https:\/\/www.parisenigmes.com\/blog\/wp-content\/uploads\/2025\/11\/Strasbourg_Christkindelsmarik_11201408973-300x245.webp 300w, https:\/\/www.parisenigmes.com\/blog\/wp-content\/uploads\/2025\/11\/Strasbourg_Christkindelsmarik_11201408973-768x628.webp 768w, https:\/\/www.parisenigmes.com\/blog\/wp-content\/uploads\/2025\/11\/Strasbourg_Christkindelsmarik_11201408973.webp 1280w\" sizes=\"auto, (max-width: 1024px) 100vw, 1024px\" \/><figcaption id=\"caption-attachment-2995\" class=\"wp-caption-text\">Christkindelsm\u00e4rik<\/figcaption><\/figure>\n<p data-start=\"232\" data-end=\"1279\">Le <a href=\"https:\/\/noel.strasbourg.eu\/\">Christkindelsm\u00e4rik<\/a> de Strasbourg est l\u2019un des plus anciens march\u00e9s de No\u00ebl d\u2019Europe, organis\u00e9 chaque ann\u00e9e depuis 1570.<\/p>\n<p data-start=\"232\" data-end=\"1279\">Pendant pr\u00e8s d\u2019un mois (fin novembre \u00e0 fin d\u00e9cembre), plus de 300 chalets bordent les places historiques de la Grande \u00cele : Broglie, Kl\u00e9ber, la Cath\u00e9drale\u2026<\/p>\n<p data-start=\"232\" data-end=\"1279\">Le Grand Sapin de la Place Kl\u00e9ber, haut de plus de 30 m\u00e8tres, s\u2019illumine chaque soir, cr\u00e9ant un spectacle lumineux et musical tr\u00e8s attendu.<\/p>\n<p data-start=\"232\" data-end=\"1279\">On y trouve des produits artisanaux alsaciens, des d\u00e9corations, du vin chaud, des bredeles et des animations pour toute la famille.<\/p>\n<p data-start=\"232\" data-end=\"1279\">Le march\u00e9 est un moment de forte affluence touristique\u202f: il attire des millions de visiteurs chaque saison.\u00a0<br data-start=\"1143\" data-end=\"1146\" \/>Il incarne l\u2019esprit convivial et festif de Strasbourg pendant les f\u00eates, avec un \u00e9quilibre entre tradition, artisanat et spectacle.<\/p>\n<h3 data-start=\"1283\" data-end=\"2292\"><strong data-start=\"1283\" data-end=\"1306\">Festival Augenblick<\/strong><\/h3>\n<figure id=\"attachment_2996\" aria-describedby=\"caption-attachment-2996\" style=\"width: 1024px\" class=\"wp-caption aligncenter\"><img data-dominant-color=\"766656\" data-has-transparency=\"false\" style=\"--dominant-color: #766656;\" loading=\"lazy\" decoding=\"async\" class=\"size-large wp-image-2996 not-transparent\" src=\"https:\/\/www.parisenigmes.com\/blog\/wp-content\/uploads\/2025\/11\/Festival_Augenblick_2024_Strasbourg-1024x768.webp\" alt=\"Festival Augenblick\" width=\"1024\" height=\"768\" srcset=\"https:\/\/www.parisenigmes.com\/blog\/wp-content\/uploads\/2025\/11\/Festival_Augenblick_2024_Strasbourg-1024x768.webp 1024w, https:\/\/www.parisenigmes.com\/blog\/wp-content\/uploads\/2025\/11\/Festival_Augenblick_2024_Strasbourg-300x225.webp 300w, https:\/\/www.parisenigmes.com\/blog\/wp-content\/uploads\/2025\/11\/Festival_Augenblick_2024_Strasbourg-768x576.webp 768w, https:\/\/www.parisenigmes.com\/blog\/wp-content\/uploads\/2025\/11\/Festival_Augenblick_2024_Strasbourg.webp 1280w\" sizes=\"auto, (max-width: 1024px) 100vw, 1024px\" \/><figcaption id=\"caption-attachment-2996\" class=\"wp-caption-text\">Festival Augenblick<\/figcaption><\/figure>\n<p data-start=\"1283\" data-end=\"2292\">Le <a href=\"https:\/\/festival-augenblick.fr\/fr\/\"><strong data-start=\"1314\" data-end=\"1337\">Festival Augenblick<\/strong><\/a> est un festival de cin\u00e9ma annuel qui met \u00e0 l\u2019honneur le cin\u00e9ma germanophone (Allemagne, Autriche, Suisse).<\/p>\n<p data-start=\"1283\" data-end=\"2292\">Il se tient chaque automne \u00e0 Strasbourg, avec des projections, des ateliers, des masterclasses et des discussions artistiques.<\/p>\n<p data-start=\"1283\" data-end=\"2292\">Le but du festival est de promouvoir le dialogue culturel entre les publics francophones et germanophones, en valorisant des \u0153uvres moins connues.<\/p>\n<p data-start=\"1283\" data-end=\"2292\">Il attire \u00e0 la fois des passionn\u00e9s de cin\u00e9ma et des curieux int\u00e9ress\u00e9s par la diversit\u00e9 culturelle europ\u00e9enne.<\/p>\n<p data-start=\"1283\" data-end=\"2292\">Le festival se d\u00e9roule dans plusieurs salles de la ville, renfor\u00e7ant le dynamisme culturel de Strasbourg en novembre.<\/p>\n<p data-start=\"1283\" data-end=\"2292\">C\u2019est une belle occasion de d\u00e9couvrir des films d\u2019auteur, des \u0153uvres exp\u00e9rimentales et des classiques m\u00e9connus du cin\u00e9ma germanophone.<\/p>\n<h3 data-start=\"2296\" data-end=\"3336\"><strong data-start=\"2296\" data-end=\"2352\">Spectacle immersif \u201cLuminiscence\u201d dans la Cath\u00e9drale<\/strong><\/h3>\n<p data-start=\"2296\" data-end=\"3336\"><br data-start=\"2352\" data-end=\"2355\" \/>Chaque ann\u00e9e, un spectacle immersif \u201cLuminiscence\u201d illumine la cath\u00e9drale de Strasbourg, transformant l\u2019\u00e9difice en un d\u00e9cor f\u00e9erique.<\/p>\n<p data-start=\"2296\" data-end=\"3336\">Le mapping vid\u00e9o joue sur les vo\u00fbtes, les vitraux et les sculptures, recr\u00e9ant une narration visuelle qui m\u00eale patrimoine et modernit\u00e9.<\/p>\n<p data-start=\"2296\" data-end=\"3336\">Cette exp\u00e9rience est particuli\u00e8rement magique en soir\u00e9e, quand les jeux de lumi\u00e8re s\u2019int\u00e8grent \u00e0 la p\u00e9nombre et la pierre gothique.<\/p>\n<p data-start=\"2296\" data-end=\"3336\">Le spectacle attire un public vari\u00e9\u202f: touristes, familles, amateurs d\u2019art et de technologie se rencontrent autour de cette mise en lumi\u00e8re.<\/p>\n<p data-start=\"2296\" data-end=\"3336\">Il fait partie du calendrier culturel de la ville, aux c\u00f4t\u00e9s des grands festivals et \u00e9v\u00e9nements saisonniers.<\/p>\n<p data-start=\"2296\" data-end=\"3336\">Ce type d\u2019\u00e9v\u00e9nement montre comment Strasbourg sait conjuguer son pass\u00e9 historique et sa modernit\u00e9 artistique.<\/p>\n<h3 data-start=\"139\" data-end=\"213\">Un match de football au Stade de la Meinau<\/h3>\n<figure id=\"attachment_2997\" aria-describedby=\"caption-attachment-2997\" style=\"width: 1024px\" class=\"wp-caption aligncenter\"><img data-dominant-color=\"596146\" data-has-transparency=\"false\" style=\"--dominant-color: #596146;\" loading=\"lazy\" decoding=\"async\" class=\"size-large wp-image-2997 not-transparent\" src=\"https:\/\/www.parisenigmes.com\/blog\/wp-content\/uploads\/2025\/11\/Stade_de_la_Meinau_-_Vue_depuis_les_gradins_-_pelouse_1-1024x768.webp\" alt=\"Stade de la Meinau\" width=\"1024\" height=\"768\" srcset=\"https:\/\/www.parisenigmes.com\/blog\/wp-content\/uploads\/2025\/11\/Stade_de_la_Meinau_-_Vue_depuis_les_gradins_-_pelouse_1-1024x768.webp 1024w, https:\/\/www.parisenigmes.com\/blog\/wp-content\/uploads\/2025\/11\/Stade_de_la_Meinau_-_Vue_depuis_les_gradins_-_pelouse_1-300x225.webp 300w, https:\/\/www.parisenigmes.com\/blog\/wp-content\/uploads\/2025\/11\/Stade_de_la_Meinau_-_Vue_depuis_les_gradins_-_pelouse_1-768x576.webp 768w, https:\/\/www.parisenigmes.com\/blog\/wp-content\/uploads\/2025\/11\/Stade_de_la_Meinau_-_Vue_depuis_les_gradins_-_pelouse_1.webp 1280w\" sizes=\"auto, (max-width: 1024px) 100vw, 1024px\" \/><figcaption id=\"caption-attachment-2997\" class=\"wp-caption-text\">Stade de la Meinau<\/figcaption><\/figure>\n<p data-start=\"215\" data-end=\"1516\">Assister \u00e0 un <a href=\"https:\/\/billetterie.rcstrasbourgalsace.fr\/fr\/calendrier\"><strong data-start=\"229\" data-end=\"262\">match du RC Strasbourg Alsace<\/strong><\/a> au <strong data-start=\"266\" data-end=\"288\">Stade de la Meinau<\/strong> est une exp\u00e9rience typique et tr\u00e8s anim\u00e9e pour tout visiteur. Le stade, inaugur\u00e9 en 1914, est la maison du club depuis plus d\u2019un si\u00e8cle.<\/p>\n<p data-start=\"215\" data-end=\"1516\">Surnomm\u00e9 \u201cLa Meinau\u201d et situ\u00e9 au c\u0153ur du quartier du m\u00eame nom, il peut accueillir plus de 26\u202f000 supporters et est actuellement en r\u00e9novation pour atteindre ~32\u202f300 places.<\/p>\n<p data-start=\"215\" data-end=\"1516\">Sur place, l\u2019ambiance est \u00e9lectrique : les fans du Racing Club, notamment dans la Tribune Ouest (les \u201cUltra Boys\u201d), cr\u00e9ent un spectacle de passion et de ferveur.<\/p>\n<h2 data-start=\"1656\" data-end=\"1669\">Conclusion<\/h2>\n<p data-start=\"1671\" data-end=\"2406\">Strasbourg est une ville o\u00f9 chaque coin de rue raconte une histoire.<\/p>\n<p data-start=\"1671\" data-end=\"2406\">Entre <strong data-start=\"1748\" data-end=\"1768\">la Petite France<\/strong>, les <strong data-start=\"1774\" data-end=\"1796\">places historiques<\/strong>, les <strong data-start=\"1802\" data-end=\"1823\">\u00e9glises gothiques<\/strong>, les <strong data-start=\"1829\" data-end=\"1853\">maisons \u00e0 colombages<\/strong> et les institutions culturelles et europ\u00e9ennes, les parcs et jardins, la gastronomie et les \u00e9v\u00e9nements, la ville offre un patrimoine riche et diversifi\u00e9.<\/p>\n<p data-start=\"1671\" data-end=\"2406\">Se promener dans Strasbourg, c\u2019est plonger dans plusieurs si\u00e8cles d\u2019histoire, admirer des architectures uniques et d\u00e9couvrir la culture alsacienne.<\/p>\n<p data-start=\"1671\" data-end=\"2406\">Que vous soyez passionn\u00e9 d\u2019histoire, amateur d\u2019art ou simple visiteur curieux, Strasbourg vous s\u00e9duira par son charme authentique et ses multiples tr\u00e9sors.<\/p>\n<p data-start=\"1671\" data-end=\"2406\">Chaque lieu pr\u00e9sent\u00e9 dans cet article constitue un arr\u00eat incontournable pour profiter pleinement de la ville.<\/p>\n<p data-start=\"1671\" data-end=\"2406\">Pour une visite originale, d\u00e9couvrez Strasbourg avec notre parcours <strong data-start=\"965\" data-end=\"1003\">\u00ab\u202f<a href=\"https:\/\/www.parisenigmes.com\/experiences\/strasbourg\/jeu-de-piste-centre-ville-historique-strasbourg\">Les secrets du centre-ville historique de Strasbourg<\/a>\u202f\u00bb<\/strong>, un m\u00e9lange captivant entre escape game et visite culturelle autonome, qui vous fera d\u00e9couvrir la ville autrement.<\/p>\n<p data-start=\"1671\" data-end=\"2406\"><a href=\"https:\/\/www.parisenigmes.com\/experiences\/strasbourg\/jeux-de-piste\"><img data-dominant-color=\"6d695d\" data-has-transparency=\"false\" style=\"--dominant-color: #6d695d;\" loading=\"lazy\" decoding=\"async\" class=\"wp-image-4132 size-medium aligncenter not-transparent\" src=\"https:\/\/www.parisenigmes.com\/blog\/wp-content\/uploads\/2025\/11\/jeu-de-piste-Strasbourg-300x300.webp\" alt=\"jeux de piste Strasbourg\" width=\"300\" height=\"300\" srcset=\"https:\/\/www.parisenigmes.com\/blog\/wp-content\/uploads\/2025\/11\/jeu-de-piste-Strasbourg-300x300.webp 300w, https:\/\/www.parisenigmes.com\/blog\/wp-content\/uploads\/2025\/11\/jeu-de-piste-Strasbourg-1024x1024.webp 1024w, https:\/\/www.parisenigmes.com\/blog\/wp-content\/uploads\/2025\/11\/jeu-de-piste-Strasbourg-150x150.webp 150w, https:\/\/www.parisenigmes.com\/blog\/wp-content\/uploads\/2025\/11\/jeu-de-piste-Strasbourg-768x768.webp 768w, https:\/\/www.parisenigmes.com\/blog\/wp-content\/uploads\/2025\/11\/jeu-de-piste-Strasbourg.webp 1080w\" sizes=\"auto, (max-width: 300px) 100vw, 300px\" \/><\/a><\/p>\n","protected":false},"excerpt":{"rendered":"<p>Strasbourg, joyau de l\u2019Alsace, est une ville o\u00f9 l\u2019histoire m\u00e9di\u00e9vale rencontre l\u2019architecture gothique et l\u2019art de vivre alsacien. Entre quartiers&#8230;<\/p>\n","protected":false},"author":1,"featured_media":1371,"comment_status":"closed","ping_status":"closed","sticky":false,"template":"","format":"standard","meta":{"_kad_post_transparent":"default","_kad_post_title":"default","_kad_post_layout":"default","_kad_post_sidebar_id":"","_kad_post_content_style":"default","_kad_post_vertical_padding":"default","_kad_post_feature":"","_kad_post_feature_position":"","_kad_post_header":false,"_kad_post_footer":false,"footnotes":""},"categories":[5,145],"tags":[],"class_list":["post-1352","post","type-post","status-publish","format-standard","has-post-thumbnail","hentry","category-france-fr","category-strasbourg-fr"],"yoast_head":"<!-- This site is optimized with the Yoast SEO plugin v26.2 - https:\/\/yoast.com\/wordpress\/plugins\/seo\/ -->\n<title>Visiter Strasbourg : 36 incontournables \u00e0 faire et voir - Paris Enigmes - Blog<\/title>\n<meta name=\"description\" content=\"Visiter les incontournables de Strasbourg : monuments , \u00e9glises , mus\u00e9es, places embl\u00e9matiques et institutions europ\u00e9ennes.\" \/>\n<meta name=\"robots\" content=\"index, follow, max-snippet:-1, max-image-preview:large, max-video-preview:-1\" \/>\n<link rel=\"canonical\" href=\"https:\/\/www.parisenigmes.com\/blog\/visiter-strasbourg\/\" \/>\n<meta property=\"og:locale\" content=\"fr_FR\" \/>\n<meta property=\"og:type\" content=\"article\" \/>\n<meta property=\"og:title\" content=\"Visiter Strasbourg : 33 incontournables \u00e0 faire et voir\" \/>\n<meta property=\"og:description\" content=\"D\u00e9couvrez les incontournables de Strasbourg : monuments , \u00e9glises , mus\u00e9es, places embl\u00e9matiques et institutions europ\u00e9ennes.\" \/>\n<meta property=\"og:url\" content=\"https:\/\/www.parisenigmes.com\/blog\/visiter-strasbourg\/\" \/>\n<meta property=\"og:site_name\" content=\"Paris Enigmes - Blog\" \/>\n<meta property=\"article:publisher\" content=\"https:\/\/www.facebook.com\/ParisEnigmes\/\" \/>\n<meta property=\"article:published_time\" content=\"2025-11-16T17:06:09+00:00\" \/>\n<meta property=\"article:modified_time\" content=\"2026-02-04T10:01:52+00:00\" \/>\n<meta property=\"og:image\" content=\"https:\/\/www.parisenigmes.com\/blog\/wp-content\/uploads\/2025\/11\/Place_Benjamin_Zix.webp\" \/>\n\t<meta property=\"og:image:width\" content=\"1200\" \/>\n\t<meta property=\"og:image:height\" content=\"629\" \/>\n\t<meta property=\"og:image:type\" content=\"image\/jpeg\" \/>\n<meta name=\"author\" content=\"parisenigmes\" \/>\n<meta name=\"twitter:card\" content=\"summary_large_image\" \/>\n<meta name=\"twitter:title\" content=\"Visiter Strasbourg : 33 incontournables \u00e0 faire et voir\" \/>\n<meta name=\"twitter:description\" content=\"D\u00e9couvrez les incontournables de Strasbourg : monuments , \u00e9glises , mus\u00e9es, places embl\u00e9matiques et institutions europ\u00e9ennes.\" \/>\n<meta name=\"twitter:image\" content=\"https:\/\/www.parisenigmes.com\/blog\/wp-content\/uploads\/2025\/11\/Place_Benjamin_Zix.webp\" \/>\n<meta name=\"twitter:label1\" content=\"Written by\" \/>\n\t<meta name=\"twitter:data1\" content=\"parisenigmes\" \/>\n\t<meta name=\"twitter:label2\" content=\"Est. reading time\" \/>\n\t<meta name=\"twitter:data2\" content=\"32 minutes\" \/>\n<script type=\"application\/ld+json\" class=\"yoast-schema-graph\">{\"@context\":\"https:\/\/schema.org\",\"@graph\":[{\"@type\":\"Article\",\"@id\":\"https:\/\/www.parisenigmes.com\/blog\/visiter-strasbourg\/#article\",\"isPartOf\":{\"@id\":\"https:\/\/www.parisenigmes.com\/blog\/visiter-strasbourg\/\"},\"author\":{\"name\":\"parisenigmes\",\"@id\":\"https:\/\/www.parisenigmes.com\/blog\/#\/schema\/person\/2e217698c5034e9884190e3c9c806c22\"},\"headline\":\"Visiter Strasbourg : 36 incontournables \u00e0 faire et voir\",\"datePublished\":\"2025-11-16T17:06:09+00:00\",\"dateModified\":\"2026-02-04T10:01:52+00:00\",\"mainEntityOfPage\":{\"@id\":\"https:\/\/www.parisenigmes.com\/blog\/visiter-strasbourg\/\"},\"wordCount\":5011,\"publisher\":{\"@id\":\"https:\/\/www.parisenigmes.com\/blog\/#organization\"},\"image\":{\"@id\":\"https:\/\/www.parisenigmes.com\/blog\/visiter-strasbourg\/#primaryimage\"},\"thumbnailUrl\":\"https:\/\/www.parisenigmes.com\/blog\/wp-content\/uploads\/2025\/11\/Place_Benjamin_Zix.webp\",\"articleSection\":[\"France\",\"Strasbourg\"],\"inLanguage\":\"fr-FR\"},{\"@type\":\"WebPage\",\"@id\":\"https:\/\/www.parisenigmes.com\/blog\/visiter-strasbourg\/\",\"url\":\"https:\/\/www.parisenigmes.com\/blog\/visiter-strasbourg\/\",\"name\":\"Visiter Strasbourg : 36 incontournables \u00e0 faire et voir - Paris Enigmes - Blog\",\"isPartOf\":{\"@id\":\"https:\/\/www.parisenigmes.com\/blog\/#website\"},\"primaryImageOfPage\":{\"@id\":\"https:\/\/www.parisenigmes.com\/blog\/visiter-strasbourg\/#primaryimage\"},\"image\":{\"@id\":\"https:\/\/www.parisenigmes.com\/blog\/visiter-strasbourg\/#primaryimage\"},\"thumbnailUrl\":\"https:\/\/www.parisenigmes.com\/blog\/wp-content\/uploads\/2025\/11\/Place_Benjamin_Zix.webp\",\"datePublished\":\"2025-11-16T17:06:09+00:00\",\"dateModified\":\"2026-02-04T10:01:52+00:00\",\"description\":\"Visiter les incontournables de Strasbourg : monuments , \u00e9glises , mus\u00e9es, places embl\u00e9matiques et institutions europ\u00e9ennes.\",\"breadcrumb\":{\"@id\":\"https:\/\/www.parisenigmes.com\/blog\/visiter-strasbourg\/#breadcrumb\"},\"inLanguage\":\"fr-FR\",\"potentialAction\":[{\"@type\":\"ReadAction\",\"target\":[\"https:\/\/www.parisenigmes.com\/blog\/visiter-strasbourg\/\"]}]},{\"@type\":\"ImageObject\",\"inLanguage\":\"fr-FR\",\"@id\":\"https:\/\/www.parisenigmes.com\/blog\/visiter-strasbourg\/#primaryimage\",\"url\":\"https:\/\/www.parisenigmes.com\/blog\/wp-content\/uploads\/2025\/11\/Place_Benjamin_Zix.webp\",\"contentUrl\":\"https:\/\/www.parisenigmes.com\/blog\/wp-content\/uploads\/2025\/11\/Place_Benjamin_Zix.webp\",\"width\":1200,\"height\":629,\"caption\":\"Place Benjamin Zix\"},{\"@type\":\"BreadcrumbList\",\"@id\":\"https:\/\/www.parisenigmes.com\/blog\/visiter-strasbourg\/#breadcrumb\",\"itemListElement\":[{\"@type\":\"ListItem\",\"position\":1,\"name\":\"Home\",\"item\":\"https:\/\/www.parisenigmes.com\/blog\/\"},{\"@type\":\"ListItem\",\"position\":2,\"name\":\"Visiter Strasbourg : 36 incontournables \u00e0 faire et voir\"}]},{\"@type\":\"WebSite\",\"@id\":\"https:\/\/www.parisenigmes.com\/blog\/#website\",\"url\":\"https:\/\/www.parisenigmes.com\/blog\/\",\"name\":\"Paris Enigmes - Blog\",\"description\":\"\",\"publisher\":{\"@id\":\"https:\/\/www.parisenigmes.com\/blog\/#organization\"},\"potentialAction\":[{\"@type\":\"SearchAction\",\"target\":{\"@type\":\"EntryPoint\",\"urlTemplate\":\"https:\/\/www.parisenigmes.com\/blog\/?s={search_term_string}\"},\"query-input\":{\"@type\":\"PropertyValueSpecification\",\"valueRequired\":true,\"valueName\":\"search_term_string\"}}],\"inLanguage\":\"fr-FR\"},{\"@type\":\"Organization\",\"@id\":\"https:\/\/www.parisenigmes.com\/blog\/#organization\",\"name\":\"Paris Enigmes - Blog\",\"url\":\"https:\/\/www.parisenigmes.com\/blog\/\",\"logo\":{\"@type\":\"ImageObject\",\"inLanguage\":\"fr-FR\",\"@id\":\"https:\/\/www.parisenigmes.com\/blog\/#\/schema\/logo\/image\/\",\"url\":\"https:\/\/www.parisenigmes.com\/blog\/wp-content\/uploads\/2025\/08\/ic_launcher.png\",\"contentUrl\":\"https:\/\/www.parisenigmes.com\/blog\/wp-content\/uploads\/2025\/08\/ic_launcher.png\",\"width\":1080,\"height\":1080,\"caption\":\"Paris Enigmes - Blog\"},\"image\":{\"@id\":\"https:\/\/www.parisenigmes.com\/blog\/#\/schema\/logo\/image\/\"},\"sameAs\":[\"https:\/\/www.facebook.com\/ParisEnigmes\/\",\"https:\/\/www.instagram.com\/parisenigmes\/\"]},{\"@type\":\"Person\",\"@id\":\"https:\/\/www.parisenigmes.com\/blog\/#\/schema\/person\/2e217698c5034e9884190e3c9c806c22\",\"name\":\"parisenigmes\",\"image\":{\"@type\":\"ImageObject\",\"inLanguage\":\"fr-FR\",\"@id\":\"https:\/\/www.parisenigmes.com\/blog\/#\/schema\/person\/image\/\",\"url\":\"https:\/\/secure.gravatar.com\/avatar\/c462456799ea25a5b7e4a315895b6249adf94c7d85c70bcb626bb5d99e5b7a4d?s=96&d=mm&r=g\",\"contentUrl\":\"https:\/\/secure.gravatar.com\/avatar\/c462456799ea25a5b7e4a315895b6249adf94c7d85c70bcb626bb5d99e5b7a4d?s=96&d=mm&r=g\",\"caption\":\"parisenigmes\"},\"sameAs\":[\"https:\/\/www.parisenigmes.com\/ressources\/wordpress\"],\"url\":\"https:\/\/www.parisenigmes.com\/blog\/author\/parisenigmes\/\"}]}<\/script>\n<!-- \/ Yoast SEO plugin. -->","yoast_head_json":{"title":"Visiter Strasbourg : 36 incontournables \u00e0 faire et voir - Paris Enigmes - Blog","description":"Visiter les incontournables de Strasbourg : monuments , \u00e9glises , mus\u00e9es, places embl\u00e9matiques et institutions europ\u00e9ennes.","robots":{"index":"index","follow":"follow","max-snippet":"max-snippet:-1","max-image-preview":"max-image-preview:large","max-video-preview":"max-video-preview:-1"},"canonical":"https:\/\/www.parisenigmes.com\/blog\/visiter-strasbourg\/","og_locale":"fr_FR","og_type":"article","og_title":"Visiter Strasbourg : 33 incontournables \u00e0 faire et voir","og_description":"D\u00e9couvrez les incontournables de Strasbourg : monuments , \u00e9glises , mus\u00e9es, places embl\u00e9matiques et institutions europ\u00e9ennes.","og_url":"https:\/\/www.parisenigmes.com\/blog\/visiter-strasbourg\/","og_site_name":"Paris Enigmes - Blog","article_publisher":"https:\/\/www.facebook.com\/ParisEnigmes\/","article_published_time":"2025-11-16T17:06:09+00:00","article_modified_time":"2026-02-04T10:01:52+00:00","og_image":[{"width":1200,"height":629,"url":"https:\/\/www.parisenigmes.com\/blog\/wp-content\/uploads\/2025\/11\/Place_Benjamin_Zix.webp","type":"image\/jpeg"}],"author":"parisenigmes","twitter_card":"summary_large_image","twitter_title":"Visiter Strasbourg : 33 incontournables \u00e0 faire et voir","twitter_description":"D\u00e9couvrez les incontournables de Strasbourg : monuments , \u00e9glises , mus\u00e9es, places embl\u00e9matiques et institutions europ\u00e9ennes.","twitter_image":"https:\/\/www.parisenigmes.com\/blog\/wp-content\/uploads\/2025\/11\/Place_Benjamin_Zix.webp","twitter_misc":{"Written by":"parisenigmes","Est. reading time":"32 minutes"},"schema":{"@context":"https:\/\/schema.org","@graph":[{"@type":"Article","@id":"https:\/\/www.parisenigmes.com\/blog\/visiter-strasbourg\/#article","isPartOf":{"@id":"https:\/\/www.parisenigmes.com\/blog\/visiter-strasbourg\/"},"author":{"name":"parisenigmes","@id":"https:\/\/www.parisenigmes.com\/blog\/#\/schema\/person\/2e217698c5034e9884190e3c9c806c22"},"headline":"Visiter Strasbourg : 36 incontournables \u00e0 faire et voir","datePublished":"2025-11-16T17:06:09+00:00","dateModified":"2026-02-04T10:01:52+00:00","mainEntityOfPage":{"@id":"https:\/\/www.parisenigmes.com\/blog\/visiter-strasbourg\/"},"wordCount":5011,"publisher":{"@id":"https:\/\/www.parisenigmes.com\/blog\/#organization"},"image":{"@id":"https:\/\/www.parisenigmes.com\/blog\/visiter-strasbourg\/#primaryimage"},"thumbnailUrl":"https:\/\/www.parisenigmes.com\/blog\/wp-content\/uploads\/2025\/11\/Place_Benjamin_Zix.webp","articleSection":["France","Strasbourg"],"inLanguage":"fr-FR"},{"@type":"WebPage","@id":"https:\/\/www.parisenigmes.com\/blog\/visiter-strasbourg\/","url":"https:\/\/www.parisenigmes.com\/blog\/visiter-strasbourg\/","name":"Visiter Strasbourg : 36 incontournables \u00e0 faire et voir - Paris Enigmes - Blog","isPartOf":{"@id":"https:\/\/www.parisenigmes.com\/blog\/#website"},"primaryImageOfPage":{"@id":"https:\/\/www.parisenigmes.com\/blog\/visiter-strasbourg\/#primaryimage"},"image":{"@id":"https:\/\/www.parisenigmes.com\/blog\/visiter-strasbourg\/#primaryimage"},"thumbnailUrl":"https:\/\/www.parisenigmes.com\/blog\/wp-content\/uploads\/2025\/11\/Place_Benjamin_Zix.webp","datePublished":"2025-11-16T17:06:09+00:00","dateModified":"2026-02-04T10:01:52+00:00","description":"Visiter les incontournables de Strasbourg : monuments , \u00e9glises , mus\u00e9es, places embl\u00e9matiques et institutions europ\u00e9ennes.","breadcrumb":{"@id":"https:\/\/www.parisenigmes.com\/blog\/visiter-strasbourg\/#breadcrumb"},"inLanguage":"fr-FR","potentialAction":[{"@type":"ReadAction","target":["https:\/\/www.parisenigmes.com\/blog\/visiter-strasbourg\/"]}]},{"@type":"ImageObject","inLanguage":"fr-FR","@id":"https:\/\/www.parisenigmes.com\/blog\/visiter-strasbourg\/#primaryimage","url":"https:\/\/www.parisenigmes.com\/blog\/wp-content\/uploads\/2025\/11\/Place_Benjamin_Zix.webp","contentUrl":"https:\/\/www.parisenigmes.com\/blog\/wp-content\/uploads\/2025\/11\/Place_Benjamin_Zix.webp","width":1200,"height":629,"caption":"Place Benjamin Zix"},{"@type":"BreadcrumbList","@id":"https:\/\/www.parisenigmes.com\/blog\/visiter-strasbourg\/#breadcrumb","itemListElement":[{"@type":"ListItem","position":1,"name":"Home","item":"https:\/\/www.parisenigmes.com\/blog\/"},{"@type":"ListItem","position":2,"name":"Visiter Strasbourg : 36 incontournables \u00e0 faire et voir"}]},{"@type":"WebSite","@id":"https:\/\/www.parisenigmes.com\/blog\/#website","url":"https:\/\/www.parisenigmes.com\/blog\/","name":"Paris Enigmes - Blog","description":"","publisher":{"@id":"https:\/\/www.parisenigmes.com\/blog\/#organization"},"potentialAction":[{"@type":"SearchAction","target":{"@type":"EntryPoint","urlTemplate":"https:\/\/www.parisenigmes.com\/blog\/?s={search_term_string}"},"query-input":{"@type":"PropertyValueSpecification","valueRequired":true,"valueName":"search_term_string"}}],"inLanguage":"fr-FR"},{"@type":"Organization","@id":"https:\/\/www.parisenigmes.com\/blog\/#organization","name":"Paris Enigmes - Blog","url":"https:\/\/www.parisenigmes.com\/blog\/","logo":{"@type":"ImageObject","inLanguage":"fr-FR","@id":"https:\/\/www.parisenigmes.com\/blog\/#\/schema\/logo\/image\/","url":"https:\/\/www.parisenigmes.com\/blog\/wp-content\/uploads\/2025\/08\/ic_launcher.png","contentUrl":"https:\/\/www.parisenigmes.com\/blog\/wp-content\/uploads\/2025\/08\/ic_launcher.png","width":1080,"height":1080,"caption":"Paris Enigmes - Blog"},"image":{"@id":"https:\/\/www.parisenigmes.com\/blog\/#\/schema\/logo\/image\/"},"sameAs":["https:\/\/www.facebook.com\/ParisEnigmes\/","https:\/\/www.instagram.com\/parisenigmes\/"]},{"@type":"Person","@id":"https:\/\/www.parisenigmes.com\/blog\/#\/schema\/person\/2e217698c5034e9884190e3c9c806c22","name":"parisenigmes","image":{"@type":"ImageObject","inLanguage":"fr-FR","@id":"https:\/\/www.parisenigmes.com\/blog\/#\/schema\/person\/image\/","url":"https:\/\/secure.gravatar.com\/avatar\/c462456799ea25a5b7e4a315895b6249adf94c7d85c70bcb626bb5d99e5b7a4d?s=96&d=mm&r=g","contentUrl":"https:\/\/secure.gravatar.com\/avatar\/c462456799ea25a5b7e4a315895b6249adf94c7d85c70bcb626bb5d99e5b7a4d?s=96&d=mm&r=g","caption":"parisenigmes"},"sameAs":["https:\/\/www.parisenigmes.com\/ressources\/wordpress"],"url":"https:\/\/www.parisenigmes.com\/blog\/author\/parisenigmes\/"}]}},"_links":{"self":[{"href":"https:\/\/www.parisenigmes.com\/blog\/wp-json\/wp\/v2\/posts\/1352","targetHints":{"allow":["GET"]}}],"collection":[{"href":"https:\/\/www.parisenigmes.com\/blog\/wp-json\/wp\/v2\/posts"}],"about":[{"href":"https:\/\/www.parisenigmes.com\/blog\/wp-json\/wp\/v2\/types\/post"}],"author":[{"embeddable":true,"href":"https:\/\/www.parisenigmes.com\/blog\/wp-json\/wp\/v2\/users\/1"}],"replies":[{"embeddable":true,"href":"https:\/\/www.parisenigmes.com\/blog\/wp-json\/wp\/v2\/comments?post=1352"}],"version-history":[{"count":13,"href":"https:\/\/www.parisenigmes.com\/blog\/wp-json\/wp\/v2\/posts\/1352\/revisions"}],"predecessor-version":[{"id":4270,"href":"https:\/\/www.parisenigmes.com\/blog\/wp-json\/wp\/v2\/posts\/1352\/revisions\/4270"}],"wp:featuredmedia":[{"embeddable":true,"href":"https:\/\/www.parisenigmes.com\/blog\/wp-json\/wp\/v2\/media\/1371"}],"wp:attachment":[{"href":"https:\/\/www.parisenigmes.com\/blog\/wp-json\/wp\/v2\/media?parent=1352"}],"wp:term":[{"taxonomy":"category","embeddable":true,"href":"https:\/\/www.parisenigmes.com\/blog\/wp-json\/wp\/v2\/categories?post=1352"},{"taxonomy":"post_tag","embeddable":true,"href":"https:\/\/www.parisenigmes.com\/blog\/wp-json\/wp\/v2\/tags?post=1352"}],"curies":[{"name":"wp","href":"https:\/\/api.w.org\/{rel}","templated":true}]}}