{"id":5356,"date":"2026-04-25T23:02:20","date_gmt":"2026-04-25T21:02:20","guid":{"rendered":"https:\/\/www.parisenigmes.com\/blog\/?p=5356"},"modified":"2026-04-26T08:42:52","modified_gmt":"2026-04-26T06:42:52","slug":"visiter-aix-en-provence","status":"publish","type":"post","link":"https:\/\/www.parisenigmes.com\/blog\/visiter-aix-en-provence\/","title":{"rendered":"Visiter Aix-en-Provence : 30 incontournables \u00e0 faire et voir"},"content":{"rendered":"<p data-start=\"43\" data-end=\"204\">Visiter <span class=\"hover:entity-accent entity-underline inline cursor-pointer align-baseline\"><span class=\"whitespace-normal\">Aix-en-Provence<\/span><\/span>, c\u2019est d\u00e9couvrir l\u2019une des plus belles villes de Provence, o\u00f9 patrimoine, culture et art de vivre se rencontrent. Ville d\u2019eau, d\u2019art et d\u2019histoire, elle s\u00e9duit par ses fontaines, ses ruelles anim\u00e9es et son architecture \u00e9l\u00e9gante aux accents du sud de la France.<\/p>\n<p data-start=\"356\" data-end=\"561\">Ancienne cit\u00e9 romaine devenue un haut lieu culturel, Aix-en-Provence est aussi marqu\u00e9e par l\u2019h\u00e9ritage de <span class=\"hover:entity-accent entity-underline inline cursor-pointer align-baseline\"><span class=\"whitespace-normal\">Paul C\u00e9zanne<\/span><\/span> et les paysages de la <span class=\"hover:entity-accent entity-underline inline cursor-pointer align-baseline\"><span class=\"whitespace-normal\">Montagne Sainte-Victoire<\/span><\/span>. Entre monuments historiques, mus\u00e9es prestigieux, march\u00e9s proven\u00e7aux et espaces naturels, la ville offre une diversit\u00e9 d\u2019exp\u00e9riences unique.<\/p>\n<p data-start=\"706\" data-end=\"835\" data-is-last-node=\"\" data-is-only-node=\"\">C\u2019est \u00e9galement une base id\u00e9ale pour explorer la Provence, des villages du Luberon aux grandes villes comme Marseille ou Avignon.<\/p>\n<h2 id=\"section-1\" tabindex=\"-1\" data-start=\"288\" data-end=\"341\"><strong data-start=\"294\" data-end=\"341\">Monuments &amp; Patrimoine Historique d&rsquo;Aix-en-Provence<\/strong><\/h2>\n<h3>Paroisse Cath\u00e9drale Saint Sauveur Aix-en-Provence<\/h3>\n<figure id=\"attachment_5362\" aria-describedby=\"caption-attachment-5362\" style=\"width: 1024px\" class=\"wp-caption aligncenter\"><img data-dominant-color=\"7d7b75\" data-has-transparency=\"false\" style=\"--dominant-color: #7d7b75;\" loading=\"lazy\" decoding=\"async\" class=\"size-large wp-image-5362 not-transparent\" src=\"https:\/\/www.parisenigmes.com\/blog\/wp-content\/uploads\/2026\/04\/49552958897_667a1e522c_k-1024x683.webp\" alt=\"Paroisse Cath\u00e9drale Saint Sauveur Aix-en-Provence\" width=\"1024\" height=\"683\" srcset=\"https:\/\/www.parisenigmes.com\/blog\/wp-content\/uploads\/2026\/04\/49552958897_667a1e522c_k-1024x683.webp 1024w, https:\/\/www.parisenigmes.com\/blog\/wp-content\/uploads\/2026\/04\/49552958897_667a1e522c_k-300x200.webp 300w, https:\/\/www.parisenigmes.com\/blog\/wp-content\/uploads\/2026\/04\/49552958897_667a1e522c_k-768x512.webp 768w, https:\/\/www.parisenigmes.com\/blog\/wp-content\/uploads\/2026\/04\/49552958897_667a1e522c_k-1536x1024.webp 1536w, https:\/\/www.parisenigmes.com\/blog\/wp-content\/uploads\/2026\/04\/49552958897_667a1e522c_k.webp 2048w\" sizes=\"auto, (max-width: 1024px) 100vw, 1024px\" \/><figcaption id=\"caption-attachment-5362\" class=\"wp-caption-text\">Paroisse Cath\u00e9drale Saint Sauveur Aix-en-Provence<\/figcaption><\/figure>\n<p>La <span class=\"hover:entity-accent entity-underline inline cursor-pointer align-baseline\"><span class=\"whitespace-normal\">Cath\u00e9drale Saint-Sauveur d\u2019Aix-en-Provence<\/span><\/span> est un \u00e9difice catholique embl\u00e9matique, elle a \u00e9t\u00e9 construite sur l\u2019emplacement de l\u2019ancien forum romain.<\/p>\n<p>Sa construction s\u2019\u00e9tend principalement du XIIe au XVIe si\u00e8cle, avec des \u00e9l\u00e9ments plus anciens comme le baptist\u00e8re datant du VIe si\u00e8cle.<\/p>\n<p>La fa\u00e7ade de la cath\u00e9drale illustre diff\u00e9rentes phases de construction, allant du roman au gothique, avec un portail achev\u00e9 au XVIe si\u00e8cle. Le clocher, termin\u00e9 en 1425, ainsi que le clo\u00eetre m\u00e9di\u00e9val, t\u00e9moignent de l\u2019\u00e9volution progressive du complexe religieux.<\/p>\n<p>Selon la tradition, une premi\u00e8re chapelle aurait \u00e9t\u00e9 \u00e9difi\u00e9e sur ce site par saint Maximin, venu d&rsquo;Isra\u00ebl avec Marie-Madeleine. Les portes sculpt\u00e9es en bois de noyer, r\u00e9alis\u00e9es au d\u00e9but du XVIe si\u00e8cle, pr\u00e9sentent des sc\u00e8nes religieuses et des figures bibliques finement travaill\u00e9es.<\/p>\n<h3>Mausol\u00e9e Joseph Sec<\/h3>\n<figure id=\"attachment_5363\" aria-describedby=\"caption-attachment-5363\" style=\"width: 683px\" class=\"wp-caption aligncenter\"><img data-dominant-color=\"7c7872\" data-has-transparency=\"false\" style=\"--dominant-color: #7c7872;\" loading=\"lazy\" decoding=\"async\" class=\"size-large wp-image-5363 not-transparent\" src=\"https:\/\/www.parisenigmes.com\/blog\/wp-content\/uploads\/2026\/04\/Aix-en-Provence_Mausolee_Joseph_Sec_09_20061227-683x1024.webp\" alt=\"Mausol\u00e9e Joseph Sec\" width=\"683\" height=\"1024\" srcset=\"https:\/\/www.parisenigmes.com\/blog\/wp-content\/uploads\/2026\/04\/Aix-en-Provence_Mausolee_Joseph_Sec_09_20061227-683x1024.webp 683w, https:\/\/www.parisenigmes.com\/blog\/wp-content\/uploads\/2026\/04\/Aix-en-Provence_Mausolee_Joseph_Sec_09_20061227-200x300.webp 200w, https:\/\/www.parisenigmes.com\/blog\/wp-content\/uploads\/2026\/04\/Aix-en-Provence_Mausolee_Joseph_Sec_09_20061227-768x1152.webp 768w, https:\/\/www.parisenigmes.com\/blog\/wp-content\/uploads\/2026\/04\/Aix-en-Provence_Mausolee_Joseph_Sec_09_20061227.webp 960w\" sizes=\"auto, (max-width: 683px) 100vw, 683px\" \/><figcaption id=\"caption-attachment-5363\" class=\"wp-caption-text\">Mausol\u00e9e Joseph Sec<\/figcaption><\/figure>\n<p>Le Mausol\u00e9e <span class=\"hover:entity-accent entity-underline inline cursor-pointer align-baseline\"><span class=\"whitespace-normal\">de Joseph Sec<\/span><\/span> a \u00e9t\u00e9 r\u00e9alis\u00e9 par <span class=\"hover:entity-accent entity-underline inline cursor-pointer align-baseline\"><span class=\"whitespace-normal\">Joseph Sec<\/span><\/span>, un ma\u00eetre menuisier devenu riche marchand de bois. Son architecture originale, de style r\u00e9volutionnaire, m\u00eale des symboles religieux, ma\u00e7onniques et r\u00e9publicains.<\/p>\n<p>La fa\u00e7ade principale repr\u00e9sente <span class=\"hover:entity-accent entity-underline inline cursor-pointer align-baseline\"><span class=\"whitespace-normal\">Mo\u00efse<\/span><\/span> tenant les tables de la loi, entour\u00e9 d\u2019all\u00e9gories symbolisant l\u2019Europe et l\u2019Afrique. Au sommet de l\u2019\u00e9difice figure <span class=\"hover:entity-accent entity-underline inline cursor-pointer align-baseline\"><span class=\"whitespace-normal\">Th\u00e9mis<\/span><\/span>, incarnation de la justice et du droit. \u00c0 l\u2019arri\u00e8re, un jardin abrite plusieurs statues issues de l\u2019Ancien Testament, cr\u00e9ant un ensemble artistique rare en France.<\/p>\n<h3>H\u00f4tel de Ville d&rsquo;Aix-en-Provence<\/h3>\n<figure id=\"attachment_5364\" aria-describedby=\"caption-attachment-5364\" style=\"width: 1024px\" class=\"wp-caption aligncenter\"><img data-dominant-color=\"a79978\" data-has-transparency=\"false\" style=\"--dominant-color: #a79978;\" loading=\"lazy\" decoding=\"async\" class=\"size-large wp-image-5364 not-transparent\" src=\"https:\/\/www.parisenigmes.com\/blog\/wp-content\/uploads\/2026\/04\/Hotel_de_ville_Aix-en-Provence-1024x521.webp\" alt=\"H\u00f4tel de Ville d'Aix-en-Provence\" width=\"1024\" height=\"521\" srcset=\"https:\/\/www.parisenigmes.com\/blog\/wp-content\/uploads\/2026\/04\/Hotel_de_ville_Aix-en-Provence-1024x521.webp 1024w, https:\/\/www.parisenigmes.com\/blog\/wp-content\/uploads\/2026\/04\/Hotel_de_ville_Aix-en-Provence-300x153.webp 300w, https:\/\/www.parisenigmes.com\/blog\/wp-content\/uploads\/2026\/04\/Hotel_de_ville_Aix-en-Provence-768x391.webp 768w, https:\/\/www.parisenigmes.com\/blog\/wp-content\/uploads\/2026\/04\/Hotel_de_ville_Aix-en-Provence.webp 1280w\" sizes=\"auto, (max-width: 1024px) 100vw, 1024px\" \/><figcaption id=\"caption-attachment-5364\" class=\"wp-caption-text\">H\u00f4tel de Ville d&rsquo;Aix-en-Provence<\/figcaption><\/figure>\n<p>L\u2019<span class=\"hover:entity-accent entity-underline inline cursor-pointer align-baseline\"><span class=\"whitespace-normal\">H\u00f4tel de Ville d\u2019Aix-en-Provence<\/span><\/span> est le si\u00e8ge de l\u2019administration municipale de la ville depuis plusieurs si\u00e8cles. Au XIVe si\u00e8cle, l\u2019h\u00f4tel de ville a \u00e9t\u00e9 d\u00e9plac\u00e9 \u00e0 son emplacement actuel apr\u00e8s la r\u00e9union de diff\u00e9rents quartiers d\u2019Aix.<\/p>\n<p>Il est directement reli\u00e9 \u00e0 la c\u00e9l\u00e8bre <span class=\"hover:entity-accent entity-underline inline cursor-pointer align-baseline\"><span class=\"whitespace-normal\">Tour de l\u2019Horloge d\u2019Aix-en-Provence<\/span><\/span>, formant un ensemble architectural remarquable. L\u2019\u00e9difice a \u00e9t\u00e9 con\u00e7u par l\u2019architecte aixois <span class=\"hover:entity-accent entity-underline inline cursor-pointer align-baseline\"><span class=\"whitespace-normal\">Pierre Pavillon<\/span><\/span>. Sa fa\u00e7ade \u00e9l\u00e9gante s\u2019inspire des palais italiens, avec une organisation sym\u00e9trique et des \u00e9l\u00e9ments d\u00e9coratifs raffin\u00e9s.<\/p>\n<p>Chaque \u00e9tage est s\u00e9par\u00e9 par des frises d\u00e9cor\u00e9es, notamment de triglyphes, rosaces et motifs v\u00e9g\u00e9taux. Pendant la <span class=\"hover:entity-accent entity-underline inline cursor-pointer align-baseline\"><span class=\"whitespace-normal\">R\u00e9volution fran\u00e7aise<\/span><\/span>, le b\u00e2timent a perdu plusieurs de ses ornements d\u2019origine.<\/p>\n<h3>\u00c9glise de La Madeleine d&rsquo;Aix-en-Provence<\/h3>\n<figure id=\"attachment_5365\" aria-describedby=\"caption-attachment-5365\" style=\"width: 1024px\" class=\"wp-caption aligncenter\"><img data-dominant-color=\"908b78\" data-has-transparency=\"false\" style=\"--dominant-color: #908b78;\" loading=\"lazy\" decoding=\"async\" class=\"size-large wp-image-5365 not-transparent\" src=\"https:\/\/www.parisenigmes.com\/blog\/wp-content\/uploads\/2026\/04\/Aix-Eglise_de_la_Madeleine-bjs180805-02-1024x683.webp\" alt=\"\u00c9glise de La Madeleine d'Aix-en-Provence\" width=\"1024\" height=\"683\" srcset=\"https:\/\/www.parisenigmes.com\/blog\/wp-content\/uploads\/2026\/04\/Aix-Eglise_de_la_Madeleine-bjs180805-02-1024x683.webp 1024w, https:\/\/www.parisenigmes.com\/blog\/wp-content\/uploads\/2026\/04\/Aix-Eglise_de_la_Madeleine-bjs180805-02-300x200.webp 300w, https:\/\/www.parisenigmes.com\/blog\/wp-content\/uploads\/2026\/04\/Aix-Eglise_de_la_Madeleine-bjs180805-02-768x512.webp 768w, https:\/\/www.parisenigmes.com\/blog\/wp-content\/uploads\/2026\/04\/Aix-Eglise_de_la_Madeleine-bjs180805-02.webp 1280w\" sizes=\"auto, (max-width: 1024px) 100vw, 1024px\" \/><figcaption id=\"caption-attachment-5365\" class=\"wp-caption-text\">\u00c9glise de La Madeleine d&rsquo;Aix-en-Provence<\/figcaption><\/figure>\n<p>L\u2019<span class=\"hover:entity-accent entity-underline inline cursor-pointer align-baseline\"><span class=\"whitespace-normal\">\u00c9glise de la Madeleine d\u2019Aix-en-Provence<\/span><\/span> est une \u00e9glise paroissiale catholique est d\u00e9di\u00e9e \u00e0 <span class=\"hover:entity-accent entity-underline inline cursor-pointer align-baseline\"><span class=\"whitespace-normal\">Marie-Madeleine<\/span><\/span>.<\/p>\n<p>Bien que ses origines remontent au Moyen \u00c2ge, l\u2019\u00e9difice actuel a \u00e9t\u00e9 reconstruit entre 1691 et 1703. L\u2019architecte <span class=\"hover:entity-accent entity-underline inline cursor-pointer align-baseline\"><span class=\"whitespace-normal\">Laurent Vallon<\/span><\/span> a con\u00e7u la structure principale dans un style classique. La fa\u00e7ade a ensuite \u00e9t\u00e9 remani\u00e9e au XIXe si\u00e8cle par <span class=\"hover:entity-accent entity-underline inline cursor-pointer align-baseline\"><span class=\"whitespace-normal\">Henri R\u00e9voil<\/span><\/span>.<\/p>\n<p>Elle abrite un orgue remarquable construit en 1743 par <span class=\"hover:entity-accent entity-underline inline cursor-pointer align-baseline\"><span class=\"whitespace-normal\">Jean-Esprit Isnard<\/span><\/span>. Plusieurs personnalit\u00e9s c\u00e9l\u00e8bres, comme <span class=\"hover:entity-accent entity-underline inline cursor-pointer align-baseline\"><span class=\"whitespace-normal\">Paul C\u00e9zanne<\/span><\/span>, y ont \u00e9t\u00e9 baptis\u00e9es.<\/p>\n<h3>Chapelle de la Visitation<\/h3>\n<p>La <span class=\"hover:entity-accent entity-underline inline cursor-pointer align-baseline\"><span class=\"whitespace-normal\">Chapelle de la Visitation<\/span><\/span> fait partie d\u2019un ancien monast\u00e8re construit entre 1647 et 1652. L\u2019ensemble a \u00e9t\u00e9 con\u00e7u par l\u2019architecte aixois <span class=\"hover:entity-accent entity-underline inline cursor-pointer align-baseline\"><span class=\"whitespace-normal\">Pierre Pavillon<\/span><\/span>. La chapelle se distingue par un style baroque original, diff\u00e9rent des mod\u00e8les habituels des \u00e9difices j\u00e9suites.<\/p>\n<p>Sa fa\u00e7ade spectaculaire, visible au bout de la rue Constantin, est compos\u00e9e de trois niveaux superpos\u00e9s. Un escalier de treize marches accentue son aspect monumental et son \u00e9l\u00e9vation verticale.<\/p>\n<p>Au fil du temps, la fa\u00e7ade a \u00e9t\u00e9 modifi\u00e9e, notamment avec le remplacement de certaines statues et la disparition d\u2019une balustrade. Le m\u00e9daillon central repr\u00e9sentait autrefois une sc\u00e8ne de la Visitation avant d\u2019\u00eatre transform\u00e9. Les petites-filles de <span class=\"hover:entity-accent entity-underline inline cursor-pointer align-baseline\"><span class=\"whitespace-normal\">Madame de S\u00e9vign\u00e9<\/span><\/span>, Pauline et Marie-Blanche de Grignan, ont \u00e9t\u00e9 \u00e9lev\u00e9es dans ce couvent et y sont enterr\u00e9es.<\/p>\n<h3>Fontaine de la Rotonde<\/h3>\n<figure id=\"attachment_5366\" aria-describedby=\"caption-attachment-5366\" style=\"width: 1024px\" class=\"wp-caption aligncenter\"><img data-dominant-color=\"7b8692\" data-has-transparency=\"false\" style=\"--dominant-color: #7b8692;\" loading=\"lazy\" decoding=\"async\" class=\"size-large wp-image-5366 not-transparent\" src=\"https:\/\/www.parisenigmes.com\/blog\/wp-content\/uploads\/2026\/04\/Fontaine_de_la_Rotonde_-_Aix-en-Provence-1024x768.webp\" alt=\"Fontaine de la Rotonde\" width=\"1024\" height=\"768\" srcset=\"https:\/\/www.parisenigmes.com\/blog\/wp-content\/uploads\/2026\/04\/Fontaine_de_la_Rotonde_-_Aix-en-Provence-1024x768.webp 1024w, https:\/\/www.parisenigmes.com\/blog\/wp-content\/uploads\/2026\/04\/Fontaine_de_la_Rotonde_-_Aix-en-Provence-300x225.webp 300w, https:\/\/www.parisenigmes.com\/blog\/wp-content\/uploads\/2026\/04\/Fontaine_de_la_Rotonde_-_Aix-en-Provence-768x576.webp 768w, https:\/\/www.parisenigmes.com\/blog\/wp-content\/uploads\/2026\/04\/Fontaine_de_la_Rotonde_-_Aix-en-Provence.webp 1280w\" sizes=\"auto, (max-width: 1024px) 100vw, 1024px\" \/><figcaption id=\"caption-attachment-5366\" class=\"wp-caption-text\">Fontaine de la Rotonde<\/figcaption><\/figure>\n<p>La <span class=\"hover:entity-accent entity-underline inline cursor-pointer align-baseline\"><span class=\"whitespace-normal\">Fontaine de la Rotonde<\/span><\/span> est situ\u00e9e au bout du <span class=\"hover:entity-accent entity-underline inline cursor-pointer align-baseline\"><span class=\"whitespace-normal\">Cours Mirabeau<\/span><\/span>, elle marque aujourd\u2019hui le centre d\u2019Aix-en-Provence.<\/p>\n<p>Elle a \u00e9t\u00e9 con\u00e7ue par l\u2019ing\u00e9nieur <span class=\"hover:entity-accent entity-underline inline cursor-pointer align-baseline\"><span class=\"whitespace-normal\">Th\u00e9ophile de Tournadre<\/span><\/span> et inaugur\u00e9e en 1860. Cette fontaine a \u00e9t\u00e9 construite pour c\u00e9l\u00e9brer l\u2019arriv\u00e9e de l\u2019eau gr\u00e2ce au canal Zola.<\/p>\n<p>Avec ses 12 m\u00e8tres de hauteur et son large bassin circulaire, elle impressionne par ses dimensions. Le monument est d\u00e9cor\u00e9 de lions sculpt\u00e9s et de groupes d\u2019enfants mont\u00e9s sur des cygnes.<\/p>\n<p>Au sommet, trois statues symbolisent la justice, le commerce et les beaux-arts. Ces sculptures ont valu \u00e0 la fontaine le surnom de \u00ab fontaine des Trois Gr\u00e2ces \u00bb.<\/p>\n<h3>Eglise Saint-Jean-de-Malte d&rsquo;Aix-en-Provence<\/h3>\n<figure id=\"attachment_5367\" aria-describedby=\"caption-attachment-5367\" style=\"width: 1024px\" class=\"wp-caption aligncenter\"><img data-dominant-color=\"7d7b70\" data-has-transparency=\"false\" style=\"--dominant-color: #7d7b70;\" loading=\"lazy\" decoding=\"async\" class=\"size-large wp-image-5367 not-transparent\" src=\"https:\/\/www.parisenigmes.com\/blog\/wp-content\/uploads\/2026\/04\/5787772440_9055296943_k-1024x768.webp\" alt=\"Eglise Saint-Jean-de-Malte d'Aix-en-Provence\" width=\"1024\" height=\"768\" srcset=\"https:\/\/www.parisenigmes.com\/blog\/wp-content\/uploads\/2026\/04\/5787772440_9055296943_k-1024x768.webp 1024w, https:\/\/www.parisenigmes.com\/blog\/wp-content\/uploads\/2026\/04\/5787772440_9055296943_k-300x225.webp 300w, https:\/\/www.parisenigmes.com\/blog\/wp-content\/uploads\/2026\/04\/5787772440_9055296943_k-768x576.webp 768w, https:\/\/www.parisenigmes.com\/blog\/wp-content\/uploads\/2026\/04\/5787772440_9055296943_k-1536x1152.webp 1536w, https:\/\/www.parisenigmes.com\/blog\/wp-content\/uploads\/2026\/04\/5787772440_9055296943_k.webp 2048w\" sizes=\"auto, (max-width: 1024px) 100vw, 1024px\" \/><figcaption id=\"caption-attachment-5367\" class=\"wp-caption-text\">Eglise Saint-Jean-de-Malte d&rsquo;Aix-en-Provence<\/figcaption><\/figure>\n<p>L\u2019<span class=\"hover:entity-accent entity-underline inline cursor-pointer align-baseline\"><span class=\"whitespace-normal\">\u00c9glise Saint-Jean-de-Malte d\u2019Aix-en-Provence<\/span><\/span> est consid\u00e9r\u00e9e comme la premi\u00e8re \u00e9glise gothique construite en Provence. L\u2019\u00e9difice a \u00e9t\u00e9 b\u00e2ti au XIIIe si\u00e8cle, entre 1272 et 1277, sur l\u2019emplacement d\u2019une ancienne chapelle.<\/p>\n<p>Cette \u00e9glise est li\u00e9e \u00e0 l\u2019<span class=\"hover:entity-accent entity-underline inline cursor-pointer align-baseline\"><span class=\"whitespace-normal\">ordre de Saint-Jean de J\u00e9rusalem<\/span><\/span>, qui s\u2019y \u00e9tait install\u00e9 d\u00e8s le XIIe si\u00e8cle. Son clocher impressionnant atteint 67 m\u00e8tres de hauteur, ce qui en fait le point le plus \u00e9lev\u00e9 de la ville.<\/p>\n<p>L\u2019\u00e9glise pr\u00e9sente une architecture gothique sobre, avec une nef unique et une grande luminosit\u00e9 int\u00e9rieure. Elle abrite de nombreuses \u0153uvres d\u2019art, dont des tableaux et un orgue moderne construit au XXIe si\u00e8cle.<\/p>\n<h3>Tour de l&rsquo;horloge<\/h3>\n<figure id=\"attachment_5368\" aria-describedby=\"caption-attachment-5368\" style=\"width: 768px\" class=\"wp-caption aligncenter\"><img data-dominant-color=\"807b72\" data-has-transparency=\"false\" style=\"--dominant-color: #807b72;\" loading=\"lazy\" decoding=\"async\" class=\"size-large wp-image-5368 not-transparent\" src=\"https:\/\/www.parisenigmes.com\/blog\/wp-content\/uploads\/2026\/04\/Aix-en-Provence_-_Tour_de_lhorloge_1510-768x1024.webp\" alt=\"Tour de l'horloge\" width=\"768\" height=\"1024\" srcset=\"https:\/\/www.parisenigmes.com\/blog\/wp-content\/uploads\/2026\/04\/Aix-en-Provence_-_Tour_de_lhorloge_1510-768x1024.webp 768w, https:\/\/www.parisenigmes.com\/blog\/wp-content\/uploads\/2026\/04\/Aix-en-Provence_-_Tour_de_lhorloge_1510-225x300.webp 225w, https:\/\/www.parisenigmes.com\/blog\/wp-content\/uploads\/2026\/04\/Aix-en-Provence_-_Tour_de_lhorloge_1510.webp 960w\" sizes=\"auto, (max-width: 768px) 100vw, 768px\" \/><figcaption id=\"caption-attachment-5368\" class=\"wp-caption-text\">Tour de l&rsquo;horloge<\/figcaption><\/figure>\n<p data-start=\"103\" data-end=\"554\">La <span class=\"hover:entity-accent entity-underline inline cursor-pointer align-baseline\"><span class=\"whitespace-normal\">Tour de l\u2019Horloge d\u2019Aix-en-Provence<\/span><\/span> constitue l\u2019un des \u00e9l\u00e9ments majeurs de l\u2019ancien syst\u00e8me d\u00e9fensif et administratif de la ville. Ancienne porte du bourg Saint-Sauveur, elle enjambe directement la rue et marque l\u2019entr\u00e9e de la ville comtale. \u00c0 partir des ann\u00e9es qui suivent 1357, le local de r\u00e9union du conseil de ville, auparavant itin\u00e9rant, s\u2019installe d\u00e9finitivement au pied de la tour, renfor\u00e7ant ainsi son r\u00f4le central dans la vie municipale.<\/p>\n<p data-start=\"556\" data-end=\"922\">La construction de la tour dans sa forme actuelle remonte aux ann\u00e9es 1510-1512, p\u00e9riode durant laquelle elle est sur\u00e9lev\u00e9e. Une inscription aujourd\u2019hui disparue attestait d\u2019ailleurs qu\u2019elle avait \u00e9t\u00e9 \u00e9lev\u00e9e en 1510 sur une ancienne porte de la ville comtale. Cette transformation lui donne son aspect monumental et affirme sa fonction symbolique de pouvoir communal.<\/p>\n<div class=\"ATCbm\">\n<h3 class=\"XfVdV o AIbhI\">Fontaine des Quatre-Dauphins<\/h3>\n<figure id=\"attachment_5369\" aria-describedby=\"caption-attachment-5369\" style=\"width: 1024px\" class=\"wp-caption aligncenter\"><img data-dominant-color=\"8d948d\" data-has-transparency=\"false\" style=\"--dominant-color: #8d948d;\" loading=\"lazy\" decoding=\"async\" class=\"size-large wp-image-5369 not-transparent\" src=\"https:\/\/www.parisenigmes.com\/blog\/wp-content\/uploads\/2026\/04\/1280px-Fontaine_des_Quatre-Dauphins_20100508_Aix-en-Provence_1-1024x682.webp\" alt=\"Fontaine des Quatre-Dauphins\" width=\"1024\" height=\"682\" srcset=\"https:\/\/www.parisenigmes.com\/blog\/wp-content\/uploads\/2026\/04\/1280px-Fontaine_des_Quatre-Dauphins_20100508_Aix-en-Provence_1-1024x682.webp 1024w, https:\/\/www.parisenigmes.com\/blog\/wp-content\/uploads\/2026\/04\/1280px-Fontaine_des_Quatre-Dauphins_20100508_Aix-en-Provence_1-300x200.webp 300w, https:\/\/www.parisenigmes.com\/blog\/wp-content\/uploads\/2026\/04\/1280px-Fontaine_des_Quatre-Dauphins_20100508_Aix-en-Provence_1-768x512.webp 768w, https:\/\/www.parisenigmes.com\/blog\/wp-content\/uploads\/2026\/04\/1280px-Fontaine_des_Quatre-Dauphins_20100508_Aix-en-Provence_1.webp 1280w\" sizes=\"auto, (max-width: 1024px) 100vw, 1024px\" \/><figcaption id=\"caption-attachment-5369\" class=\"wp-caption-text\">Fontaine des Quatre-Dauphins<\/figcaption><\/figure>\n<p data-start=\"0\" data-end=\"291\">La <span class=\"hover:entity-accent entity-underline inline cursor-pointer align-baseline\"><span class=\"whitespace-normal\">Fontaine des Quatre Dauphins<\/span><\/span> est sculpt\u00e9e en 1667 par Jean-Claude Rambot sur l\u2019ancienne place Mazarine. Elle s\u2019impose rapidement comme un \u00e9l\u00e9ment majeur du paysage urbain, au point de donner son nom actuel \u00e0 la place, tandis que la rue qui la traverse conserve celui de Mazarine.<\/p>\n<p data-start=\"293\" data-end=\"590\">La fontaine se compose d\u2019un bassin circulaire r\u00e9alis\u00e9 en pierre froide de la Sainte-Baume. En son centre, un ob\u00e9lisque l\u00e9g\u00e8rement d\u00e9cal\u00e9 est soutenu par quatre dauphins, dont les nageoires caudales sont sculpt\u00e9es dans de la pierre de Calissanne.<\/p>\n<p data-start=\"592\" data-end=\"936\">Au sommet de l\u2019ob\u00e9lisque, diff\u00e9rents ornements se sont succ\u00e9d\u00e9 au fil du temps : une fleur de lys dor\u00e9e, une pomme de pin, puis une croix de Malte, avant de retrouver une pomme de pin r\u00e9alis\u00e9e par le sculpteur Servian apr\u00e8s la Seconde Guerre mondiale. Apr\u00e8s avoir \u00e9t\u00e9 vandalis\u00e9e dans les ann\u00e9es 1980, la sculpture a \u00e9t\u00e9 restaur\u00e9e \u00e0 l\u2019identique.<\/p>\n<p data-start=\"938\" data-end=\"1094\" data-is-last-node=\"\" data-is-only-node=\"\">En 2015, la fontaine des Quatre Dauphins a fait l\u2019objet d\u2019une nouvelle restauration, permettant de pr\u00e9server cet ensemble embl\u00e9matique du patrimoine aixois.<\/p>\n<h3>Halles aux grains<\/h3>\n<figure id=\"attachment_5370\" aria-describedby=\"caption-attachment-5370\" style=\"width: 1024px\" class=\"wp-caption aligncenter\"><img data-dominant-color=\"858375\" data-has-transparency=\"false\" style=\"--dominant-color: #858375;\" loading=\"lazy\" decoding=\"async\" class=\"size-large wp-image-5370 not-transparent\" src=\"https:\/\/www.parisenigmes.com\/blog\/wp-content\/uploads\/2026\/04\/Halle_aux_Grains_Aix_en_Provence-1024x768.webp\" alt=\"Halles aux grains\" width=\"1024\" height=\"768\" srcset=\"https:\/\/www.parisenigmes.com\/blog\/wp-content\/uploads\/2026\/04\/Halle_aux_Grains_Aix_en_Provence-1024x768.webp 1024w, https:\/\/www.parisenigmes.com\/blog\/wp-content\/uploads\/2026\/04\/Halle_aux_Grains_Aix_en_Provence-300x225.webp 300w, https:\/\/www.parisenigmes.com\/blog\/wp-content\/uploads\/2026\/04\/Halle_aux_Grains_Aix_en_Provence-768x576.webp 768w, https:\/\/www.parisenigmes.com\/blog\/wp-content\/uploads\/2026\/04\/Halle_aux_Grains_Aix_en_Provence.webp 1280w\" sizes=\"auto, (max-width: 1024px) 100vw, 1024px\" \/><figcaption id=\"caption-attachment-5370\" class=\"wp-caption-text\">Halles aux grains<\/figcaption><\/figure>\n<p data-start=\"99\" data-end=\"383\">La <span class=\"hover:entity-accent entity-underline inline cursor-pointer align-baseline\"><span class=\"whitespace-normal\">Halle aux grains d&rsquo;Aix-en-Provence<\/span><\/span> est un \u00e9difice embl\u00e9matique situ\u00e9 entre la place de l\u2019H\u00f4tel-de-Ville et la place Richelme. Construite entre 1717 et 1765, elle est con\u00e7ue \u00e0 l\u2019origine comme un march\u00e9 aux grains destin\u00e9 \u00e0 organiser et contr\u00f4ler le commerce du bl\u00e9 dans la ville.<\/p>\n<p data-start=\"385\" data-end=\"825\">Son histoire commence au XVIIe si\u00e8cle, lorsque la municipalit\u00e9 entreprend de vastes am\u00e9nagements urbains dans ce secteur d\u2019Aix-en-Provence. \u00c0 l\u2019emplacement actuel se trouvait autrefois un \u00eelot de maisons et une place du March\u00e9 o\u00f9 se d\u00e9roulait le commerce des grains. Face aux plaintes li\u00e9es aux pratiques commerciales, le Conseil de ville d\u00e9cide en 1709 de r\u00e9organiser totalement l\u2019espace afin d\u2019y installer un grenier \u00e0 bl\u00e9 plus structur\u00e9.<\/p>\n<p data-start=\"827\" data-end=\"1267\">L\u2019agrandissement progressif de la place entra\u00eene l\u2019achat et la d\u00e9molition de plusieurs maisons, permettant la construction d\u2019un premier magasin \u00e0 bl\u00e9 en 1718 sous la direction de ma\u00eetres ma\u00e7ons et artisans locaux. Ce b\u00e2timent initial constitue le noyau de la future halle aux grains. Au fil des d\u00e9cennies, le site est agrandi et restructur\u00e9, notamment \u00e0 partir de 1737, pour r\u00e9pondre \u00e0 l\u2019augmentation des besoins de stockage et de commerce.<\/p>\n<p data-start=\"1269\" data-end=\"1693\">Dans la seconde moiti\u00e9 du XVIIIe si\u00e8cle, de nouveaux travaux sont confi\u00e9s \u00e0 l\u2019architecte Georges Vallon, qui supervise l\u2019agrandissement et l\u2019harmonisation du b\u00e2timent. L\u2019ensemble est achev\u00e9 en 1766, donnant \u00e0 la halle son aspect d\u00e9finitif. La fa\u00e7ade est notamment orn\u00e9e d\u2019un fronton sculpt\u00e9 par Jean-Pancrace Chastel, repr\u00e9sentant une all\u00e9gorie de la fertilit\u00e9 de la Provence \u00e0 travers les figures du Rh\u00f4ne et de la Durance.<\/p>\n<p data-start=\"1695\" data-end=\"2107\" data-is-last-node=\"\" data-is-only-node=\"\">Au fil du temps, la halle change de fonction. Apr\u00e8s avoir servi de march\u00e9 aux grains, elle devient la Bourse du Travail entre 1896 et 1922, puis accueille ensuite les services des P.T.T. apr\u00e8s une restauration en 1923. Class\u00e9e monument historique en 1983, elle abrite aujourd\u2019hui une annexe de la biblioth\u00e8que M\u00e9janes ainsi que des services municipaux, conservant ainsi une fonction publique au c\u0153ur de la ville.<\/p>\n<div>\n<div class=\"ATCbm\">\n<h3 class=\"XfVdV o AIbhI\">Oppidum d&rsquo;Entremont<\/h3>\n<figure id=\"attachment_5371\" aria-describedby=\"caption-attachment-5371\" style=\"width: 1024px\" class=\"wp-caption aligncenter\"><img data-dominant-color=\"828f84\" data-has-transparency=\"false\" style=\"--dominant-color: #828f84;\" loading=\"lazy\" decoding=\"async\" class=\"size-full wp-image-5371 not-transparent\" src=\"https:\/\/www.parisenigmes.com\/blog\/wp-content\/uploads\/2026\/04\/Oppidum_dEntremont_1.webp\" alt=\"Oppidum d'Entremont\" width=\"1024\" height=\"768\" srcset=\"https:\/\/www.parisenigmes.com\/blog\/wp-content\/uploads\/2026\/04\/Oppidum_dEntremont_1.webp 1024w, https:\/\/www.parisenigmes.com\/blog\/wp-content\/uploads\/2026\/04\/Oppidum_dEntremont_1-300x225.webp 300w, https:\/\/www.parisenigmes.com\/blog\/wp-content\/uploads\/2026\/04\/Oppidum_dEntremont_1-768x576.webp 768w\" sizes=\"auto, (max-width: 1024px) 100vw, 1024px\" \/><figcaption id=\"caption-attachment-5371\" class=\"wp-caption-text\">Oppidum d&rsquo;Entremont<\/figcaption><\/figure>\n<div>\n<p data-start=\"0\" data-end=\"135\">L\u2019oppidum d\u2019Entremont est un site arch\u00e9ologique situ\u00e9 \u00e0 Aix-en-Provence, \u00e0 environ 3 km du centre-ville, sur le plateau de Puyricard. Dans l\u2019Antiquit\u00e9, il fut la capitale de la conf\u00e9d\u00e9ration des Celto-Ligures, habit\u00e9e entre environ 180 et 90 av. J.-C.<\/p>\n<p data-start=\"258\" data-end=\"427\">Le site est constitu\u00e9 de deux agglom\u00e9rations successives, appel\u00e9es Habitat 1 et Habitat 2, entour\u00e9es de remparts successifs qui t\u00e9moignent de son d\u00e9veloppement rapide. Apr\u00e8s la prise du site par les Romains en 123 av. J.-C., l\u2019oppidum est progressivement abandonn\u00e9 au profit de la nouvelle ville d\u2019Aqu\u00e6 Sexti\u00e6, install\u00e9e en contrebas.<\/p>\n<p data-start=\"599\" data-end=\"795\">Entremont a livr\u00e9 de nombreuses d\u00e9couvertes arch\u00e9ologiques, notamment des statues, des bas-reliefs et des \u201ct\u00eates coup\u00e9es\u201d, aujourd\u2019hui conserv\u00e9s principalement au mus\u00e9e Granet \u00e0 Aix-en-Provence.<\/p>\n<p data-start=\"797\" data-end=\"983\" data-is-last-node=\"\" data-is-only-node=\"\">Le site a \u00e9t\u00e9 red\u00e9couvert au XIXe si\u00e8cle et fait l\u2019objet de fouilles importantes depuis le XXe si\u00e8cle, qui ont permis de mieux comprendre l\u2019organisation et la vie de cette ancienne cit\u00e9.<\/p>\n<\/div>\n<\/div>\n<div>\n<h2 id=\"section-2\" tabindex=\"-1\" data-start=\"590\" data-end=\"622\"><strong data-start=\"596\" data-end=\"622\">Mus\u00e9es incontournables d&rsquo;Aix-en-Provence<\/strong><\/h2>\n<div class=\"ATCbm\">\n<h3 class=\"XfVdV o AIbhI\">Hotel de Caumont &#8211; Art Centre<\/h3>\n<figure id=\"attachment_5372\" aria-describedby=\"caption-attachment-5372\" style=\"width: 1024px\" class=\"wp-caption aligncenter\"><img data-dominant-color=\"8d7f61\" data-has-transparency=\"false\" style=\"--dominant-color: #8d7f61;\" loading=\"lazy\" decoding=\"async\" class=\"size-large wp-image-5372 not-transparent\" src=\"https:\/\/www.parisenigmes.com\/blog\/wp-content\/uploads\/2026\/04\/1280px-Aix-Hotel_de_Caumont-bjs180814-02-1024x683.webp\" alt=\"H\u00f4tel de Caumont\" width=\"1024\" height=\"683\" srcset=\"https:\/\/www.parisenigmes.com\/blog\/wp-content\/uploads\/2026\/04\/1280px-Aix-Hotel_de_Caumont-bjs180814-02-1024x683.webp 1024w, https:\/\/www.parisenigmes.com\/blog\/wp-content\/uploads\/2026\/04\/1280px-Aix-Hotel_de_Caumont-bjs180814-02-300x200.webp 300w, https:\/\/www.parisenigmes.com\/blog\/wp-content\/uploads\/2026\/04\/1280px-Aix-Hotel_de_Caumont-bjs180814-02-768x512.webp 768w, https:\/\/www.parisenigmes.com\/blog\/wp-content\/uploads\/2026\/04\/1280px-Aix-Hotel_de_Caumont-bjs180814-02.webp 1280w\" sizes=\"auto, (max-width: 1024px) 100vw, 1024px\" \/><figcaption id=\"caption-attachment-5372\" class=\"wp-caption-text\">H\u00f4tel de Caumont<\/figcaption><\/figure>\n<div>\n<p data-start=\"58\" data-end=\"229\">L\u2019<a href=\"https:\/\/www.caumont-centredart.com\/fr\">H\u00f4tel de Caumont<\/a> est un h\u00f4tel particulier situ\u00e9 \u00e0 Aix-en-Provence, construit entre 1715 et 1742,. \u00c0 l\u2019origine r\u00e9sidence priv\u00e9e de familles nobles, le b\u00e2timent a ensuite connu plusieurs usages, dont celui de conservatoire de musique au XXe si\u00e8cle. La ville d\u2019Aix-en-Provence en fait l\u2019acquisition en 1964.<\/p>\n<p data-start=\"439\" data-end=\"655\">Depuis 2015, apr\u00e8s une importante restauration, l\u2019H\u00f4tel de Caumont est devenu un centre d\u2019art. Il accueille des expositions temporaires consacr\u00e9es \u00e0 de grands artistes comme Monet, Chagall, Botero ou encore Van Gogh.<\/p>\n<p data-start=\"657\" data-end=\"829\">Le lieu propose \u00e9galement un \u00ab mus\u00e9e reconstitu\u00e9 \u00bb qui permet de d\u00e9couvrir l\u2019atmosph\u00e8re des salons du XVIIIe si\u00e8cle, ainsi que des jardins \u00e0 la fran\u00e7aise ouverts au public.<\/p>\n<\/div>\n<div>\n<div class=\"ATCbm\">\n<h3 class=\"XfVdV o AIbhI\">Mus\u00e9e Granet<\/h3>\n<figure id=\"attachment_5373\" aria-describedby=\"caption-attachment-5373\" style=\"width: 1024px\" class=\"wp-caption aligncenter\"><img data-dominant-color=\"918177\" data-has-transparency=\"false\" style=\"--dominant-color: #918177;\" loading=\"lazy\" decoding=\"async\" class=\"size-large wp-image-5373 not-transparent\" src=\"https:\/\/www.parisenigmes.com\/blog\/wp-content\/uploads\/2026\/04\/Aix_en_Provence-FR-13-musee_Granet-a1-1024x768.webp\" alt=\"Mus\u00e9e Granet\" width=\"1024\" height=\"768\" srcset=\"https:\/\/www.parisenigmes.com\/blog\/wp-content\/uploads\/2026\/04\/Aix_en_Provence-FR-13-musee_Granet-a1-1024x768.webp 1024w, https:\/\/www.parisenigmes.com\/blog\/wp-content\/uploads\/2026\/04\/Aix_en_Provence-FR-13-musee_Granet-a1-300x225.webp 300w, https:\/\/www.parisenigmes.com\/blog\/wp-content\/uploads\/2026\/04\/Aix_en_Provence-FR-13-musee_Granet-a1-768x576.webp 768w, https:\/\/www.parisenigmes.com\/blog\/wp-content\/uploads\/2026\/04\/Aix_en_Provence-FR-13-musee_Granet-a1-1536x1152.webp 1536w, https:\/\/www.parisenigmes.com\/blog\/wp-content\/uploads\/2026\/04\/Aix_en_Provence-FR-13-musee_Granet-a1-2048x1536.webp 2048w\" sizes=\"auto, (max-width: 1024px) 100vw, 1024px\" \/><figcaption id=\"caption-attachment-5373\" class=\"wp-caption-text\">Mus\u00e9e Granet<\/figcaption><\/figure>\n<p data-start=\"0\" data-end=\"234\">Le <a href=\"https:\/\/www.museegranet-aixenprovence.fr\/accueil\">mus\u00e9e Granet<\/a> est un mus\u00e9e d\u2019art, d\u2019arch\u00e9ologie et d\u2019art d\u00e9coratif. Il a ouvert ses portes au public en 1838 et constitue aujourd\u2019hui l\u2019un des principaux mus\u00e9es de la r\u00e9gion.<\/p>\n<p data-start=\"236\" data-end=\"484\">Ses collections sont particuli\u00e8rement riches et couvrent une large p\u00e9riode, allant de l\u2019Antiquit\u00e9 au XXe si\u00e8cle. On y trouve des peintures, des sculptures et des objets arch\u00e9ologiques issus notamment de fouilles locales et de donations importantes.<\/p>\n<p data-start=\"486\" data-end=\"689\">Le mus\u00e9e poss\u00e8de une remarquable collection d\u2019arch\u00e9ologie, avec des objets provenant de sites comme l\u2019oppidum d\u2019Entremont, t\u00e9moignant de la pr\u00e9sence ancienne des populations celto-ligures dans la r\u00e9gion.<\/p>\n<p data-start=\"691\" data-end=\"899\">La section des sculptures pr\u00e9sente des \u0153uvres allant de la Renaissance jusqu\u2019\u00e0 l\u2019art moderne, avec des artistes majeurs tels qu\u2019Alberto Giacometti. Certaines pi\u00e8ces sont des d\u00e9p\u00f4ts de grands mus\u00e9es nationaux.<\/p>\n<p data-start=\"901\" data-end=\"1156\">La collection \u00e9gyptienne est l\u2019une des plus importantes du mus\u00e9e. Constitu\u00e9e au XIXe si\u00e8cle gr\u00e2ce \u00e0 plusieurs donateurs, elle comprend des statues, sarcophages, st\u00e8les, momies et objets rituels permettant de d\u00e9couvrir la civilisation de l\u2019\u00c9gypte ancienne.<\/p>\n<p data-start=\"1158\" data-end=\"1364\">Le mus\u00e9e abrite \u00e9galement une importante collection de peintures europ\u00e9ennes, avec des \u0153uvres allant du XVe au XXe si\u00e8cle. On peut y admirer des artistes comme Rembrandt, Rubens, Ingres, C\u00e9zanne ou Picasso.<\/p>\n<p data-start=\"1366\" data-end=\"1570\">Depuis 2013, la chapelle des P\u00e9nitents blancs est int\u00e9gr\u00e9e au mus\u00e9e sous le nom de \u201cGranet XXe\u201d. Elle est d\u00e9di\u00e9e \u00e0 l\u2019art moderne et contemporain, notamment gr\u00e2ce \u00e0 des d\u00e9p\u00f4ts de la fondation Jean Planque.<\/p>\n<div>\n<div class=\"hZuqH y\">\n<header class=\"VLKGO y\">\n<div class=\"NxKBB\">\n<div>\n<div class=\"alPVI eNNhq PgLKC tnGGX\">\n<div class=\"ATCbm\">\n<h3 class=\"XfVdV o AIbhI\">Mus\u00e9e du Calisson, Confiserie du Roy Ren\u00e9<\/h3>\n<div class=\"mceTemp\"><\/div>\n<figure id=\"attachment_5382\" aria-describedby=\"caption-attachment-5382\" style=\"width: 1024px\" class=\"wp-caption aligncenter\"><img data-dominant-color=\"cdb387\" data-has-transparency=\"false\" style=\"--dominant-color: #cdb387;\" loading=\"lazy\" decoding=\"async\" class=\"size-large wp-image-5382 not-transparent\" src=\"https:\/\/www.parisenigmes.com\/blog\/wp-content\/uploads\/2026\/04\/Calisson_fruidoraix-1024x683.webp\" alt=\"Le calisson\" width=\"1024\" height=\"683\" srcset=\"https:\/\/www.parisenigmes.com\/blog\/wp-content\/uploads\/2026\/04\/Calisson_fruidoraix-1024x683.webp 1024w, https:\/\/www.parisenigmes.com\/blog\/wp-content\/uploads\/2026\/04\/Calisson_fruidoraix-300x200.webp 300w, https:\/\/www.parisenigmes.com\/blog\/wp-content\/uploads\/2026\/04\/Calisson_fruidoraix-768x512.webp 768w, https:\/\/www.parisenigmes.com\/blog\/wp-content\/uploads\/2026\/04\/Calisson_fruidoraix.webp 1200w\" sizes=\"auto, (max-width: 1024px) 100vw, 1024px\" \/><figcaption id=\"caption-attachment-5382\" class=\"wp-caption-text\">Le calisson<\/figcaption><\/figure>\n<section class=\"text-token-text-primary w-full focus:outline-none [--shadow-height:45px] has-data-writing-block:pointer-events-none has-data-writing-block:-mt-(--shadow-height) has-data-writing-block:pt-(--shadow-height) [&amp;:has([data-writing-block])&gt;*]:pointer-events-auto [content-visibility:auto] supports-[content-visibility:auto]:[contain-intrinsic-size:auto_100lvh] R6Vx5W_threadScrollVars scroll-mb-[calc(var(--scroll-root-safe-area-inset-bottom,0px)+var(--thread-response-height))] scroll-mt-[calc(var(--header-height)+min(200px,max(70px,20svh)))]\" dir=\"auto\" data-turn-id=\"request-WEB:9e9addc5-8753-430f-9f09-fee23d4d01f8-18\" data-testid=\"conversation-turn-38\" data-scroll-anchor=\"false\" data-turn=\"assistant\">\n<div class=\"text-base my-auto mx-auto pb-10 [--thread-content-margin:var(--thread-content-margin-xs,calc(var(--spacing)*4))] @w-sm\/main:[--thread-content-margin:var(--thread-content-margin-sm,calc(var(--spacing)*6))] @w-lg\/main:[--thread-content-margin:var(--thread-content-margin-lg,calc(var(--spacing)*16))] px-(--thread-content-margin)\">\n<div class=\"[--thread-content-max-width:40rem] @w-lg\/main:[--thread-content-max-width:48rem] mx-auto max-w-(--thread-content-max-width) flex-1 group\/turn-messages focus-visible:outline-hidden relative flex w-full min-w-0 flex-col agent-turn\">\n<div class=\"flex max-w-full flex-col gap-4 grow\">\n<div class=\"min-h-8 text-message relative flex w-full flex-col items-end gap-2 text-start break-words whitespace-normal outline-none keyboard-focused:focus-ring [.text-message+&amp;]:mt-1\" dir=\"auto\" tabindex=\"0\" data-message-author-role=\"assistant\" data-message-id=\"a33ec3fd-d2dc-44bb-a09b-0303cb332e24\" data-message-model-slug=\"gpt-5-3-mini\" data-turn-start-message=\"true\">\n<div class=\"flex w-full flex-col gap-1 empty:hidden\">\n<div class=\"markdown prose dark:prose-invert w-full wrap-break-word light markdown-new-styling\">\n<p data-start=\"0\" data-end=\"249\">Le <a href=\"https:\/\/www.calisson.com\/fr\/content\/17-musee-du-calisson\">Mus\u00e9e du Calisson<\/a> est un espace culturel et gourmand situ\u00e9 \u00e0 Aix-en-Provence, consacr\u00e9 \u00e0 l\u2019histoire du c\u00e9l\u00e8bre calisson d\u2019Aix et de l\u2019amande de Provence. Il propose une d\u00e9couverte immersive m\u00ealant patrimoine, savoir-faire artisanal et innovation.<\/p>\n<p data-start=\"251\" data-end=\"519\">Le parcours mus\u00e9al permet de retracer l\u2019histoire de cette confiserie traditionnelle \u00e0 travers des dispositifs modernes et sensoriels. Les visiteurs d\u00e9couvrent les \u00e9tapes de production du calisson, depuis la culture de l\u2019amandier jusqu\u2019\u00e0 la fabrication du produit fini.<\/p>\n<p data-start=\"521\" data-end=\"822\">Le mus\u00e9e est install\u00e9 au-dessus des ateliers de fabrication de la Confiserie du Roy Ren\u00e9, ce qui permet d\u2019observer directement le travail des confiseurs \u00e0 travers de grandes baies vitr\u00e9es. Cette proximit\u00e9 offre une immersion unique dans le processus de production du calisson et du nougat de Provence.<\/p>\n<p data-start=\"824\" data-end=\"1067\">Les jardins du Roy Ren\u00e9 compl\u00e8tent la visite. Ils sont accessibles librement et pr\u00e9sentent un parcours autour de l\u2019histoire de l\u2019amandier en Provence, avec des espaces d\u00e9di\u00e9s \u00e0 la biodiversit\u00e9 et aux plantes mellif\u00e8res favorisant les abeilles.<\/p>\n<\/div>\n<\/div>\n<\/div>\n<\/div>\n<\/div>\n<\/div>\n<\/section>\n<div><\/div>\n<div>\n<div class=\"ATCbm\">\n<h3 class=\"XfVdV o AIbhI\">Site M\u00e9morial du Camp des Milles<\/h3>\n<figure id=\"attachment_5375\" aria-describedby=\"caption-attachment-5375\" style=\"width: 1024px\" class=\"wp-caption aligncenter\"><img data-dominant-color=\"a79887\" data-has-transparency=\"false\" style=\"--dominant-color: #a79887;\" loading=\"lazy\" decoding=\"async\" class=\"size-large wp-image-5375 not-transparent\" src=\"https:\/\/www.parisenigmes.com\/blog\/wp-content\/uploads\/2026\/04\/Camp_des_Milles_21_Les_Milles_Bouches-du-Rhone_France-1-1024x768.webp\" alt=\"Site M\u00e9morial du Camp des Milles\" width=\"1024\" height=\"768\" srcset=\"https:\/\/www.parisenigmes.com\/blog\/wp-content\/uploads\/2026\/04\/Camp_des_Milles_21_Les_Milles_Bouches-du-Rhone_France-1-1024x768.webp 1024w, https:\/\/www.parisenigmes.com\/blog\/wp-content\/uploads\/2026\/04\/Camp_des_Milles_21_Les_Milles_Bouches-du-Rhone_France-1-300x225.webp 300w, https:\/\/www.parisenigmes.com\/blog\/wp-content\/uploads\/2026\/04\/Camp_des_Milles_21_Les_Milles_Bouches-du-Rhone_France-1-768x576.webp 768w, https:\/\/www.parisenigmes.com\/blog\/wp-content\/uploads\/2026\/04\/Camp_des_Milles_21_Les_Milles_Bouches-du-Rhone_France-1.webp 1280w\" sizes=\"auto, (max-width: 1024px) 100vw, 1024px\" \/><figcaption id=\"caption-attachment-5375\" class=\"wp-caption-text\">Site M\u00e9morial du Camp des Milles<\/figcaption><\/figure>\n<div>\n<section class=\"text-token-text-primary w-full focus:outline-none [--shadow-height:45px] has-data-writing-block:pointer-events-none has-data-writing-block:-mt-(--shadow-height) has-data-writing-block:pt-(--shadow-height) [&amp;:has([data-writing-block])&gt;*]:pointer-events-auto [content-visibility:auto] supports-[content-visibility:auto]:[contain-intrinsic-size:auto_100lvh] R6Vx5W_threadScrollVars scroll-mb-[calc(var(--scroll-root-safe-area-inset-bottom,0px)+var(--thread-response-height))] scroll-mt-[calc(var(--header-height)+min(200px,max(70px,20svh)))]\" dir=\"auto\" data-turn-id=\"request-WEB:9e9addc5-8753-430f-9f09-fee23d4d01f8-23\" data-testid=\"conversation-turn-48\" data-scroll-anchor=\"false\" data-turn=\"assistant\">\n<div class=\"text-base my-auto mx-auto pb-10 [--thread-content-margin:var(--thread-content-margin-xs,calc(var(--spacing)*4))] @w-sm\/main:[--thread-content-margin:var(--thread-content-margin-sm,calc(var(--spacing)*6))] @w-lg\/main:[--thread-content-margin:var(--thread-content-margin-lg,calc(var(--spacing)*16))] px-(--thread-content-margin)\">\n<div class=\"[--thread-content-max-width:40rem] @w-lg\/main:[--thread-content-max-width:48rem] mx-auto max-w-(--thread-content-max-width) flex-1 group\/turn-messages focus-visible:outline-hidden relative flex w-full min-w-0 flex-col agent-turn\">\n<div class=\"flex max-w-full flex-col gap-4 grow\">\n<div class=\"min-h-8 text-message relative flex w-full flex-col items-end gap-2 text-start break-words whitespace-normal outline-none keyboard-focused:focus-ring [.text-message+&amp;]:mt-1\" dir=\"auto\" tabindex=\"0\" data-message-author-role=\"assistant\" data-message-id=\"cb07de60-aaaf-4f1e-90b9-f5c0f04d87f9\" data-message-model-slug=\"gpt-5-3-mini\" data-turn-start-message=\"true\">\n<div class=\"flex w-full flex-col gap-1 empty:hidden\">\n<div class=\"markdown prose dark:prose-invert w-full wrap-break-word light markdown-new-styling\">\n<p data-start=\"0\" data-end=\"734\">Le <a href=\"https:\/\/www.campdesmilles.org\/\">Camp des Milles<\/a>, situ\u00e9 \u00e0 Aix-en-Provence dans une ancienne briqueterie industrielle ouverte en 1882 et transform\u00e9e en camp en 1939, est un camp d\u2019internement et de d\u00e9portation fran\u00e7ais qui a fonctionn\u00e9 pendant la Seconde Guerre mondiale. Il a d\u2019abord servi \u00e0 interner des ressortissants \u00e9trangers qualifi\u00e9s de \u00ab sujets ennemis \u00bb, puis, sous le r\u00e9gime de Vichy, des personnes jug\u00e9es \u00ab ind\u00e9sirables \u00bb, parmi lesquelles de nombreux r\u00e9fugi\u00e9s antifascistes, intellectuels, artistes et Juifs venus de plusieurs pays europ\u00e9ens.<\/p>\n<p data-start=\"0\" data-end=\"734\">\u00c0 partir de l\u2019\u00e9t\u00e9 1942, le site devient un lieu de transit vers les camps de d\u00e9portation nazis, notamment Auschwitz, avec plusieurs convois ayant emport\u00e9 plus de 2 000 personnes, dont des femmes et des enfants.<\/p>\n<p data-start=\"736\" data-end=\"1095\">Le camp a \u00e9galement \u00e9t\u00e9 marqu\u00e9 par la pr\u00e9sence de nombreux artistes et intellectuels intern\u00e9s, qui ont continu\u00e9 \u00e0 cr\u00e9er malgr\u00e9 les conditions de d\u00e9tention, laissant une importante production artistique et des t\u00e9moignages historiques. Apr\u00e8s la guerre, le site est r\u00e9utilis\u00e9 industriellement avant d\u2019\u00eatre progressivement reconnu comme un lieu de m\u00e9moire majeur.<\/p>\n<p data-start=\"1097\" data-end=\"1459\" data-is-last-node=\"\" data-is-only-node=\"\">Depuis 2012, le Camp des Milles est devenu un site-m\u00e9morial ouvert au public, proposant des espaces d\u2019exposition, de visite et de r\u00e9flexion qui retracent son histoire et analysent les m\u00e9canismes ayant conduit aux pers\u00e9cutions et aux g\u00e9nocides, dans une d\u00e9marche \u00e9ducative visant \u00e0 lutter contre le racisme, l\u2019antis\u00e9mitisme et toutes les formes de discrimination.<\/p>\n<\/div>\n<\/div>\n<\/div>\n<\/div>\n<\/div>\n<\/div>\n<\/section>\n<\/div>\n<div>\n<div class=\"ATCbm\">\n<h3 class=\"XfVdV o AIbhI\">Fondation Vasarely d&rsquo;Aix en Provence<\/h3>\n<figure id=\"attachment_5376\" aria-describedby=\"caption-attachment-5376\" style=\"width: 1024px\" class=\"wp-caption aligncenter\"><img data-dominant-color=\"698073\" data-has-transparency=\"false\" style=\"--dominant-color: #698073;\" loading=\"lazy\" decoding=\"async\" class=\"size-large wp-image-5376 not-transparent\" src=\"https:\/\/www.parisenigmes.com\/blog\/wp-content\/uploads\/2026\/04\/1280px-Fondation_Vasarely_Aix-en-Provence-1024x768.webp\" alt=\"Fondation Vasarely d'Aix en Provence\" width=\"1024\" height=\"768\" srcset=\"https:\/\/www.parisenigmes.com\/blog\/wp-content\/uploads\/2026\/04\/1280px-Fondation_Vasarely_Aix-en-Provence-1024x768.webp 1024w, https:\/\/www.parisenigmes.com\/blog\/wp-content\/uploads\/2026\/04\/1280px-Fondation_Vasarely_Aix-en-Provence-300x225.webp 300w, https:\/\/www.parisenigmes.com\/blog\/wp-content\/uploads\/2026\/04\/1280px-Fondation_Vasarely_Aix-en-Provence-768x576.webp 768w, https:\/\/www.parisenigmes.com\/blog\/wp-content\/uploads\/2026\/04\/1280px-Fondation_Vasarely_Aix-en-Provence.webp 1280w\" sizes=\"auto, (max-width: 1024px) 100vw, 1024px\" \/><figcaption id=\"caption-attachment-5376\" class=\"wp-caption-text\">Fondation Vasarely d&rsquo;Aix en Provence<\/figcaption><\/figure>\n<p data-start=\"0\" data-end=\"334\"><a href=\"https:\/\/www.fondationvasarely.org\/\"><span class=\"hover:entity-accent entity-underline inline cursor-pointer align-baseline\"><span class=\"whitespace-normal\">Fondation Vasarely<\/span><\/span><\/a> est un centre d\u2019art contemporain situ\u00e9 \u00e0 Aix-en-Provence, con\u00e7u et financ\u00e9 par l\u2019artiste franco-hongrois Victor Vasarely entre 1971 et 1976, avec l\u2019id\u00e9e de cr\u00e9er une v\u00e9ritable \u00ab cit\u00e9 polychrome du bonheur \u00bb, o\u00f9 l\u2019art serait directement int\u00e9gr\u00e9 \u00e0 l\u2019architecture et accessible au plus grand nombre.<\/p>\n<p data-start=\"336\" data-end=\"774\">Le b\u00e2timent, qualifi\u00e9 de \u00ab centre architectonique \u00bb, est compos\u00e9 de 16 structures hexagonales en forme d\u2019alv\u00e9oles, formant un ensemble monumental o\u00f9 les \u0153uvres de Vasarely ne sont pas simplement expos\u00e9es mais int\u00e9gr\u00e9es aux murs, fa\u00e7ades et espaces int\u00e9rieurs. L\u2019architecture elle-m\u00eame fait partie de l\u2019\u0153uvre, avec des jeux optiques, des formes g\u00e9om\u00e9triques et des contrastes noir\/argent con\u00e7us pour produire des effets visuels cin\u00e9tiques.<\/p>\n<p data-start=\"776\" data-end=\"1159\">\u00c0 l\u2019int\u00e9rieur, la fondation pr\u00e9sente de grandes \u0153uvres dites \u00ab int\u00e9grations \u00bb, qui m\u00ealent art et architecture, ainsi que des cr\u00e9ations embl\u00e9matiques de l\u2019art optique et cin\u00e9tique, mouvement dont Vasarely est l\u2019un des principaux fondateurs. L\u2019objectif initial du projet \u00e9tait de rompre avec l\u2019\u00e9litisme artistique en proposant un \u00ab art pour tous \u00bb, sans barri\u00e8re sociale ou culturelle.<\/p>\n<p data-start=\"1474\" data-end=\"1710\" data-is-last-node=\"\" data-is-only-node=\"\">\n<\/div>\n<\/div>\n<\/div>\n<\/div>\n<\/div>\n<\/div>\n<\/div>\n<\/div>\n<\/header>\n<\/div>\n<\/div>\n<\/div>\n<\/div>\n<\/div>\n<\/div>\n<h3>Mus\u00e9e du Pavillon de Vend\u00f4me<\/h3>\n<figure id=\"attachment_5377\" aria-describedby=\"caption-attachment-5377\" style=\"width: 1024px\" class=\"wp-caption aligncenter\"><img data-dominant-color=\"6f736a\" data-has-transparency=\"false\" style=\"--dominant-color: #6f736a;\" loading=\"lazy\" decoding=\"async\" class=\"size-large wp-image-5377 not-transparent\" src=\"https:\/\/www.parisenigmes.com\/blog\/wp-content\/uploads\/2026\/04\/Aix-en-Provence_-_Pavillon_Vendome-1024x682.webp\" alt=\"Mus\u00e9e du Pavillon de Vend\u00f4me\" width=\"1024\" height=\"682\" srcset=\"https:\/\/www.parisenigmes.com\/blog\/wp-content\/uploads\/2026\/04\/Aix-en-Provence_-_Pavillon_Vendome-1024x682.webp 1024w, https:\/\/www.parisenigmes.com\/blog\/wp-content\/uploads\/2026\/04\/Aix-en-Provence_-_Pavillon_Vendome-300x200.webp 300w, https:\/\/www.parisenigmes.com\/blog\/wp-content\/uploads\/2026\/04\/Aix-en-Provence_-_Pavillon_Vendome-768x512.webp 768w, https:\/\/www.parisenigmes.com\/blog\/wp-content\/uploads\/2026\/04\/Aix-en-Provence_-_Pavillon_Vendome.webp 1280w\" sizes=\"auto, (max-width: 1024px) 100vw, 1024px\" \/><figcaption id=\"caption-attachment-5377\" class=\"wp-caption-text\">Mus\u00e9e du Pavillon de Vend\u00f4me<\/figcaption><\/figure>\n<p>Le <a href=\"https:\/\/www.aixenprovence.fr\/Presentation-du-Pavillon-de-Vendome\">Pavillon de Vend\u00f4me<\/a> est un ancien h\u00f4tel particulier du XVIIe si\u00e8cle situ\u00e9 \u00e0 Aix-en-Provence, construit entre 1665 et 1667 pour Louis de Merc\u0153ur, duc de Vend\u00f4me, dans un style classique proven\u00e7al attribu\u00e9 \u00e0 l\u2019architecte Antoine Matisse.<\/p>\n<p>Pens\u00e9 \u00e0 l\u2019origine comme une r\u00e9sidence de vill\u00e9giature en dehors des remparts, il se distingue par son \u00e9l\u00e9gante fa\u00e7ade \u00e0 ordres superpos\u00e9s, ses atlantes sculpt\u00e9s soutenant un balcon, et son jardin \u00e0 la fran\u00e7aise inspir\u00e9 du XVIIe si\u00e8cle.<\/p>\n<p>Au fil des si\u00e8cles, le b\u00e2timent a connu plusieurs usages, passant de demeure aristocratique \u00e0 pensionnat religieux au XIXe si\u00e8cle, avant d\u2019\u00eatre acquis et restaur\u00e9 par l\u2019amateur d\u2019art Henri Dobler au d\u00e9but du XXe si\u00e8cle, qui contribua \u00e0 sa sauvegarde et \u00e0 son classement comme monument historique.<\/p>\n<p>Aujourd\u2019hui, il appartient \u00e0 la ville d\u2019Aix-en-Provence et fonctionne comme mus\u00e9e et espace d\u2019expositions d\u2019art et de photographie, tout en conservant un ensemble remarquable de d\u00e9cors int\u00e9rieurs, de mobilier ancien et un jardin public qui en fait un lieu patrimonial et culturel majeur de la ville.<\/p>\n<\/div>\n<\/div>\n<p>&nbsp;<\/p>\n<h2 id=\"section-3\" tabindex=\"-1\" data-start=\"1042\" data-end=\"1085\"><strong data-start=\"1048\" data-end=\"1085\">Parcs et espaces verts d&rsquo;Aix-en-Provence<\/strong><\/h2>\n<div class=\"ATCbm\">\n<div class=\"XfVdV o AIbhI\">\n<div class=\"ATCbm\">\n<h3 class=\"XfVdV o AIbhI\">Lac du Bimont<\/h3>\n<figure id=\"attachment_5378\" aria-describedby=\"caption-attachment-5378\" style=\"width: 799px\" class=\"wp-caption aligncenter\"><img data-dominant-color=\"8fa1a6\" data-has-transparency=\"false\" style=\"--dominant-color: #8fa1a6;\" loading=\"lazy\" decoding=\"async\" class=\"size-full wp-image-5378 not-transparent\" src=\"https:\/\/www.parisenigmes.com\/blog\/wp-content\/uploads\/2026\/04\/6783116739_f62e70c208_c.webp\" alt=\"Lac du Bimont\" width=\"799\" height=\"312\" srcset=\"https:\/\/www.parisenigmes.com\/blog\/wp-content\/uploads\/2026\/04\/6783116739_f62e70c208_c.webp 799w, https:\/\/www.parisenigmes.com\/blog\/wp-content\/uploads\/2026\/04\/6783116739_f62e70c208_c-300x117.webp 300w, https:\/\/www.parisenigmes.com\/blog\/wp-content\/uploads\/2026\/04\/6783116739_f62e70c208_c-768x300.webp 768w\" sizes=\"auto, (max-width: 799px) 100vw, 799px\" \/><figcaption id=\"caption-attachment-5378\" class=\"wp-caption-text\">Lac du Bimont<\/figcaption><\/figure>\n<div>Le <span class=\"hover:entity-accent entity-underline inline cursor-pointer align-baseline\"><span class=\"whitespace-normal\">Lac de Bimont<\/span><\/span> est un lieu incontournable pour les amoureux de nature pr\u00e8s d\u2019Aix-en-Provence. Nich\u00e9 au pied de la majestueuse <span class=\"hover:entity-accent entity-underline inline cursor-pointer align-baseline\"><span class=\"whitespace-normal\">Montagne Sainte-Victoire<\/span><\/span>, il offre un cadre spectaculaire et typiquement proven\u00e7al.<\/div>\n<div><\/div>\n<div>Ses eaux turquoise contrastent avec les roches blanches, cr\u00e9ant un paysage id\u00e9al pour la photographie. Le site est parfait pour la randonn\u00e9e, avec plusieurs sentiers accessibles autour du lac.<\/div>\n<div>\n<div class=\"ATCbm\">\n<h3 class=\"XfVdV o AIbhI\">Jardin des peintres<\/h3>\n<figure id=\"attachment_5379\" aria-describedby=\"caption-attachment-5379\" style=\"width: 800px\" class=\"wp-caption aligncenter\"><img data-dominant-color=\"728177\" data-has-transparency=\"false\" style=\"--dominant-color: #728177;\" loading=\"lazy\" decoding=\"async\" class=\"size-full wp-image-5379 not-transparent\" src=\"https:\/\/www.parisenigmes.com\/blog\/wp-content\/uploads\/2026\/04\/23807580810_0087d1aa35_c.webp\" alt=\"Jardin des peintres\" width=\"800\" height=\"450\" srcset=\"https:\/\/www.parisenigmes.com\/blog\/wp-content\/uploads\/2026\/04\/23807580810_0087d1aa35_c.webp 800w, https:\/\/www.parisenigmes.com\/blog\/wp-content\/uploads\/2026\/04\/23807580810_0087d1aa35_c-300x169.webp 300w, https:\/\/www.parisenigmes.com\/blog\/wp-content\/uploads\/2026\/04\/23807580810_0087d1aa35_c-768x432.webp 768w\" sizes=\"auto, (max-width: 800px) 100vw, 800px\" \/><figcaption id=\"caption-attachment-5379\" class=\"wp-caption-text\">Jardin des peintres<\/figcaption><\/figure>\n<p>Le <span class=\"hover:entity-accent entity-underline inline cursor-pointer align-baseline\"><span class=\"whitespace-normal\">Jardin des Peintres<\/span><\/span> poss\u00e8de une histoire intimement li\u00e9e \u00e0 <span class=\"hover:entity-accent entity-underline inline cursor-pointer align-baseline\"><span class=\"whitespace-normal\">Paul C\u00e9zanne<\/span><\/span>. Am\u00e9nag\u00e9 sur un belv\u00e9d\u00e8re, ce lieu offrait au peintre un point de vue exceptionnel sur la <span class=\"hover:entity-accent entity-underline inline cursor-pointer align-baseline\"><span class=\"whitespace-normal\">Montagne Sainte-Victoire<\/span><\/span>. Il y venait r\u00e9guli\u00e8rement capturer les variations de lumi\u00e8re qui subliment le paysage proven\u00e7al.<\/p>\n<p>Aujourd\u2019hui, cet espace a \u00e9t\u00e9 transform\u00e9 en lieu de promenade par la ville en 2004. Sur environ 400 m\u00b2, il met en valeur les \u00e9l\u00e9ments typiques de la Provence, comme les restanques et les v\u00e9g\u00e9taux m\u00e9diterran\u00e9ens.<\/p>\n<div>\n<div class=\"ATCbm\">\n<h3 class=\"XfVdV o AIbhI\">Promenade de la Torse<\/h3>\n<figure id=\"attachment_5380\" aria-describedby=\"caption-attachment-5380\" style=\"width: 768px\" class=\"wp-caption aligncenter\"><img data-dominant-color=\"6d6e67\" data-has-transparency=\"false\" style=\"--dominant-color: #6d6e67;\" loading=\"lazy\" decoding=\"async\" class=\"size-large wp-image-5380 not-transparent\" src=\"https:\/\/www.parisenigmes.com\/blog\/wp-content\/uploads\/2026\/04\/La_Torse_parc_de_la_Torse_Aix-en-Provence_France-768x1024.webp\" alt=\"Promenade de la Torse\" width=\"768\" height=\"1024\" srcset=\"https:\/\/www.parisenigmes.com\/blog\/wp-content\/uploads\/2026\/04\/La_Torse_parc_de_la_Torse_Aix-en-Provence_France-768x1024.webp 768w, https:\/\/www.parisenigmes.com\/blog\/wp-content\/uploads\/2026\/04\/La_Torse_parc_de_la_Torse_Aix-en-Provence_France-225x300.webp 225w, https:\/\/www.parisenigmes.com\/blog\/wp-content\/uploads\/2026\/04\/La_Torse_parc_de_la_Torse_Aix-en-Provence_France.webp 960w\" sizes=\"auto, (max-width: 768px) 100vw, 768px\" \/><figcaption id=\"caption-attachment-5380\" class=\"wp-caption-text\">Promenade de la Torse<\/figcaption><\/figure>\n<p>La <span class=\"hover:entity-accent entity-underline inline cursor-pointer align-baseline\"><span class=\"whitespace-normal\">Promenade de la Torse<\/span><\/span> est un espace naturel situ\u00e9 \u00e0 l\u2019est de la ville, le long du ruisseau du m\u00eame nom. Cr\u00e9\u00e9e \u00e0 partir de 1984 lors de l\u2019am\u00e9nagement des quartiers environnants, elle s\u2019\u00e9tend aujourd\u2019hui sur pr\u00e8s de 8 hectares.<br data-start=\"324\" data-end=\"327\" \/><br data-start=\"428\" data-end=\"431\" \/>Le parcours suit le cours d\u2019eau et traverse plusieurs passerelles en bois, offrant une balade paisible et immersive. Un vaste plan d\u2019eau de 2 500 m\u00b2, peupl\u00e9 de poissons, canards et cygnes, ajoute au charme du site. Tr\u00e8s pris\u00e9e des joggeurs, elle est aussi id\u00e9ale pour les familles et les amateurs de nature en ville.<\/p>\n<h3>Parc jourdan<\/h3>\n<figure id=\"attachment_5381\" aria-describedby=\"caption-attachment-5381\" style=\"width: 1024px\" class=\"wp-caption aligncenter\"><img data-dominant-color=\"61744b\" data-has-transparency=\"false\" style=\"--dominant-color: #61744b;\" loading=\"lazy\" decoding=\"async\" class=\"size-full wp-image-5381 not-transparent\" src=\"https:\/\/www.parisenigmes.com\/blog\/wp-content\/uploads\/2026\/04\/Parc_Jourdan_i_april.webp\" alt=\"Parc jourdan\" width=\"1024\" height=\"684\" srcset=\"https:\/\/www.parisenigmes.com\/blog\/wp-content\/uploads\/2026\/04\/Parc_Jourdan_i_april.webp 1024w, https:\/\/www.parisenigmes.com\/blog\/wp-content\/uploads\/2026\/04\/Parc_Jourdan_i_april-300x200.webp 300w, https:\/\/www.parisenigmes.com\/blog\/wp-content\/uploads\/2026\/04\/Parc_Jourdan_i_april-768x513.webp 768w\" sizes=\"auto, (max-width: 1024px) 100vw, 1024px\" \/><figcaption id=\"caption-attachment-5381\" class=\"wp-caption-text\">Parc jourdan<\/figcaption><\/figure>\n<p>Le <span class=\"hover:entity-accent entity-underline inline cursor-pointer align-baseline\"><span class=\"whitespace-normal\">Parc Jourdan<\/span><\/span> est l\u2019un des espaces verts les plus embl\u00e9matiques de la ville. Situ\u00e9 au sud d\u2019Aix-en-Provence, il s\u2019\u00e9tend sur environ 4 hectares et offre plusieurs acc\u00e8s pratiques. Sa cr\u00e9ation remonte \u00e0 1926, mais il est officiellement am\u00e9nag\u00e9 et nomm\u00e9 en 1935.<\/p>\n<p>D\u00e8s l\u2019entr\u00e9e principale, une majestueuse all\u00e9e bord\u00e9e de tilleuls m\u00e8ne \u00e0 un \u00e9l\u00e9gant miroir d\u2019eau. Un impressionnant escalier d\u2019eau relie la partie basse \u00e0 la partie haute du parc. Sur les hauteurs, on d\u00e9couvre l\u2019Oustau de Prouv\u00e8n\u00e7o, une bastide du XVIIIe si\u00e8cle d\u00e9di\u00e9e \u00e0 la culture proven\u00e7ale.<\/p>\n<p>Le parc abrite \u00e9galement les bustes de <span class=\"hover:entity-accent entity-underline inline cursor-pointer align-baseline\"><span class=\"whitespace-normal\">Fr\u00e9d\u00e9ric Mistral<\/span><\/span> et <span class=\"hover:entity-accent entity-underline inline cursor-pointer align-baseline\"><span class=\"whitespace-normal\">\u00c9mile Zola<\/span><\/span>. Tr\u00e8s anim\u00e9 en \u00e9t\u00e9 avec de nombreux \u00e9v\u00e9nements, il reste accessible toute l\u2019ann\u00e9e avec des horaires adapt\u00e9s aux saisons.<\/p>\n<h2 id=\"section-4\" tabindex=\"-1\" data-start=\"1294\" data-end=\"1340\"><strong data-start=\"1300\" data-end=\"1340\">Gastronomie &amp; sp\u00e9cialit\u00e9s d&rsquo;Aix en provence<\/strong><\/h2>\n<h3 class=\"font-heading text-2xl md:text-3xl text-foreground mb-6\">Le calisson<\/h3>\n<figure id=\"attachment_5382\" aria-describedby=\"caption-attachment-5382\" style=\"width: 1024px\" class=\"wp-caption aligncenter\"><img data-dominant-color=\"cdb387\" data-has-transparency=\"false\" style=\"--dominant-color: #cdb387;\" loading=\"lazy\" decoding=\"async\" class=\"size-large wp-image-5382 not-transparent\" src=\"https:\/\/www.parisenigmes.com\/blog\/wp-content\/uploads\/2026\/04\/Calisson_fruidoraix-1024x683.webp\" alt=\"Le calisson\" width=\"1024\" height=\"683\" srcset=\"https:\/\/www.parisenigmes.com\/blog\/wp-content\/uploads\/2026\/04\/Calisson_fruidoraix-1024x683.webp 1024w, https:\/\/www.parisenigmes.com\/blog\/wp-content\/uploads\/2026\/04\/Calisson_fruidoraix-300x200.webp 300w, https:\/\/www.parisenigmes.com\/blog\/wp-content\/uploads\/2026\/04\/Calisson_fruidoraix-768x512.webp 768w, https:\/\/www.parisenigmes.com\/blog\/wp-content\/uploads\/2026\/04\/Calisson_fruidoraix.webp 1200w\" sizes=\"auto, (max-width: 1024px) 100vw, 1024px\" \/><figcaption id=\"caption-attachment-5382\" class=\"wp-caption-text\">Le calisson<\/figcaption><\/figure>\n<p data-start=\"160\" data-end=\"818\">Le calisson d\u2019Aix est une confiserie embl\u00e9matique de la Provence, originaire d\u2019Aix-en-Provence. Il est compos\u00e9 d\u2019un m\u00e9lange d\u2019amandes finement broy\u00e9es et de fruits confits, souvent du melon et de l\u2019orange. Sa texture moelleuse est recouverte d\u2019un gla\u00e7age royal pos\u00e9 sur une fine hostie.<\/p>\n<p data-start=\"160\" data-end=\"818\">Cette sp\u00e9cialit\u00e9 existe depuis plusieurs si\u00e8cles et serait li\u00e9e \u00e0 des traditions religieuses ou \u00e0 des l\u00e9gendes m\u00e9di\u00e9vales.<\/p>\n<h3 data-section-id=\"em6pwg\" data-start=\"825\" data-end=\"874\">La <span class=\"hover:entity-accent entity-underline inline cursor-pointer align-baseline\"><span class=\"whitespace-normal\">navette proven\u00e7ale<\/span><\/span><\/h3>\n<figure id=\"attachment_5383\" aria-describedby=\"caption-attachment-5383\" style=\"width: 722px\" class=\"wp-caption aligncenter\"><img data-dominant-color=\"68613e\" data-has-transparency=\"false\" style=\"--dominant-color: #68613e;\" loading=\"lazy\" decoding=\"async\" class=\"size-large wp-image-5383 not-transparent\" src=\"https:\/\/www.parisenigmes.com\/blog\/wp-content\/uploads\/2026\/04\/Navettes_des_Alpes_provencales-722x1024.webp\" alt=\"La navette proven\u00e7ale\" width=\"722\" height=\"1024\" srcset=\"https:\/\/www.parisenigmes.com\/blog\/wp-content\/uploads\/2026\/04\/Navettes_des_Alpes_provencales-722x1024.webp 722w, https:\/\/www.parisenigmes.com\/blog\/wp-content\/uploads\/2026\/04\/Navettes_des_Alpes_provencales-211x300.webp 211w, https:\/\/www.parisenigmes.com\/blog\/wp-content\/uploads\/2026\/04\/Navettes_des_Alpes_provencales-768x1090.webp 768w, https:\/\/www.parisenigmes.com\/blog\/wp-content\/uploads\/2026\/04\/Navettes_des_Alpes_provencales.webp 960w\" sizes=\"auto, (max-width: 722px) 100vw, 722px\" \/><figcaption id=\"caption-attachment-5383\" class=\"wp-caption-text\">La navette proven\u00e7ale<\/figcaption><\/figure>\n<p data-start=\"875\" data-end=\"1423\">La navette proven\u00e7ale est un biscuit traditionnel parfum\u00e9 \u00e0 la fleur d\u2019oranger. Elle est g\u00e9n\u00e9ralement pr\u00e9par\u00e9e \u00e0 base de farine, d\u2019huile d\u2019olive et parfois d\u2019amandes. Sa forme allong\u00e9e rappelle une petite barque, d\u2019o\u00f9 son nom de \u201cnavette\u201d. Elle est particuli\u00e8rement associ\u00e9e aux traditions locales, notamment en p\u00e9riode de f\u00eates religieuses. Croquante et l\u00e9g\u00e8rement sucr\u00e9e, elle se d\u00e9guste souvent au go\u00fbter ou avec un caf\u00e9.<\/p>\n<h3 data-section-id=\"ukfp08\" data-start=\"1430\" data-end=\"1480\">Les <span class=\"hover:entity-accent entity-underline inline cursor-pointer align-baseline\"><span class=\"whitespace-normal\">tomates \u00e0 la proven\u00e7ale<\/span><\/span><\/h3>\n<figure id=\"attachment_5384\" aria-describedby=\"caption-attachment-5384\" style=\"width: 1024px\" class=\"wp-caption aligncenter\"><img data-dominant-color=\"7c5c41\" data-has-transparency=\"false\" style=\"--dominant-color: #7c5c41;\" loading=\"lazy\" decoding=\"async\" class=\"size-large wp-image-5384 not-transparent\" src=\"https:\/\/www.parisenigmes.com\/blog\/wp-content\/uploads\/2026\/04\/Alpes-de-Haute-Provence_Produits_du_terroir-1024x768.webp\" alt=\"Produits du terroir d'Aix-en-Provence\" width=\"1024\" height=\"768\" srcset=\"https:\/\/www.parisenigmes.com\/blog\/wp-content\/uploads\/2026\/04\/Alpes-de-Haute-Provence_Produits_du_terroir-1024x768.webp 1024w, https:\/\/www.parisenigmes.com\/blog\/wp-content\/uploads\/2026\/04\/Alpes-de-Haute-Provence_Produits_du_terroir-300x225.webp 300w, https:\/\/www.parisenigmes.com\/blog\/wp-content\/uploads\/2026\/04\/Alpes-de-Haute-Provence_Produits_du_terroir-768x576.webp 768w, https:\/\/www.parisenigmes.com\/blog\/wp-content\/uploads\/2026\/04\/Alpes-de-Haute-Provence_Produits_du_terroir.webp 1280w\" sizes=\"auto, (max-width: 1024px) 100vw, 1024px\" \/><figcaption id=\"caption-attachment-5384\" class=\"wp-caption-text\">Produits du terroir d&rsquo;Aix-en-Provence<\/figcaption><\/figure>\n<p data-start=\"1481\" data-end=\"1962\">Les tomates \u00e0 la proven\u00e7ale sont un plat typique du sud de la France, simple et savoureux. Elles sont pr\u00e9par\u00e9es avec des tomates coup\u00e9es en deux, garnies d\u2019ail, de persil et de chapelure. L\u2019huile d\u2019olive, ingr\u00e9dient incontournable de la cuisine proven\u00e7ale, leur apporte une saveur m\u00e9diterran\u00e9enne.<\/p>\n<h3 data-section-id=\"1mrkocp\" data-start=\"81\" data-end=\"108\">La soupe au pistou<\/h3>\n<figure id=\"attachment_5385\" aria-describedby=\"caption-attachment-5385\" style=\"width: 1024px\" class=\"wp-caption aligncenter\"><img data-dominant-color=\"8e895a\" data-has-transparency=\"false\" style=\"--dominant-color: #8e895a;\" loading=\"lazy\" decoding=\"async\" class=\"size-full wp-image-5385 not-transparent\" src=\"https:\/\/www.parisenigmes.com\/blog\/wp-content\/uploads\/2026\/04\/La_soupe_au_pistou.webp\" alt=\"La soupe au pistou\" width=\"1024\" height=\"768\" srcset=\"https:\/\/www.parisenigmes.com\/blog\/wp-content\/uploads\/2026\/04\/La_soupe_au_pistou.webp 1024w, https:\/\/www.parisenigmes.com\/blog\/wp-content\/uploads\/2026\/04\/La_soupe_au_pistou-300x225.webp 300w, https:\/\/www.parisenigmes.com\/blog\/wp-content\/uploads\/2026\/04\/La_soupe_au_pistou-768x576.webp 768w\" sizes=\"auto, (max-width: 1024px) 100vw, 1024px\" \/><figcaption id=\"caption-attachment-5385\" class=\"wp-caption-text\">La soupe au pistou<\/figcaption><\/figure>\n<p data-start=\"109\" data-end=\"664\">La soupe au pistou est une sp\u00e9cialit\u00e9 embl\u00e9matique de la cuisine proven\u00e7ale, tr\u00e8s populaire en \u00e9t\u00e9. Elle se compose de l\u00e9gumes de saison comme les courgettes, les haricots verts, les tomates et les pommes de terre. Sa particularit\u00e9 r\u00e9side dans le pistou, une sauce \u00e0 base de basilic, d\u2019ail et d\u2019huile d\u2019olive, ajout\u00e9e en fin de cuisson.<\/p>\n<h3 data-section-id=\"1htuvvp\" data-start=\"671\" data-end=\"706\">Les vins d\u2019Aix-en-Provence<\/h3>\n<figure id=\"attachment_5386\" aria-describedby=\"caption-attachment-5386\" style=\"width: 1024px\" class=\"wp-caption aligncenter\"><img data-dominant-color=\"916f5a\" data-has-transparency=\"false\" style=\"--dominant-color: #916f5a;\" loading=\"lazy\" decoding=\"async\" class=\"size-large wp-image-5386 not-transparent\" src=\"https:\/\/www.parisenigmes.com\/blog\/wp-content\/uploads\/2026\/04\/Magnums_of_Provence_rose-1024x768.webp\" alt=\"Magnums de ros\u00e9 de Provence\" width=\"1024\" height=\"768\" srcset=\"https:\/\/www.parisenigmes.com\/blog\/wp-content\/uploads\/2026\/04\/Magnums_of_Provence_rose-1024x768.webp 1024w, https:\/\/www.parisenigmes.com\/blog\/wp-content\/uploads\/2026\/04\/Magnums_of_Provence_rose-300x225.webp 300w, https:\/\/www.parisenigmes.com\/blog\/wp-content\/uploads\/2026\/04\/Magnums_of_Provence_rose-768x576.webp 768w, https:\/\/www.parisenigmes.com\/blog\/wp-content\/uploads\/2026\/04\/Magnums_of_Provence_rose.webp 1280w\" sizes=\"auto, (max-width: 1024px) 100vw, 1024px\" \/><figcaption id=\"caption-attachment-5386\" class=\"wp-caption-text\">Magnums de ros\u00e9 de Provence<\/figcaption><\/figure>\n<p data-start=\"707\" data-end=\"1210\">Les vins d\u2019Aix-en-Provence sont produits sous l\u2019appellation <span class=\"hover:entity-accent entity-underline inline cursor-pointer align-baseline\"><span class=\"whitespace-normal\">Coteaux d\u2019Aix-en-Provence<\/span><\/span>, reconnue depuis 1985. Ce vignoble b\u00e9n\u00e9ficie d\u2019un climat m\u00e9diterran\u00e9en id\u00e9al, avec beaucoup de soleil et l\u2019influence du mistral. Les ros\u00e9s y sont particuli\u00e8rement r\u00e9put\u00e9s, frais, fruit\u00e9s et tr\u00e8s appr\u00e9ci\u00e9s en \u00e9t\u00e9. On y produit \u00e9galement des vins rouges structur\u00e9s et des blancs aromatiques.<\/p>\n<h2 id=\"section-5\" tabindex=\"-1\">Expeditions depuis Aix-en-Provence<\/h2>\n<h3>Les villages du Lub\u00e9rons<\/h3>\n<figure id=\"attachment_5387\" aria-describedby=\"caption-attachment-5387\" style=\"width: 1024px\" class=\"wp-caption aligncenter\"><img data-dominant-color=\"6c716c\" data-has-transparency=\"false\" style=\"--dominant-color: #6c716c;\" loading=\"lazy\" decoding=\"async\" class=\"size-large wp-image-5387 not-transparent\" src=\"https:\/\/www.parisenigmes.com\/blog\/wp-content\/uploads\/2026\/04\/Gordes_Provence_France_6053004916-1024x650.webp\" alt=\"Gordes\" width=\"1024\" height=\"650\" srcset=\"https:\/\/www.parisenigmes.com\/blog\/wp-content\/uploads\/2026\/04\/Gordes_Provence_France_6053004916-1024x650.webp 1024w, https:\/\/www.parisenigmes.com\/blog\/wp-content\/uploads\/2026\/04\/Gordes_Provence_France_6053004916-300x190.webp 300w, https:\/\/www.parisenigmes.com\/blog\/wp-content\/uploads\/2026\/04\/Gordes_Provence_France_6053004916-768x487.webp 768w, https:\/\/www.parisenigmes.com\/blog\/wp-content\/uploads\/2026\/04\/Gordes_Provence_France_6053004916.webp 1280w\" sizes=\"auto, (max-width: 1024px) 100vw, 1024px\" \/><figcaption id=\"caption-attachment-5387\" class=\"wp-caption-text\">Gordes<\/figcaption><\/figure>\n<p>Cette r\u00e9gion s\u00e9duit par ses paysages de collines, de vignes et de champs de lavande typiquement proven\u00e7aux. Parmi les plus c\u00e9l\u00e8bres, <span class=\"hover:entity-accent entity-underline inline cursor-pointer align-baseline\"><span class=\"whitespace-normal\">Gordes<\/span><\/span> impressionne par son architecture perch\u00e9e et ses vues panoramiques. Le village de <span class=\"hover:entity-accent entity-underline inline cursor-pointer align-baseline\"><span class=\"whitespace-normal\">Roussillon<\/span><\/span> est quant \u00e0 lui r\u00e9put\u00e9 pour ses falaises et ses maisons aux teintes ocre. <span class=\"hover:entity-accent entity-underline inline cursor-pointer align-baseline\"><span class=\"whitespace-normal\">Lourmarin<\/span><\/span> charme les visiteurs avec ses ruelles anim\u00e9es et son ch\u00e2teau Renaissance.<\/p>\n<p>es villages offrent une immersion authentique dans l\u2019art de vivre proven\u00e7al. Entre march\u00e9s locaux, artisanat et gastronomie, chaque \u00e9tape r\u00e9serve de belles d\u00e9couvertes.<\/p>\n<h3>Arles<\/h3>\n<figure id=\"attachment_5388\" aria-describedby=\"caption-attachment-5388\" style=\"width: 1024px\" class=\"wp-caption aligncenter\"><img data-dominant-color=\"7d8386\" data-has-transparency=\"false\" style=\"--dominant-color: #7d8386;\" loading=\"lazy\" decoding=\"async\" class=\"size-large wp-image-5388 not-transparent\" src=\"https:\/\/www.parisenigmes.com\/blog\/wp-content\/uploads\/2026\/04\/FranceArlesArenes_07-2010-2-1024x661.webp\" alt=\"Les ar\u00e8nes d'Arles\" width=\"1024\" height=\"661\" srcset=\"https:\/\/www.parisenigmes.com\/blog\/wp-content\/uploads\/2026\/04\/FranceArlesArenes_07-2010-2-1024x661.webp 1024w, https:\/\/www.parisenigmes.com\/blog\/wp-content\/uploads\/2026\/04\/FranceArlesArenes_07-2010-2-300x194.webp 300w, https:\/\/www.parisenigmes.com\/blog\/wp-content\/uploads\/2026\/04\/FranceArlesArenes_07-2010-2-768x496.webp 768w, https:\/\/www.parisenigmes.com\/blog\/wp-content\/uploads\/2026\/04\/FranceArlesArenes_07-2010-2.webp 1280w\" sizes=\"auto, (max-width: 1024px) 100vw, 1024px\" \/><figcaption id=\"caption-attachment-5388\" class=\"wp-caption-text\">Les ar\u00e8nes d&rsquo;Arles<\/figcaption><\/figure>\n<p>Ancienne cit\u00e9 romaine, la ville abrite des monuments remarquables comme les <span class=\"hover:entity-accent entity-underline inline cursor-pointer align-baseline\"><span class=\"whitespace-normal\">Ar\u00e8nes d&rsquo;Arles<\/span><\/span> et le <span class=\"hover:entity-accent entity-underline inline cursor-pointer align-baseline\"><span class=\"whitespace-normal\">Th\u00e9\u00e2tre antique d&rsquo;Arles<\/span><\/span>. Ces vestiges t\u00e9moignent de l\u2019importance d\u2019Arles \u00e0 l\u2019\u00e9poque de l\u2019Empire romain.<\/p>\n<p>La ville est \u00e9galement c\u00e9l\u00e8bre pour avoir inspir\u00e9 le peintre <span class=\"hover:entity-accent entity-underline inline cursor-pointer align-baseline\"><span class=\"whitespace-normal\">Vincent van Gogh<\/span><\/span> lors de son s\u00e9jour en Provence. Ses ruelles pittoresques et ses fa\u00e7ades color\u00e9es rappellent les paysages qu\u2019il a immortalis\u00e9s.<\/p>\n<p>Arles est aussi connue pour ses traditions, notamment la culture camarguaise et ses f\u00eates populaires. Chaque ann\u00e9e, elle accueille des \u00e9v\u00e9nements culturels majeurs comme les <span class=\"hover:entity-accent entity-underline inline cursor-pointer align-baseline\"><span class=\"whitespace-normal\">Rencontres d&rsquo;Arles<\/span><\/span>.<\/p>\n<h3>Avignon<\/h3>\n<figure id=\"attachment_5390\" aria-describedby=\"caption-attachment-5390\" style=\"width: 1024px\" class=\"wp-caption aligncenter\"><img data-dominant-color=\"636e62\" data-has-transparency=\"false\" style=\"--dominant-color: #636e62;\" loading=\"lazy\" decoding=\"async\" class=\"size-large wp-image-5390 not-transparent\" src=\"https:\/\/www.parisenigmes.com\/blog\/wp-content\/uploads\/2026\/04\/Vue_aerienne_2_JP_Campomar-3-1024x667.webp\" alt=\"Vue a\u00e9rienne d'Avignon\" width=\"1024\" height=\"667\" srcset=\"https:\/\/www.parisenigmes.com\/blog\/wp-content\/uploads\/2026\/04\/Vue_aerienne_2_JP_Campomar-3-1024x667.webp 1024w, https:\/\/www.parisenigmes.com\/blog\/wp-content\/uploads\/2026\/04\/Vue_aerienne_2_JP_Campomar-3-300x195.webp 300w, https:\/\/www.parisenigmes.com\/blog\/wp-content\/uploads\/2026\/04\/Vue_aerienne_2_JP_Campomar-3-768x500.webp 768w, https:\/\/www.parisenigmes.com\/blog\/wp-content\/uploads\/2026\/04\/Vue_aerienne_2_JP_Campomar-3.webp 1280w\" sizes=\"auto, (max-width: 1024px) 100vw, 1024px\" \/><figcaption id=\"caption-attachment-5390\" class=\"wp-caption-text\">Vue a\u00e9rienne d&rsquo;Avignon<\/figcaption><\/figure>\n<p>Ancienne cit\u00e9 des papes au XIVe si\u00e8cle, elle est domin\u00e9e par le c\u00e9l\u00e8bre <span class=\"hover:entity-accent entity-underline inline cursor-pointer align-baseline\"><span class=\"whitespace-normal\">Palais des Papes<\/span><\/span>, l\u2019un des plus grands \u00e9difices gothiques d\u2019Europe. Le <span class=\"hover:entity-accent entity-underline inline cursor-pointer align-baseline\"><span class=\"whitespace-normal\">Pont Saint-B\u00e9n\u00e9zet<\/span><\/span>, plus connu sous le nom de pont d\u2019Avignon, fait \u00e9galement partie des incontournables.<\/p>\n<p>Le centre historique, class\u00e9 au patrimoine mondial de l\u2019UNESCO, invite \u00e0 fl\u00e2ner dans ses ruelles pleines de charme.<\/p>\n<p>Avignon est aussi une ville culturelle dynamique, notamment gr\u00e2ce au c\u00e9l\u00e8bre <span class=\"hover:entity-accent entity-underline inline cursor-pointer align-baseline\"><span class=\"whitespace-normal\">Festival d\u2019Avignon<\/span><\/span>. Chaque \u00e9t\u00e9, ce festival transforme la ville en une immense sc\u00e8ne artistique. Les places anim\u00e9es, les march\u00e9s et les terrasses contribuent \u00e0 son atmosph\u00e8re conviviale.<\/p>\n<h3>Marseille<\/h3>\n<figure id=\"attachment_5391\" aria-describedby=\"caption-attachment-5391\" style=\"width: 1024px\" class=\"wp-caption aligncenter\"><img data-dominant-color=\"8f9a9d\" data-has-transparency=\"false\" style=\"--dominant-color: #8f9a9d;\" loading=\"lazy\" decoding=\"async\" class=\"size-large wp-image-5391 not-transparent\" src=\"https:\/\/www.parisenigmes.com\/blog\/wp-content\/uploads\/2026\/04\/Marseille_France_view_on_the_city_and_the_ports-1024x680.webp\" alt=\"Vue a\u00e9rienne de Marseille\" width=\"1024\" height=\"680\" srcset=\"https:\/\/www.parisenigmes.com\/blog\/wp-content\/uploads\/2026\/04\/Marseille_France_view_on_the_city_and_the_ports-1024x680.webp 1024w, https:\/\/www.parisenigmes.com\/blog\/wp-content\/uploads\/2026\/04\/Marseille_France_view_on_the_city_and_the_ports-300x199.webp 300w, https:\/\/www.parisenigmes.com\/blog\/wp-content\/uploads\/2026\/04\/Marseille_France_view_on_the_city_and_the_ports-768x510.webp 768w, https:\/\/www.parisenigmes.com\/blog\/wp-content\/uploads\/2026\/04\/Marseille_France_view_on_the_city_and_the_ports.webp 1280w\" sizes=\"auto, (max-width: 1024px) 100vw, 1024px\" \/><figcaption id=\"caption-attachment-5391\" class=\"wp-caption-text\">Vue a\u00e9rienne de Marseille<\/figcaption><\/figure>\n<div class=\"relative basis-auto flex-col -mb-(--composer-overlap-px) pb-(--composer-overlap-px) [--composer-overlap-px:28px] grow flex\">\n<div class=\"flex flex-col text-sm\">\n<section class=\"text-token-text-primary w-full focus:outline-none [--shadow-height:45px] has-data-writing-block:pointer-events-none has-data-writing-block:-mt-(--shadow-height) has-data-writing-block:pt-(--shadow-height) [&amp;:has([data-writing-block])&gt;*]:pointer-events-auto [content-visibility:auto] supports-[content-visibility:auto]:[contain-intrinsic-size:auto_100lvh] R6Vx5W_threadScrollVars scroll-mb-[calc(var(--scroll-root-safe-area-inset-bottom,0px)+var(--thread-response-height))] scroll-mt-[calc(var(--header-height)+min(200px,max(70px,20svh)))]\" dir=\"auto\" data-turn-id=\"request-WEB:32b905c8-cdd8-4c16-8864-6e4585a08f3f-9\" data-testid=\"conversation-turn-20\" data-scroll-anchor=\"false\" data-turn=\"assistant\">\n<div class=\"text-base my-auto mx-auto pb-10 [--thread-content-margin:var(--thread-content-margin-xs,calc(var(--spacing)*4))] @w-sm\/main:[--thread-content-margin:var(--thread-content-margin-sm,calc(var(--spacing)*6))] @w-lg\/main:[--thread-content-margin:var(--thread-content-margin-lg,calc(var(--spacing)*16))] px-(--thread-content-margin)\">\n<div class=\"[--thread-content-max-width:40rem] @w-lg\/main:[--thread-content-max-width:48rem] mx-auto max-w-(--thread-content-max-width) flex-1 group\/turn-messages focus-visible:outline-hidden relative flex w-full min-w-0 flex-col agent-turn\">\n<div class=\"flex max-w-full flex-col gap-4 grow\">\n<div class=\"min-h-8 text-message relative flex w-full flex-col items-end gap-2 text-start break-words whitespace-normal outline-none keyboard-focused:focus-ring [.text-message+&amp;]:mt-1\" dir=\"auto\" tabindex=\"0\" data-message-author-role=\"assistant\" data-message-id=\"4caefc75-6f70-4272-9003-b6bd04a225ca\" data-message-model-slug=\"gpt-5-3\" data-turn-start-message=\"true\">\n<div class=\"flex w-full flex-col gap-1 empty:hidden\">\n<div class=\"markdown prose dark:prose-invert w-full wrap-break-word light markdown-new-styling\">\n<p data-start=\"0\" data-end=\"1058\" data-is-last-node=\"\" data-is-only-node=\"\">Plus ancienne ville de France, elle poss\u00e8de un patrimoine riche et une identit\u00e9 m\u00e9diterran\u00e9enne unique. Le <span class=\"hover:entity-accent entity-underline inline cursor-pointer align-baseline\"><span class=\"whitespace-normal\">Vieux-Port de Marseille<\/span><\/span> constitue le c\u0153ur vivant de la cit\u00e9, anim\u00e9 par ses terrasses et ses march\u00e9s. La <span class=\"hover:entity-accent entity-underline inline cursor-pointer align-baseline\"><span class=\"whitespace-normal\">Basilique Notre-Dame-de-la-Garde<\/span><\/span> offre un panorama spectaculaire sur toute la ville et la mer.<\/p>\n<p data-start=\"0\" data-end=\"1058\" data-is-last-node=\"\" data-is-only-node=\"\">Les amateurs de nature appr\u00e9cieront une escapade dans le <span class=\"hover:entity-accent entity-underline inline cursor-pointer align-baseline\"><span class=\"whitespace-normal\">Parc national des Calanques<\/span><\/span>, aux paysages sauvages et pr\u00e9serv\u00e9s. Marseille s\u00e9duit aussi par ses quartiers typiques comme le Panier, aux ruelles color\u00e9es et pleines de charme. Ville cosmopolite, elle refl\u00e8te un m\u00e9lange de cultures qui se retrouve dans sa gastronomie et son ambiance.<\/p>\n<p data-start=\"0\" data-end=\"1058\" data-is-last-node=\"\" data-is-only-node=\"\">La c\u00e9l\u00e8bre bouillabaisse y est une sp\u00e9cialit\u00e9 incontournable pour les amateurs de cuisine locale.<\/p>\n<\/div>\n<\/div>\n<\/div>\n<\/div>\n<\/div>\n<\/div>\n<\/section>\n<\/div>\n<\/div>\n<\/div>\n<\/div>\n<\/div>\n<\/div>\n<\/div>\n<\/div>\n<\/div>\n<h2 data-start=\"0\" data-end=\"1058\">Conclusion<\/h2>\n<div class=\"ATCbm\">\n<div class=\"XfVdV o AIbhI\">\n<div class=\"ATCbm\">\n<div>\n<div class=\"ATCbm\">\n<div>\n<div class=\"ATCbm\">\n<p data-start=\"41\" data-end=\"336\">Visiter <span class=\"hover:entity-accent entity-underline inline cursor-pointer align-baseline\"><span class=\"whitespace-normal\">Aix-en-Provence<\/span><\/span>, c\u2019est d\u00e9couvrir une ville d\u2019art, d\u2019histoire et de lumi\u00e8re au c\u0153ur de la Provence. Son patrimoine exceptionnel, entre cath\u00e9drales, h\u00f4tels particuliers, fontaines et places embl\u00e9matiques, t\u00e9moigne de plusieurs si\u00e8cles d\u2019histoire riche et pr\u00e9serv\u00e9e.<\/p>\n<p data-start=\"338\" data-end=\"538\">La ville s\u00e9duit aussi par ses mus\u00e9es incontournables comme le Mus\u00e9e Granet ou l\u2019H\u00f4tel de Caumont, qui mettent en valeur l\u2019h\u00e9ritage artistique de la r\u00e9gion et l\u2019\u0153uvre de grands ma\u00eetres comme C\u00e9zanne.<\/p>\n<p data-start=\"540\" data-end=\"717\">Ses parcs, jardins et espaces naturels offrent une v\u00e9ritable parenth\u00e8se de calme, entre le Parc Jourdan, la Promenade de la Torse ou encore les paysages de la Sainte-Victoire.<\/p>\n<p data-start=\"719\" data-end=\"904\">Aix-en-Provence est \u00e9galement une destination gourmande, o\u00f9 l\u2019on retrouve des sp\u00e9cialit\u00e9s embl\u00e9matiques comme le calisson, les navettes ou encore la cuisine proven\u00e7ale traditionnelle.<\/p>\n<p data-start=\"906\" data-end=\"1088\">Enfin, sa position id\u00e9ale permet de partir facilement en excursion vers Marseille, Avignon, Arles ou encore les villages du Luberon, pour explorer toute la richesse de la Provence.<\/p>\n<p data-start=\"1090\" data-end=\"1232\" data-is-last-node=\"\" data-is-only-node=\"\">Aix-en-Provence est ainsi une destination compl\u00e8te, parfaite pour un s\u00e9jour m\u00ealant culture, nature, gastronomie et art de vivre m\u00e9diterran\u00e9en.<\/p>\n<\/div>\n<\/div>\n<\/div>\n<\/div>\n<\/div>\n<\/div>\n<\/div>\n","protected":false},"excerpt":{"rendered":"<p>Visiter Aix-en-Provence, c\u2019est d\u00e9couvrir l\u2019une des plus belles villes de Provence, o\u00f9 patrimoine, culture et art de vivre se rencontrent&#8230;.<\/p>\n","protected":false},"author":1,"featured_media":5392,"comment_status":"closed","ping_status":"closed","sticky":false,"template":"","format":"standard","meta":{"_kad_post_transparent":"default","_kad_post_title":"default","_kad_post_layout":"default","_kad_post_sidebar_id":"","_kad_post_content_style":"default","_kad_post_vertical_padding":"default","_kad_post_feature":"","_kad_post_feature_position":"","_kad_post_header":false,"_kad_post_footer":false,"footnotes":""},"categories":[5],"tags":[],"class_list":["post-5356","post","type-post","status-publish","format-standard","has-post-thumbnail","hentry","category-france-fr"],"yoast_head":"<!-- This site is optimized with the Yoast SEO plugin v26.2 - https:\/\/yoast.com\/wordpress\/plugins\/seo\/ -->\n<title>Visiter Aix-en-Provence : 30 incontournables \u00e0 faire et voir - Paris Enigmes - Blog<\/title>\n<meta name=\"description\" content=\"Visiter Aix-en-Provence, ville d\u2019art et d\u2019histoire, et d\u00e9couvrez ses monuments, mus\u00e9es, fontaines, parcs, gastronomie et excursions\" \/>\n<meta name=\"robots\" content=\"index, follow, max-snippet:-1, max-image-preview:large, max-video-preview:-1\" \/>\n<link rel=\"canonical\" href=\"https:\/\/www.parisenigmes.com\/blog\/visiter-aix-en-provence\/\" \/>\n<meta property=\"og:locale\" content=\"fr_FR\" \/>\n<meta property=\"og:type\" content=\"article\" \/>\n<meta property=\"og:title\" content=\"Visiter Aix-en-Provence : 30 incontournables \u00e0 faire et voir\" \/>\n<meta property=\"og:description\" content=\"Visiter Aix-en-Provence, ville d\u2019art et d\u2019histoire, et d\u00e9couvrez ses monuments, mus\u00e9es, fontaines, parcs, gastronomie et excursions\" \/>\n<meta property=\"og:url\" content=\"https:\/\/www.parisenigmes.com\/blog\/visiter-aix-en-provence\/\" \/>\n<meta property=\"og:site_name\" content=\"Paris Enigmes - Blog\" \/>\n<meta property=\"article:publisher\" content=\"https:\/\/www.facebook.com\/ParisEnigmes\/\" \/>\n<meta property=\"article:published_time\" content=\"2026-04-25T21:02:20+00:00\" \/>\n<meta property=\"article:modified_time\" content=\"2026-04-26T06:42:52+00:00\" \/>\n<meta property=\"og:image\" content=\"https:\/\/www.parisenigmes.com\/blog\/wp-content\/uploads\/2026\/04\/place_de_la_mairie_aix.webp\" \/>\n\t<meta property=\"og:image:width\" content=\"1200\" \/>\n\t<meta property=\"og:image:height\" content=\"627\" \/>\n\t<meta property=\"og:image:type\" content=\"image\/jpeg\" \/>\n<meta name=\"author\" content=\"parisenigmes\" \/>\n<meta name=\"twitter:card\" content=\"summary_large_image\" \/>\n<meta name=\"twitter:title\" content=\"Visiter Aix-en-Provence : 30 incontournables \u00e0 faire et voir\" \/>\n<meta name=\"twitter:description\" content=\"Visiter Aix-en-Provence, ville d\u2019art et d\u2019histoire, et d\u00e9couvrez ses monuments, mus\u00e9es, fontaines, parcs, gastronomie et excursions\" \/>\n<meta name=\"twitter:image\" content=\"https:\/\/www.parisenigmes.com\/blog\/wp-content\/uploads\/2026\/04\/place_de_la_mairie_aix.webp\" \/>\n<meta name=\"twitter:label1\" content=\"Written by\" \/>\n\t<meta name=\"twitter:data1\" content=\"parisenigmes\" \/>\n\t<meta name=\"twitter:label2\" content=\"Est. reading time\" \/>\n\t<meta name=\"twitter:data2\" content=\"28 minutes\" \/>\n<script type=\"application\/ld+json\" class=\"yoast-schema-graph\">{\"@context\":\"https:\/\/schema.org\",\"@graph\":[{\"@type\":\"Article\",\"@id\":\"https:\/\/www.parisenigmes.com\/blog\/visiter-aix-en-provence\/#article\",\"isPartOf\":{\"@id\":\"https:\/\/www.parisenigmes.com\/blog\/visiter-aix-en-provence\/\"},\"author\":{\"name\":\"parisenigmes\",\"@id\":\"https:\/\/www.parisenigmes.com\/blog\/#\/schema\/person\/2e217698c5034e9884190e3c9c806c22\"},\"headline\":\"Visiter Aix-en-Provence : 30 incontournables \u00e0 faire et voir\",\"datePublished\":\"2026-04-25T21:02:20+00:00\",\"dateModified\":\"2026-04-26T06:42:52+00:00\",\"mainEntityOfPage\":{\"@id\":\"https:\/\/www.parisenigmes.com\/blog\/visiter-aix-en-provence\/\"},\"wordCount\":4903,\"publisher\":{\"@id\":\"https:\/\/www.parisenigmes.com\/blog\/#organization\"},\"image\":{\"@id\":\"https:\/\/www.parisenigmes.com\/blog\/visiter-aix-en-provence\/#primaryimage\"},\"thumbnailUrl\":\"https:\/\/www.parisenigmes.com\/blog\/wp-content\/uploads\/2026\/04\/place_de_la_mairie_aix.webp\",\"articleSection\":[\"France\"],\"inLanguage\":\"fr-FR\"},{\"@type\":\"WebPage\",\"@id\":\"https:\/\/www.parisenigmes.com\/blog\/visiter-aix-en-provence\/\",\"url\":\"https:\/\/www.parisenigmes.com\/blog\/visiter-aix-en-provence\/\",\"name\":\"Visiter Aix-en-Provence : 30 incontournables \u00e0 faire et voir - Paris Enigmes - Blog\",\"isPartOf\":{\"@id\":\"https:\/\/www.parisenigmes.com\/blog\/#website\"},\"primaryImageOfPage\":{\"@id\":\"https:\/\/www.parisenigmes.com\/blog\/visiter-aix-en-provence\/#primaryimage\"},\"image\":{\"@id\":\"https:\/\/www.parisenigmes.com\/blog\/visiter-aix-en-provence\/#primaryimage\"},\"thumbnailUrl\":\"https:\/\/www.parisenigmes.com\/blog\/wp-content\/uploads\/2026\/04\/place_de_la_mairie_aix.webp\",\"datePublished\":\"2026-04-25T21:02:20+00:00\",\"dateModified\":\"2026-04-26T06:42:52+00:00\",\"description\":\"Visiter Aix-en-Provence, ville d\u2019art et d\u2019histoire, et d\u00e9couvrez ses monuments, mus\u00e9es, fontaines, parcs, gastronomie et excursions\",\"breadcrumb\":{\"@id\":\"https:\/\/www.parisenigmes.com\/blog\/visiter-aix-en-provence\/#breadcrumb\"},\"inLanguage\":\"fr-FR\",\"potentialAction\":[{\"@type\":\"ReadAction\",\"target\":[\"https:\/\/www.parisenigmes.com\/blog\/visiter-aix-en-provence\/\"]}]},{\"@type\":\"ImageObject\",\"inLanguage\":\"fr-FR\",\"@id\":\"https:\/\/www.parisenigmes.com\/blog\/visiter-aix-en-provence\/#primaryimage\",\"url\":\"https:\/\/www.parisenigmes.com\/blog\/wp-content\/uploads\/2026\/04\/place_de_la_mairie_aix.webp\",\"contentUrl\":\"https:\/\/www.parisenigmes.com\/blog\/wp-content\/uploads\/2026\/04\/place_de_la_mairie_aix.webp\",\"width\":1200,\"height\":627,\"caption\":\"Place de la mairie d'Aix-en-Provence\"},{\"@type\":\"BreadcrumbList\",\"@id\":\"https:\/\/www.parisenigmes.com\/blog\/visiter-aix-en-provence\/#breadcrumb\",\"itemListElement\":[{\"@type\":\"ListItem\",\"position\":1,\"name\":\"Home\",\"item\":\"https:\/\/www.parisenigmes.com\/blog\/\"},{\"@type\":\"ListItem\",\"position\":2,\"name\":\"Visiter Aix-en-Provence : 30 incontournables \u00e0 faire et voir\"}]},{\"@type\":\"WebSite\",\"@id\":\"https:\/\/www.parisenigmes.com\/blog\/#website\",\"url\":\"https:\/\/www.parisenigmes.com\/blog\/\",\"name\":\"Paris Enigmes - Blog\",\"description\":\"\",\"publisher\":{\"@id\":\"https:\/\/www.parisenigmes.com\/blog\/#organization\"},\"potentialAction\":[{\"@type\":\"SearchAction\",\"target\":{\"@type\":\"EntryPoint\",\"urlTemplate\":\"https:\/\/www.parisenigmes.com\/blog\/?s={search_term_string}\"},\"query-input\":{\"@type\":\"PropertyValueSpecification\",\"valueRequired\":true,\"valueName\":\"search_term_string\"}}],\"inLanguage\":\"fr-FR\"},{\"@type\":\"Organization\",\"@id\":\"https:\/\/www.parisenigmes.com\/blog\/#organization\",\"name\":\"Paris Enigmes - Blog\",\"url\":\"https:\/\/www.parisenigmes.com\/blog\/\",\"logo\":{\"@type\":\"ImageObject\",\"inLanguage\":\"fr-FR\",\"@id\":\"https:\/\/www.parisenigmes.com\/blog\/#\/schema\/logo\/image\/\",\"url\":\"https:\/\/www.parisenigmes.com\/blog\/wp-content\/uploads\/2025\/08\/ic_launcher.png\",\"contentUrl\":\"https:\/\/www.parisenigmes.com\/blog\/wp-content\/uploads\/2025\/08\/ic_launcher.png\",\"width\":1080,\"height\":1080,\"caption\":\"Paris Enigmes - Blog\"},\"image\":{\"@id\":\"https:\/\/www.parisenigmes.com\/blog\/#\/schema\/logo\/image\/\"},\"sameAs\":[\"https:\/\/www.facebook.com\/ParisEnigmes\/\",\"https:\/\/www.instagram.com\/parisenigmes\/\"]},{\"@type\":\"Person\",\"@id\":\"https:\/\/www.parisenigmes.com\/blog\/#\/schema\/person\/2e217698c5034e9884190e3c9c806c22\",\"name\":\"parisenigmes\",\"image\":{\"@type\":\"ImageObject\",\"inLanguage\":\"fr-FR\",\"@id\":\"https:\/\/www.parisenigmes.com\/blog\/#\/schema\/person\/image\/\",\"url\":\"https:\/\/secure.gravatar.com\/avatar\/c462456799ea25a5b7e4a315895b6249adf94c7d85c70bcb626bb5d99e5b7a4d?s=96&d=mm&r=g\",\"contentUrl\":\"https:\/\/secure.gravatar.com\/avatar\/c462456799ea25a5b7e4a315895b6249adf94c7d85c70bcb626bb5d99e5b7a4d?s=96&d=mm&r=g\",\"caption\":\"parisenigmes\"},\"sameAs\":[\"https:\/\/www.parisenigmes.com\/ressources\/wordpress\"],\"url\":\"https:\/\/www.parisenigmes.com\/blog\/author\/parisenigmes\/\"}]}<\/script>\n<!-- \/ Yoast SEO plugin. -->","yoast_head_json":{"title":"Visiter Aix-en-Provence : 30 incontournables \u00e0 faire et voir - Paris Enigmes - Blog","description":"Visiter Aix-en-Provence, ville d\u2019art et d\u2019histoire, et d\u00e9couvrez ses monuments, mus\u00e9es, fontaines, parcs, gastronomie et excursions","robots":{"index":"index","follow":"follow","max-snippet":"max-snippet:-1","max-image-preview":"max-image-preview:large","max-video-preview":"max-video-preview:-1"},"canonical":"https:\/\/www.parisenigmes.com\/blog\/visiter-aix-en-provence\/","og_locale":"fr_FR","og_type":"article","og_title":"Visiter Aix-en-Provence : 30 incontournables \u00e0 faire et voir","og_description":"Visiter Aix-en-Provence, ville d\u2019art et d\u2019histoire, et d\u00e9couvrez ses monuments, mus\u00e9es, fontaines, parcs, gastronomie et excursions","og_url":"https:\/\/www.parisenigmes.com\/blog\/visiter-aix-en-provence\/","og_site_name":"Paris Enigmes - Blog","article_publisher":"https:\/\/www.facebook.com\/ParisEnigmes\/","article_published_time":"2026-04-25T21:02:20+00:00","article_modified_time":"2026-04-26T06:42:52+00:00","og_image":[{"width":1200,"height":627,"url":"https:\/\/www.parisenigmes.com\/blog\/wp-content\/uploads\/2026\/04\/place_de_la_mairie_aix.webp","type":"image\/jpeg"}],"author":"parisenigmes","twitter_card":"summary_large_image","twitter_title":"Visiter Aix-en-Provence : 30 incontournables \u00e0 faire et voir","twitter_description":"Visiter Aix-en-Provence, ville d\u2019art et d\u2019histoire, et d\u00e9couvrez ses monuments, mus\u00e9es, fontaines, parcs, gastronomie et excursions","twitter_image":"https:\/\/www.parisenigmes.com\/blog\/wp-content\/uploads\/2026\/04\/place_de_la_mairie_aix.webp","twitter_misc":{"Written by":"parisenigmes","Est. reading time":"28 minutes"},"schema":{"@context":"https:\/\/schema.org","@graph":[{"@type":"Article","@id":"https:\/\/www.parisenigmes.com\/blog\/visiter-aix-en-provence\/#article","isPartOf":{"@id":"https:\/\/www.parisenigmes.com\/blog\/visiter-aix-en-provence\/"},"author":{"name":"parisenigmes","@id":"https:\/\/www.parisenigmes.com\/blog\/#\/schema\/person\/2e217698c5034e9884190e3c9c806c22"},"headline":"Visiter Aix-en-Provence : 30 incontournables \u00e0 faire et voir","datePublished":"2026-04-25T21:02:20+00:00","dateModified":"2026-04-26T06:42:52+00:00","mainEntityOfPage":{"@id":"https:\/\/www.parisenigmes.com\/blog\/visiter-aix-en-provence\/"},"wordCount":4903,"publisher":{"@id":"https:\/\/www.parisenigmes.com\/blog\/#organization"},"image":{"@id":"https:\/\/www.parisenigmes.com\/blog\/visiter-aix-en-provence\/#primaryimage"},"thumbnailUrl":"https:\/\/www.parisenigmes.com\/blog\/wp-content\/uploads\/2026\/04\/place_de_la_mairie_aix.webp","articleSection":["France"],"inLanguage":"fr-FR"},{"@type":"WebPage","@id":"https:\/\/www.parisenigmes.com\/blog\/visiter-aix-en-provence\/","url":"https:\/\/www.parisenigmes.com\/blog\/visiter-aix-en-provence\/","name":"Visiter Aix-en-Provence : 30 incontournables \u00e0 faire et voir - Paris Enigmes - Blog","isPartOf":{"@id":"https:\/\/www.parisenigmes.com\/blog\/#website"},"primaryImageOfPage":{"@id":"https:\/\/www.parisenigmes.com\/blog\/visiter-aix-en-provence\/#primaryimage"},"image":{"@id":"https:\/\/www.parisenigmes.com\/blog\/visiter-aix-en-provence\/#primaryimage"},"thumbnailUrl":"https:\/\/www.parisenigmes.com\/blog\/wp-content\/uploads\/2026\/04\/place_de_la_mairie_aix.webp","datePublished":"2026-04-25T21:02:20+00:00","dateModified":"2026-04-26T06:42:52+00:00","description":"Visiter Aix-en-Provence, ville d\u2019art et d\u2019histoire, et d\u00e9couvrez ses monuments, mus\u00e9es, fontaines, parcs, gastronomie et excursions","breadcrumb":{"@id":"https:\/\/www.parisenigmes.com\/blog\/visiter-aix-en-provence\/#breadcrumb"},"inLanguage":"fr-FR","potentialAction":[{"@type":"ReadAction","target":["https:\/\/www.parisenigmes.com\/blog\/visiter-aix-en-provence\/"]}]},{"@type":"ImageObject","inLanguage":"fr-FR","@id":"https:\/\/www.parisenigmes.com\/blog\/visiter-aix-en-provence\/#primaryimage","url":"https:\/\/www.parisenigmes.com\/blog\/wp-content\/uploads\/2026\/04\/place_de_la_mairie_aix.webp","contentUrl":"https:\/\/www.parisenigmes.com\/blog\/wp-content\/uploads\/2026\/04\/place_de_la_mairie_aix.webp","width":1200,"height":627,"caption":"Place de la mairie d'Aix-en-Provence"},{"@type":"BreadcrumbList","@id":"https:\/\/www.parisenigmes.com\/blog\/visiter-aix-en-provence\/#breadcrumb","itemListElement":[{"@type":"ListItem","position":1,"name":"Home","item":"https:\/\/www.parisenigmes.com\/blog\/"},{"@type":"ListItem","position":2,"name":"Visiter Aix-en-Provence : 30 incontournables \u00e0 faire et voir"}]},{"@type":"WebSite","@id":"https:\/\/www.parisenigmes.com\/blog\/#website","url":"https:\/\/www.parisenigmes.com\/blog\/","name":"Paris Enigmes - Blog","description":"","publisher":{"@id":"https:\/\/www.parisenigmes.com\/blog\/#organization"},"potentialAction":[{"@type":"SearchAction","target":{"@type":"EntryPoint","urlTemplate":"https:\/\/www.parisenigmes.com\/blog\/?s={search_term_string}"},"query-input":{"@type":"PropertyValueSpecification","valueRequired":true,"valueName":"search_term_string"}}],"inLanguage":"fr-FR"},{"@type":"Organization","@id":"https:\/\/www.parisenigmes.com\/blog\/#organization","name":"Paris Enigmes - Blog","url":"https:\/\/www.parisenigmes.com\/blog\/","logo":{"@type":"ImageObject","inLanguage":"fr-FR","@id":"https:\/\/www.parisenigmes.com\/blog\/#\/schema\/logo\/image\/","url":"https:\/\/www.parisenigmes.com\/blog\/wp-content\/uploads\/2025\/08\/ic_launcher.png","contentUrl":"https:\/\/www.parisenigmes.com\/blog\/wp-content\/uploads\/2025\/08\/ic_launcher.png","width":1080,"height":1080,"caption":"Paris Enigmes - Blog"},"image":{"@id":"https:\/\/www.parisenigmes.com\/blog\/#\/schema\/logo\/image\/"},"sameAs":["https:\/\/www.facebook.com\/ParisEnigmes\/","https:\/\/www.instagram.com\/parisenigmes\/"]},{"@type":"Person","@id":"https:\/\/www.parisenigmes.com\/blog\/#\/schema\/person\/2e217698c5034e9884190e3c9c806c22","name":"parisenigmes","image":{"@type":"ImageObject","inLanguage":"fr-FR","@id":"https:\/\/www.parisenigmes.com\/blog\/#\/schema\/person\/image\/","url":"https:\/\/secure.gravatar.com\/avatar\/c462456799ea25a5b7e4a315895b6249adf94c7d85c70bcb626bb5d99e5b7a4d?s=96&d=mm&r=g","contentUrl":"https:\/\/secure.gravatar.com\/avatar\/c462456799ea25a5b7e4a315895b6249adf94c7d85c70bcb626bb5d99e5b7a4d?s=96&d=mm&r=g","caption":"parisenigmes"},"sameAs":["https:\/\/www.parisenigmes.com\/ressources\/wordpress"],"url":"https:\/\/www.parisenigmes.com\/blog\/author\/parisenigmes\/"}]}},"_links":{"self":[{"href":"https:\/\/www.parisenigmes.com\/blog\/wp-json\/wp\/v2\/posts\/5356","targetHints":{"allow":["GET"]}}],"collection":[{"href":"https:\/\/www.parisenigmes.com\/blog\/wp-json\/wp\/v2\/posts"}],"about":[{"href":"https:\/\/www.parisenigmes.com\/blog\/wp-json\/wp\/v2\/types\/post"}],"author":[{"embeddable":true,"href":"https:\/\/www.parisenigmes.com\/blog\/wp-json\/wp\/v2\/users\/1"}],"replies":[{"embeddable":true,"href":"https:\/\/www.parisenigmes.com\/blog\/wp-json\/wp\/v2\/comments?post=5356"}],"version-history":[{"count":5,"href":"https:\/\/www.parisenigmes.com\/blog\/wp-json\/wp\/v2\/posts\/5356\/revisions"}],"predecessor-version":[{"id":5396,"href":"https:\/\/www.parisenigmes.com\/blog\/wp-json\/wp\/v2\/posts\/5356\/revisions\/5396"}],"wp:featuredmedia":[{"embeddable":true,"href":"https:\/\/www.parisenigmes.com\/blog\/wp-json\/wp\/v2\/media\/5392"}],"wp:attachment":[{"href":"https:\/\/www.parisenigmes.com\/blog\/wp-json\/wp\/v2\/media?parent=5356"}],"wp:term":[{"taxonomy":"category","embeddable":true,"href":"https:\/\/www.parisenigmes.com\/blog\/wp-json\/wp\/v2\/categories?post=5356"},{"taxonomy":"post_tag","embeddable":true,"href":"https:\/\/www.parisenigmes.com\/blog\/wp-json\/wp\/v2\/tags?post=5356"}],"curies":[{"name":"wp","href":"https:\/\/api.w.org\/{rel}","templated":true}]}}