{"id":5397,"date":"2026-04-26T09:22:39","date_gmt":"2026-04-26T07:22:39","guid":{"rendered":"https:\/\/www.parisenigmes.com\/blog\/?p=5397"},"modified":"2026-04-26T13:07:31","modified_gmt":"2026-04-26T11:07:31","slug":"visiter-nimes","status":"publish","type":"post","link":"https:\/\/www.parisenigmes.com\/blog\/visiter-nimes\/","title":{"rendered":"Visiter N\u00eemes : 30 incontournables \u00e0 faire et voir"},"content":{"rendered":"<p data-start=\"18\" data-end=\"322\">Visiter N\u00eemes, c\u2019est d\u00e9couvrir une ville du sud de la France au patrimoine exceptionnel, o\u00f9 l\u2019histoire romaine est encore tr\u00e8s pr\u00e9sente dans le paysage urbain. Surnomm\u00e9e la \u00ab Rome fran\u00e7aise \u00bb, elle impressionne par la qualit\u00e9 de ses monuments antiques comme les ar\u00e8nes, la Maison Carr\u00e9e ou la Tour Magne.<\/p>\n<p data-start=\"324\" data-end=\"547\">Au-del\u00e0 de son h\u00e9ritage historique, N\u00eemes s\u00e9duit aussi par ses espaces verts, ses mus\u00e9es, ses places anim\u00e9es et son ambiance m\u00e9diterran\u00e9enne chaleureuse. La ville offre un cadre agr\u00e9able qui m\u00eale culture, d\u00e9tente et nature.<\/p>\n<p data-start=\"549\" data-end=\"685\" data-is-last-node=\"\" data-is-only-node=\"\">C\u2019est une destination id\u00e9ale pour les amateurs d\u2019histoire, de patrimoine et de d\u00e9couvertes authentiques, au c\u0153ur de la r\u00e9gion Occitanie.<\/p>\n<h2 id=\"section-1\" tabindex=\"-1\" data-start=\"288\" data-end=\"341\"><strong data-start=\"294\" data-end=\"341\">Monuments &amp; Patrimoine Historique \u00e0 N\u00eemes<\/strong><\/h2>\n<h3>Tour magne<\/h3>\n<figure id=\"attachment_5411\" aria-describedby=\"caption-attachment-5411\" style=\"width: 1024px\" class=\"wp-caption aligncenter\"><img data-dominant-color=\"627378\" data-has-transparency=\"false\" style=\"--dominant-color: #627378;\" loading=\"lazy\" decoding=\"async\" class=\"size-large wp-image-5411 not-transparent\" src=\"https:\/\/www.parisenigmes.com\/blog\/wp-content\/uploads\/2026\/04\/La_Tour_Magne_a_Nimes-1024x768.webp\" alt=\"Tour magne\" width=\"1024\" height=\"768\" srcset=\"https:\/\/www.parisenigmes.com\/blog\/wp-content\/uploads\/2026\/04\/La_Tour_Magne_a_Nimes-1024x768.webp 1024w, https:\/\/www.parisenigmes.com\/blog\/wp-content\/uploads\/2026\/04\/La_Tour_Magne_a_Nimes-300x225.webp 300w, https:\/\/www.parisenigmes.com\/blog\/wp-content\/uploads\/2026\/04\/La_Tour_Magne_a_Nimes-768x576.webp 768w, https:\/\/www.parisenigmes.com\/blog\/wp-content\/uploads\/2026\/04\/La_Tour_Magne_a_Nimes.webp 1280w\" sizes=\"auto, (max-width: 1024px) 100vw, 1024px\" \/><figcaption id=\"caption-attachment-5411\" class=\"wp-caption-text\">Tour magne<\/figcaption><\/figure>\n<p>La Tour Magne est le plus haut vestige de l\u2019ancienne enceinte romaine de N\u00eemes. Elle est situ\u00e9e au sommet des Jardins de la Fontaine et domine la ville. \u00c0 l\u2019origine, elle servait de tour de guet dans l\u2019enceinte d\u00e9fensive de la cit\u00e9. Sous l\u2019empereur Auguste, elle a \u00e9t\u00e9 rehauss\u00e9e pour symboliser la puissance romaine.<\/p>\n<p>Aujourd\u2019hui, elle mesure encore environ 32 m\u00e8tres de hauteur malgr\u00e9 les destructions. Son architecture octogonale et massive t\u00e9moigne de son importance historique. Au fil des si\u00e8cles, elle a aussi \u00e9t\u00e9 utilis\u00e9e \u00e0 des fins militaires et de t\u00e9l\u00e9graphe. Elle offre d\u00e9sormais un panorama remarquable sur N\u00eemes et ses environs.<\/p>\n<h3>Les halles de Nimes<\/h3>\n<p>Les Halles de N\u00eemes sont un march\u00e9 couvert embl\u00e9matique situ\u00e9 en plein c\u0153ur du centre-ville. Elles existent depuis 1884 et constituent un lieu historique du commerce local. On y trouve une grande vari\u00e9t\u00e9 de produits frais comme des fruits, des l\u00e9gumes, de la viande et du poisson.<\/p>\n<p>Les Halles sont connues pour leur ambiance conviviale et leur qualit\u00e9 reconnue des produits. Elles accueillent des visiteurs tous les jours de l\u2019ann\u00e9e, principalement le matin. Le b\u00e2timent a \u00e9t\u00e9 r\u00e9nov\u00e9 \u00e0 plusieurs reprises pour am\u00e9liorer le confort et l\u2019hygi\u00e8ne.<\/p>\n<h3>Maison Carr\u00e9e<\/h3>\n<figure id=\"attachment_5412\" aria-describedby=\"caption-attachment-5412\" style=\"width: 1024px\" class=\"wp-caption aligncenter\"><img data-dominant-color=\"5e738f\" data-has-transparency=\"false\" style=\"--dominant-color: #5e738f;\" loading=\"lazy\" decoding=\"async\" class=\"size-large wp-image-5412 not-transparent\" src=\"https:\/\/www.parisenigmes.com\/blog\/wp-content\/uploads\/2026\/04\/32537000547_598c1a4561_k-1024x683.webp\" alt=\"Maison Carr\u00e9e\" width=\"1024\" height=\"683\" srcset=\"https:\/\/www.parisenigmes.com\/blog\/wp-content\/uploads\/2026\/04\/32537000547_598c1a4561_k-1024x683.webp 1024w, https:\/\/www.parisenigmes.com\/blog\/wp-content\/uploads\/2026\/04\/32537000547_598c1a4561_k-300x200.webp 300w, https:\/\/www.parisenigmes.com\/blog\/wp-content\/uploads\/2026\/04\/32537000547_598c1a4561_k-768x512.webp 768w, https:\/\/www.parisenigmes.com\/blog\/wp-content\/uploads\/2026\/04\/32537000547_598c1a4561_k-1536x1024.webp 1536w, https:\/\/www.parisenigmes.com\/blog\/wp-content\/uploads\/2026\/04\/32537000547_598c1a4561_k.webp 2048w\" sizes=\"auto, (max-width: 1024px) 100vw, 1024px\" \/><figcaption id=\"caption-attachment-5412\" class=\"wp-caption-text\">Maison Carr\u00e9e<\/figcaption><\/figure>\n<p>La Maison Carr\u00e9e est un temple romain construit au d\u00e9but du Ier si\u00e8cle apr\u00e8s J.-C. \u00e0 N\u00eemes. Elle est consid\u00e9r\u00e9e comme le temple romain le mieux conserv\u00e9 au monde. \u00c0 l\u2019origine, elle \u00e9tait d\u00e9di\u00e9e aux petits-fils de l\u2019empereur Auguste.<\/p>\n<p>Ce monument illustre parfaitement l\u2019architecture religieuse de la Rome antique. Au fil du temps, la Maison Carr\u00e9e a eu plusieurs fonctions, dont celle d\u2019\u00e9glise et de mus\u00e9e. Elle a \u00e9t\u00e9 restaur\u00e9e \u00e0 plusieurs reprises afin de pr\u00e9server son \u00e9tat exceptionnel.<\/p>\n<h3>Ar\u00e8nes de N\u00eemes<\/h3>\n<figure id=\"attachment_5413\" aria-describedby=\"caption-attachment-5413\" style=\"width: 1024px\" class=\"wp-caption aligncenter\"><img data-dominant-color=\"878276\" data-has-transparency=\"false\" style=\"--dominant-color: #878276;\" loading=\"lazy\" decoding=\"async\" class=\"size-large wp-image-5413 not-transparent\" src=\"https:\/\/www.parisenigmes.com\/blog\/wp-content\/uploads\/2026\/04\/Arenes_de_Nimes_Alt_1-1024x402.webp\" alt=\"Ar\u00e8nes de N\u00eemes\" width=\"1024\" height=\"402\" srcset=\"https:\/\/www.parisenigmes.com\/blog\/wp-content\/uploads\/2026\/04\/Arenes_de_Nimes_Alt_1-1024x402.webp 1024w, https:\/\/www.parisenigmes.com\/blog\/wp-content\/uploads\/2026\/04\/Arenes_de_Nimes_Alt_1-300x118.webp 300w, https:\/\/www.parisenigmes.com\/blog\/wp-content\/uploads\/2026\/04\/Arenes_de_Nimes_Alt_1-768x302.webp 768w, https:\/\/www.parisenigmes.com\/blog\/wp-content\/uploads\/2026\/04\/Arenes_de_Nimes_Alt_1.webp 1280w\" sizes=\"auto, (max-width: 1024px) 100vw, 1024px\" \/><figcaption id=\"caption-attachment-5413\" class=\"wp-caption-text\">Ar\u00e8nes de N\u00eemes<\/figcaption><\/figure>\n<p>Les ar\u00e8nes de N\u00eemes sont un amphith\u00e9\u00e2tre romain construit \u00e0 la fin du Ier si\u00e8cle apr\u00e8s J.-C. Elles comptent parmi les amphith\u00e9\u00e2tres antiques les mieux conserv\u00e9s au monde. \u00c0 l\u2019origine, elles servaient \u00e0 accueillir des spectacles publics comme les combats de gladiateurs.<\/p>\n<p>Le monument a ensuite \u00e9t\u00e9 transform\u00e9 en village fortifi\u00e9 durant le Moyen \u00c2ge. De nombreuses habitations et commerces s\u2019y sont install\u00e9s pendant plusieurs si\u00e8cles. Au XIXe si\u00e8cle, les ar\u00e8nes ont \u00e9t\u00e9 d\u00e9gag\u00e9es et restaur\u00e9es pour retrouver leur aspect antique.<\/p>\n<p>Aujourd\u2019hui, elles peuvent accueillir environ 13 000 spectateurs pour divers \u00e9v\u00e9nements. Elles sont utilis\u00e9es pour des corridas, des concerts et des reconstitutions historiques. L\u2019architecture du monument est remarquable avec ses deux niveaux d\u2019arcades superpos\u00e9es.<\/p>\n<h3>Temple de Diane<\/h3>\n<figure id=\"attachment_5414\" aria-describedby=\"caption-attachment-5414\" style=\"width: 1024px\" class=\"wp-caption aligncenter\"><img data-dominant-color=\"6c645d\" data-has-transparency=\"false\" style=\"--dominant-color: #6c645d;\" loading=\"lazy\" decoding=\"async\" class=\"size-large wp-image-5414 not-transparent\" src=\"https:\/\/www.parisenigmes.com\/blog\/wp-content\/uploads\/2026\/04\/MK54102_Temple_de_Diane_Nimes-1024x768.webp\" alt=\"Temple de Diane\" width=\"1024\" height=\"768\" srcset=\"https:\/\/www.parisenigmes.com\/blog\/wp-content\/uploads\/2026\/04\/MK54102_Temple_de_Diane_Nimes-1024x768.webp 1024w, https:\/\/www.parisenigmes.com\/blog\/wp-content\/uploads\/2026\/04\/MK54102_Temple_de_Diane_Nimes-300x225.webp 300w, https:\/\/www.parisenigmes.com\/blog\/wp-content\/uploads\/2026\/04\/MK54102_Temple_de_Diane_Nimes-768x576.webp 768w, https:\/\/www.parisenigmes.com\/blog\/wp-content\/uploads\/2026\/04\/MK54102_Temple_de_Diane_Nimes.webp 1280w\" sizes=\"auto, (max-width: 1024px) 100vw, 1024px\" \/><figcaption id=\"caption-attachment-5414\" class=\"wp-caption-text\">Temple de Diane<\/figcaption><\/figure>\n<p>Le Temple de Diane est un monument romain situ\u00e9 dans les Jardins de la Fontaine \u00e0 N\u00eemes. Il a \u00e9t\u00e9 construit au Ier si\u00e8cle sous l\u2019\u00e9poque de l\u2019empereur Auguste. Contrairement \u00e0 son nom, il n\u2019\u00e9tait probablement pas d\u00e9di\u00e9 \u00e0 la d\u00e9esse Diane.<\/p>\n<p>Son architecture comprend une grande salle vo\u00fbt\u00e9e encore partiellement conserv\u00e9e aujourd\u2019hui. Le b\u00e2timent faisait partie d\u2019un vaste sanctuaire antique d\u00e9di\u00e9 au culte imp\u00e9rial.<\/p>\n<p>Au Moyen \u00c2ge, il a \u00e9t\u00e9 utilis\u00e9 comme monast\u00e8re, ce qui a permis sa conservation. Le temple a ensuite \u00e9t\u00e9 red\u00e9couvert et \u00e9tudi\u00e9 \u00e0 partir du XVIIIe si\u00e8cle. Il a inspir\u00e9 plusieurs artistes, dont le peintre Hubert Robert. On peut encore observer ses niches, ses vo\u00fbtes et ses \u00e9l\u00e9ments d\u00e9coratifs.<\/p>\n<h3>Cath\u00e9drale Notre-Dame-et-Saint-Castor de N\u00eemes<\/h3>\n<figure id=\"attachment_5415\" aria-describedby=\"caption-attachment-5415\" style=\"width: 654px\" class=\"wp-caption aligncenter\"><img data-dominant-color=\"69717d\" data-has-transparency=\"false\" style=\"--dominant-color: #69717d;\" loading=\"lazy\" decoding=\"async\" class=\"size-large wp-image-5415 not-transparent\" src=\"https:\/\/www.parisenigmes.com\/blog\/wp-content\/uploads\/2026\/04\/Cathedral_Nimes-654x1024.webp\" alt=\"Cath\u00e9drale Notre-Dame-et-Saint-Castor de N\u00eemes\" width=\"654\" height=\"1024\" srcset=\"https:\/\/www.parisenigmes.com\/blog\/wp-content\/uploads\/2026\/04\/Cathedral_Nimes-654x1024.webp 654w, https:\/\/www.parisenigmes.com\/blog\/wp-content\/uploads\/2026\/04\/Cathedral_Nimes-192x300.webp 192w, https:\/\/www.parisenigmes.com\/blog\/wp-content\/uploads\/2026\/04\/Cathedral_Nimes-768x1202.webp 768w, https:\/\/www.parisenigmes.com\/blog\/wp-content\/uploads\/2026\/04\/Cathedral_Nimes.webp 960w\" sizes=\"auto, (max-width: 654px) 100vw, 654px\" \/><figcaption id=\"caption-attachment-5415\" class=\"wp-caption-text\">Cath\u00e9drale Notre-Dame-et-Saint-Castor de N\u00eemes<\/figcaption><\/figure>\n<p>La cath\u00e9drale Notre-Dame-et-Saint-Castor de N\u00eemes est une \u00e9glise catholique situ\u00e9e en plein centre-ville de N\u00eemes. Elle a \u00e9t\u00e9 construite \u00e0 partir du XIIe si\u00e8cle sur des \u00e9difices religieux plus anciens.<\/p>\n<p>Son architecture a \u00e9volu\u00e9 au fil du temps avec des influences romanes, classiques et n\u00e9o-romanes. Elle est d\u00e9di\u00e9e \u00e0 la Vierge Marie et \u00e0 Saint Castor d\u2019Apt, le saint patron du dioc\u00e8se.<\/p>\n<p>L\u2019\u00e9difice a \u00e9t\u00e9 fortement endommag\u00e9 pendant les guerres de religion au XVIe si\u00e8cle. Il a ensuite \u00e9t\u00e9 reconstruit et modifi\u00e9 \u00e0 plusieurs reprises jusqu\u2019au XIXe si\u00e8cle. Elle abrite \u00e9galement un orgue remarquable datant du XVIIe si\u00e8cle, restaur\u00e9 au XXe si\u00e8cle. La cath\u00e9drale poss\u00e8de plusieurs cloches r\u00e9parties dans son clocher principal.<\/p>\n<h3>Tour\u00a0 de l&rsquo;horloge<\/h3>\n<figure id=\"attachment_5416\" aria-describedby=\"caption-attachment-5416\" style=\"width: 731px\" class=\"wp-caption aligncenter\"><img data-dominant-color=\"8a8d8b\" data-has-transparency=\"false\" style=\"--dominant-color: #8a8d8b;\" loading=\"lazy\" decoding=\"async\" class=\"size-large wp-image-5416 not-transparent\" src=\"https:\/\/www.parisenigmes.com\/blog\/wp-content\/uploads\/2026\/04\/Place_de_lHorloge_in_Nimes_06-731x1024.webp\" alt=\"Tour\u00a0 de l'horloge\" width=\"731\" height=\"1024\" srcset=\"https:\/\/www.parisenigmes.com\/blog\/wp-content\/uploads\/2026\/04\/Place_de_lHorloge_in_Nimes_06-731x1024.webp 731w, https:\/\/www.parisenigmes.com\/blog\/wp-content\/uploads\/2026\/04\/Place_de_lHorloge_in_Nimes_06-214x300.webp 214w, https:\/\/www.parisenigmes.com\/blog\/wp-content\/uploads\/2026\/04\/Place_de_lHorloge_in_Nimes_06-768x1076.webp 768w, https:\/\/www.parisenigmes.com\/blog\/wp-content\/uploads\/2026\/04\/Place_de_lHorloge_in_Nimes_06.webp 960w\" sizes=\"auto, (max-width: 731px) 100vw, 731px\" \/><figcaption id=\"caption-attachment-5416\" class=\"wp-caption-text\">Tour\u00a0 de l&rsquo;horloge<\/figcaption><\/figure>\n<p data-start=\"0\" data-end=\"252\">La tour de l\u2019Horloge de N\u00eemes s&rsquo;\u00e9leve \u00e0 une hauteur de 31 m\u00e8tres, elle occupe l\u2019emplacement d\u2019un ancien beffroi datant du XVe si\u00e8cle.<\/p>\n<p data-start=\"254\" data-end=\"496\">L\u2019\u00e9difice actuel a \u00e9t\u00e9 reconstruit entre 1752 et 1754, dans un style plus \u00e9l\u00e9gant et harmonieux. Au sommet, une terrasse accueille un campanile en fer forg\u00e9 finement travaill\u00e9, dont la forme en couronne entoure la cloche qui sonne les heures.<\/p>\n<h3>\u00c9glise Saint-Baudile de N\u00eemes<\/h3>\n<figure id=\"attachment_5417\" aria-describedby=\"caption-attachment-5417\" style=\"width: 768px\" class=\"wp-caption aligncenter\"><img data-dominant-color=\"6f90a8\" data-has-transparency=\"false\" style=\"--dominant-color: #6f90a8;\" loading=\"lazy\" decoding=\"async\" class=\"size-large wp-image-5417 not-transparent\" src=\"https:\/\/www.parisenigmes.com\/blog\/wp-content\/uploads\/2026\/04\/Eglise_Saint-Baudile_de_Nimes_France-768x1024.webp\" alt=\"\u00c9glise Saint-Baudile de N\u00eemes\" width=\"768\" height=\"1024\" srcset=\"https:\/\/www.parisenigmes.com\/blog\/wp-content\/uploads\/2026\/04\/Eglise_Saint-Baudile_de_Nimes_France-768x1024.webp 768w, https:\/\/www.parisenigmes.com\/blog\/wp-content\/uploads\/2026\/04\/Eglise_Saint-Baudile_de_Nimes_France-225x300.webp 225w, https:\/\/www.parisenigmes.com\/blog\/wp-content\/uploads\/2026\/04\/Eglise_Saint-Baudile_de_Nimes_France.webp 960w\" sizes=\"auto, (max-width: 768px) 100vw, 768px\" \/><figcaption id=\"caption-attachment-5417\" class=\"wp-caption-text\">\u00c9glise Saint-Baudile de N\u00eemes<\/figcaption><\/figure>\n<p data-start=\"62\" data-end=\"287\">L\u2019\u00e9glise Saint-Baudile de N\u00eemes est l\u2019un des plus beaux exemples d\u2019architecture n\u00e9o-gothique de la ville. Elle est d\u00e9di\u00e9e \u00e0 saint Baudile, martyr n\u00eemois du IIIe si\u00e8cle.<\/p>\n<p data-start=\"289\" data-end=\"553\">Sa construction s\u2019est d\u00e9roul\u00e9e entre 1867 et 1877, sur des plans de l\u2019architecte bordelais Jean-Jules Mondet. Imposante et \u00e9l\u00e9gante, elle domine le paysage urbain avec ses deux clochers en fa\u00e7ade, chacun surmont\u00e9 de fl\u00e8ches atteignant pr\u00e8s de 70 m\u00e8tres de hauteur.<\/p>\n<p data-start=\"555\" data-end=\"961\">L\u2019\u00e9difice adopte un plan en croix latine et s\u2019\u00e9tend sur environ 65 m\u00e8tres de long pour 30 m\u00e8tres de large au niveau du transept. Avec une hauteur sous vo\u00fbtes de 20 m\u00e8tres, il s\u2019agit de la plus grande \u00e9glise de N\u00eemes, pouvant accueillir jusqu\u2019\u00e0 3 000 fid\u00e8les.<\/p>\n<p data-start=\"963\" data-end=\"1338\">L\u2019int\u00e9rieur abrite de remarquables \u00e9l\u00e9ments artistiques, notamment des vitraux r\u00e9alis\u00e9s par Joseph Villiet et des orgues sign\u00e9s Vincent Cavaill\u00e9-Coll. La fa\u00e7ade est \u00e9galement orn\u00e9e de sculptures, dont des statues d\u2019anges aux ailes d\u00e9ploy\u00e9es r\u00e9alis\u00e9es par L\u00e9opold Morice, ainsi qu\u2019une repr\u00e9sentation de saint Baudile tenant la palme du martyr, \u0153uvre du sculpteur Auguste Bosc.<\/p>\n<h3>\u00c9glise Saint-Paul<\/h3>\n<figure id=\"attachment_5418\" aria-describedby=\"caption-attachment-5418\" style=\"width: 1024px\" class=\"wp-caption aligncenter\"><img data-dominant-color=\"969698\" data-has-transparency=\"false\" style=\"--dominant-color: #969698;\" loading=\"lazy\" decoding=\"async\" class=\"size-large wp-image-5418 not-transparent\" src=\"https:\/\/www.parisenigmes.com\/blog\/wp-content\/uploads\/2026\/04\/Nimes_Kirche_Eglise_St.Paul_-1024x766.webp\" alt=\"\u00c9glise Saint-Paul\" width=\"1024\" height=\"766\" srcset=\"https:\/\/www.parisenigmes.com\/blog\/wp-content\/uploads\/2026\/04\/Nimes_Kirche_Eglise_St.Paul_-1024x766.webp 1024w, https:\/\/www.parisenigmes.com\/blog\/wp-content\/uploads\/2026\/04\/Nimes_Kirche_Eglise_St.Paul_-300x225.webp 300w, https:\/\/www.parisenigmes.com\/blog\/wp-content\/uploads\/2026\/04\/Nimes_Kirche_Eglise_St.Paul_-768x575.webp 768w, https:\/\/www.parisenigmes.com\/blog\/wp-content\/uploads\/2026\/04\/Nimes_Kirche_Eglise_St.Paul_.webp 1280w\" sizes=\"auto, (max-width: 1024px) 100vw, 1024px\" \/><figcaption id=\"caption-attachment-5418\" class=\"wp-caption-text\">\u00c9glise Saint-Paul<\/figcaption><\/figure>\n<p data-start=\"67\" data-end=\"358\">L\u2019\u00e9glise Saint-Paul de N\u00eemes est un remarquable \u00e9difice de style n\u00e9o-roman. Elle se distingue par la puissance de son clocher, qui s\u2019\u00e9l\u00e8ve \u00e0 environ 62 m\u00e8tres au niveau de la crois\u00e9e du transept. Sa construction s\u2019est d\u00e9roul\u00e9e entre 1835 et 1849, sous la direction de l\u2019architecte Charles-Auguste Questel.<\/p>\n<p data-start=\"599\" data-end=\"940\">L\u2019int\u00e9rieur de l\u2019\u00e9difice est particuli\u00e8rement remarquable. Il abrite des peintures murales r\u00e9alis\u00e9es par Hippolyte Flandrin, ainsi que des d\u00e9cors con\u00e7us par Alexandre Denuelle. Les vitraux ont \u00e9t\u00e9 confi\u00e9s au ma\u00eetre verrier Laurent Charles Mar\u00e9chal, tandis que l\u2019orgue, install\u00e9 en 1848, est l\u2019\u0153uvre du c\u00e9l\u00e8bre facteur Aristide Cavaill\u00e9-Coll.<\/p>\n<p data-start=\"942\" data-end=\"1269\">Les portes de l\u2019\u00e9glise sont orn\u00e9es de ferronneries r\u00e9alis\u00e9es en 1845 par Pierre Boulanger, un artisan \u00e9galement connu pour ses travaux \u00e0 la cath\u00e9drale Notre-Dame de Paris. Malgr\u00e9 la richesse de son patrimoine artistique, l\u2019\u00e9difice souffre aujourd\u2019hui d\u2019un certain \u00e9tat de d\u00e9gradation et m\u00e9riterait une restauration approfondie.<\/p>\n<h3>Porte Auguste<\/h3>\n<figure id=\"attachment_5419\" aria-describedby=\"caption-attachment-5419\" style=\"width: 1024px\" class=\"wp-caption aligncenter\"><img data-dominant-color=\"6e6e75\" data-has-transparency=\"false\" style=\"--dominant-color: #6e6e75;\" loading=\"lazy\" decoding=\"async\" class=\"size-large wp-image-5419 not-transparent\" src=\"https:\/\/www.parisenigmes.com\/blog\/wp-content\/uploads\/2026\/04\/Nimes_La_porte_Auguste-1024x768.webp\" alt=\"Porte Auguste\" width=\"1024\" height=\"768\" srcset=\"https:\/\/www.parisenigmes.com\/blog\/wp-content\/uploads\/2026\/04\/Nimes_La_porte_Auguste-1024x768.webp 1024w, https:\/\/www.parisenigmes.com\/blog\/wp-content\/uploads\/2026\/04\/Nimes_La_porte_Auguste-300x225.webp 300w, https:\/\/www.parisenigmes.com\/blog\/wp-content\/uploads\/2026\/04\/Nimes_La_porte_Auguste-768x576.webp 768w, https:\/\/www.parisenigmes.com\/blog\/wp-content\/uploads\/2026\/04\/Nimes_La_porte_Auguste.webp 1280w\" sizes=\"auto, (max-width: 1024px) 100vw, 1024px\" \/><figcaption id=\"caption-attachment-5419\" class=\"wp-caption-text\">Porte Auguste<\/figcaption><\/figure>\n<p data-start=\"0\" data-end=\"289\">La porte d\u2019Auguste est l\u2019un des vestiges les plus impressionnants de la N\u00eemes romaine. Construite vers 16 av. J.-C., sous le r\u00e8gne de l\u2019empereur Auguste, elle faisait partie int\u00e9grante de l\u2019enceinte fortifi\u00e9e de la colonie de Nemausus et marquait l\u2019entr\u00e9e principale de la voie Domitienne. \u00c0 l\u2019\u00e9poque, elle constituait un point strat\u00e9gique majeur pour l\u2019acc\u00e8s \u00e0 la ville.<\/p>\n<p data-start=\"537\" data-end=\"831\">La structure \u00e9tait compos\u00e9e de quatre passages en arc plein cintre : deux larges ouvertures centrales destin\u00e9es aux v\u00e9hicules et deux passages plus \u00e9troits r\u00e9serv\u00e9s aux pi\u00e9tons. \u00c0 l\u2019origine, l\u2019ensemble \u00e9tait encadr\u00e9 par deux tours semi-circulaires, dont l\u2019emplacement est encore visible au sol.<\/p>\n<p data-start=\"833\" data-end=\"1062\">Une inscription grav\u00e9e au sommet du monument rappelle son origine imp\u00e9riale et permet de dater pr\u00e9cis\u00e9ment sa construction \u00e0 l\u2019an 16 av. J.-C. Elle indique que l\u2019empereur Auguste a offert les portes et les murailles \u00e0 la colonie.<\/p>\n<h3>Porte de France<\/h3>\n<figure id=\"attachment_5420\" aria-describedby=\"caption-attachment-5420\" style=\"width: 1024px\" class=\"wp-caption aligncenter\"><img data-dominant-color=\"817e79\" data-has-transparency=\"false\" style=\"--dominant-color: #817e79;\" loading=\"lazy\" decoding=\"async\" class=\"size-large wp-image-5420 not-transparent\" src=\"https:\/\/www.parisenigmes.com\/blog\/wp-content\/uploads\/2026\/04\/Nimes-Porte_de_France-20121024-1024x682.webp\" alt=\"Porte de France\" width=\"1024\" height=\"682\" srcset=\"https:\/\/www.parisenigmes.com\/blog\/wp-content\/uploads\/2026\/04\/Nimes-Porte_de_France-20121024-1024x682.webp 1024w, https:\/\/www.parisenigmes.com\/blog\/wp-content\/uploads\/2026\/04\/Nimes-Porte_de_France-20121024-300x200.webp 300w, https:\/\/www.parisenigmes.com\/blog\/wp-content\/uploads\/2026\/04\/Nimes-Porte_de_France-20121024-768x512.webp 768w, https:\/\/www.parisenigmes.com\/blog\/wp-content\/uploads\/2026\/04\/Nimes-Porte_de_France-20121024.webp 1280w\" sizes=\"auto, (max-width: 1024px) 100vw, 1024px\" \/><figcaption id=\"caption-attachment-5420\" class=\"wp-caption-text\">Porte de France<\/figcaption><\/figure>\n<p data-start=\"67\" data-end=\"332\">La porte de France de N\u00eemes est un vestige discret mais remarquable de l\u2019enceinte romaine de la ville. Construite au Ier si\u00e8cle av. J.-C., elle faisait partie du syst\u00e8me d\u00e9fensif de la colonie de Nemausus et permettait d\u2019acc\u00e9der \u00e0 la cit\u00e9 par une entr\u00e9e secondaire.<\/p>\n<p data-start=\"334\" data-end=\"572\">Contrairement aux grandes portes monumentales comme la porte d\u2019Auguste, la porte de France avait un r\u00f4le plus modeste. Elle se distingue toutefois par son bon \u00e9tat de conservation, qui en fait un t\u00e9moignage pr\u00e9cieux de l\u2019urbanisme romain.<\/p>\n<p data-start=\"574\" data-end=\"893\">L\u2019\u00e9difice se compose d\u2019un unique passage en arc plein cintre, surmont\u00e9 de vestiges architecturaux comprenant des pilastres et une corniche. Bien qu\u2019elle ait probablement \u00e9t\u00e9 \u00e9quip\u00e9e d\u2019une herse \u00e0 l\u2019\u00e9poque romaine, elle desservait principalement une voie secondaire et non les grands axes reliant la ville \u00e0 l\u2019ext\u00e9rieur. Aujourd\u2019hui encore, la porte de France donne son nom \u00e0 la rue qu\u2019elle traverse.<\/p>\n<h3>Le spot<\/h3>\n<p data-start=\"67\" data-end=\"311\">Le Spot de N\u00eemes est un lieu culturel dynamique situ\u00e9 en plein c\u0153ur de la ville. Install\u00e9 dans un ancien b\u00e2timent industriel r\u00e9habilit\u00e9, il s\u2019est impos\u00e9 comme un espace d\u00e9di\u00e9 \u00e0 la cr\u00e9ation contemporaine et aux expressions artistiques actuelles.<\/p>\n<p data-start=\"313\" data-end=\"610\">Pens\u00e9 comme un lieu de rencontre et d\u2019exp\u00e9rimentation, Le Spot accueille r\u00e9guli\u00e8rement des expositions, des concerts, des r\u00e9sidences d\u2019artistes ainsi que des \u00e9v\u00e9nements culturels vari\u00e9s. Son atmosph\u00e8re industrielle revisit\u00e9e lui donne un caract\u00e8re \u00e0 la fois brut et moderne, propice \u00e0 la cr\u00e9ation.<\/p>\n<h3>\u00c9glise Sainte Perp\u00e9tue de N\u00eemes<\/h3>\n<figure id=\"attachment_5421\" aria-describedby=\"caption-attachment-5421\" style=\"width: 670px\" class=\"wp-caption aligncenter\"><img data-dominant-color=\"697f95\" data-has-transparency=\"false\" style=\"--dominant-color: #697f95;\" loading=\"lazy\" decoding=\"async\" class=\"size-large wp-image-5421 not-transparent\" src=\"https:\/\/www.parisenigmes.com\/blog\/wp-content\/uploads\/2026\/04\/Eglise_Sainte-Perpetue_-_Nimes_2014-670x1024.webp\" alt=\"\u00c9glise Sainte Perp\u00e9tue de N\u00eemes\" width=\"670\" height=\"1024\" srcset=\"https:\/\/www.parisenigmes.com\/blog\/wp-content\/uploads\/2026\/04\/Eglise_Sainte-Perpetue_-_Nimes_2014-670x1024.webp 670w, https:\/\/www.parisenigmes.com\/blog\/wp-content\/uploads\/2026\/04\/Eglise_Sainte-Perpetue_-_Nimes_2014-196x300.webp 196w, https:\/\/www.parisenigmes.com\/blog\/wp-content\/uploads\/2026\/04\/Eglise_Sainte-Perpetue_-_Nimes_2014-768x1174.webp 768w, https:\/\/www.parisenigmes.com\/blog\/wp-content\/uploads\/2026\/04\/Eglise_Sainte-Perpetue_-_Nimes_2014.webp 960w\" sizes=\"auto, (max-width: 670px) 100vw, 670px\" \/><figcaption id=\"caption-attachment-5421\" class=\"wp-caption-text\">\u00c9glise Sainte Perp\u00e9tue de N\u00eemes<\/figcaption><\/figure>\n<p data-start=\"67\" data-end=\"378\">L\u2019\u00e9glise Sainte-Perp\u00e9tue et Sainte-F\u00e9licit\u00e9 de N\u00eemes est un \u00e9difice religieux de style \u00e9clectique, caract\u00e9ristique du Second Empire. Elle se distingue par sa silhouette \u00e9lanc\u00e9e et son imposante fl\u00e8che visible depuis l\u2019esplanade Charles-de-Gaulle.<\/p>\n<p data-start=\"380\" data-end=\"671\">Sa construction d\u00e9bute en 1852, avec la pose de la premi\u00e8re pierre par Louis-Napol\u00e9on Bonaparte. L\u2019\u00e9difice est con\u00e7u par l\u2019architecte L\u00e9on Feuch\u00e8re, tandis que sa d\u00e9coration est r\u00e9alis\u00e9e par Joseph Felon et Colin. Les travaux principaux s\u2019ach\u00e8vent en 1862, et l\u2019\u00e9glise est consacr\u00e9e en 1864.<\/p>\n<p data-start=\"673\" data-end=\"953\">L\u2019un des \u00e9l\u00e9ments les plus marquants de l\u2019\u00e9difice est son clocher, qui s\u2019\u00e9l\u00e8ve \u00e0 environ 71 m\u00e8tres de hauteur et est surmont\u00e9 d\u2019une croix en fer forg\u00e9 de grande dimension. L\u2019int\u00e9rieur impressionne par ses volumes, notamment une nef tr\u00e8s \u00e9lanc\u00e9e d\u00e9passant les 20 m\u00e8tres de hauteur.<\/p>\n<p data-start=\"955\" data-end=\"1258\">L\u2019\u00e9glise est organis\u00e9e selon un plan en trois vaisseaux avec un ch\u0153ur termin\u00e9 par une abside. Elle poss\u00e8de \u00e9galement plusieurs chapelles lat\u00e9rales, dont une d\u00e9di\u00e9e \u00e0 la Vierge Marie. Les vitraux du ch\u0153ur repr\u00e9sentent les douze ap\u00f4tres, tandis que les autres verri\u00e8res pr\u00e9sentent des motifs g\u00e9om\u00e9triques.<\/p>\n<h2 tabindex=\"-1\" data-start=\"590\" data-end=\"622\"><strong data-start=\"596\" data-end=\"622\">Mus\u00e9es incontournables de <\/strong><strong data-start=\"294\" data-end=\"341\">N\u00eemes<\/strong><\/h2>\n<div class=\"ATCbm\">\n<h3 class=\"XfVdV o AIbhI\">Mus\u00e9e de la Romanit\u00e9<\/h3>\n<figure id=\"attachment_5422\" aria-describedby=\"caption-attachment-5422\" style=\"width: 1024px\" class=\"wp-caption aligncenter\"><img data-dominant-color=\"737366\" data-has-transparency=\"false\" style=\"--dominant-color: #737366;\" loading=\"lazy\" decoding=\"async\" class=\"size-large wp-image-5422 not-transparent\" src=\"https:\/\/www.parisenigmes.com\/blog\/wp-content\/uploads\/2026\/04\/Jardin_du_Musee_de_la_Romanite-1024x479.webp\" alt=\"Mus\u00e9e de la Romanit\u00e9\" width=\"1024\" height=\"479\" srcset=\"https:\/\/www.parisenigmes.com\/blog\/wp-content\/uploads\/2026\/04\/Jardin_du_Musee_de_la_Romanite-1024x479.webp 1024w, https:\/\/www.parisenigmes.com\/blog\/wp-content\/uploads\/2026\/04\/Jardin_du_Musee_de_la_Romanite-300x140.webp 300w, https:\/\/www.parisenigmes.com\/blog\/wp-content\/uploads\/2026\/04\/Jardin_du_Musee_de_la_Romanite-768x359.webp 768w, https:\/\/www.parisenigmes.com\/blog\/wp-content\/uploads\/2026\/04\/Jardin_du_Musee_de_la_Romanite.webp 1280w\" sizes=\"auto, (max-width: 1024px) 100vw, 1024px\" \/><figcaption id=\"caption-attachment-5422\" class=\"wp-caption-text\">Mus\u00e9e de la Romanit\u00e9<\/figcaption><\/figure>\n<div>\n<p data-start=\"34\" data-end=\"258\">Situ\u00e9 face aux ar\u00e8nes de N\u00eemes, le <a href=\"https:\/\/museedelaromanite.fr\/\">Mus\u00e9e de la Romanit\u00e9<\/a> est un mus\u00e9e arch\u00e9ologique moderne inaugur\u00e9 en 2018. Il pr\u00e9sente l\u2019histoire de la ville sur plus de 25 si\u00e8cles, de la p\u00e9riode pr\u00e9romaine jusqu\u2019\u00e0 l\u2019\u00e9poque contemporaine.<\/p>\n<p data-start=\"260\" data-end=\"497\">Con\u00e7u par l\u2019architecte Elizabeth de Portzamparc, le b\u00e2timent se distingue par sa fa\u00e7ade de verre ondul\u00e9e, inspir\u00e9e d\u2019une toge antique. Il s\u2019int\u00e8gre parfaitement dans le paysage historique tout en affirmant une architecture contemporaine.<\/p>\n<p data-start=\"499\" data-end=\"765\">Le projet est n\u00e9 des fouilles arch\u00e9ologiques men\u00e9es en 2006-2007, qui ont mis au jour une domus romaine et de remarquables mosa\u00efques, dont celles d\u2019Achille et de Penth\u00e9e. Ces d\u00e9couvertes ont renforc\u00e9 la volont\u00e9 de cr\u00e9er un mus\u00e9e d\u00e9di\u00e9 \u00e0 la richesse antique de N\u00eemes.<\/p>\n<p data-start=\"767\" data-end=\"1052\">\u00c0 l\u2019int\u00e9rieur, le parcours permanent propose une immersion dans la vie quotidienne des Romains gr\u00e2ce \u00e0 des collections, des reconstitutions et des dispositifs multim\u00e9dias. Le mus\u00e9e aborde \u00e9galement les p\u00e9riodes pr\u00e9romaine et m\u00e9di\u00e9vale, montrant l\u2019\u00e9volution de la ville au fil du temps.<\/p>\n<p data-start=\"767\" data-end=\"1052\">\n<\/div>\n<div>\n<div class=\"ATCbm\">\n<h3 class=\"XfVdV o AIbhI\">Mus\u00e9e des Beaux-Arts<\/h3>\n<figure id=\"attachment_5423\" aria-describedby=\"caption-attachment-5423\" style=\"width: 1024px\" class=\"wp-caption aligncenter\"><img data-dominant-color=\"75797c\" data-has-transparency=\"false\" style=\"--dominant-color: #75797c;\" loading=\"lazy\" decoding=\"async\" class=\"size-large wp-image-5423 not-transparent\" src=\"https:\/\/www.parisenigmes.com\/blog\/wp-content\/uploads\/2026\/04\/Nimes_Gard_-_Musee_des_Beaux-Arts_38567444555-1024x576.webp\" alt=\"Mus\u00e9e des Beaux-Arts\" width=\"1024\" height=\"576\" srcset=\"https:\/\/www.parisenigmes.com\/blog\/wp-content\/uploads\/2026\/04\/Nimes_Gard_-_Musee_des_Beaux-Arts_38567444555-1024x576.webp 1024w, https:\/\/www.parisenigmes.com\/blog\/wp-content\/uploads\/2026\/04\/Nimes_Gard_-_Musee_des_Beaux-Arts_38567444555-300x169.webp 300w, https:\/\/www.parisenigmes.com\/blog\/wp-content\/uploads\/2026\/04\/Nimes_Gard_-_Musee_des_Beaux-Arts_38567444555-768x432.webp 768w, https:\/\/www.parisenigmes.com\/blog\/wp-content\/uploads\/2026\/04\/Nimes_Gard_-_Musee_des_Beaux-Arts_38567444555.webp 1280w\" sizes=\"auto, (max-width: 1024px) 100vw, 1024px\" \/><figcaption id=\"caption-attachment-5423\" class=\"wp-caption-text\">Mus\u00e9e des Beaux-Arts<\/figcaption><\/figure>\n<p data-start=\"0\" data-end=\"289\">Le <a href=\"https:\/\/www.nimes.fr\/que-faire-a-nimes\/culture\/les-musees-le-planetarium\/musee-des-beaux-arts\">mus\u00e9e des Beaux-Arts<\/a> de N\u00eemes est un mus\u00e9e d\u2019art fond\u00e9 au d\u00e9but du XIXe si\u00e8cle, situ\u00e9 dans le centre de la ville. Il\u00a0 propose un riche panorama de l\u2019histoire de la peinture et de la sculpture europ\u00e9enne.<\/p>\n<p data-start=\"291\" data-end=\"748\">Ses collections couvrent une large p\u00e9riode, du XIVe au XIXe si\u00e8cle, avec une forte repr\u00e9sentation des \u00e9coles italienne, flamande et fran\u00e7aise. On peut y admirer des \u0153uvres d\u2019artistes majeurs comme Rubens, Fran\u00e7ois Boucher, Hyacinthe Rigaud ou encore Charles-Joseph Natoire, ainsi que de nombreux peintres moins connus mais repr\u00e9sentatifs de leur \u00e9poque. Le mus\u00e9e conserve \u00e9galement des sculptures, des objets d\u2019art et des pi\u00e8ces arch\u00e9ologiques remarquables.<\/p>\n<p data-start=\"750\" data-end=\"1075\">Parmi les \u0153uvres les plus c\u00e9l\u00e8bres figure une grande mosa\u00efque romaine d\u00e9couverte \u00e0 N\u00eemes au XIXe si\u00e8cle, repr\u00e9sentant une sc\u00e8ne mythologique et consid\u00e9r\u00e9e comme l\u2019une des plus importantes de ce type en France. Le mus\u00e9e abrite aussi une pr\u00e9cieuse Vierge en terre cuite d\u2019Andrea della Robbia, issue de la Renaissance italienne.<\/p>\n<p data-start=\"1077\" data-end=\"1328\" data-is-last-node=\"\" data-is-only-node=\"\">Le mus\u00e9e est nstall\u00e9 dans un b\u00e2timent inaugur\u00e9 au d\u00e9but du XXe si\u00e8cle et r\u00e9nov\u00e9 par la suite.<\/p>\n<div>\n<div class=\"ATCbm\">\n<h3 class=\"XfVdV o AIbhI\">Carr\u00e9 d&rsquo;Art\/Mus\u00e9e d&rsquo;art contemporain<\/h3>\n<figure id=\"attachment_5424\" aria-describedby=\"caption-attachment-5424\" style=\"width: 1024px\" class=\"wp-caption aligncenter\"><img data-dominant-color=\"78859a\" data-has-transparency=\"false\" style=\"--dominant-color: #78859a;\" loading=\"lazy\" decoding=\"async\" class=\"size-full wp-image-5424 not-transparent\" src=\"https:\/\/www.parisenigmes.com\/blog\/wp-content\/uploads\/2026\/04\/2358297444_fb36de1a8b_b.webp\" alt=\"Carr\u00e9 d'Art\/Mus\u00e9e d'art contemporain\" width=\"1024\" height=\"680\" srcset=\"https:\/\/www.parisenigmes.com\/blog\/wp-content\/uploads\/2026\/04\/2358297444_fb36de1a8b_b.webp 1024w, https:\/\/www.parisenigmes.com\/blog\/wp-content\/uploads\/2026\/04\/2358297444_fb36de1a8b_b-300x199.webp 300w, https:\/\/www.parisenigmes.com\/blog\/wp-content\/uploads\/2026\/04\/2358297444_fb36de1a8b_b-768x510.webp 768w\" sizes=\"auto, (max-width: 1024px) 100vw, 1024px\" \/><figcaption id=\"caption-attachment-5424\" class=\"wp-caption-text\">Carr\u00e9 d&rsquo;Art\/Mus\u00e9e d&rsquo;art contemporain<\/figcaption><\/figure>\n<p data-start=\"55\" data-end=\"338\">Le <a href=\"https:\/\/www.carreartmusee.com\/\">Carr\u00e9 d\u2019Art de N\u00eemes<\/a> a \u00e9t\u00e9 con\u00e7u par l\u2019architecte britannique Norman Foster et inaugur\u00e9 en 1993, il associe une biblioth\u00e8que municipale class\u00e9e et un mus\u00e9e d\u2019art contemporain.<\/p>\n<p data-start=\"340\" data-end=\"713\">Le b\u00e2timent, compos\u00e9 de verre, d\u2019acier et de b\u00e9ton, s\u2019inscrit dans un dialogue architectural avec le temple romain voisin, cr\u00e9ant un contraste entre antiquit\u00e9 et modernit\u00e9. Le mus\u00e9e d\u2019art contemporain pr\u00e9sente une collection d\u2019\u0153uvres allant des ann\u00e9es 1960 \u00e0 aujourd\u2019hui, avec des artistes majeurs tels que Gerhard Richter, Joseph Kosuth, Sophie Calle ou encore Mario Merz.<\/p>\n<p data-start=\"715\" data-end=\"991\" data-is-last-node=\"\" data-is-only-node=\"\">La biblioth\u00e8que, tr\u00e8s riche en fonds anciens et patrimoniaux, conserve des manuscrits pr\u00e9cieux et des ouvrages historiques li\u00e9s \u00e0 la ville de N\u00eemes. Carr\u00e9 d\u2019Art est aujourd\u2019hui un lieu central de la vie culturelle n\u00eemoise, m\u00ealant lecture, exposition et cr\u00e9ation contemporaine.<\/p>\n<div>\n<div class=\"ATCbm\">\n<h3 class=\"XfVdV o AIbhI\">Musee d&rsquo;Histoire Naturelle<\/h3>\n<figure id=\"attachment_5425\" aria-describedby=\"caption-attachment-5425\" style=\"width: 1024px\" class=\"wp-caption aligncenter\"><img data-dominant-color=\"8a755d\" data-has-transparency=\"false\" style=\"--dominant-color: #8a755d;\" loading=\"lazy\" decoding=\"async\" class=\"size-large wp-image-5425 not-transparent\" src=\"https:\/\/www.parisenigmes.com\/blog\/wp-content\/uploads\/2026\/04\/Variraptor_model_Museum_dhistoire_naturelle_de_Nimes_01-1024x768.webp\" alt=\"Musee d'Histoire Naturelle\" width=\"1024\" height=\"768\" srcset=\"https:\/\/www.parisenigmes.com\/blog\/wp-content\/uploads\/2026\/04\/Variraptor_model_Museum_dhistoire_naturelle_de_Nimes_01-1024x768.webp 1024w, https:\/\/www.parisenigmes.com\/blog\/wp-content\/uploads\/2026\/04\/Variraptor_model_Museum_dhistoire_naturelle_de_Nimes_01-300x225.webp 300w, https:\/\/www.parisenigmes.com\/blog\/wp-content\/uploads\/2026\/04\/Variraptor_model_Museum_dhistoire_naturelle_de_Nimes_01-768x576.webp 768w, https:\/\/www.parisenigmes.com\/blog\/wp-content\/uploads\/2026\/04\/Variraptor_model_Museum_dhistoire_naturelle_de_Nimes_01.webp 1280w\" sizes=\"auto, (max-width: 1024px) 100vw, 1024px\" \/><figcaption id=\"caption-attachment-5425\" class=\"wp-caption-text\">Musee d&rsquo;Histoire Naturelle<\/figcaption><\/figure>\n<p data-start=\"0\" data-end=\"240\">Le <a href=\"https:\/\/www.nimes.fr\/que-faire-a-nimes\/culture\/les-musees-le-planetarium\/museum-dhistoire-naturelle-et-de-prehistoire\">Mus\u00e9um d\u2019histoire naturelle de N\u00eemes<\/a> a \u00e9t\u00e9 Fond\u00e9 en 1895, il fait partie des mus\u00e9ums de r\u00e9f\u00e9rence en France et est reconnu pour la richesse de ses collections scientifiques.<\/p>\n<p data-start=\"242\" data-end=\"598\">Install\u00e9 dans un ancien ensemble religieux du XVIIe si\u00e8cle, le mus\u00e9um couvre plusieurs domaines : la zoologie, la g\u00e9ologie, la pr\u00e9histoire et l\u2019ethnographie. Il pr\u00e9sente des collections issues de savants locaux des XVIIIe et XIXe si\u00e8cles, ainsi que des objets rapport\u00e9s du monde entier entre la fin du XIXe si\u00e8cle et le d\u00e9but du XXe si\u00e8cle.<\/p>\n<p data-start=\"600\" data-end=\"841\">Le mus\u00e9e est organis\u00e9 autour de quatre grandes th\u00e9matiques : la pr\u00e9histoire, la g\u00e9ologie, l\u2019ethnologie et la zoologie. Une salle d\u2019ethnographie conserv\u00e9e dans son \u00e9tat ancien t\u00e9moigne de l\u2019histoire du lieu et de ses m\u00e9thodes de pr\u00e9sentation.<\/p>\n<p data-start=\"843\" data-end=\"1090\">Aujourd\u2019hui, le site regroupe \u00e9galement un <strong data-start=\"886\" data-end=\"901\">plan\u00e9tarium<\/strong> et l\u2019<strong data-start=\"907\" data-end=\"925\">\u00c9cole de l\u2019ADN<\/strong>, ce qui en fait un p\u00f4le important de culture scientifique \u00e0 N\u00eemes.<\/p>\n<div>\n<div class=\"ATCbm\">\n<h3 class=\"XfVdV o AIbhI\">Musee du Vieux Nimes<\/h3>\n<figure id=\"attachment_5426\" aria-describedby=\"caption-attachment-5426\" style=\"width: 960px\" class=\"wp-caption aligncenter\"><img data-dominant-color=\"948370\" data-has-transparency=\"false\" style=\"--dominant-color: #948370;\" loading=\"lazy\" decoding=\"async\" class=\"size-full wp-image-5426 not-transparent\" src=\"https:\/\/www.parisenigmes.com\/blog\/wp-content\/uploads\/2026\/04\/Musee_du_Vieux_nimes98_vetements_liturgiques_archeveche.webp\" alt=\"Musee du Vieux Nimes\" width=\"960\" height=\"768\" srcset=\"https:\/\/www.parisenigmes.com\/blog\/wp-content\/uploads\/2026\/04\/Musee_du_Vieux_nimes98_vetements_liturgiques_archeveche.webp 960w, https:\/\/www.parisenigmes.com\/blog\/wp-content\/uploads\/2026\/04\/Musee_du_Vieux_nimes98_vetements_liturgiques_archeveche-300x240.webp 300w, https:\/\/www.parisenigmes.com\/blog\/wp-content\/uploads\/2026\/04\/Musee_du_Vieux_nimes98_vetements_liturgiques_archeveche-768x614.webp 768w\" sizes=\"auto, (max-width: 960px) 100vw, 960px\" \/><figcaption id=\"caption-attachment-5426\" class=\"wp-caption-text\">Musee du Vieux Nimes<\/figcaption><\/figure>\n<p data-start=\"0\" data-end=\"256\">Le <a href=\"https:\/\/www.nimes.fr\/que-faire-a-nimes\/culture\/les-musees-le-planetarium\/musee-du-vieux-nimes\"><strong data-start=\"3\" data-end=\"27\">Mus\u00e9e du Vieux N\u00eemes<\/strong><\/a> est un mus\u00e9e ethnographique. Il est Install\u00e9 dans l\u2019ancien palais \u00e9piscopal datant du XVIIe si\u00e8cle, il a \u00e9t\u00e9 cr\u00e9\u00e9 en 1920.<\/p>\n<p data-start=\"258\" data-end=\"599\">Le b\u00e2timent, class\u00e9 monument historique depuis 1986, poss\u00e8de une longue histoire : construit puis remani\u00e9 entre le XVIIe et le XVIIIe si\u00e8cle, il a servi de r\u00e9sidence aux \u00e9v\u00eaques de N\u00eemes avant d\u2019\u00eatre transform\u00e9 en mus\u00e9e. Son architecture m\u00eale cour d\u2019honneur, jardin et fa\u00e7ades monumentales, t\u00e9moignant de plusieurs campagnes de construction.<\/p>\n<p data-start=\"601\" data-end=\"973\">Le mus\u00e9e pr\u00e9sente l\u2019histoire et le patrimoine de N\u00eemes, en particulier la vie quotidienne et les savoir-faire locaux du Moyen \u00c2ge \u00e0 l\u2019\u00e9poque contemporaine. Ses collections sont notamment consacr\u00e9es aux industries textiles n\u00eemoises, dont la c\u00e9l\u00e8bre serge de N\u00eemes (\u00e0 l\u2019origine du denim), ainsi qu\u2019\u00e0 des reconstitutions d\u2019int\u00e9rieurs bourgeois des XVIIIe et XIXe si\u00e8cles.<\/p>\n<h2 tabindex=\"-1\" data-start=\"1042\" data-end=\"1085\"><strong data-start=\"1048\" data-end=\"1085\">Parcs et espaces verts de <\/strong><strong data-start=\"294\" data-end=\"341\">N\u00eemes<\/strong><\/h2>\n<div class=\"ATCbm\">\n<h3 class=\"XfVdV o AIbhI\">Jardins de la Fontaine<\/h3>\n<figure id=\"attachment_5427\" aria-describedby=\"caption-attachment-5427\" style=\"width: 1024px\" class=\"wp-caption aligncenter\"><img data-dominant-color=\"4f6063\" data-has-transparency=\"false\" style=\"--dominant-color: #4f6063;\" loading=\"lazy\" decoding=\"async\" class=\"size-large wp-image-5427 not-transparent\" src=\"https:\/\/www.parisenigmes.com\/blog\/wp-content\/uploads\/2026\/04\/1280px-MK54073_Jardins_de_la_Fontaine_Nimes-1024x576.webp\" alt=\"Jardins de la Fontaine\" width=\"1024\" height=\"576\" srcset=\"https:\/\/www.parisenigmes.com\/blog\/wp-content\/uploads\/2026\/04\/1280px-MK54073_Jardins_de_la_Fontaine_Nimes-1024x576.webp 1024w, https:\/\/www.parisenigmes.com\/blog\/wp-content\/uploads\/2026\/04\/1280px-MK54073_Jardins_de_la_Fontaine_Nimes-300x169.webp 300w, https:\/\/www.parisenigmes.com\/blog\/wp-content\/uploads\/2026\/04\/1280px-MK54073_Jardins_de_la_Fontaine_Nimes-768x432.webp 768w, https:\/\/www.parisenigmes.com\/blog\/wp-content\/uploads\/2026\/04\/1280px-MK54073_Jardins_de_la_Fontaine_Nimes.webp 1280w\" sizes=\"auto, (max-width: 1024px) 100vw, 1024px\" \/><figcaption id=\"caption-attachment-5427\" class=\"wp-caption-text\">Jardins de la Fontaine<\/figcaption><\/figure>\n<p data-start=\"0\" data-end=\"305\">Les <strong data-start=\"4\" data-end=\"30\">Jardins de la Fontaine<\/strong> sont un parc public embl\u00e9matique de N\u00eemes, am\u00e9nag\u00e9 au XVIIIe si\u00e8cle autour d\u2019une source antique d\u00e9j\u00e0 v\u00e9n\u00e9r\u00e9e \u00e0 l\u2019\u00e9poque romaine. Ils comptent parmi les premiers jardins publics d\u2019Europe et restent aujourd\u2019hui un site majeur du patrimoine paysager fran\u00e7ais.<\/p>\n<p data-start=\"307\" data-end=\"595\">Le site occupe un lieu sacr\u00e9 depuis l\u2019Antiquit\u00e9, o\u00f9 se trouvait autrefois un sanctuaire romain d\u00e9di\u00e9 \u00e0 l\u2019empereur Auguste, appel\u00e9 <em data-start=\"437\" data-end=\"448\">Augusteum<\/em>. On y trouve encore des vestiges antiques importants, notamment le <strong data-start=\"516\" data-end=\"535\">temple de Diane<\/strong> et la <strong data-start=\"542\" data-end=\"556\">tour Magne<\/strong>, int\u00e9gr\u00e9s dans le paysage des jardins.<\/p>\n<p data-start=\"597\" data-end=\"903\">Am\u00e9nag\u00e9s entre 1745 et 1755 sous la direction de l\u2019ing\u00e9nieur Jacques-Philippe Mareschal, les jardins transforment un site arch\u00e9ologique et hydraulique en un espace monumental de promenade. Leur conception associe gestion de l\u2019eau, mise en valeur des ruines antiques et composition paysag\u00e8re \u00e0 la fran\u00e7aise.<\/p>\n<p data-start=\"905\" data-end=\"1175\">Le parc est organis\u00e9 autour de la source de la Fontaine et de ses bassins, avec de grandes terrasses, des escaliers monumentaux et des all\u00e9es bord\u00e9es d\u2019arbres m\u00e9diterran\u00e9ens. Il constitue un lieu de promenade tr\u00e8s appr\u00e9ci\u00e9, offrant aussi des vues panoramiques sur N\u00eemes.<\/p>\n<div>\n<div class=\"ATCbm\">\n<h3 class=\"XfVdV o AIbhI\">Bois de Espeisses<\/h3>\n<div>\n<div class=\"c-card__thumbnail\">\n<div class=\"c-card__image-container\">\n<p data-start=\"0\" data-end=\"260\">Le <strong data-start=\"3\" data-end=\"25\">Bois des Espeisses<\/strong> est un espace naturel situ\u00e9 \u00e0 N\u00eemes. Il s\u2019\u00e9tend sur environ 82 hectares, dont une grande partie est ouverte au public, tandis qu\u2019une zone centrale reste prot\u00e9g\u00e9e pour pr\u00e9server la biodiversit\u00e9.<\/p>\n<p data-start=\"262\" data-end=\"431\">Son nom vient de l\u2019occitan <em data-start=\"289\" data-end=\"296\">esp\u00e9s<\/em>, qui signifie \u00ab dense \u00bb ou \u00ab touffu \u00bb, en r\u00e9f\u00e9rence \u00e0 la v\u00e9g\u00e9tation m\u00e9diterran\u00e9enne de garrigue et de taillis qui caract\u00e9rise le site.<\/p>\n<p data-start=\"433\" data-end=\"770\">Le bois est aujourd\u2019hui un lieu de promenade et de loisirs am\u00e9nag\u00e9 par la ville de N\u00eemes.\u00a0On y trouve \u00e9galement des aires de jeux, des espaces de pique-nique, des parcours sportifs et des zones d\u00e9di\u00e9es \u00e0 l\u2019orientation, ce qui en fait un lieu appr\u00e9ci\u00e9 des familles et des sportifs.<\/p>\n<\/div>\n<\/div>\n<div class=\"c-card c-card--appearance-dark c-card--orientation-vertical\">\n<div class=\"c-card__content\">\n<h3 class=\"c-title c-title--alignment-left c-title--appearance-dark c-title--size-4 \">Domaine de la Bastide<\/h3>\n<p data-start=\"441\" data-end=\"809\">Le Domaine de la Bastide, situ\u00e9 \u00e0 N\u00eemes, est un vaste espace naturel et sportif. Ce site combine \u00e0 la fois des zones de loisirs, des installations sportives et des espaces naturels pr\u00e9serv\u00e9s, ce qui en fait un lieu tr\u00e8s fr\u00e9quent\u00e9 par les familles, les promeneurs et les sportifs.<\/p>\n<p data-start=\"811\" data-end=\"1140\">Le domaine est notamment connu pour son environnement verdoyant, compos\u00e9 de grands espaces engazonn\u00e9s, d\u2019arbres anciens et de zones plus sauvages favorisant la biodiversit\u00e9. Les visiteurs peuvent s\u2019y promener librement, profiter de la fra\u00eecheur des sous-bois ou simplement se d\u00e9tendre dans un cadre calme \u00e0 proximit\u00e9 de la ville.<\/p>\n<p data-start=\"1142\" data-end=\"1554\">Sur le plan sportif, le site accueille un complexe important comprenant plusieurs terrains de football utilis\u00e9s par les clubs locaux, ainsi que des installations d\u00e9di\u00e9es \u00e0 d\u2019autres disciplines comme le rugby, le baseball, le football am\u00e9ricain ou encore l\u2019ultimate. On y trouve \u00e9galement une piste de BMX, un stand de tir isol\u00e9 et une base nautique permettant l\u2019initiation au kayak, notamment pour les scolaires.<\/p>\n<p data-start=\"1556\" data-end=\"1815\">Le domaine est aussi pens\u00e9 comme un lieu de d\u00e9tente avec des parcours de randonn\u00e9e, des zones de course \u00e0 pied, des agr\u00e8s sportifs en acc\u00e8s libre et des aires de pique-nique<\/p>\n<h3 class=\"c-title c-title--alignment-left c-title--appearance-dark c-title--size-4 \">Bois des Noyers<\/h3>\n<p data-start=\"137\" data-end=\"402\">Le Bois des Noyers est un espace naturel d\u2019environ 10 hectares situ\u00e9 \u00e0 N\u00eemes, offrant un v\u00e9ritable poumon vert au c\u0153ur de la ville. Il constitue un lieu privil\u00e9gi\u00e9 pour les promenades, les activit\u00e9s sportives en plein air et la d\u00e9couverte de la biodiversit\u00e9 locale.<\/p>\n<p data-start=\"404\" data-end=\"738\">Ce site, propri\u00e9t\u00e9 de la Communaut\u00e9 d\u2019Agglom\u00e9ration de N\u00eemes M\u00e9tropole, est \u00e9galement un espace d\u2019exp\u00e9rimentation foresti\u00e8re. Il abrite environ 700 arbres et s\u2019inscrit dans une zone inondable, ce qui en fait un terrain int\u00e9ressant pour les \u00e9tudes li\u00e9es \u00e0 l\u2019hydrologie, \u00e0 la gestion \u00e9cologique et aux usages r\u00e9cr\u00e9atifs et p\u00e9dagogiques.<\/p>\n<p data-start=\"740\" data-end=\"1116\">La diversit\u00e9 des essences pr\u00e9sentes contribue \u00e0 la richesse \u00e9cologique du bois. On y trouve notamment des aulnes, des cerisiers, des amandiers et des noyers, ces derniers ayant donn\u00e9 leur nom au site. Cette v\u00e9g\u00e9tation dense cr\u00e9e un \u00e9cosyst\u00e8me favorable \u00e0 de nombreuses esp\u00e8ces animales, comme des oiseaux, des insectes et de petits mammif\u00e8res, qui \u00e9voluent au fil des saisons.<\/p>\n<h2 tabindex=\"-1\" data-start=\"1294\" data-end=\"1340\"><strong data-start=\"1300\" data-end=\"1340\">Gastronomie &amp; sp\u00e9cialit\u00e9s de <\/strong><strong data-start=\"294\" data-end=\"341\">N\u00eemes<\/strong><\/h2>\n<h3 data-section-id=\"jd4px\" data-start=\"94\" data-end=\"120\">Brandade de N\u00eemes<\/h3>\n<figure id=\"attachment_5428\" aria-describedby=\"caption-attachment-5428\" style=\"width: 1024px\" class=\"wp-caption aligncenter\"><img data-dominant-color=\"906772\" data-has-transparency=\"false\" style=\"--dominant-color: #906772;\" loading=\"lazy\" decoding=\"async\" class=\"size-large wp-image-5428 not-transparent\" src=\"https:\/\/www.parisenigmes.com\/blog\/wp-content\/uploads\/2026\/04\/Brandade_de_Nimes_truffee-1024x768.webp\" alt=\"Brandade de N\u00eemes avec de la truffe\" width=\"1024\" height=\"768\" srcset=\"https:\/\/www.parisenigmes.com\/blog\/wp-content\/uploads\/2026\/04\/Brandade_de_Nimes_truffee-1024x768.webp 1024w, https:\/\/www.parisenigmes.com\/blog\/wp-content\/uploads\/2026\/04\/Brandade_de_Nimes_truffee-300x225.webp 300w, https:\/\/www.parisenigmes.com\/blog\/wp-content\/uploads\/2026\/04\/Brandade_de_Nimes_truffee-768x576.webp 768w, https:\/\/www.parisenigmes.com\/blog\/wp-content\/uploads\/2026\/04\/Brandade_de_Nimes_truffee.webp 1280w\" sizes=\"auto, (max-width: 1024px) 100vw, 1024px\" \/><figcaption id=\"caption-attachment-5428\" class=\"wp-caption-text\">Brandade de N\u00eemes avec de la truffe<\/figcaption><\/figure>\n<p data-start=\"121\" data-end=\"394\">La brandade de N\u00eemes est une sp\u00e9cialit\u00e9 \u00e0 base de morue et d\u2019huile d\u2019olive. Elle est transform\u00e9e en une pur\u00e9e onctueuse et blanche apr\u00e8s cuisson. On peut la d\u00e9guster chaude ou froide, souvent sur du pain grill\u00e9. C\u2019est un plat embl\u00e9matique de la ville depuis le XIXe si\u00e8cle.<\/p>\n<h3 data-section-id=\"16sbjho\" data-start=\"401\" data-end=\"427\">Petit p\u00e2t\u00e9 n\u00eemois<\/h3>\n<p data-start=\"428\" data-end=\"709\">Le petit p\u00e2t\u00e9 n\u00eemois est une petite tourte garnie de viande de veau et de porc. Sa p\u00e2te dor\u00e9e renferme une farce savoureuse et parfum\u00e9e. Il se mange g\u00e9n\u00e9ralement ti\u00e8de pour r\u00e9v\u00e9ler tous ses ar\u00f4mes. Aujourd\u2019hui, il existe aussi des variantes modernes avec la brandade ou le taureau.<\/p>\n<h3 data-section-id=\"312gq6\" data-start=\"716\" data-end=\"748\">Aigriade saint-gilloise<\/h3>\n<p>&nbsp;<\/p>\n<p data-start=\"749\" data-end=\"1011\">L\u2019aigriade est un plat mijot\u00e9 \u00e0 base de viande de b\u0153uf ou de taureau. Elle est pr\u00e9par\u00e9e avec des oignons, des anchois, des cornichons et du vinaigre. La cuisson lente lui donne un go\u00fbt riche et l\u00e9g\u00e8rement acidul\u00e9. Elle est souvent servie avec du riz de Camargue.<\/p>\n<h3 data-section-id=\"aqvbm0\" data-start=\"1018\" data-end=\"1046\">Gardiane de taureau<\/h3>\n<figure id=\"attachment_5204\" aria-describedby=\"caption-attachment-5204\" style=\"width: 1024px\" class=\"wp-caption aligncenter\"><img data-dominant-color=\"7d6356\" data-has-transparency=\"false\" style=\"--dominant-color: #7d6356;\" loading=\"lazy\" decoding=\"async\" class=\"size-large wp-image-5204 not-transparent\" src=\"https:\/\/www.parisenigmes.com\/blog\/wp-content\/uploads\/2026\/04\/Gardiane_de_taureau_002-1024x768.webp\" alt=\"Gardianne de taureau\" width=\"1024\" height=\"768\" srcset=\"https:\/\/www.parisenigmes.com\/blog\/wp-content\/uploads\/2026\/04\/Gardiane_de_taureau_002-1024x768.webp 1024w, https:\/\/www.parisenigmes.com\/blog\/wp-content\/uploads\/2026\/04\/Gardiane_de_taureau_002-300x225.webp 300w, https:\/\/www.parisenigmes.com\/blog\/wp-content\/uploads\/2026\/04\/Gardiane_de_taureau_002-768x576.webp 768w, https:\/\/www.parisenigmes.com\/blog\/wp-content\/uploads\/2026\/04\/Gardiane_de_taureau_002.webp 1280w\" sizes=\"auto, (max-width: 1024px) 100vw, 1024px\" \/><figcaption id=\"caption-attachment-5204\" class=\"wp-caption-text\">Gardianne de taureau<\/figcaption><\/figure>\n<p data-start=\"1047\" data-end=\"1298\">La gardiane de taureau est un plat traditionnel de Camargue. Elle est cuisin\u00e9e avec de la viande de taureau marin\u00e9e dans du vin rouge. La viande mijote longtemps jusqu\u2019\u00e0 devenir tendre et savoureuse. Elle est souvent meilleure r\u00e9chauff\u00e9e le lendemain.<\/p>\n<h3 data-section-id=\"23l8qn\" data-start=\"1305\" data-end=\"1332\">Croquants Villaret<\/h3>\n<figure id=\"attachment_5429\" aria-describedby=\"caption-attachment-5429\" style=\"width: 768px\" class=\"wp-caption aligncenter\"><img data-dominant-color=\"877f7a\" data-has-transparency=\"false\" style=\"--dominant-color: #877f7a;\" loading=\"lazy\" decoding=\"async\" class=\"size-large wp-image-5429 not-transparent\" src=\"https:\/\/www.parisenigmes.com\/blog\/wp-content\/uploads\/2026\/04\/Croquants_de_Provence-768x1024.webp\" alt=\"Croquants Villaret\" width=\"768\" height=\"1024\" srcset=\"https:\/\/www.parisenigmes.com\/blog\/wp-content\/uploads\/2026\/04\/Croquants_de_Provence-768x1024.webp 768w, https:\/\/www.parisenigmes.com\/blog\/wp-content\/uploads\/2026\/04\/Croquants_de_Provence-225x300.webp 225w, https:\/\/www.parisenigmes.com\/blog\/wp-content\/uploads\/2026\/04\/Croquants_de_Provence.webp 960w\" sizes=\"auto, (max-width: 768px) 100vw, 768px\" \/><figcaption id=\"caption-attachment-5429\" class=\"wp-caption-text\">Croquants Villaret<\/figcaption><\/figure>\n<p data-start=\"1333\" data-end=\"1587\">Le croquant Villaret est un biscuit sec et dur typique de N\u00eemes. Il est parfum\u00e9 \u00e0 la fleur d\u2019oranger, aux amandes et au citron. Sa texture tr\u00e8s croquante accompagne bien le caf\u00e9 ou le th\u00e9. Il existe depuis le XVIIIe si\u00e8cle et reste une sp\u00e9cialit\u00e9 locale.<\/p>\n<h3 data-section-id=\"1478nq0\" data-start=\"1594\" data-end=\"1626\">Fougasse saint-gilloise<\/h3>\n<p data-start=\"1627\" data-end=\"1869\">La fougasse saint-gilloise est une brioche sucr\u00e9e parfum\u00e9e \u00e0 la fleur d\u2019oranger. Elle faisait autrefois partie des 13 desserts proven\u00e7aux. Aujourd\u2019hui, elle se consomme toute l\u2019ann\u00e9e. Elle est douce, moelleuse et tr\u00e8s appr\u00e9ci\u00e9e des gourmands.<\/p>\n<h2 data-start=\"1627\" data-end=\"1869\">Excursions depuis <strong data-start=\"294\" data-end=\"341\">N\u00eemes<\/strong><\/h2>\n<h3>Vins ch\u00e2teau neuf du pape<\/h3>\n<figure id=\"attachment_5430\" aria-describedby=\"caption-attachment-5430\" style=\"width: 1024px\" class=\"wp-caption aligncenter\"><img data-dominant-color=\"7f9185\" data-has-transparency=\"false\" style=\"--dominant-color: #7f9185;\" loading=\"lazy\" decoding=\"async\" class=\"size-large wp-image-5430 not-transparent\" src=\"https:\/\/www.parisenigmes.com\/blog\/wp-content\/uploads\/2026\/04\/Chateau_des_Fines-Roches-1024x768.webp\" alt=\"Vignoble\" width=\"1024\" height=\"768\" srcset=\"https:\/\/www.parisenigmes.com\/blog\/wp-content\/uploads\/2026\/04\/Chateau_des_Fines-Roches-1024x768.webp 1024w, https:\/\/www.parisenigmes.com\/blog\/wp-content\/uploads\/2026\/04\/Chateau_des_Fines-Roches-300x225.webp 300w, https:\/\/www.parisenigmes.com\/blog\/wp-content\/uploads\/2026\/04\/Chateau_des_Fines-Roches-768x576.webp 768w, https:\/\/www.parisenigmes.com\/blog\/wp-content\/uploads\/2026\/04\/Chateau_des_Fines-Roches.webp 1280w\" sizes=\"auto, (max-width: 1024px) 100vw, 1024px\" \/><figcaption id=\"caption-attachment-5430\" class=\"wp-caption-text\">Vignoble<\/figcaption><\/figure>\n<p>Depuis N\u00eemes, il est possible de partir en excursion vers la vall\u00e9e du Rh\u00f4ne, une r\u00e9gion viticole majeure du sud de la France. Ch\u00e2teauneuf-du-Pape est l\u2019un des villages les plus connus de cette r\u00e9gion pour ses vins AOC prestigieux. Les visiteurs peuvent y d\u00e9couvrir les m\u00e9thodes de production des vins de Ch\u00e2teauneuf-du-Pape.<\/p>\n<h3>Aix-en-Provence<\/h3>\n<figure id=\"attachment_5392\" aria-describedby=\"caption-attachment-5392\" style=\"width: 1024px\" class=\"wp-caption aligncenter\"><img data-dominant-color=\"757c84\" data-has-transparency=\"false\" style=\"--dominant-color: #757c84;\" loading=\"lazy\" decoding=\"async\" class=\"size-large wp-image-5392 not-transparent\" src=\"https:\/\/www.parisenigmes.com\/blog\/wp-content\/uploads\/2026\/04\/place_de_la_mairie_aix-1024x535.webp\" alt=\"Place de la mairie d'Aix-en-Provence\" width=\"1024\" height=\"535\" srcset=\"https:\/\/www.parisenigmes.com\/blog\/wp-content\/uploads\/2026\/04\/place_de_la_mairie_aix-1024x535.webp 1024w, https:\/\/www.parisenigmes.com\/blog\/wp-content\/uploads\/2026\/04\/place_de_la_mairie_aix-300x157.webp 300w, https:\/\/www.parisenigmes.com\/blog\/wp-content\/uploads\/2026\/04\/place_de_la_mairie_aix-768x401.webp 768w, https:\/\/www.parisenigmes.com\/blog\/wp-content\/uploads\/2026\/04\/place_de_la_mairie_aix.webp 1200w\" sizes=\"auto, (max-width: 1024px) 100vw, 1024px\" \/><figcaption id=\"caption-attachment-5392\" class=\"wp-caption-text\">Place de la mairie d&rsquo;Aix-en-Provence<\/figcaption><\/figure>\n<p>Aix-en-Provence est connue pour son centre historique \u00e9l\u00e9gant, avec ses ruelles, ses places anim\u00e9es et ses fontaines. La ville poss\u00e8de aussi une forte identit\u00e9 culturelle, notamment li\u00e9e au peintre Paul C\u00e9zanne, originaire d\u2019Aix. On y trouve de nombreux mus\u00e9es, comme le mus\u00e9e Granet, qui pr\u00e9sentent des \u0153uvres importantes. Aix-en-Provence est \u00e9galement r\u00e9put\u00e9e pour ses march\u00e9s proven\u00e7aux color\u00e9s et parfum\u00e9s. Son climat ensoleill\u00e9 en fait une destination agr\u00e9able une grande partie de l\u2019ann\u00e9e.<\/p>\n<p>La montagne Sainte-Victoire, situ\u00e9e \u00e0 proximit\u00e9, offre de beaux paysages et des possibilit\u00e9s de randonn\u00e9es. La ville est aussi appr\u00e9ci\u00e9e pour ses festivals, notamment le festival international d\u2019art lyrique.<\/p>\n<h3>Les villages du lub\u00e9rons<\/h3>\n<figure id=\"attachment_5387\" aria-describedby=\"caption-attachment-5387\" style=\"width: 1024px\" class=\"wp-caption aligncenter\"><img data-dominant-color=\"6c716c\" data-has-transparency=\"false\" style=\"--dominant-color: #6c716c;\" loading=\"lazy\" decoding=\"async\" class=\"size-large wp-image-5387 not-transparent\" src=\"https:\/\/www.parisenigmes.com\/blog\/wp-content\/uploads\/2026\/04\/Gordes_Provence_France_6053004916-1024x650.webp\" alt=\"Gordes\" width=\"1024\" height=\"650\" srcset=\"https:\/\/www.parisenigmes.com\/blog\/wp-content\/uploads\/2026\/04\/Gordes_Provence_France_6053004916-1024x650.webp 1024w, https:\/\/www.parisenigmes.com\/blog\/wp-content\/uploads\/2026\/04\/Gordes_Provence_France_6053004916-300x190.webp 300w, https:\/\/www.parisenigmes.com\/blog\/wp-content\/uploads\/2026\/04\/Gordes_Provence_France_6053004916-768x487.webp 768w, https:\/\/www.parisenigmes.com\/blog\/wp-content\/uploads\/2026\/04\/Gordes_Provence_France_6053004916.webp 1280w\" sizes=\"auto, (max-width: 1024px) 100vw, 1024px\" \/><figcaption id=\"caption-attachment-5387\" class=\"wp-caption-text\">Gordes<\/figcaption><\/figure>\n<section class=\"text-token-text-primary w-full focus:outline-none [--shadow-height:45px] has-data-writing-block:pointer-events-none has-data-writing-block:-mt-(--shadow-height) has-data-writing-block:pt-(--shadow-height) [&amp;:has([data-writing-block])&gt;*]:pointer-events-auto [content-visibility:auto] supports-[content-visibility:auto]:[contain-intrinsic-size:auto_100lvh] R6Vx5W_threadScrollVars scroll-mb-[calc(var(--scroll-root-safe-area-inset-bottom,0px)+var(--thread-response-height))] scroll-mt-[calc(var(--header-height)+min(200px,max(70px,20svh)))]\" dir=\"auto\" data-turn-id=\"request-WEB:605dba5c-9d41-4b57-ae94-9f364ed9624f-31\" data-testid=\"conversation-turn-64\" data-scroll-anchor=\"false\" data-turn=\"assistant\">\n<div class=\"text-base my-auto mx-auto pb-10 [--thread-content-margin:var(--thread-content-margin-xs,calc(var(--spacing)*4))] @w-sm\/main:[--thread-content-margin:var(--thread-content-margin-sm,calc(var(--spacing)*6))] @w-lg\/main:[--thread-content-margin:var(--thread-content-margin-lg,calc(var(--spacing)*16))] px-(--thread-content-margin)\">\n<div class=\"[--thread-content-max-width:40rem] @w-lg\/main:[--thread-content-max-width:48rem] mx-auto max-w-(--thread-content-max-width) flex-1 group\/turn-messages focus-visible:outline-hidden relative flex w-full min-w-0 flex-col agent-turn\">\n<div class=\"flex max-w-full flex-col gap-4 grow\">\n<div class=\"min-h-8 text-message relative flex w-full flex-col items-end gap-2 text-start break-words whitespace-normal outline-none keyboard-focused:focus-ring [.text-message+&amp;]:mt-1\" dir=\"auto\" tabindex=\"0\" data-message-author-role=\"assistant\" data-message-id=\"749d3c0b-9c7a-4d20-9ee4-1058d11cc6d9\" data-message-model-slug=\"gpt-5-3-mini\" data-turn-start-message=\"true\">\n<div class=\"flex w-full flex-col gap-1 empty:hidden\">\n<div class=\"markdown prose dark:prose-invert w-full wrap-break-word light markdown-new-styling\">\n<p data-start=\"0\" data-end=\"902\" data-is-last-node=\"\" data-is-only-node=\"\">Les villages du Luberon sont r\u00e9put\u00e9s pour leur charme authentique. Ils sont perch\u00e9s sur des collines ou install\u00e9s au c\u0153ur de paysages de vignes et de champs de lavande. Parmi les plus connus, on trouve Gordes, Roussillon ou encore M\u00e9nerbes, qui attirent de nombreux visiteurs. Ces villages se distinguent par leurs maisons en pierre claire et leurs ruelles \u00e9troites pleines de caract\u00e8re.<\/p>\n<p data-start=\"0\" data-end=\"902\" data-is-last-node=\"\" data-is-only-node=\"\">Ils offrent des panoramas exceptionnels sur la campagne proven\u00e7ale. Le Luberon est aussi appr\u00e9ci\u00e9 pour son atmosph\u00e8re paisible et son rythme de vie tranquille. Les march\u00e9s locaux permettent de d\u00e9couvrir les produits du terroir comme l\u2019huile d\u2019olive ou le miel. La r\u00e9gion est \u00e9galement riche en sentiers de randonn\u00e9e et en sites naturels prot\u00e9g\u00e9s.<\/p>\n<\/div>\n<\/div>\n<\/div>\n<\/div>\n<\/div>\n<\/div>\n<\/section>\n<h3>Pont du Gare<\/h3>\n<figure id=\"attachment_5200\" aria-describedby=\"caption-attachment-5200\" style=\"width: 1024px\" class=\"wp-caption aligncenter\"><img data-dominant-color=\"7e817c\" data-has-transparency=\"false\" style=\"--dominant-color: #7e817c;\" loading=\"lazy\" decoding=\"async\" class=\"size-large wp-image-5200 not-transparent\" src=\"https:\/\/www.parisenigmes.com\/blog\/wp-content\/uploads\/2026\/04\/Pont-du-gard-1024x768.webp\" alt=\"Le Pont du Gard\" width=\"1024\" height=\"768\" srcset=\"https:\/\/www.parisenigmes.com\/blog\/wp-content\/uploads\/2026\/04\/Pont-du-gard-1024x768.webp 1024w, https:\/\/www.parisenigmes.com\/blog\/wp-content\/uploads\/2026\/04\/Pont-du-gard-300x225.webp 300w, https:\/\/www.parisenigmes.com\/blog\/wp-content\/uploads\/2026\/04\/Pont-du-gard-768x576.webp 768w, https:\/\/www.parisenigmes.com\/blog\/wp-content\/uploads\/2026\/04\/Pont-du-gard.webp 1280w\" sizes=\"auto, (max-width: 1024px) 100vw, 1024px\" \/><figcaption id=\"caption-attachment-5200\" class=\"wp-caption-text\">Le Pont du Gard<\/figcaption><\/figure>\n<p>Le Pont du Gard est un ancien aqueduc romain. Il a \u00e9t\u00e9 construit au Ier si\u00e8cle pour acheminer l\u2019eau sur plus de 50 kilom\u00e8tres jusqu\u2019\u00e0 la ville de Nemausus, l\u2019actuelle N\u00eemes.<\/p>\n<p>Cet ouvrage impressionne par ses trois niveaux d\u2019arches parfaitement conserv\u00e9s. Il est consid\u00e9r\u00e9 comme l\u2019un des plus beaux exemples d\u2019ing\u00e9nierie romaine encore visible aujourd\u2019hui. Le site propose \u00e9galement un mus\u00e9e et des espaces naturels autour de la rivi\u00e8re Gardon. On peut y pratiquer la randonn\u00e9e, la baignade ou le cano\u00eb.<\/p>\n<h3>Avignon<\/h3>\n<figure id=\"attachment_5390\" aria-describedby=\"caption-attachment-5390\" style=\"width: 1024px\" class=\"wp-caption aligncenter\"><img data-dominant-color=\"636e62\" data-has-transparency=\"false\" style=\"--dominant-color: #636e62;\" loading=\"lazy\" decoding=\"async\" class=\"size-large wp-image-5390 not-transparent\" src=\"https:\/\/www.parisenigmes.com\/blog\/wp-content\/uploads\/2026\/04\/Vue_aerienne_2_JP_Campomar-3-1024x667.webp\" alt=\"Vue a\u00e9rienne d'Avignon\" width=\"1024\" height=\"667\" srcset=\"https:\/\/www.parisenigmes.com\/blog\/wp-content\/uploads\/2026\/04\/Vue_aerienne_2_JP_Campomar-3-1024x667.webp 1024w, https:\/\/www.parisenigmes.com\/blog\/wp-content\/uploads\/2026\/04\/Vue_aerienne_2_JP_Campomar-3-300x195.webp 300w, https:\/\/www.parisenigmes.com\/blog\/wp-content\/uploads\/2026\/04\/Vue_aerienne_2_JP_Campomar-3-768x500.webp 768w, https:\/\/www.parisenigmes.com\/blog\/wp-content\/uploads\/2026\/04\/Vue_aerienne_2_JP_Campomar-3.webp 1280w\" sizes=\"auto, (max-width: 1024px) 100vw, 1024px\" \/><figcaption id=\"caption-attachment-5390\" class=\"wp-caption-text\">Vue a\u00e9rienne d&rsquo;Avignon<\/figcaption><\/figure>\n<p>Avignon est mondialement connue pour le Palais des Papes, l\u2019un des plus grands palais gothiques d\u2019Europe. La ville a \u00e9t\u00e9 un centre important de la chr\u00e9tient\u00e9 au XIVe si\u00e8cle lorsque les papes y r\u00e9sidaient. Avignon est \u00e9galement c\u00e9l\u00e8bre pour son pont Saint-B\u00e9n\u00e9zet, souvent appel\u00e9 \u201cpont d\u2019Avignon\u201d. Son centre historique, entour\u00e9 de remparts, est particuli\u00e8rement bien conserv\u00e9.<\/p>\n<p>La ville accueille chaque ann\u00e9e le Festival d\u2019Avignon, un grand \u00e9v\u00e9nement d\u00e9di\u00e9 au th\u00e9\u00e2tre et au spectacle vivant.<\/p>\n<h2>Conclusion<\/h2>\n<p data-start=\"16\" data-end=\"299\">Visiter N\u00eemes, c\u2019est d\u00e9couvrir une ville au patrimoine exceptionnel o\u00f9 l\u2019h\u00e9ritage romain se m\u00eale harmonieusement \u00e0 la vie moderne. Ses monuments embl\u00e9matiques comme les ar\u00e8nes, la Maison Carr\u00e9e ou la Tour Magne t\u00e9moignent de son histoire unique et de son importance dans l\u2019Antiquit\u00e9.<\/p>\n<p data-start=\"301\" data-end=\"545\">La ville offre \u00e9galement de nombreux espaces verts et jardins, qui permettent de profiter d\u2019un cadre naturel agr\u00e9able en plein c\u0153ur urbain. Entre culture, d\u00e9tente et paysages m\u00e9diterran\u00e9ens, N\u00eemes propose une exp\u00e9rience vari\u00e9e et enrichissante.<\/p>\n<p data-start=\"547\" data-end=\"772\" data-is-last-node=\"\" data-is-only-node=\"\">Enfin, visiter N\u00eemes, c\u2019est aussi savourer son art de vivre, sa gastronomie locale et partir \u00e0 la d\u00e9couverte des environs prestigieux comme le Pont du Gard ou Avignon. C\u2019est une destination incontournable du sud de la France.<\/p>\n<\/div>\n<\/div>\n<\/div>\n<\/div>\n<\/div>\n<\/div>\n<\/div>\n<\/div>\n<\/div>\n<\/div>\n<\/div>\n<\/div>\n<\/div>\n<\/div>\n<\/div>\n","protected":false},"excerpt":{"rendered":"<p>Visiter N\u00eemes, c\u2019est d\u00e9couvrir une ville du sud de la France au patrimoine exceptionnel, o\u00f9 l\u2019histoire romaine est encore tr\u00e8s&#8230;<\/p>\n","protected":false},"author":1,"featured_media":5432,"comment_status":"closed","ping_status":"closed","sticky":false,"template":"","format":"standard","meta":{"_kad_post_transparent":"default","_kad_post_title":"default","_kad_post_layout":"default","_kad_post_sidebar_id":"","_kad_post_content_style":"default","_kad_post_vertical_padding":"default","_kad_post_feature":"","_kad_post_feature_position":"","_kad_post_header":false,"_kad_post_footer":false,"footnotes":""},"categories":[5],"tags":[],"class_list":["post-5397","post","type-post","status-publish","format-standard","has-post-thumbnail","hentry","category-france-fr"],"yoast_head":"<!-- This site is optimized with the Yoast SEO plugin v26.2 - https:\/\/yoast.com\/wordpress\/plugins\/seo\/ -->\n<title>Visiter N\u00eemes : 30 incontournables \u00e0 faire et voir - Paris Enigmes - Blog<\/title>\n<meta name=\"description\" content=\"Visiter N\u00eemes, c\u2019est d\u00e9couvrir une ville romaine avec les ar\u00e8nes, la Maison Carr\u00e9e ..., mais aussi des mus\u00e9es, jardins et sp\u00e9cialit\u00e9s.\" \/>\n<meta name=\"robots\" content=\"index, follow, max-snippet:-1, max-image-preview:large, max-video-preview:-1\" \/>\n<link rel=\"canonical\" href=\"https:\/\/www.parisenigmes.com\/blog\/visiter-nimes\/\" \/>\n<meta property=\"og:locale\" content=\"fr_FR\" \/>\n<meta property=\"og:type\" content=\"article\" \/>\n<meta property=\"og:title\" content=\"Visiter N\u00eemes : 30 incontournables \u00e0 faire et voir\" \/>\n<meta property=\"og:description\" content=\"Visiter N\u00eemes, c\u2019est d\u00e9couvrir une ville romaine avec les ar\u00e8nes, la Maison Carr\u00e9e ..., mais aussi des mus\u00e9es, jardins et sp\u00e9cialit\u00e9s.\" \/>\n<meta property=\"og:url\" content=\"https:\/\/www.parisenigmes.com\/blog\/visiter-nimes\/\" \/>\n<meta property=\"og:site_name\" content=\"Paris Enigmes - Blog\" \/>\n<meta property=\"article:publisher\" content=\"https:\/\/www.facebook.com\/ParisEnigmes\/\" \/>\n<meta property=\"article:published_time\" content=\"2026-04-26T07:22:39+00:00\" \/>\n<meta property=\"article:modified_time\" content=\"2026-04-26T11:07:31+00:00\" \/>\n<meta property=\"og:image\" content=\"https:\/\/www.parisenigmes.com\/blog\/wp-content\/uploads\/2026\/04\/nimes.webp\" \/>\n\t<meta property=\"og:image:width\" content=\"1200\" \/>\n\t<meta property=\"og:image:height\" content=\"627\" \/>\n\t<meta property=\"og:image:type\" content=\"image\/jpeg\" \/>\n<meta name=\"author\" content=\"parisenigmes\" \/>\n<meta name=\"twitter:card\" content=\"summary_large_image\" \/>\n<meta name=\"twitter:title\" content=\"Visiter N\u00eemes : 30 incontournables \u00e0 faire et voir\" \/>\n<meta name=\"twitter:description\" content=\"Visiter N\u00eemes, c\u2019est d\u00e9couvrir une ville romaine avec les ar\u00e8nes, la Maison Carr\u00e9e ..., mais aussi des mus\u00e9es, jardins et sp\u00e9cialit\u00e9s.\" \/>\n<meta name=\"twitter:image\" content=\"https:\/\/www.parisenigmes.com\/blog\/wp-content\/uploads\/2026\/04\/nimes.webp\" \/>\n<meta name=\"twitter:label1\" content=\"Written by\" \/>\n\t<meta name=\"twitter:data1\" content=\"parisenigmes\" \/>\n\t<meta name=\"twitter:label2\" content=\"Est. reading time\" \/>\n\t<meta name=\"twitter:data2\" content=\"27 minutes\" \/>\n<script type=\"application\/ld+json\" class=\"yoast-schema-graph\">{\"@context\":\"https:\/\/schema.org\",\"@graph\":[{\"@type\":\"Article\",\"@id\":\"https:\/\/www.parisenigmes.com\/blog\/visiter-nimes\/#article\",\"isPartOf\":{\"@id\":\"https:\/\/www.parisenigmes.com\/blog\/visiter-nimes\/\"},\"author\":{\"name\":\"parisenigmes\",\"@id\":\"https:\/\/www.parisenigmes.com\/blog\/#\/schema\/person\/2e217698c5034e9884190e3c9c806c22\"},\"headline\":\"Visiter N\u00eemes : 30 incontournables \u00e0 faire et voir\",\"datePublished\":\"2026-04-26T07:22:39+00:00\",\"dateModified\":\"2026-04-26T11:07:31+00:00\",\"mainEntityOfPage\":{\"@id\":\"https:\/\/www.parisenigmes.com\/blog\/visiter-nimes\/\"},\"wordCount\":4895,\"publisher\":{\"@id\":\"https:\/\/www.parisenigmes.com\/blog\/#organization\"},\"image\":{\"@id\":\"https:\/\/www.parisenigmes.com\/blog\/visiter-nimes\/#primaryimage\"},\"thumbnailUrl\":\"https:\/\/www.parisenigmes.com\/blog\/wp-content\/uploads\/2026\/04\/nimes.webp\",\"articleSection\":[\"France\"],\"inLanguage\":\"fr-FR\"},{\"@type\":\"WebPage\",\"@id\":\"https:\/\/www.parisenigmes.com\/blog\/visiter-nimes\/\",\"url\":\"https:\/\/www.parisenigmes.com\/blog\/visiter-nimes\/\",\"name\":\"Visiter N\u00eemes : 30 incontournables \u00e0 faire et voir - Paris Enigmes - Blog\",\"isPartOf\":{\"@id\":\"https:\/\/www.parisenigmes.com\/blog\/#website\"},\"primaryImageOfPage\":{\"@id\":\"https:\/\/www.parisenigmes.com\/blog\/visiter-nimes\/#primaryimage\"},\"image\":{\"@id\":\"https:\/\/www.parisenigmes.com\/blog\/visiter-nimes\/#primaryimage\"},\"thumbnailUrl\":\"https:\/\/www.parisenigmes.com\/blog\/wp-content\/uploads\/2026\/04\/nimes.webp\",\"datePublished\":\"2026-04-26T07:22:39+00:00\",\"dateModified\":\"2026-04-26T11:07:31+00:00\",\"description\":\"Visiter N\u00eemes, c\u2019est d\u00e9couvrir une ville romaine avec les ar\u00e8nes, la Maison Carr\u00e9e ..., mais aussi des mus\u00e9es, jardins et sp\u00e9cialit\u00e9s.\",\"breadcrumb\":{\"@id\":\"https:\/\/www.parisenigmes.com\/blog\/visiter-nimes\/#breadcrumb\"},\"inLanguage\":\"fr-FR\",\"potentialAction\":[{\"@type\":\"ReadAction\",\"target\":[\"https:\/\/www.parisenigmes.com\/blog\/visiter-nimes\/\"]}]},{\"@type\":\"ImageObject\",\"inLanguage\":\"fr-FR\",\"@id\":\"https:\/\/www.parisenigmes.com\/blog\/visiter-nimes\/#primaryimage\",\"url\":\"https:\/\/www.parisenigmes.com\/blog\/wp-content\/uploads\/2026\/04\/nimes.webp\",\"contentUrl\":\"https:\/\/www.parisenigmes.com\/blog\/wp-content\/uploads\/2026\/04\/nimes.webp\",\"width\":1200,\"height\":627,\"caption\":\"Ar\u00e8nes de n\u00eemes\"},{\"@type\":\"BreadcrumbList\",\"@id\":\"https:\/\/www.parisenigmes.com\/blog\/visiter-nimes\/#breadcrumb\",\"itemListElement\":[{\"@type\":\"ListItem\",\"position\":1,\"name\":\"Home\",\"item\":\"https:\/\/www.parisenigmes.com\/blog\/\"},{\"@type\":\"ListItem\",\"position\":2,\"name\":\"Visiter N\u00eemes : 30 incontournables \u00e0 faire et voir\"}]},{\"@type\":\"WebSite\",\"@id\":\"https:\/\/www.parisenigmes.com\/blog\/#website\",\"url\":\"https:\/\/www.parisenigmes.com\/blog\/\",\"name\":\"Paris Enigmes - Blog\",\"description\":\"\",\"publisher\":{\"@id\":\"https:\/\/www.parisenigmes.com\/blog\/#organization\"},\"potentialAction\":[{\"@type\":\"SearchAction\",\"target\":{\"@type\":\"EntryPoint\",\"urlTemplate\":\"https:\/\/www.parisenigmes.com\/blog\/?s={search_term_string}\"},\"query-input\":{\"@type\":\"PropertyValueSpecification\",\"valueRequired\":true,\"valueName\":\"search_term_string\"}}],\"inLanguage\":\"fr-FR\"},{\"@type\":\"Organization\",\"@id\":\"https:\/\/www.parisenigmes.com\/blog\/#organization\",\"name\":\"Paris Enigmes - Blog\",\"url\":\"https:\/\/www.parisenigmes.com\/blog\/\",\"logo\":{\"@type\":\"ImageObject\",\"inLanguage\":\"fr-FR\",\"@id\":\"https:\/\/www.parisenigmes.com\/blog\/#\/schema\/logo\/image\/\",\"url\":\"https:\/\/www.parisenigmes.com\/blog\/wp-content\/uploads\/2025\/08\/ic_launcher.png\",\"contentUrl\":\"https:\/\/www.parisenigmes.com\/blog\/wp-content\/uploads\/2025\/08\/ic_launcher.png\",\"width\":1080,\"height\":1080,\"caption\":\"Paris Enigmes - Blog\"},\"image\":{\"@id\":\"https:\/\/www.parisenigmes.com\/blog\/#\/schema\/logo\/image\/\"},\"sameAs\":[\"https:\/\/www.facebook.com\/ParisEnigmes\/\",\"https:\/\/www.instagram.com\/parisenigmes\/\"]},{\"@type\":\"Person\",\"@id\":\"https:\/\/www.parisenigmes.com\/blog\/#\/schema\/person\/2e217698c5034e9884190e3c9c806c22\",\"name\":\"parisenigmes\",\"image\":{\"@type\":\"ImageObject\",\"inLanguage\":\"fr-FR\",\"@id\":\"https:\/\/www.parisenigmes.com\/blog\/#\/schema\/person\/image\/\",\"url\":\"https:\/\/secure.gravatar.com\/avatar\/c462456799ea25a5b7e4a315895b6249adf94c7d85c70bcb626bb5d99e5b7a4d?s=96&d=mm&r=g\",\"contentUrl\":\"https:\/\/secure.gravatar.com\/avatar\/c462456799ea25a5b7e4a315895b6249adf94c7d85c70bcb626bb5d99e5b7a4d?s=96&d=mm&r=g\",\"caption\":\"parisenigmes\"},\"sameAs\":[\"https:\/\/www.parisenigmes.com\/ressources\/wordpress\"],\"url\":\"https:\/\/www.parisenigmes.com\/blog\/author\/parisenigmes\/\"}]}<\/script>\n<!-- \/ Yoast SEO plugin. -->","yoast_head_json":{"title":"Visiter N\u00eemes : 30 incontournables \u00e0 faire et voir - Paris Enigmes - Blog","description":"Visiter N\u00eemes, c\u2019est d\u00e9couvrir une ville romaine avec les ar\u00e8nes, la Maison Carr\u00e9e ..., mais aussi des mus\u00e9es, jardins et sp\u00e9cialit\u00e9s.","robots":{"index":"index","follow":"follow","max-snippet":"max-snippet:-1","max-image-preview":"max-image-preview:large","max-video-preview":"max-video-preview:-1"},"canonical":"https:\/\/www.parisenigmes.com\/blog\/visiter-nimes\/","og_locale":"fr_FR","og_type":"article","og_title":"Visiter N\u00eemes : 30 incontournables \u00e0 faire et voir","og_description":"Visiter N\u00eemes, c\u2019est d\u00e9couvrir une ville romaine avec les ar\u00e8nes, la Maison Carr\u00e9e ..., mais aussi des mus\u00e9es, jardins et sp\u00e9cialit\u00e9s.","og_url":"https:\/\/www.parisenigmes.com\/blog\/visiter-nimes\/","og_site_name":"Paris Enigmes - Blog","article_publisher":"https:\/\/www.facebook.com\/ParisEnigmes\/","article_published_time":"2026-04-26T07:22:39+00:00","article_modified_time":"2026-04-26T11:07:31+00:00","og_image":[{"width":1200,"height":627,"url":"https:\/\/www.parisenigmes.com\/blog\/wp-content\/uploads\/2026\/04\/nimes.webp","type":"image\/jpeg"}],"author":"parisenigmes","twitter_card":"summary_large_image","twitter_title":"Visiter N\u00eemes : 30 incontournables \u00e0 faire et voir","twitter_description":"Visiter N\u00eemes, c\u2019est d\u00e9couvrir une ville romaine avec les ar\u00e8nes, la Maison Carr\u00e9e ..., mais aussi des mus\u00e9es, jardins et sp\u00e9cialit\u00e9s.","twitter_image":"https:\/\/www.parisenigmes.com\/blog\/wp-content\/uploads\/2026\/04\/nimes.webp","twitter_misc":{"Written by":"parisenigmes","Est. reading time":"27 minutes"},"schema":{"@context":"https:\/\/schema.org","@graph":[{"@type":"Article","@id":"https:\/\/www.parisenigmes.com\/blog\/visiter-nimes\/#article","isPartOf":{"@id":"https:\/\/www.parisenigmes.com\/blog\/visiter-nimes\/"},"author":{"name":"parisenigmes","@id":"https:\/\/www.parisenigmes.com\/blog\/#\/schema\/person\/2e217698c5034e9884190e3c9c806c22"},"headline":"Visiter N\u00eemes : 30 incontournables \u00e0 faire et voir","datePublished":"2026-04-26T07:22:39+00:00","dateModified":"2026-04-26T11:07:31+00:00","mainEntityOfPage":{"@id":"https:\/\/www.parisenigmes.com\/blog\/visiter-nimes\/"},"wordCount":4895,"publisher":{"@id":"https:\/\/www.parisenigmes.com\/blog\/#organization"},"image":{"@id":"https:\/\/www.parisenigmes.com\/blog\/visiter-nimes\/#primaryimage"},"thumbnailUrl":"https:\/\/www.parisenigmes.com\/blog\/wp-content\/uploads\/2026\/04\/nimes.webp","articleSection":["France"],"inLanguage":"fr-FR"},{"@type":"WebPage","@id":"https:\/\/www.parisenigmes.com\/blog\/visiter-nimes\/","url":"https:\/\/www.parisenigmes.com\/blog\/visiter-nimes\/","name":"Visiter N\u00eemes : 30 incontournables \u00e0 faire et voir - Paris Enigmes - Blog","isPartOf":{"@id":"https:\/\/www.parisenigmes.com\/blog\/#website"},"primaryImageOfPage":{"@id":"https:\/\/www.parisenigmes.com\/blog\/visiter-nimes\/#primaryimage"},"image":{"@id":"https:\/\/www.parisenigmes.com\/blog\/visiter-nimes\/#primaryimage"},"thumbnailUrl":"https:\/\/www.parisenigmes.com\/blog\/wp-content\/uploads\/2026\/04\/nimes.webp","datePublished":"2026-04-26T07:22:39+00:00","dateModified":"2026-04-26T11:07:31+00:00","description":"Visiter N\u00eemes, c\u2019est d\u00e9couvrir une ville romaine avec les ar\u00e8nes, la Maison Carr\u00e9e ..., mais aussi des mus\u00e9es, jardins et sp\u00e9cialit\u00e9s.","breadcrumb":{"@id":"https:\/\/www.parisenigmes.com\/blog\/visiter-nimes\/#breadcrumb"},"inLanguage":"fr-FR","potentialAction":[{"@type":"ReadAction","target":["https:\/\/www.parisenigmes.com\/blog\/visiter-nimes\/"]}]},{"@type":"ImageObject","inLanguage":"fr-FR","@id":"https:\/\/www.parisenigmes.com\/blog\/visiter-nimes\/#primaryimage","url":"https:\/\/www.parisenigmes.com\/blog\/wp-content\/uploads\/2026\/04\/nimes.webp","contentUrl":"https:\/\/www.parisenigmes.com\/blog\/wp-content\/uploads\/2026\/04\/nimes.webp","width":1200,"height":627,"caption":"Ar\u00e8nes de n\u00eemes"},{"@type":"BreadcrumbList","@id":"https:\/\/www.parisenigmes.com\/blog\/visiter-nimes\/#breadcrumb","itemListElement":[{"@type":"ListItem","position":1,"name":"Home","item":"https:\/\/www.parisenigmes.com\/blog\/"},{"@type":"ListItem","position":2,"name":"Visiter N\u00eemes : 30 incontournables \u00e0 faire et voir"}]},{"@type":"WebSite","@id":"https:\/\/www.parisenigmes.com\/blog\/#website","url":"https:\/\/www.parisenigmes.com\/blog\/","name":"Paris Enigmes - Blog","description":"","publisher":{"@id":"https:\/\/www.parisenigmes.com\/blog\/#organization"},"potentialAction":[{"@type":"SearchAction","target":{"@type":"EntryPoint","urlTemplate":"https:\/\/www.parisenigmes.com\/blog\/?s={search_term_string}"},"query-input":{"@type":"PropertyValueSpecification","valueRequired":true,"valueName":"search_term_string"}}],"inLanguage":"fr-FR"},{"@type":"Organization","@id":"https:\/\/www.parisenigmes.com\/blog\/#organization","name":"Paris Enigmes - Blog","url":"https:\/\/www.parisenigmes.com\/blog\/","logo":{"@type":"ImageObject","inLanguage":"fr-FR","@id":"https:\/\/www.parisenigmes.com\/blog\/#\/schema\/logo\/image\/","url":"https:\/\/www.parisenigmes.com\/blog\/wp-content\/uploads\/2025\/08\/ic_launcher.png","contentUrl":"https:\/\/www.parisenigmes.com\/blog\/wp-content\/uploads\/2025\/08\/ic_launcher.png","width":1080,"height":1080,"caption":"Paris Enigmes - Blog"},"image":{"@id":"https:\/\/www.parisenigmes.com\/blog\/#\/schema\/logo\/image\/"},"sameAs":["https:\/\/www.facebook.com\/ParisEnigmes\/","https:\/\/www.instagram.com\/parisenigmes\/"]},{"@type":"Person","@id":"https:\/\/www.parisenigmes.com\/blog\/#\/schema\/person\/2e217698c5034e9884190e3c9c806c22","name":"parisenigmes","image":{"@type":"ImageObject","inLanguage":"fr-FR","@id":"https:\/\/www.parisenigmes.com\/blog\/#\/schema\/person\/image\/","url":"https:\/\/secure.gravatar.com\/avatar\/c462456799ea25a5b7e4a315895b6249adf94c7d85c70bcb626bb5d99e5b7a4d?s=96&d=mm&r=g","contentUrl":"https:\/\/secure.gravatar.com\/avatar\/c462456799ea25a5b7e4a315895b6249adf94c7d85c70bcb626bb5d99e5b7a4d?s=96&d=mm&r=g","caption":"parisenigmes"},"sameAs":["https:\/\/www.parisenigmes.com\/ressources\/wordpress"],"url":"https:\/\/www.parisenigmes.com\/blog\/author\/parisenigmes\/"}]}},"_links":{"self":[{"href":"https:\/\/www.parisenigmes.com\/blog\/wp-json\/wp\/v2\/posts\/5397","targetHints":{"allow":["GET"]}}],"collection":[{"href":"https:\/\/www.parisenigmes.com\/blog\/wp-json\/wp\/v2\/posts"}],"about":[{"href":"https:\/\/www.parisenigmes.com\/blog\/wp-json\/wp\/v2\/types\/post"}],"author":[{"embeddable":true,"href":"https:\/\/www.parisenigmes.com\/blog\/wp-json\/wp\/v2\/users\/1"}],"replies":[{"embeddable":true,"href":"https:\/\/www.parisenigmes.com\/blog\/wp-json\/wp\/v2\/comments?post=5397"}],"version-history":[{"count":6,"href":"https:\/\/www.parisenigmes.com\/blog\/wp-json\/wp\/v2\/posts\/5397\/revisions"}],"predecessor-version":[{"id":5433,"href":"https:\/\/www.parisenigmes.com\/blog\/wp-json\/wp\/v2\/posts\/5397\/revisions\/5433"}],"wp:featuredmedia":[{"embeddable":true,"href":"https:\/\/www.parisenigmes.com\/blog\/wp-json\/wp\/v2\/media\/5432"}],"wp:attachment":[{"href":"https:\/\/www.parisenigmes.com\/blog\/wp-json\/wp\/v2\/media?parent=5397"}],"wp:term":[{"taxonomy":"category","embeddable":true,"href":"https:\/\/www.parisenigmes.com\/blog\/wp-json\/wp\/v2\/categories?post=5397"},{"taxonomy":"post_tag","embeddable":true,"href":"https:\/\/www.parisenigmes.com\/blog\/wp-json\/wp\/v2\/tags?post=5397"}],"curies":[{"name":"wp","href":"https:\/\/api.w.org\/{rel}","templated":true}]}}