{"id":5434,"date":"2026-04-26T15:06:25","date_gmt":"2026-04-26T13:06:25","guid":{"rendered":"https:\/\/www.parisenigmes.com\/blog\/?p=5434"},"modified":"2026-04-26T19:22:52","modified_gmt":"2026-04-26T17:22:52","slug":"visiter-caen","status":"publish","type":"post","link":"https:\/\/www.parisenigmes.com\/blog\/visiter-caen\/","title":{"rendered":"Visiter Caen : 30 incontournables \u00e0 faire et voir"},"content":{"rendered":"<p data-start=\"45\" data-end=\"407\">Visiter Caen, c\u2019est d\u00e9couvrir l\u2019une des villes les plus embl\u00e9matiques de Normandie, au riche pass\u00e9 m\u00e9di\u00e9val et profond\u00e9ment marqu\u00e9 par l\u2019histoire de Guillaume le Conqu\u00e9rant. Entre ses abbayes fond\u00e9es au XIe si\u00e8cle, son imposant ch\u00e2teau ducal et son centre historique reconstruit apr\u00e8s la Seconde Guerre mondiale, Caen offre un patrimoine exceptionnel \u00e0 explorer.<\/p>\n<p data-start=\"409\" data-end=\"748\">Ville d\u2019art et d\u2019histoire, Caen s\u00e9duit aussi par ses mus\u00e9es de renomm\u00e9e comme le M\u00e9morial de Caen ou le Mus\u00e9e des Beaux-Arts, ainsi que par ses espaces verts et son atmosph\u00e8re vivante. Situ\u00e9e \u00e0 proximit\u00e9 des plages du D\u00e9barquement, de Bayeux ou encore de Rouen, elle constitue \u00e9galement un point de d\u00e9part id\u00e9al pour explorer la Normandie.<\/p>\n<p data-start=\"750\" data-end=\"866\" data-is-last-node=\"\" data-is-only-node=\"\">Entre culture, m\u00e9moire et architecture, Caen est une destination incontournable pour un s\u00e9jour riche en d\u00e9couvertes.<\/p>\n<h2 id=\"section-1\" tabindex=\"-1\" data-start=\"288\" data-end=\"341\"><strong data-start=\"294\" data-end=\"341\">Monuments &amp; Patrimoine Historique \u00e0 Caen<\/strong><\/h2>\n<h3>L\u2019<span class=\"hover:entity-accent entity-underline inline cursor-pointer align-baseline\"><span class=\"whitespace-normal\">Abbaye aux Hommes<\/span><\/span><\/h3>\n<figure id=\"attachment_5438\" aria-describedby=\"caption-attachment-5438\" style=\"width: 1024px\" class=\"wp-caption aligncenter\"><img data-dominant-color=\"858681\" data-has-transparency=\"false\" style=\"--dominant-color: #858681;\" loading=\"lazy\" decoding=\"async\" class=\"size-large wp-image-5438 not-transparent\" src=\"https:\/\/www.parisenigmes.com\/blog\/wp-content\/uploads\/2026\/04\/Caen_Abbaye_aux_Hommes_Hotel_de_Ville_1-1024x509.webp\" alt=\"L\u2019Abbaye aux Hommes\" width=\"1024\" height=\"509\" srcset=\"https:\/\/www.parisenigmes.com\/blog\/wp-content\/uploads\/2026\/04\/Caen_Abbaye_aux_Hommes_Hotel_de_Ville_1-1024x509.webp 1024w, https:\/\/www.parisenigmes.com\/blog\/wp-content\/uploads\/2026\/04\/Caen_Abbaye_aux_Hommes_Hotel_de_Ville_1-300x149.webp 300w, https:\/\/www.parisenigmes.com\/blog\/wp-content\/uploads\/2026\/04\/Caen_Abbaye_aux_Hommes_Hotel_de_Ville_1-768x382.webp 768w, https:\/\/www.parisenigmes.com\/blog\/wp-content\/uploads\/2026\/04\/Caen_Abbaye_aux_Hommes_Hotel_de_Ville_1.webp 1280w\" sizes=\"auto, (max-width: 1024px) 100vw, 1024px\" \/><figcaption id=\"caption-attachment-5438\" class=\"wp-caption-text\">L\u2019Abbaye aux Hommes<\/figcaption><\/figure>\n<p data-start=\"147\" data-end=\"455\">L\u2019<span class=\"hover:entity-accent entity-underline inline cursor-pointer align-baseline\"><span class=\"whitespace-normal\">Abbaye aux Hommes<\/span><\/span>, aussi appel\u00e9e abbaye Saint-\u00c9tienne, est l\u2019un des monuments les plus embl\u00e9matiques de <span class=\"hover:entity-accent entity-underline inline cursor-pointer align-baseline\"><span class=\"whitespace-normal\">Caen<\/span><\/span>. Fond\u00e9e vers 1060 par <span class=\"hover:entity-accent entity-underline inline cursor-pointer align-baseline\"><span class=\"whitespace-normal\">Guillaume le Conqu\u00e9rant<\/span><\/span>, elle incarne \u00e0 la fois le pouvoir politique et religieux de la Normandie m\u00e9di\u00e9vale.<\/p>\n<p data-start=\"503\" data-end=\"828\">La cr\u00e9ation de l\u2019abbaye r\u00e9pond \u00e0 plusieurs objectifs : renforcer l\u2019autorit\u00e9 du duc en Basse-Normandie, structurer le territoire et affirmer sa l\u00e9gitimit\u00e9. Avec l\u2019abbaye aux Dames, elle transforme Caen en centre majeur du duch\u00e9. Guillaume ira m\u00eame jusqu\u2019\u00e0 s\u2019y faire enterrer en 1087, marquant durablement l\u2019importance du lieu.<\/p>\n<p data-start=\"867\" data-end=\"1172\">Construite entre le XIe et le XVIIIe si\u00e8cle, l\u2019abbaye m\u00eale styles roman normand et gothique. Son \u00e9glise, Saint-\u00c9tienne, a profond\u00e9ment influenc\u00e9 l\u2019architecture en Angleterre apr\u00e8s la conqu\u00eate de 1066. Ses lignes harmonieuses et ses innovations en font un mod\u00e8le pour de nombreuses cath\u00e9drales europ\u00e9ennes.<\/p>\n<p data-start=\"1208\" data-end=\"1284\">Au fil des si\u00e8cles, l\u2019abbaye traverse guerres, pillages et transformations :<\/p>\n<ul data-start=\"1285\" data-end=\"1512\">\n<li data-section-id=\"5hcb17\" data-start=\"1285\" data-end=\"1338\">Elle est fortifi\u00e9e pendant la guerre de Cent Ans.<\/li>\n<li data-section-id=\"1m7yfv8\" data-start=\"1339\" data-end=\"1393\">Gravement endommag\u00e9e lors des guerres de Religion.<\/li>\n<li data-section-id=\"xl1xqa\" data-start=\"1394\" data-end=\"1449\">Restaur\u00e9e au XVIIe si\u00e8cle par les moines mauristes.<\/li>\n<li data-section-id=\"crt4m4\" data-start=\"1450\" data-end=\"1512\">Ferm\u00e9e \u00e0 la R\u00e9volution fran\u00e7aise, puis transform\u00e9e en lyc\u00e9e.<\/li>\n<\/ul>\n<p data-start=\"1548\" data-end=\"1790\">Depuis les ann\u00e9es 1960, les b\u00e2timents conventuels abritent l\u2019h\u00f4tel de ville de Caen, tandis que l\u2019\u00e9glise reste un lieu de culte. Class\u00e9e monument historique, l\u2019abbaye est aujourd\u2019hui un site incontournable pour comprendre l\u2019histoire normande.<\/p>\n<h3>Abbaye-aux-Dames<\/h3>\n<figure id=\"attachment_5439\" aria-describedby=\"caption-attachment-5439\" style=\"width: 1024px\" class=\"wp-caption aligncenter\"><img data-dominant-color=\"79817f\" data-has-transparency=\"false\" style=\"--dominant-color: #79817f;\" loading=\"lazy\" decoding=\"async\" class=\"size-large wp-image-5439 not-transparent\" src=\"https:\/\/www.parisenigmes.com\/blog\/wp-content\/uploads\/2026\/04\/Saintes_Abbaye-aux-Dames_chevet_et_clocher-1024x794.webp\" alt=\"Abbaye-aux-Dames\" width=\"1024\" height=\"794\" srcset=\"https:\/\/www.parisenigmes.com\/blog\/wp-content\/uploads\/2026\/04\/Saintes_Abbaye-aux-Dames_chevet_et_clocher-1024x794.webp 1024w, https:\/\/www.parisenigmes.com\/blog\/wp-content\/uploads\/2026\/04\/Saintes_Abbaye-aux-Dames_chevet_et_clocher-300x233.webp 300w, https:\/\/www.parisenigmes.com\/blog\/wp-content\/uploads\/2026\/04\/Saintes_Abbaye-aux-Dames_chevet_et_clocher-768x596.webp 768w, https:\/\/www.parisenigmes.com\/blog\/wp-content\/uploads\/2026\/04\/Saintes_Abbaye-aux-Dames_chevet_et_clocher.webp 1280w\" sizes=\"auto, (max-width: 1024px) 100vw, 1024px\" \/><figcaption id=\"caption-attachment-5439\" class=\"wp-caption-text\">Abbaye-aux-Dames<\/figcaption><\/figure>\n<p data-start=\"139\" data-end=\"502\">L\u2019<span class=\"hover:entity-accent entity-underline inline cursor-pointer align-baseline\"><span class=\"whitespace-normal\">Abbaye aux Dames<\/span><\/span>, aussi appel\u00e9e abbaye de la Sainte-Trinit\u00e9, est l\u2019autre grande abbaye fond\u00e9e au XIe si\u00e8cle \u00e0 <span class=\"hover:entity-accent entity-underline inline cursor-pointer align-baseline\"><span class=\"whitespace-normal\">Caen<\/span><\/span> par <span class=\"hover:entity-accent entity-underline inline cursor-pointer align-baseline\"><span class=\"whitespace-normal\">Guillaume le Conqu\u00e9rant<\/span><\/span> et son \u00e9pouse <span class=\"hover:entity-accent entity-underline inline cursor-pointer align-baseline\"><span class=\"whitespace-normal\">Mathilde de Flandre<\/span><\/span>. Plus qu\u2019un simple monast\u00e8re, elle incarne un projet \u00e0 la fois religieux, politique et symbolique.<\/p>\n<p data-start=\"552\" data-end=\"824\">Selon la tradition, l\u2019abbaye aurait \u00e9t\u00e9 fond\u00e9e pour expier le mariage contest\u00e9 de Guillaume et Mathilde par le pape. Mais au-del\u00e0 de cette l\u00e9gende, il s\u2019agit surtout d\u2019un choix politique : renforcer l\u2019autorit\u00e9 du duc et transformer Caen en centre majeur de la Normandie. Mathilde y sera enterr\u00e9e d\u00e8s 1083, faisant de l\u2019abbaye un lieu de m\u00e9moire royal.<\/p>\n<p data-start=\"944\" data-end=\"1170\">Construite entre 1062 et 1130, l\u2019\u00e9glise de la Trinit\u00e9 se distingue par son style roman, plus ornement\u00e9 et plus d\u00e9licat que celui de l\u2019abbaye aux Hommes. Elle abrite notamment l\u2019une des premi\u00e8res vo\u00fbtes d\u2019ogives de Normandie. Son ch\u0153ur, ses chapiteaux sculpt\u00e9s d\u2019animaux fantastiques et sa crypte donnent \u00e0 l\u2019ensemble une atmosph\u00e8re \u00e0 la fois majestueuse et myst\u00e9rieuse.<\/p>\n<p data-start=\"1352\" data-end=\"1433\">Au fil des si\u00e8cles, l\u2019abbaye \u00e9volue et traverse de nombreuses transformations :<\/p>\n<ul data-start=\"1434\" data-end=\"1620\">\n<li data-section-id=\"n9n9i9\" data-start=\"1434\" data-end=\"1512\">R\u00e9forme religieuse au XVIIe si\u00e8cle pour restaurer la discipline monastique<\/li>\n<li data-section-id=\"163k2nm\" data-start=\"1513\" data-end=\"1558\">Reconstruction partielle au XVIIIe si\u00e8cle<\/li>\n<li data-section-id=\"9duxn4\" data-start=\"1559\" data-end=\"1620\">Expulsion des religieuses pendant la R\u00e9volution fran\u00e7aise<\/li>\n<\/ul>\n<p data-start=\"1622\" data-end=\"1699\">Elle devient ensuite un h\u00f4pital (H\u00f4tel-Dieu), puis un b\u00e2timent administratif.<\/p>\n<p data-start=\"1728\" data-end=\"1960\">Aujourd\u2019hui, l\u2019abbaye accueille le si\u00e8ge du conseil r\u00e9gional de Normandie. Malgr\u00e9 ses changements de fonction, elle reste remarquablement pr\u00e9serv\u00e9e, notamment apr\u00e8s avoir \u00e9t\u00e9 relativement \u00e9pargn\u00e9e pendant la Seconde Guerre mondiale.<\/p>\n<h3>Ch\u00e2teau de Caen<\/h3>\n<figure id=\"attachment_5440\" aria-describedby=\"caption-attachment-5440\" style=\"width: 1024px\" class=\"wp-caption aligncenter\"><img data-dominant-color=\"768a84\" data-has-transparency=\"false\" style=\"--dominant-color: #768a84;\" loading=\"lazy\" decoding=\"async\" class=\"size-large wp-image-5440 not-transparent\" src=\"https:\/\/www.parisenigmes.com\/blog\/wp-content\/uploads\/2026\/04\/1920px-Chateau_de_Caen01-1024x769.webp\" alt=\"Ch\u00e2teau de Caen\" width=\"1024\" height=\"769\" srcset=\"https:\/\/www.parisenigmes.com\/blog\/wp-content\/uploads\/2026\/04\/1920px-Chateau_de_Caen01-1024x769.webp 1024w, https:\/\/www.parisenigmes.com\/blog\/wp-content\/uploads\/2026\/04\/1920px-Chateau_de_Caen01-300x225.webp 300w, https:\/\/www.parisenigmes.com\/blog\/wp-content\/uploads\/2026\/04\/1920px-Chateau_de_Caen01-768x576.webp 768w, https:\/\/www.parisenigmes.com\/blog\/wp-content\/uploads\/2026\/04\/1920px-Chateau_de_Caen01-1536x1153.webp 1536w, https:\/\/www.parisenigmes.com\/blog\/wp-content\/uploads\/2026\/04\/1920px-Chateau_de_Caen01.webp 1920w\" sizes=\"auto, (max-width: 1024px) 100vw, 1024px\" \/><figcaption id=\"caption-attachment-5440\" class=\"wp-caption-text\">Ch\u00e2teau de Caen<\/figcaption><\/figure>\n<p data-start=\"60\" data-end=\"260\">Le ch\u00e2teau de Caen est une vaste forteresse m\u00e9di\u00e9vale \u00e9difi\u00e9e aux alentours de 1060 par Guillaume le Conqu\u00e9rant. Couvrant environ 5,5 hectares, il compte parmi les plus grands ch\u00e2teaux forts d\u2019Europe.<\/p>\n<p data-start=\"262\" data-end=\"379\">-\u00c0 l\u2019origine, entre le XIe et le XIIe si\u00e8cle, il sert de r\u00e9sidence princi\u00e8re et de symbole du pouvoir ducal. On y trouve alors un palais, une chapelle ainsi qu\u2019une grande salle connue sous le nom de salle de l\u2019\u00c9chiquier. Les fortifications sont progressivement renforc\u00e9es afin d\u2019assurer sa protection.<\/p>\n<p data-start=\"683\" data-end=\"965\">En 1204, apr\u00e8s sa prise par Philippe Auguste, le ch\u00e2teau entre dans le domaine royal fran\u00e7ais. Il est alors transform\u00e9 en forteresse militaire plus d\u00e9fensive et devient \u00e9galement un centre administratif important, accueillant des fonctions de justice, de tr\u00e9sor et de pouvoir royal.<\/p>\n<p data-start=\"967\" data-end=\"1140\">Durant la fin du Moyen \u00c2ge, notamment pendant la Guerre de Cent Ans, il joue un r\u00f4le strat\u00e9gique majeur. Il subit plusieurs si\u00e8ges, occupations et r\u00e9am\u00e9nagements successifs.<\/p>\n<p data-start=\"1142\" data-end=\"1383\">\u00c0 partir de la Renaissance et jusqu\u2019au XVIIIe si\u00e8cle, son importance militaire d\u00e9cline progressivement. Il est alors utilis\u00e9 comme prison et conserve un r\u00f4le symbolique du pouvoir, tandis que la population civile quitte peu \u00e0 peu l\u2019enceinte.<\/p>\n<p data-start=\"1385\" data-end=\"1513\">Apr\u00e8s la R\u00e9volution fran\u00e7aise, une partie du ch\u00e2teau est d\u00e9truite, puis il est r\u00e9utilis\u00e9 comme caserne militaire au XIXe si\u00e8cle.<\/p>\n<p data-start=\"1515\" data-end=\"1774\">Au XXe si\u00e8cle, il est endommag\u00e9 lors de la Bataille de Caen pendant la Seconde Guerre mondiale, avant d\u2019\u00eatre restaur\u00e9 apr\u00e8s 1945. Il est ensuite reconverti en un important lieu culturel accueillant aujourd\u2019hui le Mus\u00e9e de Normandie et le Mus\u00e9e des Beaux-Arts.<\/p>\n<p data-start=\"1776\" data-end=\"1974\">Le site actuel comprend une enceinte fortifi\u00e9e avec ses tours, la salle de l\u2019\u00c9chiquier, l\u2019\u00e9glise Saint-Georges, le logis du gouverneur, des vestiges du donjon ainsi que des espaces mus\u00e9aux modernes.<\/p>\n<h3>\u00c9glise Saint-Pierre de Caen<\/h3>\n<figure id=\"attachment_5441\" aria-describedby=\"caption-attachment-5441\" style=\"width: 500px\" class=\"wp-caption aligncenter\"><img data-dominant-color=\"8a8e91\" data-has-transparency=\"false\" style=\"--dominant-color: #8a8e91;\" loading=\"lazy\" decoding=\"async\" class=\"size-full wp-image-5441 not-transparent\" src=\"https:\/\/www.parisenigmes.com\/blog\/wp-content\/uploads\/2026\/04\/Eglise_Saint_Pierre_-_Caen_FR14_-_2021-11-11_-_22.webp\" alt=\"\u00c9glise Saint-Pierre de Caen\" width=\"500\" height=\"1023\" srcset=\"https:\/\/www.parisenigmes.com\/blog\/wp-content\/uploads\/2026\/04\/Eglise_Saint_Pierre_-_Caen_FR14_-_2021-11-11_-_22.webp 500w, https:\/\/www.parisenigmes.com\/blog\/wp-content\/uploads\/2026\/04\/Eglise_Saint_Pierre_-_Caen_FR14_-_2021-11-11_-_22-147x300.webp 147w\" sizes=\"auto, (max-width: 500px) 100vw, 500px\" \/><figcaption id=\"caption-attachment-5441\" class=\"wp-caption-text\">\u00c9glise Saint-Pierre de Caen<\/figcaption><\/figure>\n<p data-start=\"72\" data-end=\"494\">L\u2019<span class=\"hover:entity-accent entity-underline inline cursor-pointer align-baseline\"><span class=\"whitespace-normal\">\u00c9glise Saint-Pierre de Caen<\/span><\/span> a \u00e9t\u00e9 construite entre le XIIIe et le XVIe si\u00e8cle, elle pr\u00e9sente une architecture m\u00ealant les styles gothique et Renaissance.<\/p>\n<p data-start=\"496\" data-end=\"916\">Son origine reste incertaine, mais elle aurait \u00e9t\u00e9 fond\u00e9e d\u00e8s le VIIe si\u00e8cle avant d\u2019\u00eatre reconstruite au XIIe si\u00e8cle. Les travaux s\u2019\u00e9tendent ensuite sur plusieurs si\u00e8cles : le ch\u0153ur et la tour sont \u00e9difi\u00e9s au XIIIe si\u00e8cle, la fa\u00e7ade et le c\u00e9l\u00e8bre clocher gothique au XIVe si\u00e8cle, la nef au XVe si\u00e8cle, puis l\u2019abside de style Renaissance au XVIe si\u00e8cle. Ce long chantier explique la richesse architecturale de l\u2019\u00e9difice.<\/p>\n<p data-start=\"918\" data-end=\"1163\">Pendant la <span class=\"hover:entity-accent entity-underline inline cursor-pointer align-baseline\"><span class=\"whitespace-normal\">R\u00e9volution fran\u00e7aise<\/span><\/span>, elle est ferm\u00e9e au culte et transform\u00e9e en temple la\u00efc avant d\u2019\u00eatre rendue au culte catholique en 1795. Durant la Seconde Guerre mondiale, notamment lors de la <span class=\"hover:entity-accent entity-underline inline cursor-pointer align-baseline\"><span class=\"whitespace-normal\">Bataille de Caen<\/span><\/span> en 1944, le clocher est gravement endommag\u00e9 et sa fl\u00e8che s\u2019effondre. L\u2019\u00e9difice est restaur\u00e9 apr\u00e8s la guerre, et le clocher actuel, reconstruit en 1957, atteint aujourd\u2019hui environ 75 m\u00e8tres de hauteur.<\/p>\n<h3>\u00c9glise Saint-\u00c9tienne-le-Vieux<\/h3>\n<figure id=\"attachment_5442\" aria-describedby=\"caption-attachment-5442\" style=\"width: 1024px\" class=\"wp-caption aligncenter\"><img data-dominant-color=\"859fbe\" data-has-transparency=\"false\" style=\"--dominant-color: #859fbe;\" loading=\"lazy\" decoding=\"async\" class=\"size-large wp-image-5442 not-transparent\" src=\"https:\/\/www.parisenigmes.com\/blog\/wp-content\/uploads\/2026\/04\/FranceNormandieCaenEgliseStEtienneLeVieux-1024x768.webp\" alt=\"\u00c9glise Saint-\u00c9tienne-le-Vieux\" width=\"1024\" height=\"768\" srcset=\"https:\/\/www.parisenigmes.com\/blog\/wp-content\/uploads\/2026\/04\/FranceNormandieCaenEgliseStEtienneLeVieux-1024x768.webp 1024w, https:\/\/www.parisenigmes.com\/blog\/wp-content\/uploads\/2026\/04\/FranceNormandieCaenEgliseStEtienneLeVieux-300x225.webp 300w, https:\/\/www.parisenigmes.com\/blog\/wp-content\/uploads\/2026\/04\/FranceNormandieCaenEgliseStEtienneLeVieux-768x576.webp 768w, https:\/\/www.parisenigmes.com\/blog\/wp-content\/uploads\/2026\/04\/FranceNormandieCaenEgliseStEtienneLeVieux.webp 1280w\" sizes=\"auto, (max-width: 1024px) 100vw, 1024px\" \/><figcaption id=\"caption-attachment-5442\" class=\"wp-caption-text\">\u00c9glise Saint-\u00c9tienne-le-Vieux<\/figcaption><\/figure>\n<p data-start=\"102\" data-end=\"392\">L\u2019<span class=\"hover:entity-accent entity-underline inline cursor-pointer align-baseline\"><span class=\"whitespace-normal\">\u00e9glise Saint-\u00c9tienne-le-Vieux<\/span><\/span> est une ancienne \u00e9glise catholique. Construite principalement entre le XVe et le XVIe si\u00e8cle dans un style gothique, elle est aujourd\u2019hui d\u00e9saffect\u00e9e et partiellement en ruine.<\/p>\n<p data-start=\"394\" data-end=\"648\">Fond\u00e9e probablement au Xe si\u00e8cle, elle est mentionn\u00e9e d\u00e8s le XIe si\u00e8cle sous le nom de <em data-start=\"481\" data-end=\"506\">Sanctus Stephanus Vetus<\/em>. Le qualificatif \u00ab le Vieux \u00bb permet de la distinguer de l\u2019\u00e9glise abbatiale Saint-\u00c9tienne, construite \u00e0 proximit\u00e9 \u00e0 partir de la m\u00eame \u00e9poque.<\/p>\n<p data-start=\"650\" data-end=\"915\">Situ\u00e9e le long des anciens remparts de la ville, l\u2019\u00e9glise subit d\u2019importants dommages pendant la guerre de Cent Ans, notamment lors du si\u00e8ge de 1417. Elle est ensuite reconstruite durant l\u2019occupation anglaise, p\u00e9riode \u00e0 laquelle remonte sa tour-lanterne octogonale.<\/p>\n<p data-start=\"917\" data-end=\"1236\">D\u00e9saffect\u00e9e \u00e0 la R\u00e9volution fran\u00e7aise en 1793, elle n\u2019est pas r\u00e9affect\u00e9e au culte par la suite. Progressivement abandonn\u00e9e, elle se d\u00e9grade fortement au XIXe si\u00e8cle, au point d\u2019\u00eatre ferm\u00e9e au public d\u00e8s 1844 en raison de son \u00e9tat de ruine.<\/p>\n<p data-start=\"1238\" data-end=\"1449\">En 1944, lors des bombardements de la Seconde Guerre mondiale, la nef est en grande partie d\u00e9truite, aggravant son \u00e9tat de d\u00e9labrement. Des travaux engag\u00e9s \u00e0 partir de 2025 visent \u00e0 permettre sa r\u00e9ouverture partielle au public \u00e0 l\u2019horizon 2026.<\/p>\n<h3>\u00c9glise Saint-Jean<\/h3>\n<figure id=\"attachment_5443\" aria-describedby=\"caption-attachment-5443\" style=\"width: 1024px\" class=\"wp-caption aligncenter\"><img data-dominant-color=\"707e87\" data-has-transparency=\"false\" style=\"--dominant-color: #707e87;\" loading=\"lazy\" decoding=\"async\" class=\"size-large wp-image-5443 not-transparent\" src=\"https:\/\/www.parisenigmes.com\/blog\/wp-content\/uploads\/2026\/04\/Caen_eglise_Saint-Jean_chevet-1024x682.webp\" alt=\"L\u2019\u00e9glise Saint-Jean de Caen\" width=\"1024\" height=\"682\" srcset=\"https:\/\/www.parisenigmes.com\/blog\/wp-content\/uploads\/2026\/04\/Caen_eglise_Saint-Jean_chevet-1024x682.webp 1024w, https:\/\/www.parisenigmes.com\/blog\/wp-content\/uploads\/2026\/04\/Caen_eglise_Saint-Jean_chevet-300x200.webp 300w, https:\/\/www.parisenigmes.com\/blog\/wp-content\/uploads\/2026\/04\/Caen_eglise_Saint-Jean_chevet-768x512.webp 768w, https:\/\/www.parisenigmes.com\/blog\/wp-content\/uploads\/2026\/04\/Caen_eglise_Saint-Jean_chevet.webp 1280w\" sizes=\"auto, (max-width: 1024px) 100vw, 1024px\" \/><figcaption id=\"caption-attachment-5443\" class=\"wp-caption-text\">L\u2019\u00e9glise Saint-Jean de Caen<\/figcaption><\/figure>\n<p data-start=\"61\" data-end=\"374\">L\u2019<span class=\"hover:entity-accent entity-underline inline cursor-pointer align-baseline\"><span class=\"whitespace-normal\">\u00e9glise Saint-Jean de Caen<\/span><\/span> est une \u00e9glise catholique. Construite principalement entre le XVe et le XVIe si\u00e8cle, elle pr\u00e9sente un style m\u00ealant gothique et Renaissance et est class\u00e9e monument historique depuis 1840.<\/p>\n<p data-start=\"376\" data-end=\"762\">L\u2019\u00e9glise est mentionn\u00e9e pour la premi\u00e8re fois en 1059 et porte successivement plusieurs noms au cours du Moyen \u00c2ge. Elle est fortement endommag\u00e9e pendant la guerre de Cent Ans, notamment lors du si\u00e8ge de 1417, puis reconstruite aux XVe et XVIe si\u00e8cles.<\/p>\n<p data-start=\"764\" data-end=\"1043\">Pendant la R\u00e9volution fran\u00e7aise, l\u2019\u00e9difice est d\u00e9saffect\u00e9 et utilis\u00e9 comme salp\u00eatri\u00e8re avant d\u2019\u00eatre rendu au culte en 1802. Lors de la bataille de Caen en 1944, l\u2019\u00e9glise subit d\u2019importants d\u00e9g\u00e2ts mais est restaur\u00e9e apr\u00e8s la guerre, dans le cadre de la reconstruction de la ville.<\/p>\n<p data-start=\"1045\" data-end=\"1384\">L\u2019\u00e9glise est c\u00e9l\u00e8bre pour sa tour-porche inclin\u00e9e, souvent compar\u00e9e \u00e0 une \u00ab tour de Pise \u00bb en raison de son inclinaison caus\u00e9e par l\u2019instabilit\u00e9 du sol mar\u00e9cageux sur lequel elle a \u00e9t\u00e9 construite.<\/p>\n<p data-start=\"1386\" data-end=\"1682\">D\u2019un point de vue architectural, l\u2019\u00e9glise mesure environ 70 m\u00e8tres de long et pr\u00e9sente un plan original, avec un ch\u0153ur plus long que la nef et un chevet orient\u00e9 vers le nord-est.\u00a0 \u00c0 l\u2019int\u00e9rieur, l\u2019\u00e9glise conserve divers \u00e9l\u00e9ments de mobilier religieux, dont des statues class\u00e9es monuments historiques et plusieurs \u0153uvres d\u2019art. Elle abrite \u00e9galement un orgue moderne install\u00e9 en 1969, ainsi qu\u2019un orgue de ch\u0153ur plus ancien toujours en fonctionnement.<\/p>\n<h3>Place Saint-Sauveur<\/h3>\n<figure id=\"attachment_5444\" aria-describedby=\"caption-attachment-5444\" style=\"width: 1024px\" class=\"wp-caption aligncenter\"><img data-dominant-color=\"958e84\" data-has-transparency=\"false\" style=\"--dominant-color: #958e84;\" loading=\"lazy\" decoding=\"async\" class=\"size-large wp-image-5444 not-transparent\" src=\"https:\/\/www.parisenigmes.com\/blog\/wp-content\/uploads\/2026\/04\/Place_Saint_Sauveur_-_Caen_FR14_-_2021-11-13_-_5-1024x768.webp\" alt=\"Place Saint-Sauveur\" width=\"1024\" height=\"768\" srcset=\"https:\/\/www.parisenigmes.com\/blog\/wp-content\/uploads\/2026\/04\/Place_Saint_Sauveur_-_Caen_FR14_-_2021-11-13_-_5-1024x768.webp 1024w, https:\/\/www.parisenigmes.com\/blog\/wp-content\/uploads\/2026\/04\/Place_Saint_Sauveur_-_Caen_FR14_-_2021-11-13_-_5-300x225.webp 300w, https:\/\/www.parisenigmes.com\/blog\/wp-content\/uploads\/2026\/04\/Place_Saint_Sauveur_-_Caen_FR14_-_2021-11-13_-_5-768x576.webp 768w, https:\/\/www.parisenigmes.com\/blog\/wp-content\/uploads\/2026\/04\/Place_Saint_Sauveur_-_Caen_FR14_-_2021-11-13_-_5.webp 1280w\" sizes=\"auto, (max-width: 1024px) 100vw, 1024px\" \/><figcaption id=\"caption-attachment-5444\" class=\"wp-caption-text\">Place Saint-Sauveur<\/figcaption><\/figure>\n<p data-start=\"0\" data-end=\"264\">La <span class=\"hover:entity-accent entity-underline inline cursor-pointer align-baseline\"><span class=\"whitespace-normal\">Place Saint-Sauveur<\/span><\/span> est l\u2019un des plus anciens espaces publics du centre historique de <span class=\"hover:entity-accent entity-underline inline cursor-pointer align-baseline\"><span class=\"whitespace-normal\">Caen<\/span><\/span>. Cr\u00e9\u00e9e dans la seconde moiti\u00e9 du XVIIIe si\u00e8cle, elle pr\u00e9sente une forme triangulaire et s\u2019\u00e9tend sur environ 7 000 m\u00b2.<\/p>\n<p data-start=\"266\" data-end=\"580\">Depuis le Moyen \u00c2ge, cette place joue un r\u00f4le central dans la vie de la ville : elle accueille un march\u00e9 important et sert \u00e9galement de lieu de justice o\u00f9 \u00e9taient install\u00e9s le pilori et l\u2019\u00e9chafaud. Elle \u00e9tait alors entour\u00e9e de maisons en bois et portait des noms comme \u00ab place du March\u00e9 \u00bb ou \u00ab place du Pilori \u00bb.<\/p>\n<p data-start=\"582\" data-end=\"828\">Au XVIIIe si\u00e8cle, la place est profond\u00e9ment transform\u00e9e dans le cadre d\u2019un vaste projet d\u2019urbanisme. Les b\u00e2timents m\u00e9di\u00e9vaux sont d\u00e9truits et remplac\u00e9s par des h\u00f4tels particuliers de style classique, cr\u00e9ant un ensemble architectural harmonieux.<\/p>\n<p data-start=\"830\" data-end=\"1049\">Aux XIXe et XXe si\u00e8cles, la place \u00e9volue avec l\u2019installation de plusieurs statues et le passage du tramway. Elle est peu endommag\u00e9e lors de la Seconde Guerre mondiale, ce qui permet de conserver son aspect historique.<\/p>\n<p data-start=\"1051\" data-end=\"1295\" data-is-last-node=\"\" data-is-only-node=\"\">Au XXIe si\u00e8cle, la place est r\u00e9am\u00e9nag\u00e9e et pi\u00e9tonnis\u00e9e en 2012 apr\u00e8s d\u2019importants travaux.<\/p>\n<h3>Maison des Quatrans<\/h3>\n<figure id=\"attachment_5445\" aria-describedby=\"caption-attachment-5445\" style=\"width: 768px\" class=\"wp-caption aligncenter\"><img data-dominant-color=\"7a7982\" data-has-transparency=\"false\" style=\"--dominant-color: #7a7982;\" loading=\"lazy\" decoding=\"async\" class=\"size-full wp-image-5445 not-transparent\" src=\"https:\/\/www.parisenigmes.com\/blog\/wp-content\/uploads\/2026\/04\/Caen_quatrans_geole.webp\" alt=\"Maison des Quatrans\" width=\"768\" height=\"1024\" srcset=\"https:\/\/www.parisenigmes.com\/blog\/wp-content\/uploads\/2026\/04\/Caen_quatrans_geole.webp 768w, https:\/\/www.parisenigmes.com\/blog\/wp-content\/uploads\/2026\/04\/Caen_quatrans_geole-225x300.webp 225w\" sizes=\"auto, (max-width: 768px) 100vw, 768px\" \/><figcaption id=\"caption-attachment-5445\" class=\"wp-caption-text\">Maison des Quatrans<\/figcaption><\/figure>\n<p data-start=\"0\" data-end=\"300\">La <span class=\"hover:entity-accent entity-underline inline cursor-pointer align-baseline\"><span class=\"whitespace-normal\">Maison des Quatrans<\/span><\/span> est une maison \u00e0 colombages construite vers 1460 dans le centre historique de <span class=\"hover:entity-accent entity-underline inline cursor-pointer align-baseline\"><span class=\"whitespace-normal\">Caen<\/span><\/span>. Elle a \u00e9t\u00e9 construite \u00e0 l\u2019origine pour un riche tanneur, Michel Le Fevre. La maison comprend une structure en pierre de Caen et en pan de bois, avec plusieurs \u00e9tages en encorbellement et une tour d\u2019escalier en vis donnant acc\u00e8s aux niveaux sup\u00e9rieurs.<\/p>\n<p data-start=\"608\" data-end=\"848\">Au cours des si\u00e8cles, la maison a connu de nombreuses transformations : ajout de d\u00e9cors Renaissance au XVIe si\u00e8cle, am\u00e9nagements int\u00e9rieurs, puis changements d\u2019usage successifs (habitation, tannerie, jeu de paume, bureaux administratifs).<\/p>\n<p data-start=\"850\" data-end=\"1083\">Tr\u00e8s endommag\u00e9e lors des bombardements de 1944, elle a \u00e9t\u00e9 partiellement restaur\u00e9e apr\u00e8s la guerre, mais certaines parties ont \u00e9t\u00e9 d\u00e9truites ou modifi\u00e9es. Depuis, elle est utilis\u00e9e pour des activit\u00e9s administratives et culturelles.<\/p>\n<h3>H\u00f4tel d&rsquo;Escoville<\/h3>\n<figure id=\"attachment_5446\" aria-describedby=\"caption-attachment-5446\" style=\"width: 1024px\" class=\"wp-caption aligncenter\"><img data-dominant-color=\"868b89\" data-has-transparency=\"false\" style=\"--dominant-color: #868b89;\" loading=\"lazy\" decoding=\"async\" class=\"size-large wp-image-5446 not-transparent\" src=\"https:\/\/www.parisenigmes.com\/blog\/wp-content\/uploads\/2026\/04\/Hotel_Escoville_-_Caen_FR14_-_2021-11-11_-_2-1024x717.webp\" alt=\"H\u00f4tel d'Escoville\" width=\"1024\" height=\"717\" srcset=\"https:\/\/www.parisenigmes.com\/blog\/wp-content\/uploads\/2026\/04\/Hotel_Escoville_-_Caen_FR14_-_2021-11-11_-_2-1024x717.webp 1024w, https:\/\/www.parisenigmes.com\/blog\/wp-content\/uploads\/2026\/04\/Hotel_Escoville_-_Caen_FR14_-_2021-11-11_-_2-300x210.webp 300w, https:\/\/www.parisenigmes.com\/blog\/wp-content\/uploads\/2026\/04\/Hotel_Escoville_-_Caen_FR14_-_2021-11-11_-_2-768x538.webp 768w, https:\/\/www.parisenigmes.com\/blog\/wp-content\/uploads\/2026\/04\/Hotel_Escoville_-_Caen_FR14_-_2021-11-11_-_2.webp 1280w\" sizes=\"auto, (max-width: 1024px) 100vw, 1024px\" \/><figcaption id=\"caption-attachment-5446\" class=\"wp-caption-text\">H\u00f4tel d&rsquo;Escoville<\/figcaption><\/figure>\n<p>L\u2019h\u00f4tel d\u2019Escoville est un h\u00f4tel particulier de style Renaissance situ\u00e9 sur la place Saint-Pierre \u00e0 Caen, construit entre 1533 et 1540 pour Nicolas Le Valois d\u2019Escoville, un riche marchand anobli.<\/p>\n<p>Il est consid\u00e9r\u00e9 comme l\u2019un des plus beaux exemples d\u2019architecture Renaissance en Normandie gr\u00e2ce \u00e0 sa cour int\u00e9rieure richement d\u00e9cor\u00e9e et ses fa\u00e7ades sculpt\u00e9es. Le b\u00e2timent a \u00e9t\u00e9 profond\u00e9ment transform\u00e9 au fil des si\u00e8cles et partiellement d\u00e9truit lors des bombardements de 1944 pendant la bataille de Caen.<\/p>\n<p>Il a ensuite \u00e9t\u00e9 reconstruit dans les ann\u00e9es 1950-1960 en respectant son apparence g\u00e9n\u00e9rale d\u2019origine, m\u00eame si certaines parties ont \u00e9t\u00e9 modifi\u00e9es. Class\u00e9 monument historique depuis 1862, il a eu des usages vari\u00e9s (mairie, chambres de commerce, lieux culturels) et accueille aujourd\u2019hui l\u2019office de tourisme de la ville de Caen ainsi que des activit\u00e9s culturelles.<\/p>\n<h3>Porte Saint-Pierre<\/h3>\n<figure id=\"attachment_5447\" aria-describedby=\"caption-attachment-5447\" style=\"width: 787px\" class=\"wp-caption aligncenter\"><img data-dominant-color=\"7d7f7b\" data-has-transparency=\"false\" style=\"--dominant-color: #7d7f7b;\" loading=\"lazy\" decoding=\"async\" class=\"size-large wp-image-5447 not-transparent\" src=\"https:\/\/www.parisenigmes.com\/blog\/wp-content\/uploads\/2026\/04\/Caen_Chateau_de_Caen_Porte_Saint-Pierre_1-787x1024.webp\" alt=\"Porte Saint-Pierre\" width=\"787\" height=\"1024\" srcset=\"https:\/\/www.parisenigmes.com\/blog\/wp-content\/uploads\/2026\/04\/Caen_Chateau_de_Caen_Porte_Saint-Pierre_1-787x1024.webp 787w, https:\/\/www.parisenigmes.com\/blog\/wp-content\/uploads\/2026\/04\/Caen_Chateau_de_Caen_Porte_Saint-Pierre_1-231x300.webp 231w, https:\/\/www.parisenigmes.com\/blog\/wp-content\/uploads\/2026\/04\/Caen_Chateau_de_Caen_Porte_Saint-Pierre_1-768x999.webp 768w, https:\/\/www.parisenigmes.com\/blog\/wp-content\/uploads\/2026\/04\/Caen_Chateau_de_Caen_Porte_Saint-Pierre_1.webp 960w\" sizes=\"auto, (max-width: 787px) 100vw, 787px\" \/><figcaption id=\"caption-attachment-5447\" class=\"wp-caption-text\">Porte Saint-Pierre<\/figcaption><\/figure>\n<p>La porte Saint-Pierre du ch\u00e2teau de Caen est une entr\u00e9e fortifi\u00e9e datant principalement du Moyen \u00c2ge, renforc\u00e9e entre 1417 et 1450 pendant la guerre de Cent Ans par les Anglais afin de prot\u00e9ger le ch\u00e2teau contre les attaques venant de la ville.<\/p>\n<p>Elle \u00e9tait accompagn\u00e9e d\u2019une barbacane compos\u00e9e de tours et de murs permettant de d\u00e9fendre l\u2019acc\u00e8s et de ralentir les assaillants. La porte a \u00e9t\u00e9 reconstruite en 1804, puis restaur\u00e9e apr\u00e8s 1944 pour lui redonner un aspect m\u00e9di\u00e9val avec sa barbacane et son ouverture sur un espace d\u00e9gag\u00e9 pr\u00e8s de l\u2019\u00e9glise Saint-Pierre.<\/p>\n<p>Aujourd\u2019hui, elle constitue l\u2019entr\u00e9e principale du ch\u00e2teau de Caen pour les visiteurs venant du centre-ville, et elle t\u00e9moigne de l\u2019importance strat\u00e9gique et militaire du site au fil des si\u00e8cles.<\/p>\n<h3>H\u00f4tel de Than<\/h3>\n<figure id=\"attachment_5448\" aria-describedby=\"caption-attachment-5448\" style=\"width: 1024px\" class=\"wp-caption aligncenter\"><img data-dominant-color=\"656e73\" data-has-transparency=\"false\" style=\"--dominant-color: #656e73;\" loading=\"lazy\" decoding=\"async\" class=\"size-full wp-image-5448 not-transparent\" src=\"https:\/\/www.parisenigmes.com\/blog\/wp-content\/uploads\/2026\/04\/Hotel_than.webp\" alt=\"H\u00f4tel de Than\" width=\"1024\" height=\"768\" srcset=\"https:\/\/www.parisenigmes.com\/blog\/wp-content\/uploads\/2026\/04\/Hotel_than.webp 1024w, https:\/\/www.parisenigmes.com\/blog\/wp-content\/uploads\/2026\/04\/Hotel_than-300x225.webp 300w, https:\/\/www.parisenigmes.com\/blog\/wp-content\/uploads\/2026\/04\/Hotel_than-768x576.webp 768w\" sizes=\"auto, (max-width: 1024px) 100vw, 1024px\" \/><figcaption id=\"caption-attachment-5448\" class=\"wp-caption-text\">H\u00f4tel de Than<\/figcaption><\/figure>\n<p data-start=\"0\" data-end=\"436\">L\u2019h\u00f4tel de Than, \u00e0 Caen, est un h\u00f4tel particulier de style Renaissance construit vers 1527 pour Thomas Morel. \u00c0 l\u2019origine organis\u00e9 autour d\u2019une cour et compos\u00e9 de plusieurs b\u00e2timents, il a \u00e9t\u00e9 fortement transform\u00e9 au fil des si\u00e8cles. Au XIXe si\u00e8cle, il devient une demeure bourgeoise prestigieuse puis un lieu ouvert au public avec des collections priv\u00e9es, avant d\u2019accueillir des activit\u00e9s commerciales comme un restaurant et un cin\u00e9ma.<\/p>\n<p data-start=\"438\" data-end=\"881\" data-is-last-node=\"\" data-is-only-node=\"\">Tr\u00e8s endommag\u00e9 lors de la Seconde Guerre mondiale, il est partiellement reconstruit apr\u00e8s 1944, avec des choix m\u00ealant restauration et modernisation. Le b\u00e2timent conna\u00eet ensuite diff\u00e9rents usages (transports, gendarmerie) et fait l\u2019objet de nouveaux projets de r\u00e9novation. Malgr\u00e9 ses transformations, il reste un exemple important de l\u2019architecture Renaissance \u00e0 Caen, notamment pour ses lucarnes et son organisation initiale autour d\u2019une cour.<\/p>\n<h3>Tour Leroy<\/h3>\n<figure id=\"attachment_5449\" aria-describedby=\"caption-attachment-5449\" style=\"width: 680px\" class=\"wp-caption aligncenter\"><img data-dominant-color=\"6b655b\" data-has-transparency=\"false\" style=\"--dominant-color: #6b655b;\" loading=\"lazy\" decoding=\"async\" class=\"size-large wp-image-5449 not-transparent\" src=\"https:\/\/www.parisenigmes.com\/blog\/wp-content\/uploads\/2026\/04\/La_Tour_Leroy_Caen_7872-680x1024.webp\" alt=\"Tour Leroy\" width=\"680\" height=\"1024\" srcset=\"https:\/\/www.parisenigmes.com\/blog\/wp-content\/uploads\/2026\/04\/La_Tour_Leroy_Caen_7872-680x1024.webp 680w, https:\/\/www.parisenigmes.com\/blog\/wp-content\/uploads\/2026\/04\/La_Tour_Leroy_Caen_7872-199x300.webp 199w, https:\/\/www.parisenigmes.com\/blog\/wp-content\/uploads\/2026\/04\/La_Tour_Leroy_Caen_7872-768x1156.webp 768w, https:\/\/www.parisenigmes.com\/blog\/wp-content\/uploads\/2026\/04\/La_Tour_Leroy_Caen_7872.webp 960w\" sizes=\"auto, (max-width: 680px) 100vw, 680px\" \/><figcaption id=\"caption-attachment-5449\" class=\"wp-caption-text\">Tour Leroy<\/figcaption><\/figure>\n<p data-start=\"0\" data-end=\"280\">La tour Leroy, \u00e0 Caen, est une tour de fortification construite au XIVe si\u00e8cle dans le cadre des remparts de la ville. Situ\u00e9e pr\u00e8s du bassin Saint-Pierre, elle faisait partie du syst\u00e8me d\u00e9fensif prot\u00e9geant l\u2019entr\u00e9e du port m\u00e9di\u00e9val et \u00e9tait reli\u00e9e \u00e0 une autre tour par une cha\u00eene.<\/p>\n<p data-start=\"282\" data-end=\"590\">Au fil du temps, elle perd sa fonction militaire et sert d\u2019habitation puis de prison pour contrebandiers. Menac\u00e9e de destruction au XIXe si\u00e8cle, elle est finalement restaur\u00e9e et conserv\u00e9e par la ville. Elle subit quelques dommages pendant la Seconde Guerre mondiale, puis est de nouveau restaur\u00e9e apr\u00e8s 1945.<\/p>\n<p data-start=\"592\" data-end=\"866\" data-is-last-node=\"\" data-is-only-node=\"\">Aujourd\u2019hui, la tour Leroy est l\u2019un des rares vestiges encore visibles des anciennes fortifications de Caen.<\/p>\n<h3>Ancienne Chapelle du Saint-S\u00e9pulcre<\/h3>\n<p data-start=\"39\" data-end=\"382\">La coll\u00e9giale du Saint-S\u00e9pulcre de Caen est une ancienne \u00e9glise fond\u00e9e au XIII\u1d49 si\u00e8cle dans le quartier du Vaugueux. Elle est cr\u00e9\u00e9e \u00e0 la suite du v\u0153u d\u2019un pr\u00eatre qui voulait construire un \u00e9difice inspir\u00e9 du Saint-S\u00e9pulcre de J\u00e9rusalem. Le lieu devient rapidement important gr\u00e2ce \u00e0 ses reliques et aux processions religieuses qui s\u2019y d\u00e9roulent.<\/p>\n<p data-start=\"384\" data-end=\"733\">Au fil des si\u00e8cles, l\u2019\u00e9glise subit plusieurs destructions et reconstructions : pill\u00e9e pendant les guerres m\u00e9di\u00e9vales, puis d\u00e9truite au XVI\u1d49 si\u00e8cle, elle est reconstruite et agrandie jusqu\u2019au XVIII\u1d49 si\u00e8cle dans un style classique. Apr\u00e8s la R\u00e9volution, elle perd son r\u00f4le religieux et sert \u00e0 diff\u00e9rents usages (arm\u00e9e, archives, activit\u00e9s culturelles).<\/p>\n<p data-start=\"735\" data-end=\"904\" data-is-last-node=\"\" data-is-only-node=\"\">Aujourd\u2019hui, le b\u00e2timent est class\u00e9 monument historique et n\u2019est plus une \u00e9glise active, mais un lieu patrimonial et culturel utilis\u00e9 ponctuellement pour des \u00e9v\u00e9nements.<\/p>\n<h2 id=\"section-2\" tabindex=\"-1\" data-start=\"590\" data-end=\"622\"><strong data-start=\"596\" data-end=\"622\">Mus\u00e9es incontournables de\u00a0<\/strong><strong data-start=\"294\" data-end=\"341\">Caen<\/strong><\/h2>\n<div class=\"ATCbm\">\n<h3 class=\"XfVdV o AIbhI\">M\u00e9morial de Caen<\/h3>\n<figure id=\"attachment_5450\" aria-describedby=\"caption-attachment-5450\" style=\"width: 1024px\" class=\"wp-caption aligncenter\"><img data-dominant-color=\"888d7b\" data-has-transparency=\"false\" style=\"--dominant-color: #888d7b;\" loading=\"lazy\" decoding=\"async\" class=\"size-large wp-image-5450 not-transparent\" src=\"https:\/\/www.parisenigmes.com\/blog\/wp-content\/uploads\/2026\/04\/Facade_du_Memorial_juin_2014-1024x680.webp\" alt=\"M\u00e9morial de Caen\" width=\"1024\" height=\"680\" srcset=\"https:\/\/www.parisenigmes.com\/blog\/wp-content\/uploads\/2026\/04\/Facade_du_Memorial_juin_2014-1024x680.webp 1024w, https:\/\/www.parisenigmes.com\/blog\/wp-content\/uploads\/2026\/04\/Facade_du_Memorial_juin_2014-300x199.webp 300w, https:\/\/www.parisenigmes.com\/blog\/wp-content\/uploads\/2026\/04\/Facade_du_Memorial_juin_2014-768x510.webp 768w, https:\/\/www.parisenigmes.com\/blog\/wp-content\/uploads\/2026\/04\/Facade_du_Memorial_juin_2014.webp 1280w\" sizes=\"auto, (max-width: 1024px) 100vw, 1024px\" \/><figcaption id=\"caption-attachment-5450\" class=\"wp-caption-text\">M\u00e9morial de Caen<\/figcaption><\/figure>\n<p data-start=\"0\" data-end=\"340\">Le <a href=\"https:\/\/www.memorial-caen.fr\/\"><span class=\"hover:entity-accent entity-underline inline cursor-pointer align-baseline\"><span class=\"whitespace-normal\">M\u00e9morial de Caen<\/span><\/span><\/a> est un mus\u00e9e situ\u00e9 \u00e0 Caen, d\u00e9di\u00e9 \u00e0 l\u2019histoire du XX\u1d49 si\u00e8cle et \u00e0 la paix. Inaugur\u00e9 en 1988, il couvre principalement la Premi\u00e8re et la Seconde Guerre mondiale, le D\u00e9barquement en Normandie et la Guerre froide. Il propose des parcours chronologiques avec de nombreux objets, documents et t\u00e9moignages.<\/p>\n<p data-start=\"342\" data-end=\"691\">Le mus\u00e9e a \u00e9t\u00e9 con\u00e7u comme un lieu de m\u00e9moire et de r\u00e9flexion sur les conflits et leurs cons\u00e9quences, notamment la Shoah et les violences de masse. Il s\u2019est progressivement enrichi de nouvelles galeries, d\u2019expositions temporaires et d\u2019espaces immersifs. Il organise aussi des \u00e9v\u00e9nements comme des conf\u00e9rences et des concours li\u00e9s aux droits humains.<\/p>\n<p data-start=\"693\" data-end=\"845\" data-is-last-node=\"\" data-is-only-node=\"\">Le site comprend \u00e9galement des jardins comm\u00e9moratifs et un bunker historique, et il accueille chaque ann\u00e9e plusieurs centaines de milliers de visiteurs.<\/p>\n<div>\n<div class=\"ATCbm\">\n<h3 class=\"XfVdV o AIbhI\">Mus\u00e9e de Normandie<\/h3>\n<figure id=\"attachment_5451\" aria-describedby=\"caption-attachment-5451\" style=\"width: 1024px\" class=\"wp-caption aligncenter\"><img data-dominant-color=\"8d765e\" data-has-transparency=\"false\" style=\"--dominant-color: #8d765e;\" loading=\"lazy\" decoding=\"async\" class=\"size-large wp-image-5451 not-transparent\" src=\"https:\/\/www.parisenigmes.com\/blog\/wp-content\/uploads\/2026\/04\/Caen_-_Musee_de_Normandie_22-1024x682.webp\" alt=\"Mus\u00e9e de Normandie\" width=\"1024\" height=\"682\" srcset=\"https:\/\/www.parisenigmes.com\/blog\/wp-content\/uploads\/2026\/04\/Caen_-_Musee_de_Normandie_22-1024x682.webp 1024w, https:\/\/www.parisenigmes.com\/blog\/wp-content\/uploads\/2026\/04\/Caen_-_Musee_de_Normandie_22-300x200.webp 300w, https:\/\/www.parisenigmes.com\/blog\/wp-content\/uploads\/2026\/04\/Caen_-_Musee_de_Normandie_22-768x512.webp 768w, https:\/\/www.parisenigmes.com\/blog\/wp-content\/uploads\/2026\/04\/Caen_-_Musee_de_Normandie_22.webp 1280w\" sizes=\"auto, (max-width: 1024px) 100vw, 1024px\" \/><figcaption id=\"caption-attachment-5451\" class=\"wp-caption-text\">Mus\u00e9e de Normandie<\/figcaption><\/figure>\n<p data-start=\"444\" data-end=\"773\">Le<a href=\"https:\/\/musee-de-normandie.caen.fr\/\"> mus\u00e9e de Normandie<\/a> est cr\u00e9\u00e9 apr\u00e8s la Seconde Guerre mondiale sous l\u2019impulsion de chercheurs et d\u2019historiens, notamment pour pr\u00e9server le patrimoine normand. Install\u00e9 d\u00e9finitivement dans le ch\u00e2teau de Caen \u00e0 partir des ann\u00e9es 1960, il s\u2019enrichit rapidement gr\u00e2ce aux fouilles arch\u00e9ologiques r\u00e9gionales et aux d\u00e9p\u00f4ts de collections savantes.<\/p>\n<p data-start=\"775\" data-end=\"1167\">Ses collections couvrent une tr\u00e8s large p\u00e9riode, allant de la pr\u00e9histoire \u00e0 l\u2019\u00e9poque contemporaine. On y trouve des objets arch\u00e9ologiques (outils pr\u00e9historiques, objets gallo-romains, vestiges m\u00e9di\u00e9vaux, traces vikings), mais aussi des collections ethnographiques illustrant la vie rurale normande (agriculture, artisanat, habitat traditionnel, \u00e9levage, production laiti\u00e8re et cidricole).<\/p>\n<p data-start=\"1425\" data-end=\"1677\">Aujourd\u2019hui, le mus\u00e9e conserve plus de 80 000 objets, m\u00eame si seule une petite partie est expos\u00e9e en permanence. Il participe \u00e0 des r\u00e9seaux de mus\u00e9es de soci\u00e9t\u00e9 et reste un acteur majeur de la mise en valeur de l\u2019histoire et de l\u2019identit\u00e9 normande.<\/p>\n<div>\n<div class=\"ATCbm\">\n<h3 class=\"XfVdV o AIbhI\">Mus\u00e9e des Beaux-Arts de Caen<\/h3>\n<figure id=\"attachment_5452\" aria-describedby=\"caption-attachment-5452\" style=\"width: 1024px\" class=\"wp-caption aligncenter\"><img data-dominant-color=\"88918e\" data-has-transparency=\"false\" style=\"--dominant-color: #88918e;\" loading=\"lazy\" decoding=\"async\" class=\"size-large wp-image-5452 not-transparent\" src=\"https:\/\/www.parisenigmes.com\/blog\/wp-content\/uploads\/2026\/04\/Caen_-_Musee_Beaux_Arts_1-1024x682.webp\" alt=\"Mus\u00e9e des Beaux-Arts de Caen\" width=\"1024\" height=\"682\" srcset=\"https:\/\/www.parisenigmes.com\/blog\/wp-content\/uploads\/2026\/04\/Caen_-_Musee_Beaux_Arts_1-1024x682.webp 1024w, https:\/\/www.parisenigmes.com\/blog\/wp-content\/uploads\/2026\/04\/Caen_-_Musee_Beaux_Arts_1-300x200.webp 300w, https:\/\/www.parisenigmes.com\/blog\/wp-content\/uploads\/2026\/04\/Caen_-_Musee_Beaux_Arts_1-768x512.webp 768w, https:\/\/www.parisenigmes.com\/blog\/wp-content\/uploads\/2026\/04\/Caen_-_Musee_Beaux_Arts_1.webp 1280w\" sizes=\"auto, (max-width: 1024px) 100vw, 1024px\" \/><figcaption id=\"caption-attachment-5452\" class=\"wp-caption-text\">Mus\u00e9e des Beaux-Arts de Caen<\/figcaption><\/figure>\n<div>\n<p data-start=\"159\" data-end=\"550\">Le <a href=\"https:\/\/mba.caen.fr\/\">mus\u00e9e des Beaux-Arts de Caen<\/a> est fond\u00e9 en 1801 et ouvert en 1809 afin d\u2019accueillir des \u0153uvres issues des saisies r\u00e9volutionnaires et napol\u00e9oniennes. Install\u00e9 depuis 1970 dans l\u2019enceinte du ch\u00e2teau de Caen, il poss\u00e8de des collections tr\u00e8s riches allant de la Renaissance \u00e0 l\u2019art contemporain, avec des peintures italiennes, flamandes, fran\u00e7aises, ainsi que des \u0153uvres modernes importantes.<\/p>\n<p data-start=\"552\" data-end=\"824\">Son histoire est marqu\u00e9e par plusieurs \u00e9v\u00e9nements majeurs : des enrichissements importants au XIX\u1d49 si\u00e8cle gr\u00e2ce \u00e0 des dons et legs, un incendie partiel en 1905, puis surtout sa destruction quasi totale lors des bombardements de 1944. Il est reconstruit et rouvert en 1970.<\/p>\n<p data-start=\"826\" data-end=\"1047\">Aujourd\u2019hui, le mus\u00e9e dispose de grandes salles d\u2019exposition, d\u2019une biblioth\u00e8que et d\u2019un parc de sculptures. Il organise aussi des expositions temporaires et poss\u00e8de une collection d\u2019environ 6 000 m\u00b2 accessible au public.<\/p>\n<\/div>\n<div><\/div>\n<div>\n<h2 id=\"section-3\" tabindex=\"-1\" data-start=\"1042\" data-end=\"1085\"><strong data-start=\"1048\" data-end=\"1085\">Parcs et espaces verts de\u00a0<\/strong><strong data-start=\"294\" data-end=\"341\">Caen<\/strong><\/h2>\n<div class=\"ATCbm\">\n<h3 class=\"XfVdV o AIbhI\">La Colline aux Oiseaux<\/h3>\n<figure id=\"attachment_5453\" aria-describedby=\"caption-attachment-5453\" style=\"width: 1024px\" class=\"wp-caption aligncenter\"><img data-dominant-color=\"69715d\" data-has-transparency=\"false\" style=\"--dominant-color: #69715d;\" loading=\"lazy\" decoding=\"async\" class=\"size-large wp-image-5453 not-transparent\" src=\"https:\/\/www.parisenigmes.com\/blog\/wp-content\/uploads\/2026\/04\/Colline_aux_oiseaux_caen_roseraie-1024x768.webp\" alt=\"La Colline aux Oiseaux\" width=\"1024\" height=\"768\" srcset=\"https:\/\/www.parisenigmes.com\/blog\/wp-content\/uploads\/2026\/04\/Colline_aux_oiseaux_caen_roseraie-1024x768.webp 1024w, https:\/\/www.parisenigmes.com\/blog\/wp-content\/uploads\/2026\/04\/Colline_aux_oiseaux_caen_roseraie-300x225.webp 300w, https:\/\/www.parisenigmes.com\/blog\/wp-content\/uploads\/2026\/04\/Colline_aux_oiseaux_caen_roseraie-768x576.webp 768w, https:\/\/www.parisenigmes.com\/blog\/wp-content\/uploads\/2026\/04\/Colline_aux_oiseaux_caen_roseraie.webp 1280w\" sizes=\"auto, (max-width: 1024px) 100vw, 1024px\" \/><figcaption id=\"caption-attachment-5453\" class=\"wp-caption-text\">La Colline aux Oiseaux<\/figcaption><\/figure>\n<div>\n<p data-start=\"0\" data-end=\"175\">La <strong data-start=\"3\" data-end=\"44\"><span class=\"hover:entity-accent entity-underline inline cursor-pointer align-baseline\"><span class=\"whitespace-normal\">Colline aux Oiseaux<\/span><\/span><\/strong> est un parc paysager de 17 hectares situ\u00e9 au nord de Caen. \u00c0 l\u2019origine, le site est une ancienne d\u00e9charge municipale utilis\u00e9e \u00e0 partir de 1923 pendant environ 50 ans. Les d\u00e9chets y ont form\u00e9 deux collines artificielles. Apr\u00e8s la mise en service d\u2019un incin\u00e9rateur dans les ann\u00e9es 1970, la d\u00e9charge est ferm\u00e9e et la municipalit\u00e9 d\u00e9cide de transformer le lieu en espace vert.<\/p>\n<p data-start=\"492\" data-end=\"632\">Le parc est inaugur\u00e9 en 1994, dans le cadre des comm\u00e9morations du D\u00e9barquement de 1944. Il devient rapidement un lieu de promenade familial.<\/p>\n<p data-start=\"634\" data-end=\"986\">Aujourd\u2019hui, la Colline aux Oiseaux comprend plusieurs am\u00e9nagements : une grande roseraie, un labyrinthe v\u00e9g\u00e9tal, un espace de \u201cNormandie miniature\u201d, des jardins th\u00e9matiques li\u00e9s aux villes jumel\u00e9es de Caen, ainsi qu\u2019un petit parc animalier avec des esp\u00e8ces domestiques. On y trouve aussi des espaces paysagers vari\u00e9s et des points de vue sur la ville.<\/p>\n<\/div>\n<div>\n<div class=\"ATCbm\">\n<h3 class=\"XfVdV o AIbhI\">Jardin des Plantes de Caen<\/h3>\n<figure id=\"attachment_5454\" aria-describedby=\"caption-attachment-5454\" style=\"width: 1024px\" class=\"wp-caption aligncenter\"><img data-dominant-color=\"788858\" data-has-transparency=\"false\" style=\"--dominant-color: #788858;\" loading=\"lazy\" decoding=\"async\" class=\"size-large wp-image-5454 not-transparent\" src=\"https:\/\/www.parisenigmes.com\/blog\/wp-content\/uploads\/2026\/04\/P1030229_le_jardin_des_plantes_a_Caen-1024x768.webp\" alt=\"Jardin des Plantes de Caen\" width=\"1024\" height=\"768\" srcset=\"https:\/\/www.parisenigmes.com\/blog\/wp-content\/uploads\/2026\/04\/P1030229_le_jardin_des_plantes_a_Caen-1024x768.webp 1024w, https:\/\/www.parisenigmes.com\/blog\/wp-content\/uploads\/2026\/04\/P1030229_le_jardin_des_plantes_a_Caen-300x225.webp 300w, https:\/\/www.parisenigmes.com\/blog\/wp-content\/uploads\/2026\/04\/P1030229_le_jardin_des_plantes_a_Caen-768x576.webp 768w, https:\/\/www.parisenigmes.com\/blog\/wp-content\/uploads\/2026\/04\/P1030229_le_jardin_des_plantes_a_Caen.webp 1280w\" sizes=\"auto, (max-width: 1024px) 100vw, 1024px\" \/><figcaption id=\"caption-attachment-5454\" class=\"wp-caption-text\">Jardin des Plantes de Caen<\/figcaption><\/figure>\n<p data-start=\"0\" data-end=\"351\">Le Jardin des plantes de Caen est un jardin botanique situ\u00e9 au nord de Caen. Il a \u00e9t\u00e9 cr\u00e9\u00e9 en 1736 par l\u2019Universit\u00e9 de Caen afin de servir \u00e0 l\u2019enseignement de la botanique, notamment pour les \u00e9tudiants en m\u00e9decine. Aujourd\u2019hui, il s\u2019\u00e9tend sur environ 3,6 hectares et constitue un site class\u00e9 depuis 1942.<\/p>\n<p data-start=\"353\" data-end=\"679\">Au fil des si\u00e8cles, le jardin a connu de nombreuses transformations et agrandissements. D\u2019abord espace scientifique r\u00e9serv\u00e9 \u00e0 l\u2019\u00e9tude des plantes, il est progressivement devenu un lieu municipal ouvert au public. Au XIX\u1d49 si\u00e8cle, des am\u00e9nagements importants ont \u00e9t\u00e9 r\u00e9alis\u00e9s, comme la construction de serres et d\u2019une orangerie.<\/p>\n<p data-start=\"681\" data-end=\"1031\">Le jardin abrite aujourd\u2019hui plus de 8 000 esp\u00e8ces v\u00e9g\u00e9tales. On y trouve des collections vari\u00e9es, notamment des plantes de la flore normande, des plantes m\u00e9dicinales, ainsi que des serres contenant des esp\u00e8ces exotiques comme des orchid\u00e9es, des cactus ou des bananiers. Plusieurs arbres remarquables, parfois tr\u00e8s anciens, y sont \u00e9galement pr\u00e9sents.<\/p>\n<div>\n<div class=\"ATCbm\">\n<h3 class=\"XfVdV o AIbhI\">Parc Michel D&rsquo;ornano<\/h3>\n<figure id=\"attachment_5455\" aria-describedby=\"caption-attachment-5455\" style=\"width: 1024px\" class=\"wp-caption aligncenter\"><img data-dominant-color=\"797d76\" data-has-transparency=\"false\" style=\"--dominant-color: #797d76;\" loading=\"lazy\" decoding=\"async\" class=\"size-large wp-image-5455 not-transparent\" src=\"https:\/\/www.parisenigmes.com\/blog\/wp-content\/uploads\/2026\/04\/Caen_vueducedre_parcdOrnano-1024x762.webp\" alt=\"Parc Michel D'ornano\" width=\"1024\" height=\"762\" srcset=\"https:\/\/www.parisenigmes.com\/blog\/wp-content\/uploads\/2026\/04\/Caen_vueducedre_parcdOrnano-1024x762.webp 1024w, https:\/\/www.parisenigmes.com\/blog\/wp-content\/uploads\/2026\/04\/Caen_vueducedre_parcdOrnano-300x223.webp 300w, https:\/\/www.parisenigmes.com\/blog\/wp-content\/uploads\/2026\/04\/Caen_vueducedre_parcdOrnano-768x571.webp 768w, https:\/\/www.parisenigmes.com\/blog\/wp-content\/uploads\/2026\/04\/Caen_vueducedre_parcdOrnano.webp 1280w\" sizes=\"auto, (max-width: 1024px) 100vw, 1024px\" \/><figcaption id=\"caption-attachment-5455\" class=\"wp-caption-text\">Parc Michel D&rsquo;ornano<\/figcaption><\/figure>\n<p data-start=\"0\" data-end=\"282\">Le Parc Michel-d\u2019Ornano est un espace vert de six hectares situ\u00e9 \u00e0 Caens. Il a \u00e9t\u00e9 am\u00e9nag\u00e9 \u00e0 l\u2019origine au XVIII\u1d49 si\u00e8cle dans les jardins de l\u2019abbaye aux Dames, avant d\u2019\u00eatre r\u00e9am\u00e9nag\u00e9 et rouvert en 1992 sous son nom actuel, en hommage \u00e0 Michel d\u2019Ornano.<\/p>\n<p data-start=\"284\" data-end=\"577\">Le parc a \u00e9t\u00e9 dessin\u00e9 en 1774 et pr\u00e9sente aujourd\u2019hui un style de jardin \u00e0 la fran\u00e7aise. Apr\u00e8s une p\u00e9riode d\u2019abandon au XIX\u1d49 si\u00e8cle, il a \u00e9t\u00e9 progressivement r\u00e9organis\u00e9 avec la cr\u00e9ation de nouveaux am\u00e9nagements paysagers, comme une butte-belv\u00e9d\u00e8re et la plantation d\u2019un c\u00e8dre du Liban en 1849.<\/p>\n<p data-start=\"579\" data-end=\"878\">Le site est structur\u00e9 autour de grandes all\u00e9es bord\u00e9es d\u2019arbres et de bosquets, avec des pelouses et des perspectives ouvertes sur l\u2019abbaye aux Dames. Un \u00e9l\u00e9ment remarquable du parc est le c\u00e8dre du Liban, situ\u00e9 sur une butte accessible par un sentier, qui offre un point de vue sur la ville de Caen.<\/p>\n<p data-start=\"880\" data-end=\"1153\" data-is-last-node=\"\" data-is-only-node=\"\">Le parc comprend \u00e9galement des \u00e9l\u00e9ments historiques comme une ancienne glaci\u00e8re souterraine, utilis\u00e9e autrefois \u00e0 des fins m\u00e9dicales.<\/p>\n<h2 id=\"section-4\" tabindex=\"-1\" data-start=\"1294\" data-end=\"1340\"><strong data-start=\"1300\" data-end=\"1340\">Gastronomie &amp; sp\u00e9cialit\u00e9s de\u00a0<\/strong><strong data-start=\"294\" data-end=\"341\">Caen<\/strong><\/h2>\n<h3>Les tripes \u00e0 la mode de Caen<\/h3>\n<figure id=\"attachment_5456\" aria-describedby=\"caption-attachment-5456\" style=\"width: 1024px\" class=\"wp-caption aligncenter\"><img data-dominant-color=\"a58c73\" data-has-transparency=\"false\" style=\"--dominant-color: #a58c73;\" loading=\"lazy\" decoding=\"async\" class=\"size-large wp-image-5456 not-transparent\" src=\"https:\/\/www.parisenigmes.com\/blog\/wp-content\/uploads\/2026\/04\/Tripe_a_la_mode_de_Caen-1024x768.webp\" alt=\"Les tripes \u00e0 la mode de Caen\" width=\"1024\" height=\"768\" srcset=\"https:\/\/www.parisenigmes.com\/blog\/wp-content\/uploads\/2026\/04\/Tripe_a_la_mode_de_Caen-1024x768.webp 1024w, https:\/\/www.parisenigmes.com\/blog\/wp-content\/uploads\/2026\/04\/Tripe_a_la_mode_de_Caen-300x225.webp 300w, https:\/\/www.parisenigmes.com\/blog\/wp-content\/uploads\/2026\/04\/Tripe_a_la_mode_de_Caen-768x576.webp 768w, https:\/\/www.parisenigmes.com\/blog\/wp-content\/uploads\/2026\/04\/Tripe_a_la_mode_de_Caen.webp 1280w\" sizes=\"auto, (max-width: 1024px) 100vw, 1024px\" \/><figcaption id=\"caption-attachment-5456\" class=\"wp-caption-text\">Les tripes \u00e0 la mode de Caen<\/figcaption><\/figure>\n<p data-start=\"0\" data-end=\"449\">Selon la tradition, la recette aurait \u00e9t\u00e9 cr\u00e9\u00e9e par le moine Sidoine Beno\u00eet, cuisinier \u00e0 l\u2019Abbaye aux Hommes de Caen. Il aurait eu l\u2019id\u00e9e de faire mijoter les quatre parties de l\u2019estomac de b\u0153uf, auxquelles il ajouta des pieds et divers condiments aromatiques. Cette pr\u00e9paration lente et parfum\u00e9e est devenue une sp\u00e9cialit\u00e9 ancestrale de la r\u00e9gion.<\/p>\n<h3>La teurgoule<\/h3>\n<figure id=\"attachment_5457\" aria-describedby=\"caption-attachment-5457\" style=\"width: 1024px\" class=\"wp-caption aligncenter\"><img data-dominant-color=\"ada6a0\" data-has-transparency=\"false\" style=\"--dominant-color: #ada6a0;\" loading=\"lazy\" decoding=\"async\" class=\"size-large wp-image-5457 not-transparent\" src=\"https:\/\/www.parisenigmes.com\/blog\/wp-content\/uploads\/2026\/04\/Teurgoule_2-1-1024x679.webp\" alt=\"La teurgoule\" width=\"1024\" height=\"679\" srcset=\"https:\/\/www.parisenigmes.com\/blog\/wp-content\/uploads\/2026\/04\/Teurgoule_2-1-1024x679.webp 1024w, https:\/\/www.parisenigmes.com\/blog\/wp-content\/uploads\/2026\/04\/Teurgoule_2-1-300x199.webp 300w, https:\/\/www.parisenigmes.com\/blog\/wp-content\/uploads\/2026\/04\/Teurgoule_2-1-768x509.webp 768w, https:\/\/www.parisenigmes.com\/blog\/wp-content\/uploads\/2026\/04\/Teurgoule_2-1.webp 1280w\" sizes=\"auto, (max-width: 1024px) 100vw, 1024px\" \/><figcaption id=\"caption-attachment-5457\" class=\"wp-caption-text\">La teurgoule<\/figcaption><\/figure>\n<p>Invent\u00e9e au XVIII\u1d49 si\u00e8cle gr\u00e2ce aux marins d\u2019Honfleur qui rapportaient du riz et des \u00e9pices des pays lointains, la <span class=\"hover:entity-accent entity-underline inline cursor-pointer align-baseline\"><span class=\"whitespace-normal\">Teurgoule<\/span><\/span> est une variante traditionnelle du riz au lait. Sa particularit\u00e9 r\u00e9side dans sa cuisson tr\u00e8s longue au four, qui lui donne une texture fondante et une cro\u00fbte l\u00e9g\u00e8rement caram\u00e9lis\u00e9e, ainsi que dans l\u2019utilisation de la cannelle.<\/p>\n<p>L\u2019origine de son nom est expliqu\u00e9e de plusieurs fa\u00e7ons : il viendrait soit de l\u2019expression \u00ab se tordre la goule \u00bb, en r\u00e9f\u00e9rence aux bouches br\u00fbl\u00e9es par ce dessert d\u00e9gust\u00e9 trop chaud, soit de la surprise des Normands face aux saveurs exotiques des \u00e9pices.<\/p>\n<h3>\u00a0L\u2019Embuscade<\/h3>\n<section class=\"text-token-text-primary w-full focus:outline-none [--shadow-height:45px] has-data-writing-block:pointer-events-none has-data-writing-block:-mt-(--shadow-height) has-data-writing-block:pt-(--shadow-height) [&amp;:has([data-writing-block])&gt;*]:pointer-events-auto R6Vx5W_threadScrollVars scroll-mb-[calc(var(--scroll-root-safe-area-inset-bottom,0px)+var(--thread-response-height))] scroll-mt-(--header-height)\" dir=\"auto\" data-turn-id=\"e9d33935-0776-4386-a043-301e26517844\" data-testid=\"conversation-turn-59\" data-scroll-anchor=\"false\" data-turn=\"user\"><\/section>\n<section class=\"text-token-text-primary w-full focus:outline-none [--shadow-height:45px] has-data-writing-block:pointer-events-none has-data-writing-block:-mt-(--shadow-height) has-data-writing-block:pt-(--shadow-height) [&amp;:has([data-writing-block])&gt;*]:pointer-events-auto [content-visibility:auto] supports-[content-visibility:auto]:[contain-intrinsic-size:auto_100lvh] R6Vx5W_threadScrollVars scroll-mb-[calc(var(--scroll-root-safe-area-inset-bottom,0px)+var(--thread-response-height))] scroll-mt-[calc(var(--header-height)+min(200px,max(70px,20svh)))]\" dir=\"auto\" data-turn-id=\"request-WEB:5a14e4ce-efa6-46f2-90f7-6497ab4a9456-34\" data-testid=\"conversation-turn-60\" data-scroll-anchor=\"false\" data-turn=\"assistant\">\n<div class=\"text-base my-auto mx-auto pb-10 [--thread-content-margin:var(--thread-content-margin-xs,calc(var(--spacing)*4))] @w-sm\/main:[--thread-content-margin:var(--thread-content-margin-sm,calc(var(--spacing)*6))] @w-lg\/main:[--thread-content-margin:var(--thread-content-margin-lg,calc(var(--spacing)*16))] px-(--thread-content-margin)\">\n<div class=\"[--thread-content-max-width:40rem] @w-lg\/main:[--thread-content-max-width:48rem] mx-auto max-w-(--thread-content-max-width) flex-1 group\/turn-messages focus-visible:outline-hidden relative flex w-full min-w-0 flex-col agent-turn\">\n<div class=\"flex max-w-full flex-col gap-4 grow\">\n<div class=\"min-h-8 text-message relative flex w-full flex-col items-end gap-2 text-start break-words whitespace-normal outline-none keyboard-focused:focus-ring [.text-message+&amp;]:mt-1\" dir=\"auto\" tabindex=\"0\" data-message-author-role=\"assistant\" data-message-id=\"5e20ac6c-2c1b-40f1-a086-e5f8b69a279f\" data-message-model-slug=\"gpt-5-3-mini\" data-turn-start-message=\"true\">\n<div class=\"flex w-full flex-col gap-1 empty:hidden\">\n<div class=\"markdown prose dark:prose-invert w-full wrap-break-word light markdown-new-styling\">\n<p data-start=\"435\" data-end=\"843\" data-is-last-node=\"\" data-is-only-node=\"\">Le cocktail appel\u00e9 <span class=\"hover:entity-accent entity-underline inline cursor-pointer align-baseline\"><span class=\"whitespace-normal\">L\u2019Embuscade<\/span><\/span> est une boisson embl\u00e9matique invent\u00e9e \u00e0 Caen, dont le nom refl\u00e8te bien son effet trompeur. Il s\u2019agit d\u2019un m\u00e9lange de vin blanc, de bi\u00e8re, de sirop de cassis et de Calvados, \u00e0 la fois sucr\u00e9 et facile \u00e0 boire. Mais sa douceur masque sa puissance : il \u00ab surprend \u00bb rapidement celui qui en boit trop, comme pris en embuscade.<\/p>\n<\/div>\n<\/div>\n<\/div>\n<\/div>\n<\/div>\n<\/div>\n<\/section>\n<h3>Les Madeleines Jeannette<\/h3>\n<p>La marque <span class=\"hover:entity-accent entity-underline inline cursor-pointer align-baseline\"><span class=\"whitespace-normal\">Jeannette, f<\/span><\/span>ond\u00e9e en 1850, elle a travers\u00e9 une histoire mouvement\u00e9e tout en conservant son identit\u00e9 et sa r\u00e9putation. Ses c\u00e9l\u00e8bres madeleines se d\u00e9clinent aujourd\u2019hui en de nombreuses saveurs, tout en restant fid\u00e8les \u00e0 une fabrication traditionnelle.<\/p>\n<p>Ces gourmandises sont \u00e9labor\u00e9es sans conservateurs, sans colorants et sans ar\u00f4mes artificiels, garantissant une recette authentique.<\/p>\n<h3>Les fromages normands<\/h3>\n<figure id=\"attachment_5458\" aria-describedby=\"caption-attachment-5458\" style=\"width: 1024px\" class=\"wp-caption aligncenter\"><img data-dominant-color=\"c2bd9f\" data-has-transparency=\"false\" style=\"--dominant-color: #c2bd9f;\" loading=\"lazy\" decoding=\"async\" class=\"size-large wp-image-5458 not-transparent\" src=\"https:\/\/www.parisenigmes.com\/blog\/wp-content\/uploads\/2026\/04\/Camembert-1024x653.webp\" alt=\"Camembert\" width=\"1024\" height=\"653\" srcset=\"https:\/\/www.parisenigmes.com\/blog\/wp-content\/uploads\/2026\/04\/Camembert-1024x653.webp 1024w, https:\/\/www.parisenigmes.com\/blog\/wp-content\/uploads\/2026\/04\/Camembert-300x191.webp 300w, https:\/\/www.parisenigmes.com\/blog\/wp-content\/uploads\/2026\/04\/Camembert-768x490.webp 768w, https:\/\/www.parisenigmes.com\/blog\/wp-content\/uploads\/2026\/04\/Camembert.webp 1280w\" sizes=\"auto, (max-width: 1024px) 100vw, 1024px\" \/><figcaption id=\"caption-attachment-5458\" class=\"wp-caption-text\">Camembert<\/figcaption><\/figure>\n<p>On ne peut pas \u00e9voquer les sp\u00e9cialit\u00e9s culinaires de Normandie sans penser \u00e0 ses fromages embl\u00e9matiques. Parmi les plus connus, on retrouve le Camembert, le Pont-l\u2019\u00c9v\u00eaque, le Neufch\u00e2tel et le Livarot. Ces fromages, issus d\u2019un savoir-faire traditionnel, font partie du patrimoine gastronomique normand. Ils se d\u00e9gustent g\u00e9n\u00e9ralement nature afin d\u2019en appr\u00e9cier pleinement les ar\u00f4mes, ou accompagn\u00e9s d\u2019un bon morceau de pain.<\/p>\n<h3>La coquille Saint-Jacques<\/h3>\n<figure id=\"attachment_5459\" aria-describedby=\"caption-attachment-5459\" style=\"width: 1024px\" class=\"wp-caption aligncenter\"><img data-dominant-color=\"9b624a\" data-has-transparency=\"false\" style=\"--dominant-color: #9b624a;\" loading=\"lazy\" decoding=\"async\" class=\"size-large wp-image-5459 not-transparent\" src=\"https:\/\/www.parisenigmes.com\/blog\/wp-content\/uploads\/2026\/04\/1280px-Retour_de_peche_a_la_coquille_Saint-Jacques_221-1024x683.webp\" alt=\"La coquille Saint-Jacques\" width=\"1024\" height=\"683\" srcset=\"https:\/\/www.parisenigmes.com\/blog\/wp-content\/uploads\/2026\/04\/1280px-Retour_de_peche_a_la_coquille_Saint-Jacques_221-1024x683.webp 1024w, https:\/\/www.parisenigmes.com\/blog\/wp-content\/uploads\/2026\/04\/1280px-Retour_de_peche_a_la_coquille_Saint-Jacques_221-300x200.webp 300w, https:\/\/www.parisenigmes.com\/blog\/wp-content\/uploads\/2026\/04\/1280px-Retour_de_peche_a_la_coquille_Saint-Jacques_221-768x512.webp 768w, https:\/\/www.parisenigmes.com\/blog\/wp-content\/uploads\/2026\/04\/1280px-Retour_de_peche_a_la_coquille_Saint-Jacques_221.webp 1280w\" sizes=\"auto, (max-width: 1024px) 100vw, 1024px\" \/><figcaption id=\"caption-attachment-5459\" class=\"wp-caption-text\">La coquille Saint-Jacques<\/figcaption><\/figure>\n<p>La <span class=\"hover:entity-accent entity-underline inline cursor-pointer align-baseline\"><span class=\"whitespace-normal\">Coquille Saint-Jacques<\/span><\/span> est un produit embl\u00e9matique des assiettes normandes, particuli\u00e8rement consomm\u00e9 \u00e0 l\u2019automne et pendant les f\u00eates de fin d\u2019ann\u00e9e. Sa saison s\u2019\u00e9tend g\u00e9n\u00e9ralement d\u2019octobre \u00e0 avril, p\u00e9riode durant laquelle elle est p\u00each\u00e9e et d\u00e9gust\u00e9e la plus fra\u00eeche.<\/p>\n<h3>Cidre et Calvados<\/h3>\n<figure id=\"attachment_5460\" aria-describedby=\"caption-attachment-5460\" style=\"width: 683px\" class=\"wp-caption aligncenter\"><img data-dominant-color=\"8d876c\" data-has-transparency=\"false\" style=\"--dominant-color: #8d876c;\" loading=\"lazy\" decoding=\"async\" class=\"size-large wp-image-5460 not-transparent\" src=\"https:\/\/www.parisenigmes.com\/blog\/wp-content\/uploads\/2026\/04\/Calva_et_cidre-683x1024.webp\" alt=\"Cidre et Calvados\" width=\"683\" height=\"1024\" srcset=\"https:\/\/www.parisenigmes.com\/blog\/wp-content\/uploads\/2026\/04\/Calva_et_cidre-683x1024.webp 683w, https:\/\/www.parisenigmes.com\/blog\/wp-content\/uploads\/2026\/04\/Calva_et_cidre-200x300.webp 200w, https:\/\/www.parisenigmes.com\/blog\/wp-content\/uploads\/2026\/04\/Calva_et_cidre-768x1152.webp 768w, https:\/\/www.parisenigmes.com\/blog\/wp-content\/uploads\/2026\/04\/Calva_et_cidre.webp 800w\" sizes=\"auto, (max-width: 683px) 100vw, 683px\" \/><figcaption id=\"caption-attachment-5460\" class=\"wp-caption-text\">Cidre et Calvados<\/figcaption><\/figure>\n<p>Le cidre est une sp\u00e9cialit\u00e9 incontournable de la Normandie, souvent surnomm\u00e9 \u00ab le gros b\u00e8re \u00bb dans le langage local. Bien plus riche et complexe qu\u2019il n\u2019y para\u00eet, il se d\u00e9cline en version douce ou brut selon les go\u00fbts. Facile \u00e0 servir, il accompagne aussi bien l\u2019ap\u00e9ritif que les repas et fait partie des boissons traditionnelles de la r\u00e9gion. Pour varier les plaisirs, il existe \u00e9galement des d\u00e9clinaisons comme le cidre de glace ou le poir\u00e9.<\/p>\n<p>Enfin, en fin de repas, le Calvados hors d\u2019\u00e2ge est souvent appr\u00e9ci\u00e9 comme digestif typiquement normand.<\/p>\n<h2 id=\"section-5\" data-start=\"1627\" data-end=\"1869\">Excursions depuis\u00a0<strong data-start=\"294\" data-end=\"341\">Caen<\/strong><\/h2>\n<h3>L&rsquo;Abbaye du Mont Saint-Michel<\/h3>\n<figure id=\"attachment_5461\" aria-describedby=\"caption-attachment-5461\" style=\"width: 1024px\" class=\"wp-caption aligncenter\"><img data-dominant-color=\"778393\" data-has-transparency=\"false\" style=\"--dominant-color: #778393;\" loading=\"lazy\" decoding=\"async\" class=\"size-large wp-image-5461 not-transparent\" src=\"https:\/\/www.parisenigmes.com\/blog\/wp-content\/uploads\/2026\/04\/LAbbaye_du_Mont-Saint-Michel_vue_du_ciel-1024x725.webp\" alt=\"L'Abbaye du Mont Saint-Michel\" width=\"1024\" height=\"725\" srcset=\"https:\/\/www.parisenigmes.com\/blog\/wp-content\/uploads\/2026\/04\/LAbbaye_du_Mont-Saint-Michel_vue_du_ciel-1024x725.webp 1024w, https:\/\/www.parisenigmes.com\/blog\/wp-content\/uploads\/2026\/04\/LAbbaye_du_Mont-Saint-Michel_vue_du_ciel-300x212.webp 300w, https:\/\/www.parisenigmes.com\/blog\/wp-content\/uploads\/2026\/04\/LAbbaye_du_Mont-Saint-Michel_vue_du_ciel-768x544.webp 768w, https:\/\/www.parisenigmes.com\/blog\/wp-content\/uploads\/2026\/04\/LAbbaye_du_Mont-Saint-Michel_vue_du_ciel.webp 1082w\" sizes=\"auto, (max-width: 1024px) 100vw, 1024px\" \/><figcaption id=\"caption-attachment-5461\" class=\"wp-caption-text\">L&rsquo;Abbaye du Mont Saint-Michel<\/figcaption><\/figure>\n<p>Le Mont-Saint-Michel est un site embl\u00e9matique de Normandie, situ\u00e9 dans la Manche. Son abbaye, fond\u00e9e au Xe si\u00e8cle par des moines b\u00e9n\u00e9dictins, est un chef-d\u2019\u0153uvre de l\u2019architecture m\u00e9di\u00e9vale.<\/p>\n<p>Chaque ann\u00e9e, elle attire des millions de visiteurs venus admirer ce lieu unique entre ciel et mer. L\u2019abbaye a connu une longue histoire marqu\u00e9e par des p\u00e8lerinages, des si\u00e8ges et de nombreuses transformations au fil des si\u00e8cles. Aujourd\u2019hui encore, elle reste un symbole fort de la culture et du patrimoine fran\u00e7ais.<\/p>\n<h3>Les plages du d\u00e9barquement<\/h3>\n<figure id=\"attachment_5462\" aria-describedby=\"caption-attachment-5462\" style=\"width: 1024px\" class=\"wp-caption aligncenter\"><img data-dominant-color=\"9b9071\" data-has-transparency=\"false\" style=\"--dominant-color: #9b9071;\" loading=\"lazy\" decoding=\"async\" class=\"size-large wp-image-5462 not-transparent\" src=\"https:\/\/www.parisenigmes.com\/blog\/wp-content\/uploads\/2026\/04\/Omaha_Beach_Nowadays-1024x307.webp\" alt=\"Omaha Beach\" width=\"1024\" height=\"307\" srcset=\"https:\/\/www.parisenigmes.com\/blog\/wp-content\/uploads\/2026\/04\/Omaha_Beach_Nowadays-1024x307.webp 1024w, https:\/\/www.parisenigmes.com\/blog\/wp-content\/uploads\/2026\/04\/Omaha_Beach_Nowadays-300x90.webp 300w, https:\/\/www.parisenigmes.com\/blog\/wp-content\/uploads\/2026\/04\/Omaha_Beach_Nowadays-768x230.webp 768w, https:\/\/www.parisenigmes.com\/blog\/wp-content\/uploads\/2026\/04\/Omaha_Beach_Nowadays-1536x461.webp 1536w, https:\/\/www.parisenigmes.com\/blog\/wp-content\/uploads\/2026\/04\/Omaha_Beach_Nowadays-2048x614.webp 2048w\" sizes=\"auto, (max-width: 1024px) 100vw, 1024px\" \/><figcaption id=\"caption-attachment-5462\" class=\"wp-caption-text\">Omaha Beach<\/figcaption><\/figure>\n<p>Le 6 juin 1944, elles ont \u00e9t\u00e9 le lieu du d\u00e9barquement des forces alli\u00e9es pendant la Seconde Guerre mondiale. Les principales plages sont Utah Beach, Omaha Beach, Gold Beach, Juno Beach et Sword Beach.<\/p>\n<p>Ces lieux sont aujourd\u2019hui des sites de m\u00e9moire tr\u00e8s importants pour l\u2019histoire de la guerre. Chaque ann\u00e9e, des millions de visiteurs viennent s\u2019y recueillir et d\u00e9couvrir les \u00e9v\u00e9nements du D\u00e9barquement.<\/p>\n<h3>Rouen<\/h3>\n<figure id=\"attachment_5469\" aria-describedby=\"caption-attachment-5469\" style=\"width: 1024px\" class=\"wp-caption aligncenter\"><img data-dominant-color=\"878787\" data-has-transparency=\"false\" style=\"--dominant-color: #878787;\" loading=\"lazy\" decoding=\"async\" class=\"size-large wp-image-5469 not-transparent\" src=\"https:\/\/www.parisenigmes.com\/blog\/wp-content\/uploads\/2026\/04\/1280px-Rouen_37903223574-1024x680.webp\" alt=\"\" width=\"1024\" height=\"680\" srcset=\"https:\/\/www.parisenigmes.com\/blog\/wp-content\/uploads\/2026\/04\/1280px-Rouen_37903223574-1024x680.webp 1024w, https:\/\/www.parisenigmes.com\/blog\/wp-content\/uploads\/2026\/04\/1280px-Rouen_37903223574-300x199.webp 300w, https:\/\/www.parisenigmes.com\/blog\/wp-content\/uploads\/2026\/04\/1280px-Rouen_37903223574-768x510.webp 768w, https:\/\/www.parisenigmes.com\/blog\/wp-content\/uploads\/2026\/04\/1280px-Rouen_37903223574.webp 1280w\" sizes=\"auto, (max-width: 1024px) 100vw, 1024px\" \/><figcaption id=\"caption-attachment-5469\" class=\"wp-caption-text\">Rouen<\/figcaption><\/figure>\n<p data-start=\"0\" data-end=\"359\"><span class=\"hover:entity-accent entity-underline inline cursor-pointer align-baseline\"><span class=\"whitespace-normal\">Rouen<\/span><\/span> poss\u00e8de un centre-ville m\u00e9di\u00e9val avec de nombreuses maisons \u00e0 colombages et des rues anciennes tr\u00e8s bien conserv\u00e9es. La cath\u00e9drale Notre-Dame de Rouen est l\u2019un de ses monuments les plus c\u00e9l\u00e8bres et attire de nombreux visiteurs.<\/p>\n<p data-start=\"361\" data-end=\"577\">La ville est \u00e9galement marqu\u00e9e par l\u2019histoire de Jeanne d\u2019Arc, qui y a \u00e9t\u00e9 jug\u00e9e et br\u00fbl\u00e9e vive. Rouen offre aussi des mus\u00e9es, des places anim\u00e9es comme le Vieux-March\u00e9 et des promenades agr\u00e9ables le long de la Seine.<\/p>\n<h3>Bayeux<\/h3>\n<figure id=\"attachment_5463\" aria-describedby=\"caption-attachment-5463\" style=\"width: 1024px\" class=\"wp-caption aligncenter\"><img data-dominant-color=\"727466\" data-has-transparency=\"false\" style=\"--dominant-color: #727466;\" loading=\"lazy\" decoding=\"async\" class=\"size-large wp-image-5463 not-transparent\" src=\"https:\/\/www.parisenigmes.com\/blog\/wp-content\/uploads\/2026\/04\/Bayeux_centre-1024x689.webp\" alt=\"Bayeux\" width=\"1024\" height=\"689\" srcset=\"https:\/\/www.parisenigmes.com\/blog\/wp-content\/uploads\/2026\/04\/Bayeux_centre-1024x689.webp 1024w, https:\/\/www.parisenigmes.com\/blog\/wp-content\/uploads\/2026\/04\/Bayeux_centre-300x202.webp 300w, https:\/\/www.parisenigmes.com\/blog\/wp-content\/uploads\/2026\/04\/Bayeux_centre-768x517.webp 768w, https:\/\/www.parisenigmes.com\/blog\/wp-content\/uploads\/2026\/04\/Bayeux_centre.webp 1280w\" sizes=\"auto, (max-width: 1024px) 100vw, 1024px\" \/><figcaption id=\"caption-attachment-5463\" class=\"wp-caption-text\">Bayeux<\/figcaption><\/figure>\n<p data-start=\"0\" data-end=\"362\"><span class=\"hover:entity-accent entity-underline inline cursor-pointer align-baseline\"><span class=\"whitespace-normal\">Bayeux<\/span><\/span> est notamment connue pour avoir \u00e9t\u00e9 la premi\u00e8re grande ville lib\u00e9r\u00e9e lors du D\u00e9barquement alli\u00e9 de 1944, ce qui en fait un lieu important de m\u00e9moire de la Seconde Guerre mondiale.<\/p>\n<p data-start=\"364\" data-end=\"746\">Bayeux est surtout renomm\u00e9e dans le monde entier pour la <strong data-start=\"421\" data-end=\"445\">Tapisserie de Bayeux<\/strong>, une \u0153uvre du XI\u1d49 si\u00e8cle inscrite au patrimoine mondial de l\u2019UNESCO. Cette broderie de pr\u00e8s de 70 m\u00e8tres de long raconte la conqu\u00eate de l\u2019Angleterre par Guillaume le Conqu\u00e9rant en 1066. Elle est expos\u00e9e dans un mus\u00e9e d\u00e9di\u00e9 et constitue l\u2019un des t\u00e9moignages historiques les plus pr\u00e9cieux du Moyen \u00c2ge.<\/p>\n<p data-start=\"748\" data-end=\"1047\">La ville a \u00e9galement conserv\u00e9 un centre ancien tr\u00e8s bien pr\u00e9serv\u00e9, avec des ruelles m\u00e9di\u00e9vales, des maisons \u00e0 pans de bois et de belles constructions en pierre. La cath\u00e9drale Notre-Dame de Bayeux, de style gothique, domine la ville et t\u00e9moigne de son importance religieuse et politique au Moyen \u00c2ge.<\/p>\n<h3>Ouistreham<\/h3>\n<figure id=\"attachment_5464\" aria-describedby=\"caption-attachment-5464\" style=\"width: 1024px\" class=\"wp-caption aligncenter\"><img data-dominant-color=\"698a90\" data-has-transparency=\"false\" style=\"--dominant-color: #698a90;\" loading=\"lazy\" decoding=\"async\" class=\"size-large wp-image-5464 not-transparent\" src=\"https:\/\/www.parisenigmes.com\/blog\/wp-content\/uploads\/2026\/04\/Cabanons_sur_la_plage_dOuistreham_1-1024x678.webp\" alt=\"Ouistreham\" width=\"1024\" height=\"678\" srcset=\"https:\/\/www.parisenigmes.com\/blog\/wp-content\/uploads\/2026\/04\/Cabanons_sur_la_plage_dOuistreham_1-1024x678.webp 1024w, https:\/\/www.parisenigmes.com\/blog\/wp-content\/uploads\/2026\/04\/Cabanons_sur_la_plage_dOuistreham_1-300x199.webp 300w, https:\/\/www.parisenigmes.com\/blog\/wp-content\/uploads\/2026\/04\/Cabanons_sur_la_plage_dOuistreham_1-768x509.webp 768w, https:\/\/www.parisenigmes.com\/blog\/wp-content\/uploads\/2026\/04\/Cabanons_sur_la_plage_dOuistreham_1.webp 1280w\" sizes=\"auto, (max-width: 1024px) 100vw, 1024px\" \/><figcaption id=\"caption-attachment-5464\" class=\"wp-caption-text\">Ouistreham<\/figcaption><\/figure>\n<p data-start=\"0\" data-end=\"292\"><span class=\"hover:entity-accent entity-underline inline cursor-pointer align-baseline\"><span class=\"whitespace-normal\">Ouistreham<\/span><\/span> est une station baln\u00e9aire et un port situ\u00e9 en Normandie. La ville est connue pour sa grande plage de sable, appel\u00e9e Riva-Bella, qui attire de nombreux visiteurs en \u00e9t\u00e9 pour la baignade, les promenades et les activit\u00e9s nautiques.<\/p>\n<p data-start=\"294\" data-end=\"528\">Ouistreham poss\u00e8de \u00e9galement un port important, notamment un terminal ferry qui relie la France au Royaume-Uni, avec des liaisons vers Portsmouth.<\/p>\n<p data-start=\"530\" data-end=\"829\">La ville occupe aussi une place importante dans l\u2019histoire du D\u00e9barquement de 1944 : elle se situe sur le secteur de Sword Beach, l\u2019une des plages o\u00f9 les troupes alli\u00e9es ont d\u00e9barqu\u00e9 lors de la Seconde Guerre mondiale. On y trouve donc plusieurs lieux de m\u00e9moire et mus\u00e9es consacr\u00e9s \u00e0 cet \u00e9v\u00e9nement.<\/p>\n<h2 data-start=\"530\" data-end=\"829\">Conclusion<\/h2>\n<p data-start=\"75\" data-end=\"437\">Visiter Caen, c\u2019est d\u00e9couvrir une ville au riche patrimoine historique, profond\u00e9ment marqu\u00e9 par Guillaume le Conqu\u00e9rant, le Moyen \u00c2ge et les \u00e9v\u00e9nements de la Seconde Guerre mondiale. Entre l\u2019abbaye aux Hommes et l\u2019abbaye aux Dames, le ch\u00e2teau ducal, les \u00e9glises gothiques et les ruelles du centre ancien, la ville offre un v\u00e9ritable voyage \u00e0 travers les si\u00e8cles.<\/p>\n<p data-start=\"439\" data-end=\"820\">Caen s\u00e9duit aussi par la diversit\u00e9 de ses exp\u00e9riences culturelles, avec des mus\u00e9es majeurs comme le M\u00e9morial de Caen ou le Mus\u00e9e des Beaux-Arts, ainsi que par ses espaces verts et son ambiance vivante. Sa position strat\u00e9gique en fait \u00e9galement un excellent point de d\u00e9part pour explorer la Normandie, des plages du D\u00e9barquement au Mont-Saint-Michel, en passant par Bayeux ou Rouen.<\/p>\n<p data-start=\"822\" data-end=\"1000\" data-is-last-node=\"\" data-is-only-node=\"\">\u00c0 la fois historique, culturelle et accessible, Caen s\u2019impose comme une \u00e9tape essentielle pour comprendre l\u2019histoire de la Normandie et profiter d\u2019un s\u00e9jour riche en d\u00e9couvertes.<\/p>\n<\/div>\n<\/div>\n<\/div>\n<\/div>\n<\/div>\n<\/div>\n<\/div>\n<\/div>\n<\/div>\n<\/div>\n<\/div>\n","protected":false},"excerpt":{"rendered":"<p>Visiter Caen, c\u2019est d\u00e9couvrir l\u2019une des villes les plus embl\u00e9matiques de Normandie, au riche pass\u00e9 m\u00e9di\u00e9val et profond\u00e9ment marqu\u00e9 par&#8230;<\/p>\n","protected":false},"author":1,"featured_media":5466,"comment_status":"closed","ping_status":"closed","sticky":false,"template":"","format":"standard","meta":{"_kad_post_transparent":"default","_kad_post_title":"default","_kad_post_layout":"default","_kad_post_sidebar_id":"","_kad_post_content_style":"default","_kad_post_vertical_padding":"default","_kad_post_feature":"","_kad_post_feature_position":"","_kad_post_header":false,"_kad_post_footer":false,"footnotes":""},"categories":[5],"tags":[],"class_list":["post-5434","post","type-post","status-publish","format-standard","has-post-thumbnail","hentry","category-france-fr"],"yoast_head":"<!-- This site is optimized with the Yoast SEO plugin v26.2 - https:\/\/yoast.com\/wordpress\/plugins\/seo\/ -->\n<title>Visiter Caen : 30 incontournables \u00e0 faire et voir - Paris Enigmes - Blog<\/title>\n<meta name=\"description\" content=\"Visiter Caen en Normandie : d\u00e9couvrez une ville historique marqu\u00e9e par Guillaume le Conqu\u00e9rant, ses abbayes, son ch\u00e2teau, ses mus\u00e9es ..\" \/>\n<meta name=\"robots\" content=\"index, follow, max-snippet:-1, max-image-preview:large, max-video-preview:-1\" \/>\n<link rel=\"canonical\" href=\"https:\/\/www.parisenigmes.com\/blog\/visiter-caen\/\" \/>\n<meta property=\"og:locale\" content=\"fr_FR\" \/>\n<meta property=\"og:type\" content=\"article\" \/>\n<meta property=\"og:title\" content=\"Visiter Caen : 30 incontournables \u00e0 faire et voir\" \/>\n<meta property=\"og:description\" content=\"Visiter Caen en Normandie : d\u00e9couvrez une ville historique marqu\u00e9e par Guillaume le Conqu\u00e9rant, ses abbayes, son ch\u00e2teau, ses mus\u00e9es ..\" \/>\n<meta property=\"og:url\" content=\"https:\/\/www.parisenigmes.com\/blog\/visiter-caen\/\" \/>\n<meta property=\"og:site_name\" content=\"Paris Enigmes - Blog\" \/>\n<meta property=\"article:publisher\" content=\"https:\/\/www.facebook.com\/ParisEnigmes\/\" \/>\n<meta property=\"article:published_time\" content=\"2026-04-26T13:06:25+00:00\" \/>\n<meta property=\"article:modified_time\" content=\"2026-04-26T17:22:52+00:00\" \/>\n<meta property=\"og:image\" content=\"https:\/\/www.parisenigmes.com\/blog\/wp-content\/uploads\/2026\/04\/caen.webp\" \/>\n\t<meta property=\"og:image:width\" content=\"1200\" \/>\n\t<meta property=\"og:image:height\" content=\"627\" \/>\n\t<meta property=\"og:image:type\" content=\"image\/jpeg\" \/>\n<meta name=\"author\" content=\"parisenigmes\" \/>\n<meta name=\"twitter:card\" content=\"summary_large_image\" \/>\n<meta name=\"twitter:title\" content=\"Visiter Caen : 30 incontournables \u00e0 faire et voir\" \/>\n<meta name=\"twitter:description\" content=\"Visiter Caen en Normandie : d\u00e9couvrez une ville historique marqu\u00e9e par Guillaume le Conqu\u00e9rant, ses abbayes, son ch\u00e2teau, ses mus\u00e9es ..\" \/>\n<meta name=\"twitter:image\" content=\"https:\/\/www.parisenigmes.com\/blog\/wp-content\/uploads\/2026\/04\/caen.webp\" \/>\n<meta name=\"twitter:label1\" content=\"Written by\" \/>\n\t<meta name=\"twitter:data1\" content=\"parisenigmes\" \/>\n\t<meta name=\"twitter:label2\" content=\"Est. reading time\" \/>\n\t<meta name=\"twitter:data2\" content=\"30 minutes\" \/>\n<script type=\"application\/ld+json\" class=\"yoast-schema-graph\">{\"@context\":\"https:\/\/schema.org\",\"@graph\":[{\"@type\":\"Article\",\"@id\":\"https:\/\/www.parisenigmes.com\/blog\/visiter-caen\/#article\",\"isPartOf\":{\"@id\":\"https:\/\/www.parisenigmes.com\/blog\/visiter-caen\/\"},\"author\":{\"name\":\"parisenigmes\",\"@id\":\"https:\/\/www.parisenigmes.com\/blog\/#\/schema\/person\/2e217698c5034e9884190e3c9c806c22\"},\"headline\":\"Visiter Caen : 30 incontournables \u00e0 faire et voir\",\"datePublished\":\"2026-04-26T13:06:25+00:00\",\"dateModified\":\"2026-04-26T17:22:52+00:00\",\"mainEntityOfPage\":{\"@id\":\"https:\/\/www.parisenigmes.com\/blog\/visiter-caen\/\"},\"wordCount\":5372,\"publisher\":{\"@id\":\"https:\/\/www.parisenigmes.com\/blog\/#organization\"},\"image\":{\"@id\":\"https:\/\/www.parisenigmes.com\/blog\/visiter-caen\/#primaryimage\"},\"thumbnailUrl\":\"https:\/\/www.parisenigmes.com\/blog\/wp-content\/uploads\/2026\/04\/caen.webp\",\"articleSection\":[\"France\"],\"inLanguage\":\"fr-FR\"},{\"@type\":\"WebPage\",\"@id\":\"https:\/\/www.parisenigmes.com\/blog\/visiter-caen\/\",\"url\":\"https:\/\/www.parisenigmes.com\/blog\/visiter-caen\/\",\"name\":\"Visiter Caen : 30 incontournables \u00e0 faire et voir - Paris Enigmes - Blog\",\"isPartOf\":{\"@id\":\"https:\/\/www.parisenigmes.com\/blog\/#website\"},\"primaryImageOfPage\":{\"@id\":\"https:\/\/www.parisenigmes.com\/blog\/visiter-caen\/#primaryimage\"},\"image\":{\"@id\":\"https:\/\/www.parisenigmes.com\/blog\/visiter-caen\/#primaryimage\"},\"thumbnailUrl\":\"https:\/\/www.parisenigmes.com\/blog\/wp-content\/uploads\/2026\/04\/caen.webp\",\"datePublished\":\"2026-04-26T13:06:25+00:00\",\"dateModified\":\"2026-04-26T17:22:52+00:00\",\"description\":\"Visiter Caen en Normandie : d\u00e9couvrez une ville historique marqu\u00e9e par Guillaume le Conqu\u00e9rant, ses abbayes, son ch\u00e2teau, ses mus\u00e9es ..\",\"breadcrumb\":{\"@id\":\"https:\/\/www.parisenigmes.com\/blog\/visiter-caen\/#breadcrumb\"},\"inLanguage\":\"fr-FR\",\"potentialAction\":[{\"@type\":\"ReadAction\",\"target\":[\"https:\/\/www.parisenigmes.com\/blog\/visiter-caen\/\"]}]},{\"@type\":\"ImageObject\",\"inLanguage\":\"fr-FR\",\"@id\":\"https:\/\/www.parisenigmes.com\/blog\/visiter-caen\/#primaryimage\",\"url\":\"https:\/\/www.parisenigmes.com\/blog\/wp-content\/uploads\/2026\/04\/caen.webp\",\"contentUrl\":\"https:\/\/www.parisenigmes.com\/blog\/wp-content\/uploads\/2026\/04\/caen.webp\",\"width\":1200,\"height\":627,\"caption\":\"Caen\"},{\"@type\":\"BreadcrumbList\",\"@id\":\"https:\/\/www.parisenigmes.com\/blog\/visiter-caen\/#breadcrumb\",\"itemListElement\":[{\"@type\":\"ListItem\",\"position\":1,\"name\":\"Home\",\"item\":\"https:\/\/www.parisenigmes.com\/blog\/\"},{\"@type\":\"ListItem\",\"position\":2,\"name\":\"Visiter Caen : 30 incontournables \u00e0 faire et voir\"}]},{\"@type\":\"WebSite\",\"@id\":\"https:\/\/www.parisenigmes.com\/blog\/#website\",\"url\":\"https:\/\/www.parisenigmes.com\/blog\/\",\"name\":\"Paris Enigmes - Blog\",\"description\":\"\",\"publisher\":{\"@id\":\"https:\/\/www.parisenigmes.com\/blog\/#organization\"},\"potentialAction\":[{\"@type\":\"SearchAction\",\"target\":{\"@type\":\"EntryPoint\",\"urlTemplate\":\"https:\/\/www.parisenigmes.com\/blog\/?s={search_term_string}\"},\"query-input\":{\"@type\":\"PropertyValueSpecification\",\"valueRequired\":true,\"valueName\":\"search_term_string\"}}],\"inLanguage\":\"fr-FR\"},{\"@type\":\"Organization\",\"@id\":\"https:\/\/www.parisenigmes.com\/blog\/#organization\",\"name\":\"Paris Enigmes - Blog\",\"url\":\"https:\/\/www.parisenigmes.com\/blog\/\",\"logo\":{\"@type\":\"ImageObject\",\"inLanguage\":\"fr-FR\",\"@id\":\"https:\/\/www.parisenigmes.com\/blog\/#\/schema\/logo\/image\/\",\"url\":\"https:\/\/www.parisenigmes.com\/blog\/wp-content\/uploads\/2025\/08\/ic_launcher.png\",\"contentUrl\":\"https:\/\/www.parisenigmes.com\/blog\/wp-content\/uploads\/2025\/08\/ic_launcher.png\",\"width\":1080,\"height\":1080,\"caption\":\"Paris Enigmes - Blog\"},\"image\":{\"@id\":\"https:\/\/www.parisenigmes.com\/blog\/#\/schema\/logo\/image\/\"},\"sameAs\":[\"https:\/\/www.facebook.com\/ParisEnigmes\/\",\"https:\/\/www.instagram.com\/parisenigmes\/\"]},{\"@type\":\"Person\",\"@id\":\"https:\/\/www.parisenigmes.com\/blog\/#\/schema\/person\/2e217698c5034e9884190e3c9c806c22\",\"name\":\"parisenigmes\",\"image\":{\"@type\":\"ImageObject\",\"inLanguage\":\"fr-FR\",\"@id\":\"https:\/\/www.parisenigmes.com\/blog\/#\/schema\/person\/image\/\",\"url\":\"https:\/\/secure.gravatar.com\/avatar\/c462456799ea25a5b7e4a315895b6249adf94c7d85c70bcb626bb5d99e5b7a4d?s=96&d=mm&r=g\",\"contentUrl\":\"https:\/\/secure.gravatar.com\/avatar\/c462456799ea25a5b7e4a315895b6249adf94c7d85c70bcb626bb5d99e5b7a4d?s=96&d=mm&r=g\",\"caption\":\"parisenigmes\"},\"sameAs\":[\"https:\/\/www.parisenigmes.com\/ressources\/wordpress\"],\"url\":\"https:\/\/www.parisenigmes.com\/blog\/author\/parisenigmes\/\"}]}<\/script>\n<!-- \/ Yoast SEO plugin. -->","yoast_head_json":{"title":"Visiter Caen : 30 incontournables \u00e0 faire et voir - Paris Enigmes - Blog","description":"Visiter Caen en Normandie : d\u00e9couvrez une ville historique marqu\u00e9e par Guillaume le Conqu\u00e9rant, ses abbayes, son ch\u00e2teau, ses mus\u00e9es ..","robots":{"index":"index","follow":"follow","max-snippet":"max-snippet:-1","max-image-preview":"max-image-preview:large","max-video-preview":"max-video-preview:-1"},"canonical":"https:\/\/www.parisenigmes.com\/blog\/visiter-caen\/","og_locale":"fr_FR","og_type":"article","og_title":"Visiter Caen : 30 incontournables \u00e0 faire et voir","og_description":"Visiter Caen en Normandie : d\u00e9couvrez une ville historique marqu\u00e9e par Guillaume le Conqu\u00e9rant, ses abbayes, son ch\u00e2teau, ses mus\u00e9es ..","og_url":"https:\/\/www.parisenigmes.com\/blog\/visiter-caen\/","og_site_name":"Paris Enigmes - Blog","article_publisher":"https:\/\/www.facebook.com\/ParisEnigmes\/","article_published_time":"2026-04-26T13:06:25+00:00","article_modified_time":"2026-04-26T17:22:52+00:00","og_image":[{"width":1200,"height":627,"url":"https:\/\/www.parisenigmes.com\/blog\/wp-content\/uploads\/2026\/04\/caen.webp","type":"image\/jpeg"}],"author":"parisenigmes","twitter_card":"summary_large_image","twitter_title":"Visiter Caen : 30 incontournables \u00e0 faire et voir","twitter_description":"Visiter Caen en Normandie : d\u00e9couvrez une ville historique marqu\u00e9e par Guillaume le Conqu\u00e9rant, ses abbayes, son ch\u00e2teau, ses mus\u00e9es ..","twitter_image":"https:\/\/www.parisenigmes.com\/blog\/wp-content\/uploads\/2026\/04\/caen.webp","twitter_misc":{"Written by":"parisenigmes","Est. reading time":"30 minutes"},"schema":{"@context":"https:\/\/schema.org","@graph":[{"@type":"Article","@id":"https:\/\/www.parisenigmes.com\/blog\/visiter-caen\/#article","isPartOf":{"@id":"https:\/\/www.parisenigmes.com\/blog\/visiter-caen\/"},"author":{"name":"parisenigmes","@id":"https:\/\/www.parisenigmes.com\/blog\/#\/schema\/person\/2e217698c5034e9884190e3c9c806c22"},"headline":"Visiter Caen : 30 incontournables \u00e0 faire et voir","datePublished":"2026-04-26T13:06:25+00:00","dateModified":"2026-04-26T17:22:52+00:00","mainEntityOfPage":{"@id":"https:\/\/www.parisenigmes.com\/blog\/visiter-caen\/"},"wordCount":5372,"publisher":{"@id":"https:\/\/www.parisenigmes.com\/blog\/#organization"},"image":{"@id":"https:\/\/www.parisenigmes.com\/blog\/visiter-caen\/#primaryimage"},"thumbnailUrl":"https:\/\/www.parisenigmes.com\/blog\/wp-content\/uploads\/2026\/04\/caen.webp","articleSection":["France"],"inLanguage":"fr-FR"},{"@type":"WebPage","@id":"https:\/\/www.parisenigmes.com\/blog\/visiter-caen\/","url":"https:\/\/www.parisenigmes.com\/blog\/visiter-caen\/","name":"Visiter Caen : 30 incontournables \u00e0 faire et voir - Paris Enigmes - Blog","isPartOf":{"@id":"https:\/\/www.parisenigmes.com\/blog\/#website"},"primaryImageOfPage":{"@id":"https:\/\/www.parisenigmes.com\/blog\/visiter-caen\/#primaryimage"},"image":{"@id":"https:\/\/www.parisenigmes.com\/blog\/visiter-caen\/#primaryimage"},"thumbnailUrl":"https:\/\/www.parisenigmes.com\/blog\/wp-content\/uploads\/2026\/04\/caen.webp","datePublished":"2026-04-26T13:06:25+00:00","dateModified":"2026-04-26T17:22:52+00:00","description":"Visiter Caen en Normandie : d\u00e9couvrez une ville historique marqu\u00e9e par Guillaume le Conqu\u00e9rant, ses abbayes, son ch\u00e2teau, ses mus\u00e9es ..","breadcrumb":{"@id":"https:\/\/www.parisenigmes.com\/blog\/visiter-caen\/#breadcrumb"},"inLanguage":"fr-FR","potentialAction":[{"@type":"ReadAction","target":["https:\/\/www.parisenigmes.com\/blog\/visiter-caen\/"]}]},{"@type":"ImageObject","inLanguage":"fr-FR","@id":"https:\/\/www.parisenigmes.com\/blog\/visiter-caen\/#primaryimage","url":"https:\/\/www.parisenigmes.com\/blog\/wp-content\/uploads\/2026\/04\/caen.webp","contentUrl":"https:\/\/www.parisenigmes.com\/blog\/wp-content\/uploads\/2026\/04\/caen.webp","width":1200,"height":627,"caption":"Caen"},{"@type":"BreadcrumbList","@id":"https:\/\/www.parisenigmes.com\/blog\/visiter-caen\/#breadcrumb","itemListElement":[{"@type":"ListItem","position":1,"name":"Home","item":"https:\/\/www.parisenigmes.com\/blog\/"},{"@type":"ListItem","position":2,"name":"Visiter Caen : 30 incontournables \u00e0 faire et voir"}]},{"@type":"WebSite","@id":"https:\/\/www.parisenigmes.com\/blog\/#website","url":"https:\/\/www.parisenigmes.com\/blog\/","name":"Paris Enigmes - Blog","description":"","publisher":{"@id":"https:\/\/www.parisenigmes.com\/blog\/#organization"},"potentialAction":[{"@type":"SearchAction","target":{"@type":"EntryPoint","urlTemplate":"https:\/\/www.parisenigmes.com\/blog\/?s={search_term_string}"},"query-input":{"@type":"PropertyValueSpecification","valueRequired":true,"valueName":"search_term_string"}}],"inLanguage":"fr-FR"},{"@type":"Organization","@id":"https:\/\/www.parisenigmes.com\/blog\/#organization","name":"Paris Enigmes - Blog","url":"https:\/\/www.parisenigmes.com\/blog\/","logo":{"@type":"ImageObject","inLanguage":"fr-FR","@id":"https:\/\/www.parisenigmes.com\/blog\/#\/schema\/logo\/image\/","url":"https:\/\/www.parisenigmes.com\/blog\/wp-content\/uploads\/2025\/08\/ic_launcher.png","contentUrl":"https:\/\/www.parisenigmes.com\/blog\/wp-content\/uploads\/2025\/08\/ic_launcher.png","width":1080,"height":1080,"caption":"Paris Enigmes - Blog"},"image":{"@id":"https:\/\/www.parisenigmes.com\/blog\/#\/schema\/logo\/image\/"},"sameAs":["https:\/\/www.facebook.com\/ParisEnigmes\/","https:\/\/www.instagram.com\/parisenigmes\/"]},{"@type":"Person","@id":"https:\/\/www.parisenigmes.com\/blog\/#\/schema\/person\/2e217698c5034e9884190e3c9c806c22","name":"parisenigmes","image":{"@type":"ImageObject","inLanguage":"fr-FR","@id":"https:\/\/www.parisenigmes.com\/blog\/#\/schema\/person\/image\/","url":"https:\/\/secure.gravatar.com\/avatar\/c462456799ea25a5b7e4a315895b6249adf94c7d85c70bcb626bb5d99e5b7a4d?s=96&d=mm&r=g","contentUrl":"https:\/\/secure.gravatar.com\/avatar\/c462456799ea25a5b7e4a315895b6249adf94c7d85c70bcb626bb5d99e5b7a4d?s=96&d=mm&r=g","caption":"parisenigmes"},"sameAs":["https:\/\/www.parisenigmes.com\/ressources\/wordpress"],"url":"https:\/\/www.parisenigmes.com\/blog\/author\/parisenigmes\/"}]}},"_links":{"self":[{"href":"https:\/\/www.parisenigmes.com\/blog\/wp-json\/wp\/v2\/posts\/5434","targetHints":{"allow":["GET"]}}],"collection":[{"href":"https:\/\/www.parisenigmes.com\/blog\/wp-json\/wp\/v2\/posts"}],"about":[{"href":"https:\/\/www.parisenigmes.com\/blog\/wp-json\/wp\/v2\/types\/post"}],"author":[{"embeddable":true,"href":"https:\/\/www.parisenigmes.com\/blog\/wp-json\/wp\/v2\/users\/1"}],"replies":[{"embeddable":true,"href":"https:\/\/www.parisenigmes.com\/blog\/wp-json\/wp\/v2\/comments?post=5434"}],"version-history":[{"count":5,"href":"https:\/\/www.parisenigmes.com\/blog\/wp-json\/wp\/v2\/posts\/5434\/revisions"}],"predecessor-version":[{"id":5470,"href":"https:\/\/www.parisenigmes.com\/blog\/wp-json\/wp\/v2\/posts\/5434\/revisions\/5470"}],"wp:featuredmedia":[{"embeddable":true,"href":"https:\/\/www.parisenigmes.com\/blog\/wp-json\/wp\/v2\/media\/5466"}],"wp:attachment":[{"href":"https:\/\/www.parisenigmes.com\/blog\/wp-json\/wp\/v2\/media?parent=5434"}],"wp:term":[{"taxonomy":"category","embeddable":true,"href":"https:\/\/www.parisenigmes.com\/blog\/wp-json\/wp\/v2\/categories?post=5434"},{"taxonomy":"post_tag","embeddable":true,"href":"https:\/\/www.parisenigmes.com\/blog\/wp-json\/wp\/v2\/tags?post=5434"}],"curies":[{"name":"wp","href":"https:\/\/api.w.org\/{rel}","templated":true}]}}