{"id":5471,"date":"2026-04-26T19:59:14","date_gmt":"2026-04-26T17:59:14","guid":{"rendered":"https:\/\/www.parisenigmes.com\/blog\/?p=5471"},"modified":"2026-04-28T20:19:08","modified_gmt":"2026-04-28T18:19:08","slug":"visiter-grenoble","status":"publish","type":"post","link":"https:\/\/www.parisenigmes.com\/blog\/visiter-grenoble\/","title":{"rendered":"Visiter Grenoble : 30 incontournables \u00e0 faire et voir"},"content":{"rendered":"<p data-start=\"165\" data-end=\"473\">Visiter <span class=\"hover:entity-accent entity-underline inline cursor-pointer align-baseline\"><span class=\"whitespace-normal\">Grenoble<\/span><\/span>, c\u2019est d\u00e9couvrir une destination unique o\u00f9 patrimoine historique, culture et nature alpine se rencontrent harmonieusement. Situ\u00e9e au c\u0153ur des montagnes, la ville s\u00e9duit autant par son riche pass\u00e9 que par son cadre exceptionnel, entour\u00e9 de massifs spectaculaires.<\/p>\n<p data-start=\"475\" data-end=\"875\">Surnomm\u00e9e la \u00ab capitale des Alpes \u00bb, Grenoble regorge de sites incontournables qui t\u00e9moignent de son histoire et de son \u00e9volution au fil des si\u00e8cles. Parmi eux, le c\u00e9l\u00e8bre <span class=\"hover:entity-accent entity-underline inline cursor-pointer align-baseline\"><span class=\"whitespace-normal\">Fort de la Bastille<\/span><\/span> offre une vue imprenable sur la ville, tandis que la <span class=\"hover:entity-accent entity-underline inline cursor-pointer align-baseline\"><span class=\"whitespace-normal\">Cath\u00e9drale Notre-Dame de Grenoble<\/span><\/span> et le <span class=\"hover:entity-accent entity-underline inline cursor-pointer align-baseline\"><span class=\"whitespace-normal\">Palais du Parlement du Dauphin\u00e9<\/span><\/span> illustrent la richesse de son patrimoine architectural.<\/p>\n<p data-start=\"877\" data-end=\"1140\">Au-del\u00e0 de ses monuments, Grenoble est aussi une porte d\u2019entr\u00e9e id\u00e9ale vers des espaces naturels d\u2019exception, comme le <span class=\"hover:entity-accent entity-underline inline cursor-pointer align-baseline\"><span class=\"whitespace-normal\">Parc naturel r\u00e9gional du Vercors<\/span><\/span> et le <span class=\"hover:entity-accent entity-underline inline cursor-pointer align-baseline\"><span class=\"whitespace-normal\">Parc naturel r\u00e9gional de Chartreuse<\/span><\/span>, parfaits pour les amateurs de randonn\u00e9e et de grands espaces.<\/p>\n<p data-start=\"1142\" data-end=\"1309\">Que vous soyez en qu\u00eate de d\u00e9couvertes culturelles, de balades urbaines ou d\u2019aventures en pleine nature, visiter Grenoble promet une exp\u00e9rience compl\u00e8te et d\u00e9paysante.<\/p>\n<h2 id=\"section-1\" tabindex=\"-1\" data-start=\"288\" data-end=\"341\"><strong data-start=\"294\" data-end=\"341\">Monuments &amp; Patrimoine Historique \u00e0 Grenoble<\/strong><\/h2>\n<h3>Fort de la bastille<\/h3>\n<figure id=\"attachment_5536\" aria-describedby=\"caption-attachment-5536\" style=\"width: 1024px\" class=\"wp-caption aligncenter\"><img data-dominant-color=\"898c83\" data-has-transparency=\"false\" style=\"--dominant-color: #898c83;\" loading=\"lazy\" decoding=\"async\" class=\"size-large wp-image-5536 not-transparent\" src=\"https:\/\/www.parisenigmes.com\/blog\/wp-content\/uploads\/2026\/04\/Entree_Fort_Bastille_-_Grenoble-1024x768.webp\" alt=\"Fort de la bastille\" width=\"1024\" height=\"768\" srcset=\"https:\/\/www.parisenigmes.com\/blog\/wp-content\/uploads\/2026\/04\/Entree_Fort_Bastille_-_Grenoble-1024x768.webp 1024w, https:\/\/www.parisenigmes.com\/blog\/wp-content\/uploads\/2026\/04\/Entree_Fort_Bastille_-_Grenoble-300x225.webp 300w, https:\/\/www.parisenigmes.com\/blog\/wp-content\/uploads\/2026\/04\/Entree_Fort_Bastille_-_Grenoble-768x576.webp 768w, https:\/\/www.parisenigmes.com\/blog\/wp-content\/uploads\/2026\/04\/Entree_Fort_Bastille_-_Grenoble.webp 1280w\" sizes=\"auto, (max-width: 1024px) 100vw, 1024px\" \/><figcaption id=\"caption-attachment-5536\" class=\"wp-caption-text\">Fort de la bastille<\/figcaption><\/figure>\n<p data-start=\"0\" data-end=\"356\">La <span class=\"hover:entity-accent entity-underline inline cursor-pointer align-baseline\"><span class=\"whitespace-normal\">Bastille de Grenoble<\/span><\/span> est un ancien fort militaire du XIXe si\u00e8cle qui domine la ville de <span class=\"hover:entity-accent entity-underline inline cursor-pointer align-baseline\"><span class=\"whitespace-normal\">Grenoble<\/span><\/span> depuis une colline culminant \u00e0 pr\u00e8s de 500 m\u00e8tres d\u2019altitude. Construite entre 1824 et 1847 sous la direction du g\u00e9n\u00e9ral Haxo, elle remplace une premi\u00e8re fortification \u00e9difi\u00e9e au XVIe si\u00e8cle par Lesdigui\u00e8res.<\/p>\n<p data-start=\"358\" data-end=\"730\">Gr\u00e2ce \u00e0 sa position strat\u00e9gique, la Bastille permettait de surveiller et de d\u00e9fendre les vall\u00e9es environnantes, notamment celles de l\u2019Is\u00e8re et du Drac, tout en \u00e9tant difficile d\u2019acc\u00e8s pour d\u2019\u00e9ventuels ennemis. Le fort comprend un syst\u00e8me d\u00e9fensif \u00e9labor\u00e9 avec casemates, foss\u00e9s, pont-levis et galeries souterraines, bien qu\u2019il n\u2019ait jamais \u00e9t\u00e9 utilis\u00e9 lors d\u2019un conflit.<\/p>\n<p data-start=\"732\" data-end=\"1073\" data-is-last-node=\"\" data-is-only-node=\"\">Aujourd\u2019hui, la Bastille est le principal site touristique de Grenoble. Accessible en t\u00e9l\u00e9ph\u00e9rique, \u00e0 pied ou par la route, elle offre un panorama exceptionnel sur les massifs alpins et accueille chaque ann\u00e9e des centaines de milliers de visiteurs venus profiter de ses paysages, de ses activit\u00e9s culturelles et de ses sentiers de randonn\u00e9e.<\/p>\n<h3>Cath\u00e9drale Notre-Dame de Grenoble<\/h3>\n<figure id=\"attachment_5535\" aria-describedby=\"caption-attachment-5535\" style=\"width: 1024px\" class=\"wp-caption aligncenter\"><img data-dominant-color=\"8a8d8d\" data-has-transparency=\"false\" style=\"--dominant-color: #8a8d8d;\" loading=\"lazy\" decoding=\"async\" class=\"size-large wp-image-5535 not-transparent\" src=\"https:\/\/www.parisenigmes.com\/blog\/wp-content\/uploads\/2026\/04\/Grenoble-Notre-Dame-1024x682.webp\" alt=\"Cath\u00e9drale Notre-Dame de Grenoble\" width=\"1024\" height=\"682\" srcset=\"https:\/\/www.parisenigmes.com\/blog\/wp-content\/uploads\/2026\/04\/Grenoble-Notre-Dame-1024x682.webp 1024w, https:\/\/www.parisenigmes.com\/blog\/wp-content\/uploads\/2026\/04\/Grenoble-Notre-Dame-300x200.webp 300w, https:\/\/www.parisenigmes.com\/blog\/wp-content\/uploads\/2026\/04\/Grenoble-Notre-Dame-768x512.webp 768w, https:\/\/www.parisenigmes.com\/blog\/wp-content\/uploads\/2026\/04\/Grenoble-Notre-Dame.webp 1280w\" sizes=\"auto, (max-width: 1024px) 100vw, 1024px\" \/><figcaption id=\"caption-attachment-5535\" class=\"wp-caption-text\">Cath\u00e9drale Notre-Dame de Grenoble<\/figcaption><\/figure>\n<p data-start=\"0\" data-end=\"311\">La <span class=\"hover:entity-accent entity-underline inline cursor-pointer align-baseline\"><span class=\"whitespace-normal\">Cath\u00e9drale Notre-Dame de Grenoble<\/span><\/span> est un \u00e9difice religieux, dont la construction d\u00e9bute d\u00e8s le Xe si\u00e8cle. Si\u00e8ge de l\u2019\u00e9v\u00each\u00e9, elle m\u00eale styles roman et gothique, t\u00e9moignant des nombreuses transformations qu\u2019elle a connues au fil des si\u00e8cles.<\/p>\n<p data-start=\"313\" data-end=\"554\">Particularit\u00e9 rare, la cath\u00e9drale est int\u00e9gr\u00e9e dans un ensemble urbain dense, avec des habitations accol\u00e9es \u00e0 ses murs, et communique directement avec l\u2019\u00e9glise Saint-Hugues voisine, formant un syst\u00e8me d\u2019\u00e9glises doubles h\u00e9rit\u00e9 du Moyen \u00c2ge.<\/p>\n<p data-start=\"556\" data-end=\"811\">Son histoire remonte \u00e0 l\u2019\u00e9poque romaine, sur le site de l\u2019ancienne ville de Cularo, o\u00f9 des lieux de culte existaient d\u00e9j\u00e0. La d\u00e9couverte en 1989 d\u2019un baptist\u00e8re datant du IVe si\u00e8cle a renforc\u00e9 son importance historique et relanc\u00e9 l\u2019int\u00e9r\u00eat pour le site.<\/p>\n<p data-start=\"813\" data-end=\"1123\">\u00c0 l\u2019int\u00e9rieur, on d\u00e9couvre une architecture marqu\u00e9e par des remaniements successifs : nef du XIIe si\u00e8cle, chapelles vari\u00e9es, ch\u0153ur orn\u00e9 d\u2019un ciborium gothique et nombreuses \u0153uvres d\u2019art religieuses. Le clocher-porche en brique, massif et sobre, constitue l\u2019\u00e9l\u00e9ment le plus visible depuis la place Notre-Dame.<\/p>\n<h3>Place Victor Hugo<\/h3>\n<figure id=\"attachment_5534\" aria-describedby=\"caption-attachment-5534\" style=\"width: 1024px\" class=\"wp-caption aligncenter\"><img data-dominant-color=\"6a736f\" data-has-transparency=\"false\" style=\"--dominant-color: #6a736f;\" loading=\"lazy\" decoding=\"async\" class=\"size-large wp-image-5534 not-transparent\" src=\"https:\/\/www.parisenigmes.com\/blog\/wp-content\/uploads\/2026\/04\/Place_Victor_Hugo_dans_lhyper-centre_de_Grenoble-1024x768.webp\" alt=\"Place Victor Hugo\" width=\"1024\" height=\"768\" srcset=\"https:\/\/www.parisenigmes.com\/blog\/wp-content\/uploads\/2026\/04\/Place_Victor_Hugo_dans_lhyper-centre_de_Grenoble-1024x768.webp 1024w, https:\/\/www.parisenigmes.com\/blog\/wp-content\/uploads\/2026\/04\/Place_Victor_Hugo_dans_lhyper-centre_de_Grenoble-300x225.webp 300w, https:\/\/www.parisenigmes.com\/blog\/wp-content\/uploads\/2026\/04\/Place_Victor_Hugo_dans_lhyper-centre_de_Grenoble-768x576.webp 768w, https:\/\/www.parisenigmes.com\/blog\/wp-content\/uploads\/2026\/04\/Place_Victor_Hugo_dans_lhyper-centre_de_Grenoble.webp 1280w\" sizes=\"auto, (max-width: 1024px) 100vw, 1024px\" \/><figcaption id=\"caption-attachment-5534\" class=\"wp-caption-text\">Place Victor Hugo<\/figcaption><\/figure>\n<p data-start=\"0\" data-end=\"388\">La <span class=\"hover:entity-accent entity-underline inline cursor-pointer align-baseline\"><span class=\"whitespace-normal\">Place Victor-Hugo<\/span><\/span> est l\u2019une des places centrales les plus anim\u00e9es de <span class=\"hover:entity-accent entity-underline inline cursor-pointer align-baseline\"><span class=\"whitespace-normal\">Grenoble<\/span><\/span>, situ\u00e9e en plein c\u0153ur de l\u2019hyper-centre et entour\u00e9e de rues commer\u00e7antes. Cr\u00e9\u00e9e en 1885 \u00e0 la suite de la d\u00e9molition d\u2019anciennes casernes et des remparts, elle s\u2019inscrit dans le d\u00e9veloppement urbain de style haussmannien de la ville \u00e0 la fin du XIXe si\u00e8cle.<\/p>\n<p data-start=\"390\" data-end=\"762\">D\u00e9di\u00e9e \u00e0 l\u2019\u00e9crivain <span class=\"hover:entity-accent entity-underline inline cursor-pointer align-baseline\"><span class=\"whitespace-normal\">Victor Hugo<\/span><\/span>, la place a rapidement devenir un lieu de vie incontournable, notamment durant la Belle \u00c9poque o\u00f9 caf\u00e9s, concerts et animations animaient quotidiennement ses terrasses. Aujourd\u2019hui encore, elle reste un point de rendez-vous majeur, avec ses commerces, restaurants et \u00e9v\u00e9nements r\u00e9guliers comme le march\u00e9 de No\u00ebl.<\/p>\n<p data-start=\"764\" data-end=\"1062\">Enti\u00e8rement r\u00e9am\u00e9nag\u00e9e en 2021, la place offre d\u00e9sormais un cadre plus v\u00e9g\u00e9talis\u00e9 et convivial, tout en conservant son patrimoine architectural. On y trouve notamment la statue du compositeur <span class=\"hover:entity-accent entity-underline inline cursor-pointer align-baseline\"><span class=\"whitespace-normal\">Hector Berlioz<\/span><\/span>, ainsi que plusieurs immeubles remarquables datant de sa cr\u00e9ation.<\/p>\n<h3>Palais du Parlement du Dauphin\u00e9<\/h3>\n<figure id=\"attachment_5533\" aria-describedby=\"caption-attachment-5533\" style=\"width: 1024px\" class=\"wp-caption aligncenter\"><img data-dominant-color=\"56606a\" data-has-transparency=\"false\" style=\"--dominant-color: #56606a;\" loading=\"lazy\" decoding=\"async\" class=\"size-large wp-image-5533 not-transparent\" src=\"https:\/\/www.parisenigmes.com\/blog\/wp-content\/uploads\/2026\/04\/Palais_du_parlement_du_Dauphine_-_2012-1024x738.webp\" alt=\"Palais du Parlement du Dauphin\u00e9\" width=\"1024\" height=\"738\" srcset=\"https:\/\/www.parisenigmes.com\/blog\/wp-content\/uploads\/2026\/04\/Palais_du_parlement_du_Dauphine_-_2012-1024x738.webp 1024w, https:\/\/www.parisenigmes.com\/blog\/wp-content\/uploads\/2026\/04\/Palais_du_parlement_du_Dauphine_-_2012-300x216.webp 300w, https:\/\/www.parisenigmes.com\/blog\/wp-content\/uploads\/2026\/04\/Palais_du_parlement_du_Dauphine_-_2012-768x553.webp 768w, https:\/\/www.parisenigmes.com\/blog\/wp-content\/uploads\/2026\/04\/Palais_du_parlement_du_Dauphine_-_2012.webp 1280w\" sizes=\"auto, (max-width: 1024px) 100vw, 1024px\" \/><figcaption id=\"caption-attachment-5533\" class=\"wp-caption-text\">Palais du Parlement du Dauphin\u00e9<\/figcaption><\/figure>\n<p data-start=\"102\" data-end=\"405\">Le <span class=\"hover:entity-accent entity-underline inline cursor-pointer align-baseline\"><span class=\"whitespace-normal\">Palais du parlement du Dauphin\u00e9, s<\/span><\/span>itu\u00e9 place Saint-Andr\u00e9, il remonte \u00e0 la fin du XVe si\u00e8cle et fut longtemps le si\u00e8ge du Parlement du Dauphin\u00e9, avant de devenir palais de justice jusqu\u2019en 2002.<\/p>\n<p data-start=\"407\" data-end=\"767\">Son architecture remarquable m\u00eale plusieurs styles, du gothique flamboyant \u00e0 la Renaissance, jusqu\u2019au n\u00e9orenaissance. Sa fa\u00e7ade bicolore, orn\u00e9e de blasons et de sculptures, t\u00e9moigne du prestige de cette ancienne institution judiciaire. \u00c0 l\u2019int\u00e9rieur, les anciennes salles d\u2019audience conservent un d\u00e9cor riche, avec boiseries sculpt\u00e9es et plafonds travaill\u00e9s.<\/p>\n<p data-start=\"769\" data-end=\"1087\">Cr\u00e9\u00e9 en 1453 par <span class=\"hover:entity-accent entity-underline inline cursor-pointer align-baseline\"><span class=\"whitespace-normal\">Louis XI<\/span><\/span> \u00e0 partir du Conseil delphinal fond\u00e9 par <span class=\"hover:entity-accent entity-underline inline cursor-pointer align-baseline\"><span class=\"whitespace-normal\">Humbert II de Viennois<\/span><\/span>, le Parlement du Dauphin\u00e9 a jou\u00e9 un r\u00f4le majeur dans l\u2019histoire de la province. Il faisait de Grenoble une v\u00e9ritable capitale r\u00e9gionale, attirant magistrats, juristes et justiciables.<\/p>\n<p data-start=\"1089\" data-end=\"1378\">Le palais a \u00e9galement \u00e9t\u00e9 le th\u00e9\u00e2tre d\u2019\u00e9v\u00e9nements historiques marquants, notamment la <span class=\"hover:entity-accent entity-underline inline cursor-pointer align-baseline\"><span class=\"whitespace-normal\">Journ\u00e9e des Tuiles<\/span><\/span> en 1788, souvent consid\u00e9r\u00e9e comme un pr\u00e9lude \u00e0 la R\u00e9volution fran\u00e7aise. Ce soul\u00e8vement populaire visait \u00e0 d\u00e9fendre le parlement face aux r\u00e9formes du pouvoir royal.<\/p>\n<p data-start=\"1380\" data-end=\"1705\">Apr\u00e8s la R\u00e9volution, l\u2019institution dispara\u00eet et le b\u00e2timent devient un tribunal, fonction qu\u2019il conservera jusqu\u2019au d\u00e9but du XXIe si\u00e8cle. Aujourd\u2019hui, le palais appartient au d\u00e9partement de l\u2019Is\u00e8re et fait l\u2019objet d\u2019un vaste projet de r\u00e9novation visant \u00e0 lui donner une nouvelle vie culturelle, patrimoniale et touristique.<\/p>\n<h3>Basilique du Sacr\u00e9-C\u0153ur de Grenoble<\/h3>\n<figure id=\"attachment_5531\" aria-describedby=\"caption-attachment-5531\" style=\"width: 960px\" class=\"wp-caption aligncenter\"><img data-dominant-color=\"60738b\" data-has-transparency=\"false\" style=\"--dominant-color: #60738b;\" loading=\"lazy\" decoding=\"async\" class=\"size-full wp-image-5531 not-transparent\" src=\"https:\/\/www.parisenigmes.com\/blog\/wp-content\/uploads\/2026\/04\/Grenoble_Basilique_Sacre_coeur_2012.webp\" alt=\"Basilique du Sacr\u00e9-C\u0153ur de Grenoble\" width=\"960\" height=\"816\" srcset=\"https:\/\/www.parisenigmes.com\/blog\/wp-content\/uploads\/2026\/04\/Grenoble_Basilique_Sacre_coeur_2012.webp 960w, https:\/\/www.parisenigmes.com\/blog\/wp-content\/uploads\/2026\/04\/Grenoble_Basilique_Sacre_coeur_2012-300x255.webp 300w, https:\/\/www.parisenigmes.com\/blog\/wp-content\/uploads\/2026\/04\/Grenoble_Basilique_Sacre_coeur_2012-768x653.webp 768w\" sizes=\"auto, (max-width: 960px) 100vw, 960px\" \/><figcaption id=\"caption-attachment-5531\" class=\"wp-caption-text\">Basilique du Sacr\u00e9-C\u0153ur de Grenoble<\/figcaption><\/figure>\n<p data-start=\"105\" data-end=\"421\">La <span class=\"hover:entity-accent entity-underline inline cursor-pointer align-baseline\"><span class=\"whitespace-normal\">Basilique du Sacr\u00e9-C\u0153ur de Grenoble<\/span><\/span> est un \u00e9difice religieux majeur situ\u00e9 \u00e0 <span class=\"hover:entity-accent entity-underline inline cursor-pointer align-baseline\"><span class=\"whitespace-normal\">Grenoble<\/span><\/span>, \u00e0 proximit\u00e9 imm\u00e9diate de la gare. Construite \u00e0 partir de 1922, elle se distingue par son style romano-byzantin et par une histoire marqu\u00e9e par de longues phases de construction et de r\u00e9novation.<\/p>\n<p data-start=\"423\" data-end=\"794\">La paroisse est fond\u00e9e en 1911 pour accompagner le d\u00e9veloppement du quartier de la gare. Le projet de basilique est lanc\u00e9 apr\u00e8s la Premi\u00e8re Guerre mondiale, sous l\u2019impulsion de l\u2019\u00e9v\u00eaque <span class=\"hover:entity-accent entity-underline inline cursor-pointer align-baseline\"><span class=\"whitespace-normal\">Alexandre Caillot<\/span><\/span>. Bien que consacr\u00e9e d\u00e8s 1943, l\u2019\u00e9glise reste inachev\u00e9e pendant plusieurs d\u00e9cennies, notamment avec l\u2019abandon du projet de campanile de 75 m\u00e8tres.<\/p>\n<p data-start=\"796\" data-end=\"1044\">Ce n\u2019est qu\u2019entre 2013 et 2016 qu\u2019un vaste chantier permet d\u2019achever et de moderniser l\u2019\u00e9difice. La basilique est alors enti\u00e8rement r\u00e9am\u00e9nag\u00e9e, offrant pr\u00e8s de 1 500 places assises et des espaces lumineux gr\u00e2ce \u00e0 l\u2019ajout de grandes baies vitr\u00e9es.<\/p>\n<p data-start=\"1046\" data-end=\"1285\">\u00c0 l\u2019int\u00e9rieur, l\u2019architecture impressionne par ses volumes, avec une hauteur de 25 m\u00e8tres et un ch\u0153ur spacieux au sol en marbre. L\u2019ensemble se caract\u00e9rise par une grande sobri\u00e9t\u00e9, notamment au niveau de l\u2019autel, volontairement d\u00e9pouill\u00e9.<\/p>\n<p data-start=\"1287\" data-end=\"1553\">L\u2019un des \u00e9l\u00e9ments les plus remarquables reste ses vitraux contemporains con\u00e7us par <span class=\"hover:entity-accent entity-underline inline cursor-pointer align-baseline\"><span class=\"whitespace-normal\">Arcabas<\/span><\/span>, consacr\u00e9s au th\u00e8me de la Cr\u00e9ation. Install\u00e9s entre 2016 et 2019, ces vitraux monumentaux apportent une lumi\u00e8re color\u00e9e et moderne \u00e0 l\u2019\u00e9difice.<\/p>\n<h3>Coll\u00e9giale Saint-Andr\u00e9<\/h3>\n<figure id=\"attachment_5532\" aria-describedby=\"caption-attachment-5532\" style=\"width: 967px\" class=\"wp-caption aligncenter\"><img data-dominant-color=\"7c97aa\" data-has-transparency=\"false\" style=\"--dominant-color: #7c97aa;\" loading=\"lazy\" decoding=\"async\" class=\"size-large wp-image-5532 not-transparent\" src=\"https:\/\/www.parisenigmes.com\/blog\/wp-content\/uploads\/2026\/04\/Place_Saint_Andre_-_Grenoble-967x1024.webp\" alt=\"Coll\u00e9giale Saint-Andr\u00e9\" width=\"967\" height=\"1024\" srcset=\"https:\/\/www.parisenigmes.com\/blog\/wp-content\/uploads\/2026\/04\/Place_Saint_Andre_-_Grenoble-967x1024.webp 967w, https:\/\/www.parisenigmes.com\/blog\/wp-content\/uploads\/2026\/04\/Place_Saint_Andre_-_Grenoble-283x300.webp 283w, https:\/\/www.parisenigmes.com\/blog\/wp-content\/uploads\/2026\/04\/Place_Saint_Andre_-_Grenoble-768x814.webp 768w, https:\/\/www.parisenigmes.com\/blog\/wp-content\/uploads\/2026\/04\/Place_Saint_Andre_-_Grenoble.webp 1280w\" sizes=\"auto, (max-width: 967px) 100vw, 967px\" \/><figcaption id=\"caption-attachment-5532\" class=\"wp-caption-text\">Coll\u00e9giale Saint-Andr\u00e9<\/figcaption><\/figure>\n<p data-start=\"0\" data-end=\"360\">La <span class=\"hover:entity-accent entity-underline inline cursor-pointer align-baseline\"><span class=\"whitespace-normal\">Coll\u00e9giale Saint-Andr\u00e9 de Grenoble<\/span><\/span> est une ancienne \u00e9glise situ\u00e9e en face du <span class=\"hover:entity-accent entity-underline inline cursor-pointer align-baseline\"><span class=\"whitespace-normal\">Palais du parlement du Dauphin\u00e9<\/span><\/span>. Fond\u00e9e en 1228 par le dauphin Andr\u00e9, elle servait \u00e0 l\u2019origine de chapelle priv\u00e9e et de n\u00e9cropole pour les souverains du Dauphin\u00e9, financ\u00e9e notamment gr\u00e2ce aux mines d\u2019argent de l\u2019Oisans.<\/p>\n<p data-start=\"362\" data-end=\"678\">Construite dans un style roman typiquement dauphinois, la coll\u00e9giale se distingue par son architecture sobre et harmonieuse, avec une nef unique, un transept bas et un chevet carr\u00e9. Son clocher lat\u00e9ral, haut de 56 m\u00e8tres et surmont\u00e9 d\u2019une fl\u00e8che octogonale.<\/p>\n<p data-start=\"680\" data-end=\"1049\">Au fil des si\u00e8cles, l\u2019\u00e9difice a jou\u00e9 un r\u00f4le religieux et politique important. Devenue chapelle royale apr\u00e8s le rattachement du Dauphin\u00e9 \u00e0 la France en 1349, elle a accueilli de nombreux \u00e9v\u00e9nements marquants, dont des pr\u00e9dications de <span class=\"hover:entity-accent entity-underline inline cursor-pointer align-baseline\"><span class=\"whitespace-normal\">Fran\u00e7ois de Sales<\/span><\/span>. \u00c0 la R\u00e9volution fran\u00e7aise, les chanoines sont dispers\u00e9s et l\u2019\u00e9glise devient une simple paroisse.<\/p>\n<p data-start=\"1051\" data-end=\"1381\" data-is-last-node=\"\" data-is-only-node=\"\">Aujourd\u2019hui, la coll\u00e9giale conserve plusieurs \u00e9l\u00e9ments remarquables, comme le tombeau du chevalier <span class=\"hover:entity-accent entity-underline inline cursor-pointer align-baseline\"><span class=\"whitespace-normal\">Pierre Terrail de Bayard<\/span><\/span> ou encore des reliques de <span class=\"hover:entity-accent entity-underline inline cursor-pointer align-baseline\"><span class=\"whitespace-normal\">Philippine Duchesne<\/span><\/span>.<\/p>\n<h3>Place Grenette<\/h3>\n<figure id=\"attachment_5530\" aria-describedby=\"caption-attachment-5530\" style=\"width: 960px\" class=\"wp-caption aligncenter\"><img data-dominant-color=\"9c9a96\" data-has-transparency=\"false\" style=\"--dominant-color: #9c9a96;\" loading=\"lazy\" decoding=\"async\" class=\"size-full wp-image-5530 not-transparent\" src=\"https:\/\/www.parisenigmes.com\/blog\/wp-content\/uploads\/2026\/04\/Chateau_deau_place_Grenette_-_Grenoble.webp\" alt=\"Place Grenette\" width=\"960\" height=\"882\" srcset=\"https:\/\/www.parisenigmes.com\/blog\/wp-content\/uploads\/2026\/04\/Chateau_deau_place_Grenette_-_Grenoble.webp 960w, https:\/\/www.parisenigmes.com\/blog\/wp-content\/uploads\/2026\/04\/Chateau_deau_place_Grenette_-_Grenoble-300x276.webp 300w, https:\/\/www.parisenigmes.com\/blog\/wp-content\/uploads\/2026\/04\/Chateau_deau_place_Grenette_-_Grenoble-768x706.webp 768w\" sizes=\"auto, (max-width: 960px) 100vw, 960px\" \/><figcaption id=\"caption-attachment-5530\" class=\"wp-caption-text\">Place Grenette<\/figcaption><\/figure>\n<p data-start=\"0\" data-end=\"310\">La <span class=\"hover:entity-accent entity-underline inline cursor-pointer align-baseline\"><span class=\"whitespace-normal\">Place Grenette<\/span><\/span> constitue un lieu de passage incontournable, entour\u00e9 de commerces, de restaurants et parfaitement desservi par les transports en commun.<\/p>\n<p data-start=\"312\" data-end=\"645\">Son nom provient des anciens march\u00e9s aux grains qui s\u2019y tenaient au Moyen \u00c2ge, lorsque la place s\u2019appelait encore \u00ab place du Breuil \u00bb ou \u00ab Granaterie \u00bb. \u00c0 l\u2019origine situ\u00e9e hors des remparts de la ville, elle s\u2019est progressivement int\u00e9gr\u00e9e au tissu urbain \u00e0 partir du XVIe si\u00e8cle, devenant un centre n\u00e9vralgique de la vie grenobloise.<\/p>\n<p data-start=\"647\" data-end=\"1069\">Au fil de l\u2019histoire, la place Grenette a \u00e9t\u00e9 le th\u00e9\u00e2tre de nombreux \u00e9v\u00e9nements marquants, parfois tragiques. Des ex\u00e9cutions publiques y ont eu lieu, comme celle de complices du c\u00e9l\u00e8bre contrebandier <span class=\"hover:entity-accent entity-underline inline cursor-pointer align-baseline\"><span class=\"whitespace-normal\">Louis Mandrin<\/span><\/span> au XVIIIe si\u00e8cle. Elle fut \u00e9galement touch\u00e9e par des \u00e9v\u00e9nements politiques et populaires, notamment lors de la <span class=\"hover:entity-accent entity-underline inline cursor-pointer align-baseline\"><span class=\"whitespace-normal\">Journ\u00e9e des Tuiles<\/span><\/span>, pr\u00e9lude \u00e0 la R\u00e9volution fran\u00e7aise.<\/p>\n<p data-start=\"1071\" data-end=\"1419\">Au XIXe si\u00e8cle, la place se modernise avec la construction du ch\u00e2teau d\u2019eau Lavalette, une fontaine monumentale orn\u00e9e de sculptures repr\u00e9sentant des dauphins, symbole du Dauphin\u00e9. Elle continue d\u2019\u00e9voluer au XXe si\u00e8cle, passant d\u2019un espace domin\u00e9 par la circulation automobile \u00e0 une vaste zone pi\u00e9tonne conviviale \u00e0 partir de la fin des ann\u00e9es 1960.<\/p>\n<h3>Eglise Saint Louis<\/h3>\n<figure id=\"attachment_5529\" aria-describedby=\"caption-attachment-5529\" style=\"width: 1024px\" class=\"wp-caption aligncenter\"><img data-dominant-color=\"58687c\" data-has-transparency=\"false\" style=\"--dominant-color: #58687c;\" loading=\"lazy\" decoding=\"async\" class=\"size-large wp-image-5529 not-transparent\" src=\"https:\/\/www.parisenigmes.com\/blog\/wp-content\/uploads\/2026\/04\/Grenoble_Saint-Louis_church_2012-1024x762.webp\" alt=\"Eglise Saint Louis\" width=\"1024\" height=\"762\" srcset=\"https:\/\/www.parisenigmes.com\/blog\/wp-content\/uploads\/2026\/04\/Grenoble_Saint-Louis_church_2012-1024x762.webp 1024w, https:\/\/www.parisenigmes.com\/blog\/wp-content\/uploads\/2026\/04\/Grenoble_Saint-Louis_church_2012-300x223.webp 300w, https:\/\/www.parisenigmes.com\/blog\/wp-content\/uploads\/2026\/04\/Grenoble_Saint-Louis_church_2012-768x572.webp 768w, https:\/\/www.parisenigmes.com\/blog\/wp-content\/uploads\/2026\/04\/Grenoble_Saint-Louis_church_2012.webp 1280w\" sizes=\"auto, (max-width: 1024px) 100vw, 1024px\" \/><figcaption id=\"caption-attachment-5529\" class=\"wp-caption-text\">Eglise Saint Louis<\/figcaption><\/figure>\n<p data-start=\"92\" data-end=\"396\">L\u2019<span class=\"hover:entity-accent entity-underline inline cursor-pointer align-baseline\"><span class=\"whitespace-normal\">\u00c9glise Saint-Louis de Grenoble<\/span><\/span> a \u00e9t\u00e9 construite entre 1689 et 1699 et est d\u00e9di\u00e9e \u00e0 <span class=\"hover:entity-accent entity-underline inline cursor-pointer align-baseline\"><span class=\"whitespace-normal\">Louis IX<\/span><\/span>, plus connu sous le nom de Saint Louis.<\/p>\n<p data-start=\"398\" data-end=\"703\">Sa construction a \u00e9t\u00e9 voulue par l\u2019\u00e9v\u00eaque \u00c9tienne Le Camus, qui souhaitait d\u00e9velopper de nouvelles paroisses pour accompagner l\u2019expansion de la ville.<\/p>\n<p data-start=\"705\" data-end=\"996\">L\u2019architecture de l\u2019\u00e9difice est sobre et organis\u00e9e en forme de croix latine. Sur la fa\u00e7ade, une inscription en latin rappelle sa fondation : \u00ab Louis le Grand fit \u00e9difier cette maison pour le Seigneur en 1699 \u00bb. On remarque \u00e9galement un \u0153il-de-b\u0153uf d\u00e9cor\u00e9 d\u2019un vitrail ainsi qu\u2019une horloge.<\/p>\n<p data-start=\"998\" data-end=\"1311\">\u00c0 l\u2019int\u00e9rieur, l\u2019\u00e9glise abrite plusieurs \u00e9l\u00e9ments remarquables, notamment une Vierge en marbre blanc datant du XVIe si\u00e8cle, des tableaux anciens r\u00e9alis\u00e9s par un fr\u00e8re dominicain, ainsi que des confessionnaux et une chaire en bois de noyer du XVIIe si\u00e8cle. Le ma\u00eetre-autel, quant \u00e0 lui, remonte au XVIIIe si\u00e8cle.<\/p>\n<p data-start=\"1313\" data-end=\"1517\">Les vitraux, r\u00e9alis\u00e9s au d\u00e9but du XXe si\u00e8cle par le ma\u00eetre verrier <span class=\"hover:entity-accent entity-underline inline cursor-pointer align-baseline\"><span class=\"whitespace-normal\">Louis Balmet<\/span><\/span>, apportent une touche de lumi\u00e8re et de couleur \u00e0 cet ensemble architectural volontairement \u00e9pur\u00e9.<\/p>\n<p data-start=\"1519\" data-end=\"1850\">L\u2019\u00e9glise poss\u00e8de \u00e9galement quatre cloches, dont certaines remontent au XIXe si\u00e8cle, et un orgue important. Celui-ci, reconstruit en 1980 par le facteur <span class=\"hover:entity-accent entity-underline inline cursor-pointer align-baseline\"><span class=\"whitespace-normal\">Bartolom\u00e9o Formentelli<\/span><\/span>, comprend plus de 4 600 tuyaux. Restaur\u00e9 en 2012, il joue encore aujourd\u2019hui un r\u00f4le majeur dans la vie culturelle et musicale de Grenoble.<\/p>\n<h3>Fontaine des Trois Ordres de Grenoble<\/h3>\n<figure id=\"attachment_5528\" aria-describedby=\"caption-attachment-5528\" style=\"width: 960px\" class=\"wp-caption aligncenter\"><img data-dominant-color=\"758588\" data-has-transparency=\"false\" style=\"--dominant-color: #758588;\" loading=\"lazy\" decoding=\"async\" class=\"size-full wp-image-5528 not-transparent\" src=\"https:\/\/www.parisenigmes.com\/blog\/wp-content\/uploads\/2026\/04\/Fontaine_trois_ordres_-_Grenoble.webp\" alt=\"Fontaine des Trois Ordres de Grenoble\" width=\"960\" height=\"910\" srcset=\"https:\/\/www.parisenigmes.com\/blog\/wp-content\/uploads\/2026\/04\/Fontaine_trois_ordres_-_Grenoble.webp 960w, https:\/\/www.parisenigmes.com\/blog\/wp-content\/uploads\/2026\/04\/Fontaine_trois_ordres_-_Grenoble-300x284.webp 300w, https:\/\/www.parisenigmes.com\/blog\/wp-content\/uploads\/2026\/04\/Fontaine_trois_ordres_-_Grenoble-768x728.webp 768w\" sizes=\"auto, (max-width: 960px) 100vw, 960px\" \/><figcaption id=\"caption-attachment-5528\" class=\"wp-caption-text\">Fontaine des Trois Ordres de Grenoble<\/figcaption><\/figure>\n<p data-start=\"62\" data-end=\"399\">La <span class=\"hover:entity-accent entity-underline inline cursor-pointer align-baseline\"><span class=\"whitespace-normal\">Fontaine des trois ordres, \u00e9<\/span><\/span>galement appel\u00e9e \u00ab fontaine du centenaire \u00bb, elle rend hommage aux \u00e9v\u00e9nements de 1788, consid\u00e9r\u00e9s comme les pr\u00e9mices de la R\u00e9volution fran\u00e7aise, notamment la c\u00e9l\u00e8bre <span class=\"hover:entity-accent entity-underline inline cursor-pointer align-baseline\"><span class=\"whitespace-normal\">Journ\u00e9e des Tuiles<\/span><\/span>.<\/p>\n<p data-start=\"401\" data-end=\"692\">Inaugur\u00e9e en 1897 en pr\u00e9sence du pr\u00e9sident <span class=\"hover:entity-accent entity-underline inline cursor-pointer align-baseline\"><span class=\"whitespace-normal\">F\u00e9lix Faure<\/span><\/span>, cette \u0153uvre a \u00e9t\u00e9 r\u00e9alis\u00e9e par le sculpteur grenoblois <span class=\"hover:entity-accent entity-underline inline cursor-pointer align-baseline\"><span class=\"whitespace-normal\">Henri Ding<\/span><\/span>. Elle s\u2019inscrit dans une volont\u00e9 de c\u00e9l\u00e9brer le r\u00f4le majeur de Grenoble dans l\u2019histoire r\u00e9volutionnaire fran\u00e7aise.<\/p>\n<p data-start=\"694\" data-end=\"1069\">Le monument se compose d\u2019un grand bassin circulaire au centre duquel s\u2019\u00e9l\u00e8ve un pi\u00e9destal de neuf m\u00e8tres de haut. Au sommet, trois figures en marbre repr\u00e9sentent les trois ordres de la soci\u00e9t\u00e9 d\u2019Ancien R\u00e9gime : le Tiers \u00c9tat, le Clerg\u00e9 et la Noblesse. R\u00e9unis autour des tables des droits de l\u2019Homme, ils symbolisent l\u2019union et les pr\u00e9mices des revendications d\u00e9mocratiques.<\/p>\n<p data-start=\"1071\" data-end=\"1420\">Autour de la fontaine, des \u00e9l\u00e9ments d\u00e9coratifs en bronze attirent \u00e9galement l\u2019attention : quatre tritons projettent des jets d\u2019eau tandis que des griffons sculpt\u00e9s compl\u00e8tent cet ensemble majestueux. Les faces du pi\u00e9destal sont grav\u00e9es d\u2019inscriptions retra\u00e7ant les grandes \u00e9tapes de la R\u00e9volution, de 1788 jusqu\u2019au serment du Jeu de Paume en 1789.<\/p>\n<p data-start=\"1422\" data-end=\"1706\">Au fil du temps, la fontaine a connu plusieurs transformations. Ses \u00e9l\u00e9ments en bronze furent fondus durant la Seconde Guerre mondiale avant d\u2019\u00eatre restaur\u00e9s en 1957.<\/p>\n<h3>L\u2019<span class=\"hover:entity-accent entity-underline inline cursor-pointer align-baseline\"><span class=\"whitespace-normal\">\u00c9glise<\/span><\/span> Saint-Jean de Grenoble<\/h3>\n<p>&nbsp;<\/p>\n<p data-start=\"54\" data-end=\"366\">L\u2019<span class=\"hover:entity-accent entity-underline inline cursor-pointer align-baseline\"><span class=\"whitespace-normal\">\u00c9glise Saint-Jean de Grenoble<\/span><\/span> a \u00e9t\u00e9 construite entre 1963 et 1965 par l\u2019architecte <span class=\"hover:entity-accent entity-underline inline cursor-pointer align-baseline\"><span class=\"whitespace-normal\">Maurice Blanc<\/span><\/span>, elle se distingue par son architecture originale et audacieuse, typique des \u00e9difices religieux du XXe si\u00e8cle.<\/p>\n<p data-start=\"368\" data-end=\"633\">L\u2019\u00e9glise adopte un plan circulaire d\u2019environ 37 m\u00e8tres de diam\u00e8tre, pouvant accueillir jusqu\u2019\u00e0 1 300 personnes. Cette forme inhabituelle en fait l\u2019une des \u00e9glises contemporaines les plus marquantes de Grenoble.<\/p>\n<p data-start=\"635\" data-end=\"1027\">\u00c0 l\u2019origine, le b\u00e2timent \u00e9tait recouvert d\u2019une toiture autoportante en forme d\u2019hyperbolo\u00efde, surmont\u00e9e d\u2019un chapiteau en bronze. Cependant, en raison de probl\u00e8mes d\u2019\u00e9tanch\u00e9it\u00e9, cette couverture a \u00e9t\u00e9 enti\u00e8rement repens\u00e9e en 1979. La nouvelle toiture, diff\u00e9rente du projet initial, est coiff\u00e9e d\u2019un lanternon perc\u00e9 de neuf ouvertures et surmont\u00e9 d\u2019une croix culminant \u00e0 27 m\u00e8tres de hauteur.<\/p>\n<p data-start=\"1029\" data-end=\"1279\">Au fil du temps, l\u2019\u00e9difice a n\u00e9cessit\u00e9 des travaux d\u2019entretien, notamment pour sa couverture. Un projet de r\u00e9novation a ainsi \u00e9t\u00e9 envisag\u00e9 dans les ann\u00e9es 2020, accompagn\u00e9 d\u2019un appel aux dons pour pr\u00e9server ce patrimoine architectural contemporain.<\/p>\n<h3>Appartement natal de Stendhal<\/h3>\n<figure id=\"attachment_5527\" aria-describedby=\"caption-attachment-5527\" style=\"width: 768px\" class=\"wp-caption aligncenter\"><img data-dominant-color=\"8f7474\" data-has-transparency=\"false\" style=\"--dominant-color: #8f7474;\" loading=\"lazy\" decoding=\"async\" class=\"size-large wp-image-5527 not-transparent\" src=\"https:\/\/www.parisenigmes.com\/blog\/wp-content\/uploads\/2026\/04\/Entree_de_la_maison_natale_de_Stendhal-768x1024.webp\" alt=\"Appartement natal de Stendhal\" width=\"768\" height=\"1024\" srcset=\"https:\/\/www.parisenigmes.com\/blog\/wp-content\/uploads\/2026\/04\/Entree_de_la_maison_natale_de_Stendhal-768x1024.webp 768w, https:\/\/www.parisenigmes.com\/blog\/wp-content\/uploads\/2026\/04\/Entree_de_la_maison_natale_de_Stendhal-225x300.webp 225w, https:\/\/www.parisenigmes.com\/blog\/wp-content\/uploads\/2026\/04\/Entree_de_la_maison_natale_de_Stendhal.webp 960w\" sizes=\"auto, (max-width: 768px) 100vw, 768px\" \/><figcaption id=\"caption-attachment-5527\" class=\"wp-caption-text\">Appartement natal de Stendhal<\/figcaption><\/figure>\n<p data-start=\"0\" data-end=\"284\">La <span class=\"hover:entity-accent entity-underline inline cursor-pointer align-baseline\"><span class=\"whitespace-normal\">Maison natale de Stendhal<\/span><\/span> est situ\u00e9e en plein c\u0153ur du centre ancien de <span class=\"hover:entity-accent entity-underline inline cursor-pointer align-baseline\"><span class=\"whitespace-normal\">Grenoble<\/span><\/span>, rue Jean-Jacques-Rousseau. C\u2019est dans cet immeuble que na\u00eet, le 23 janvier 1783, l\u2019\u00e9crivain <span class=\"hover:entity-accent entity-underline inline cursor-pointer align-baseline\"><span class=\"whitespace-normal\">Stendhal<\/span><\/span>, de son vrai nom Henri Beyle.<\/p>\n<p data-start=\"286\" data-end=\"553\">L\u2019appartement o\u00f9 il voit le jour se trouve au deuxi\u00e8me \u00e9tage, au sein du foyer familial compos\u00e9 de son p\u00e8re, avocat au Parlement de Grenoble, et de sa m\u00e8re. Le jeune Stendhal y passe les premi\u00e8res ann\u00e9es de sa vie, avant de quitter les lieux apr\u00e8s la mort de sa m\u00e8re.<\/p>\n<p data-start=\"555\" data-end=\"823\">Aujourd\u2019hui, la maison est un lieu charg\u00e9 d\u2019histoire, m\u00eame si elle reste en grande partie priv\u00e9e et accessible seulement lors de visites ponctuelles. Une plaque comm\u00e9morative appos\u00e9e sur la fa\u00e7ade rappelle la naissance de cet auteur majeur de la litt\u00e9rature fran\u00e7aise.<\/p>\n<p data-start=\"825\" data-end=\"1116\" data-is-last-node=\"\" data-is-only-node=\"\">Le b\u00e2timent a \u00e9galement accueilli, dans les ann\u00e9es 1960, un mus\u00e9e consacr\u00e9 \u00e0 la R\u00e9sistance dauphinoise, avant le transfert de celui-ci vers un autre site.<\/p>\n<h3>Garage h\u00e9lico\u00efdal<\/h3>\n<figure id=\"attachment_5526\" aria-describedby=\"caption-attachment-5526\" style=\"width: 1024px\" class=\"wp-caption aligncenter\"><img data-dominant-color=\"696a67\" data-has-transparency=\"false\" style=\"--dominant-color: #696a67;\" loading=\"lazy\" decoding=\"async\" class=\"size-large wp-image-5526 not-transparent\" src=\"https:\/\/www.parisenigmes.com\/blog\/wp-content\/uploads\/2026\/04\/1280px-Garage_helicoidal_3_-_Grenoble-1024x768.webp\" alt=\"Garage h\u00e9lico\u00efdal\" width=\"1024\" height=\"768\" srcset=\"https:\/\/www.parisenigmes.com\/blog\/wp-content\/uploads\/2026\/04\/1280px-Garage_helicoidal_3_-_Grenoble-1024x768.webp 1024w, https:\/\/www.parisenigmes.com\/blog\/wp-content\/uploads\/2026\/04\/1280px-Garage_helicoidal_3_-_Grenoble-300x225.webp 300w, https:\/\/www.parisenigmes.com\/blog\/wp-content\/uploads\/2026\/04\/1280px-Garage_helicoidal_3_-_Grenoble-768x576.webp 768w, https:\/\/www.parisenigmes.com\/blog\/wp-content\/uploads\/2026\/04\/1280px-Garage_helicoidal_3_-_Grenoble.webp 1280w\" sizes=\"auto, (max-width: 1024px) 100vw, 1024px\" \/><figcaption id=\"caption-attachment-5526\" class=\"wp-caption-text\">Garage h\u00e9lico\u00efdal<\/figcaption><\/figure>\n<p data-start=\"0\" data-end=\"336\">Le <span class=\"hover:entity-accent entity-underline inline cursor-pointer align-baseline\"><span class=\"whitespace-normal\">Garage h\u00e9lico\u00efdal de Grenoble<\/span><\/span> est un b\u00e2timent unique situ\u00e9 en plein centre de <span class=\"hover:entity-accent entity-underline inline cursor-pointer align-baseline\"><span class=\"whitespace-normal\">Grenoble<\/span><\/span>, construit entre 1928 et 1932 dans un style Art d\u00e9co. Pens\u00e9 pour r\u00e9pondre \u00e0 l\u2019essor de l\u2019automobile au d\u00e9but du XXe si\u00e8cle, il pouvait accueillir \u00e0 l\u2019origine 225 voitures, et en compte aujourd\u2019hui plus de 250.<\/p>\n<p data-start=\"338\" data-end=\"621\">Sa particularit\u00e9 r\u00e9side dans sa structure int\u00e9rieure : une rampe h\u00e9lico\u00efdale en b\u00e9ton arm\u00e9 permet aux v\u00e9hicules de circuler sur plusieurs niveaux autour d\u2019un vaste puits central. Ce syst\u00e8me ing\u00e9nieux facilite la circulation et le stationnement dans un espace pourtant tr\u00e8s contraint.<\/p>\n<p data-start=\"623\" data-end=\"913\">Invisible depuis la rue, car int\u00e9gr\u00e9 au c\u0153ur d\u2019un \u00eelot d\u2019immeubles, le garage se distingue par sa discr\u00e9tion ext\u00e9rieure et sa complexit\u00e9 int\u00e9rieure. Chaque box \u00e9tait \u00e9quip\u00e9 d\u00e8s l\u2019origine de commodit\u00e9s modernes pour l\u2019\u00e9poque, comme l\u2019eau, l\u2019\u00e9lectricit\u00e9 et un syst\u00e8me de fermeture individuel.<\/p>\n<p data-start=\"915\" data-end=\"1143\" data-is-last-node=\"\" data-is-only-node=\"\">Il est \u00e9galement devenu un d\u00e9cor de cin\u00e9ma, apparaissant dans plusieurs films et s\u00e9ries r\u00e9cents, notamment <strong data-start=\"68\" data-end=\"78\">Cavale<\/strong> (2002), r\u00e9alis\u00e9 par Lucas Belvaux, <strong data-start=\"117\" data-end=\"135\">Loin du p\u00e9riph<\/strong> (2022), avec Omar Sy et <strong data-start=\"180\" data-end=\"194\">Anthracite<\/strong> (2024), s\u00e9rie diffus\u00e9e sur Netflix<\/p>\n<h3>\u00c9glise Saint-Bruno de Grenoble<\/h3>\n<figure id=\"attachment_5525\" aria-describedby=\"caption-attachment-5525\" style=\"width: 860px\" class=\"wp-caption aligncenter\"><img data-dominant-color=\"9ca2a2\" data-has-transparency=\"false\" style=\"--dominant-color: #9ca2a2;\" loading=\"lazy\" decoding=\"async\" class=\"size-large wp-image-5525 not-transparent\" src=\"https:\/\/www.parisenigmes.com\/blog\/wp-content\/uploads\/2026\/04\/Eglise_St_Bruno_-_Grenoble-860x1024.webp\" alt=\"\u00c9glise Saint-Bruno de Grenoble\" width=\"860\" height=\"1024\" srcset=\"https:\/\/www.parisenigmes.com\/blog\/wp-content\/uploads\/2026\/04\/Eglise_St_Bruno_-_Grenoble-860x1024.webp 860w, https:\/\/www.parisenigmes.com\/blog\/wp-content\/uploads\/2026\/04\/Eglise_St_Bruno_-_Grenoble-252x300.webp 252w, https:\/\/www.parisenigmes.com\/blog\/wp-content\/uploads\/2026\/04\/Eglise_St_Bruno_-_Grenoble-768x914.webp 768w, https:\/\/www.parisenigmes.com\/blog\/wp-content\/uploads\/2026\/04\/Eglise_St_Bruno_-_Grenoble.webp 960w\" sizes=\"auto, (max-width: 860px) 100vw, 860px\" \/><figcaption id=\"caption-attachment-5525\" class=\"wp-caption-text\">\u00c9glise Saint-Bruno de Grenoble<\/figcaption><\/figure>\n<p data-start=\"100\" data-end=\"370\">L\u2019<span class=\"hover:entity-accent entity-underline inline cursor-pointer align-baseline\"><span class=\"whitespace-normal\">\u00c9glise Saint-Bruno de Grenoble<\/span><\/span> est une \u00e9glise paroissiale situ\u00e9e dans le quartier Saint-Bruno, \u00e0 proximit\u00e9 de la gare de <span class=\"hover:entity-accent entity-underline inline cursor-pointer align-baseline\"><span class=\"whitespace-normal\">Grenoble<\/span><\/span>. Construite entre 1869 et 1878, elle est d\u00e9di\u00e9e \u00e0 saint Bruno.<\/p>\n<p data-start=\"372\" data-end=\"594\">Son architecture est de style n\u00e9o-roman. L\u2019\u00e9difice se distingue par l\u2019utilisation innovante du ciment moul\u00e9, qui remplace la pierre traditionnelle sur l\u2019ensemble de la construction, une technique alors rare au XIXe si\u00e8cle.<\/p>\n<p data-start=\"596\" data-end=\"871\">La fa\u00e7ade donne une impression de pierre de taille, mais il s\u2019agit en r\u00e9alit\u00e9 de mat\u00e9riaux artificiels, choisis pour r\u00e9duire les co\u00fbts et acc\u00e9l\u00e9rer la construction. Le clocher s\u2019\u00e9l\u00e8ve \u00e0 67 m\u00e8tres, faisant de l\u2019\u00e9glise l\u2019un des \u00e9difices les plus hauts de Grenoble \u00e0 son \u00e9poque.<\/p>\n<div id=\"map-infowindow-attr-nom-container\" class=\"i4ewOd-TaUzNb-r4nke-haAclf\">\n<h3 id=\"map-infowindow-attr-nom-value\" class=\"i4ewOd-TaUzNb-r4nke i4ewOd-TaUzNb-p83tee-lTBxed\" data-placeholder=\"Sans titre\" data-placeholder-class=\"i4ewOd-TaUzNb-p83tee-LwH6nd\" data-column-id=\"str:bm9t\" data-column-name=\"nom\">Tour Perret de Grenoble<\/h3>\n<figure id=\"attachment_5524\" aria-describedby=\"caption-attachment-5524\" style=\"width: 1024px\" class=\"wp-caption aligncenter\"><img data-dominant-color=\"6c95b9\" data-has-transparency=\"false\" style=\"--dominant-color: #6c95b9;\" loading=\"lazy\" decoding=\"async\" class=\"size-large wp-image-5524 not-transparent\" src=\"https:\/\/www.parisenigmes.com\/blog\/wp-content\/uploads\/2026\/04\/Tour_Perret_by_M._Riegler-1024x682.webp\" alt=\"Tour Perret de Grenoble\" width=\"1024\" height=\"682\" srcset=\"https:\/\/www.parisenigmes.com\/blog\/wp-content\/uploads\/2026\/04\/Tour_Perret_by_M._Riegler-1024x682.webp 1024w, https:\/\/www.parisenigmes.com\/blog\/wp-content\/uploads\/2026\/04\/Tour_Perret_by_M._Riegler-300x200.webp 300w, https:\/\/www.parisenigmes.com\/blog\/wp-content\/uploads\/2026\/04\/Tour_Perret_by_M._Riegler-768x512.webp 768w, https:\/\/www.parisenigmes.com\/blog\/wp-content\/uploads\/2026\/04\/Tour_Perret_by_M._Riegler.webp 1280w\" sizes=\"auto, (max-width: 1024px) 100vw, 1024px\" \/><figcaption id=\"caption-attachment-5524\" class=\"wp-caption-text\">Tour Perret de Grenoble<\/figcaption><\/figure>\n<p data-start=\"52\" data-end=\"461\">La Tour Perret de Grenoble est une tour d\u2019observation situ\u00e9e dans le parc Paul-Mistral. Construite entre 1924 et 1925 par l\u2019architecte Auguste Perret pour l\u2019Exposition internationale de la houille blanche, elle est consid\u00e9r\u00e9e comme la premi\u00e8re grande tour en b\u00e9ton arm\u00e9 au monde. Haute de 93 m\u00e8tres, elle servait \u00e0 la fois de symbole de l\u2019exposition et de tour d\u2019orientation pour les visiteurs.<\/p>\n<p data-start=\"463\" data-end=\"784\">Son architecture innovante repose sur une structure en b\u00e9ton arm\u00e9 apparente, sans d\u00e9coration superflue, mettant en valeur la modernit\u00e9 du mat\u00e9riau. Ferm\u00e9e au public depuis les ann\u00e9es 1960 en raison de son \u00e9tat de d\u00e9gradation, elle est aujourd\u2019hui class\u00e9e monument historique et fait l\u2019objet d\u2019une importante restauration.<\/p>\n<\/div>\n<div id=\"map-infowindow-content\">\n<div>\n<h2 id=\"section-2\" tabindex=\"-1\" data-start=\"590\" data-end=\"622\"><strong data-start=\"596\" data-end=\"622\">Mus\u00e9es incontournables de\u00a0<\/strong><strong data-start=\"294\" data-end=\"341\">Grenoble<\/strong><\/h2>\n<div class=\"hZuqH y\">\n<header class=\"VLKGO y\">\n<div class=\"NxKBB\">\n<div class=\"alPVI eNNhq PgLKC tnGGX\">\n<div class=\"ATCbm\">\n<h3 class=\"XfVdV o AIbhI\">Mus\u00e9e Arch\u00e9ologique Saint-Laurent<\/h3>\n<figure id=\"attachment_5523\" aria-describedby=\"caption-attachment-5523\" style=\"width: 1024px\" class=\"wp-caption aligncenter\"><img data-dominant-color=\"716c4a\" data-has-transparency=\"false\" style=\"--dominant-color: #716c4a;\" loading=\"lazy\" decoding=\"async\" class=\"size-large wp-image-5523 not-transparent\" src=\"https:\/\/www.parisenigmes.com\/blog\/wp-content\/uploads\/2026\/04\/Le_musee_archeologique_de_Grenoble-1024x697.webp\" alt=\"Mus\u00e9e Arch\u00e9ologique Saint-Laurent\" width=\"1024\" height=\"697\" srcset=\"https:\/\/www.parisenigmes.com\/blog\/wp-content\/uploads\/2026\/04\/Le_musee_archeologique_de_Grenoble-1024x697.webp 1024w, https:\/\/www.parisenigmes.com\/blog\/wp-content\/uploads\/2026\/04\/Le_musee_archeologique_de_Grenoble-300x204.webp 300w, https:\/\/www.parisenigmes.com\/blog\/wp-content\/uploads\/2026\/04\/Le_musee_archeologique_de_Grenoble-768x523.webp 768w, https:\/\/www.parisenigmes.com\/blog\/wp-content\/uploads\/2026\/04\/Le_musee_archeologique_de_Grenoble.webp 1280w\" sizes=\"auto, (max-width: 1024px) 100vw, 1024px\" \/><figcaption id=\"caption-attachment-5523\" class=\"wp-caption-text\">Mus\u00e9e Arch\u00e9ologique Saint-Laurent<\/figcaption><\/figure>\n<section class=\"text-token-text-primary w-full focus:outline-none [--shadow-height:45px] has-data-writing-block:pointer-events-none has-data-writing-block:-mt-(--shadow-height) has-data-writing-block:pt-(--shadow-height) [&amp;:has([data-writing-block])&gt;*]:pointer-events-auto [content-visibility:auto] supports-[content-visibility:auto]:[contain-intrinsic-size:auto_100lvh] R6Vx5W_threadScrollVars scroll-mb-[calc(var(--scroll-root-safe-area-inset-bottom,0px)+var(--thread-response-height))] scroll-mt-[calc(var(--header-height)+min(200px,max(70px,20svh)))]\" dir=\"auto\" data-turn-id=\"request-WEB:e3a89a6e-10af-4931-bba3-df8852a57def-22\" data-testid=\"conversation-turn-46\" data-scroll-anchor=\"false\" data-turn=\"assistant\">\n<div class=\"text-base my-auto mx-auto pb-10 [--thread-content-margin:var(--thread-content-margin-xs,calc(var(--spacing)*4))] @w-sm\/main:[--thread-content-margin:var(--thread-content-margin-sm,calc(var(--spacing)*6))] @w-lg\/main:[--thread-content-margin:var(--thread-content-margin-lg,calc(var(--spacing)*16))] px-(--thread-content-margin)\">\n<div class=\"[--thread-content-max-width:40rem] @w-lg\/main:[--thread-content-max-width:48rem] mx-auto max-w-(--thread-content-max-width) flex-1 group\/turn-messages focus-visible:outline-hidden relative flex w-full min-w-0 flex-col agent-turn\">\n<div class=\"flex max-w-full flex-col gap-4 grow\">\n<div class=\"min-h-8 text-message relative flex w-full flex-col items-end gap-2 text-start break-words whitespace-normal outline-none keyboard-focused:focus-ring [.text-message+&amp;]:mt-1\" dir=\"auto\" tabindex=\"0\" data-message-author-role=\"assistant\" data-message-id=\"953474c3-af0c-4c0e-9885-d9c982d733de\" data-message-model-slug=\"gpt-5-3-mini\" data-turn-start-message=\"true\">\n<div class=\"flex w-full flex-col gap-1 empty:hidden\">\n<div class=\"markdown prose dark:prose-invert w-full wrap-break-word light markdown-new-styling\">\n<p data-start=\"39\" data-end=\"349\">Le <a href=\"https:\/\/musees.isere.fr\/musee\/musee-archeologique-saint-laurent\">mus\u00e9e arch\u00e9ologique Saint-Laurent<\/a>, situ\u00e9 \u00e0 Grenoble au pied de la Bastille, est un site unique en France install\u00e9 dans une ancienne \u00e9glise construite sur une n\u00e9cropole gallo-romaine. Il a \u00e9t\u00e9 d\u00e9sacralis\u00e9 en 1983 puis transform\u00e9 en mus\u00e9e en 1986, apr\u00e8s plus d\u2019un si\u00e8cle et demi de d\u00e9couvertes arch\u00e9ologiques.<\/p>\n<p data-start=\"351\" data-end=\"690\">Le lieu se distingue par son incroyable superposition de couches historiques, allant de l\u2019Antiquit\u00e9 au XVIIIe si\u00e8cle, visible directement sur le site. Son \u00e9l\u00e9ment le plus remarquable est la crypte Saint-Oyand, dat\u00e9e du VIe si\u00e8cle, consid\u00e9r\u00e9e comme l\u2019un des rares ensembles fun\u00e9raires pal\u00e9ochr\u00e9tiens encore conserv\u00e9s en \u00e9l\u00e9vation en Europe.<\/p>\n<p data-start=\"692\" data-end=\"973\">Avec plus de 1 500 s\u00e9pultures et 3 000 objets d\u00e9couverts, le mus\u00e9e permet de retracer 2 000 ans d\u2019histoire fun\u00e9raire et religieuse, ainsi que l\u2019\u00e9volution des pratiques et des croyances. Il est aussi un important centre de recherche en arch\u00e9ologie, anthropologie et pal\u00e9opathologie.<\/p>\n<p data-start=\"975\" data-end=\"1277\" data-is-last-node=\"\" data-is-only-node=\"\">Aujourd\u2019hui, le mus\u00e9e propose un parcours immersif moderne m\u00ealant vestiges, passerelles, projections et dispositifs interactifs, offrant une lecture vivante et scientifique du pass\u00e9.<\/p>\n<\/div>\n<\/div>\n<\/div>\n<\/div>\n<\/div>\n<\/div>\n<\/section>\n<div class=\"pointer-events-none -mt-px h-px translate-y-[calc(var(--scroll-root-safe-area-inset-bottom)-14*var(--spacing))]\" aria-hidden=\"true\"><\/div>\n<div>\n<div class=\"ATCbm\">\n<h3 class=\"XfVdV o AIbhI\">Mus\u00e9e de Grenoble<\/h3>\n<figure id=\"attachment_5522\" aria-describedby=\"caption-attachment-5522\" style=\"width: 1024px\" class=\"wp-caption aligncenter\"><img data-dominant-color=\"7d8784\" data-has-transparency=\"false\" style=\"--dominant-color: #7d8784;\" loading=\"lazy\" decoding=\"async\" class=\"size-large wp-image-5522 not-transparent\" src=\"https:\/\/www.parisenigmes.com\/blog\/wp-content\/uploads\/2026\/04\/Musee_Grenoble-1024x682.webp\" alt=\"Mus\u00e9e de Grenoble\" width=\"1024\" height=\"682\" srcset=\"https:\/\/www.parisenigmes.com\/blog\/wp-content\/uploads\/2026\/04\/Musee_Grenoble-1024x682.webp 1024w, https:\/\/www.parisenigmes.com\/blog\/wp-content\/uploads\/2026\/04\/Musee_Grenoble-300x200.webp 300w, https:\/\/www.parisenigmes.com\/blog\/wp-content\/uploads\/2026\/04\/Musee_Grenoble-768x512.webp 768w, https:\/\/www.parisenigmes.com\/blog\/wp-content\/uploads\/2026\/04\/Musee_Grenoble.webp 1280w\" sizes=\"auto, (max-width: 1024px) 100vw, 1024px\" \/><figcaption id=\"caption-attachment-5522\" class=\"wp-caption-text\">Mus\u00e9e de Grenoble<\/figcaption><\/figure>\n<p data-start=\"0\" data-end=\"161\">Le <a href=\"https:\/\/www.museedegrenoble.fr\/\">Mus\u00e9e de Grenoble<\/a> est un mus\u00e9e d\u2019art, fond\u00e9 en 1798. Le mus\u00e9e poss\u00e8de une collection d\u2019environ 25 000 \u0153uvres, allant de l\u2019Antiquit\u00e9 \u00e0 l\u2019art contemporain. On peut y admirer des \u0153uvres de grands artistes comme Rubens, Matisse, Picasso, Monet ou encore Andy Warhol.<\/p>\n<p data-start=\"374\" data-end=\"623\">Le mus\u00e9e est reconnu pour la richesse et la diversit\u00e9 de ses collections, notamment en peinture, sculpture, dessin et objets d\u2019art. Il est \u00e9galement l\u2019un des premiers mus\u00e9es en France \u00e0 avoir accord\u00e9 une grande place \u00e0 l\u2019art moderne et contemporain.<\/p>\n<p data-start=\"625\" data-end=\"820\">Le b\u00e2timent actuel a \u00e9t\u00e9 inaugur\u00e9 en 1994. Il se trouve en bordure de l\u2019Is\u00e8re et comprend \u00e9galement un jardin de sculptures ainsi que l\u2019int\u00e9gration d\u2019une tour m\u00e9di\u00e9vale appel\u00e9e la Tour de l\u2019Isle.<\/p>\n<div>\n<div class=\"ATCbm\">\n<h3 class=\"XfVdV o AIbhI\">Mus\u00e9e Dauphinois<\/h3>\n<figure id=\"attachment_5521\" aria-describedby=\"caption-attachment-5521\" style=\"width: 1024px\" class=\"wp-caption aligncenter\"><img data-dominant-color=\"697152\" data-has-transparency=\"false\" style=\"--dominant-color: #697152;\" loading=\"lazy\" decoding=\"async\" class=\"size-large wp-image-5521 not-transparent\" src=\"https:\/\/www.parisenigmes.com\/blog\/wp-content\/uploads\/2026\/04\/Musee_dauphinois_-_vue_interieur-1024x681.webp\" alt=\"Mus\u00e9e Dauphinois\" width=\"1024\" height=\"681\" srcset=\"https:\/\/www.parisenigmes.com\/blog\/wp-content\/uploads\/2026\/04\/Musee_dauphinois_-_vue_interieur-1024x681.webp 1024w, https:\/\/www.parisenigmes.com\/blog\/wp-content\/uploads\/2026\/04\/Musee_dauphinois_-_vue_interieur-300x199.webp 300w, https:\/\/www.parisenigmes.com\/blog\/wp-content\/uploads\/2026\/04\/Musee_dauphinois_-_vue_interieur-768x511.webp 768w, https:\/\/www.parisenigmes.com\/blog\/wp-content\/uploads\/2026\/04\/Musee_dauphinois_-_vue_interieur.webp 1280w\" sizes=\"auto, (max-width: 1024px) 100vw, 1024px\" \/><figcaption id=\"caption-attachment-5521\" class=\"wp-caption-text\">Mus\u00e9e Dauphinois<\/figcaption><\/figure>\n<p data-start=\"0\" data-end=\"157\">Le <a href=\"https:\/\/musees.isere.fr\/musee\/musee-dauphinois\"><span class=\"hover:entity-accent entity-underline inline cursor-pointer align-baseline\"><span class=\"whitespace-normal\">Mus\u00e9e dauphinois<\/span><\/span><\/a> est un mus\u00e9e r\u00e9gional situ\u00e9 \u00e0 Grenoble, consacr\u00e9 \u00e0 l\u2019histoire et aux cultures du Dauphin\u00e9 et des Alpes fran\u00e7aises. Fond\u00e9 en 1906, il fait partie des premiers mus\u00e9es de patrimoine r\u00e9gional en France.<\/p>\n<p data-start=\"246\" data-end=\"365\">Il est install\u00e9 dans l\u2019ancien couvent Sainte-Marie d\u2019en-Haut, un b\u00e2timent du XVIIe si\u00e8cle class\u00e9 monument historique. Ses collections rassemblent plus de 100 000 objets, ainsi que des photographies, documents, films, enregistrements sonores et ouvrages.<\/p>\n<p data-start=\"594\" data-end=\"704\">Il retrace la vie des populations alpines \u00e0 travers les si\u00e8cles, de la pr\u00e9histoire \u00e0 l\u2019\u00e9poque contemporaine. Parmi ses expositions de r\u00e9f\u00e9rence, on retrouve \u00ab Alpins, 7 000 ans d\u2019histoire \u00bb et \u00ab Le r\u00eave blanc \u00bb, consacr\u00e9e aux sports d\u2019hiver dans les Alpes.<\/p>\n<div>\n<div class=\"ATCbm\">\n<h3 class=\"XfVdV o AIbhI\">Mus\u00e9e de la R\u00e9sistance et de la D\u00e9portation de l&rsquo;Is\u00e8re<\/h3>\n<figure id=\"attachment_5520\" aria-describedby=\"caption-attachment-5520\" style=\"width: 718px\" class=\"wp-caption aligncenter\"><img data-dominant-color=\"777c86\" data-has-transparency=\"false\" style=\"--dominant-color: #777c86;\" loading=\"lazy\" decoding=\"async\" class=\"size-large wp-image-5520 not-transparent\" src=\"https:\/\/www.parisenigmes.com\/blog\/wp-content\/uploads\/2026\/04\/Musee_de_la_Resistance_et_de_la_Deportation-718x1024.webp\" alt=\"Mus\u00e9e de la R\u00e9sistance et de la D\u00e9portation de l'Is\u00e8re\" width=\"718\" height=\"1024\" srcset=\"https:\/\/www.parisenigmes.com\/blog\/wp-content\/uploads\/2026\/04\/Musee_de_la_Resistance_et_de_la_Deportation-718x1024.webp 718w, https:\/\/www.parisenigmes.com\/blog\/wp-content\/uploads\/2026\/04\/Musee_de_la_Resistance_et_de_la_Deportation-210x300.webp 210w, https:\/\/www.parisenigmes.com\/blog\/wp-content\/uploads\/2026\/04\/Musee_de_la_Resistance_et_de_la_Deportation-768x1095.webp 768w, https:\/\/www.parisenigmes.com\/blog\/wp-content\/uploads\/2026\/04\/Musee_de_la_Resistance_et_de_la_Deportation.webp 1000w\" sizes=\"auto, (max-width: 718px) 100vw, 718px\" \/><figcaption id=\"caption-attachment-5520\" class=\"wp-caption-text\">Mus\u00e9e de la R\u00e9sistance et de la D\u00e9portation de l&rsquo;Is\u00e8re<\/figcaption><\/figure>\n<p data-start=\"0\" data-end=\"243\">Le <a href=\"https:\/\/musees.isere.fr\/musee\/musee-de-la-resistance-et-de-la-deportation-de-lisere\">mus\u00e9e de la R\u00e9sistance et de la D\u00e9portation de l\u2019Is\u00e8re<\/a> est consacr\u00e9 \u00e0 l\u2019histoire de la Seconde Guerre mondiale, en particulier \u00e0 la R\u00e9sistance, \u00e0 la D\u00e9portation et \u00e0 la vie sous l\u2019Occupation dans la r\u00e9gion is\u00e9roise.<\/p>\n<p data-start=\"245\" data-end=\"514\">Inaugur\u00e9 en 1966 \u00e0 l\u2019initiative d\u2019anciens r\u00e9sistants, de d\u00e9port\u00e9s et d\u2019enseignants, il a pour objectif de transmettre la m\u00e9moire de cette p\u00e9riode historique. Depuis 1994, il est install\u00e9 rue H\u00e9bert dans un b\u00e2timent enti\u00e8rement r\u00e9am\u00e9nag\u00e9 pour accueillir ses collections.<\/p>\n<p data-start=\"516\" data-end=\"759\">Le mus\u00e9e propose un parcours chronologique qui retrace les grandes \u00e9tapes de la Seconde Guerre mondiale. Il explique la mont\u00e9e des r\u00e9gimes totalitaires, l\u2019Occupation, le r\u00e9gime de Vichy, ainsi que les diff\u00e9rentes formes de r\u00e9sistance en Is\u00e8re.<\/p>\n<p data-start=\"761\" data-end=\"961\">Une place importante est accord\u00e9e aux maquis, aux r\u00e9seaux clandestins et aux actions des r\u00e9sistants locaux. Le mus\u00e9e aborde \u00e9galement la r\u00e9pression, les arrestations et la D\u00e9portation des populations. La sc\u00e9nographie est immersive, avec des objets d\u2019\u00e9poque, des t\u00e9moignages, des documents et des reconstitutions sonores et visuelles. L\u2019objectif est de faire comprendre les \u00e9v\u00e9nements tout en favorisant la r\u00e9flexion et la m\u00e9moire.<\/p>\n<div>\n<div class=\"ATCbm\">\n<h3 class=\"XfVdV o AIbhI\">Mus\u00e9e des Troupes de Montagne<\/h3>\n<p data-start=\"0\" data-end=\"268\">Le <a href=\"https:\/\/www.museedestroupesdemontagne.fr\/\"><span class=\"hover:entity-accent entity-underline inline cursor-pointer align-baseline\"><span class=\"whitespace-normal\">Mus\u00e9e des troupes de montagne<\/span><\/span><\/a> est un mus\u00e9e militaire situ\u00e9 dans le fort de la Bastille \u00e0 Grenoble. Il rend hommage aux chasseurs alpins, surnomm\u00e9s les \u00ab diables bleus \u00bb, et retrace leur histoire depuis la fin du XIXe si\u00e8cle jusqu\u2019aux conflits contemporains.<\/p>\n<p data-start=\"270\" data-end=\"537\">Cr\u00e9\u00e9 en 1988, le mus\u00e9e a d\u2019abord \u00e9t\u00e9 install\u00e9 rue H\u00e9bert \u00e0 Grenoble avant de fermer en 2002 pour des raisons de mise aux normes. Il a ensuite rouvert en 2009 dans les salles restaur\u00e9es du fort de la Bastille, offrant un nouvel espace d\u2019exposition moderne et immersif.<\/p>\n<p data-start=\"539\" data-end=\"807\">Le mus\u00e9e pr\u00e9sente sur environ 600 m\u00b2 une riche collection d\u2019objets militaires, d\u2019uniformes, d\u2019armes, de cartes et de t\u00e9moignages. Des sc\u00e8nes reconstitu\u00e9es permettent de d\u00e9couvrir la vie quotidienne des soldats en montagne, notamment pendant les deux guerres mondiales.<\/p>\n<p data-start=\"809\" data-end=\"1040\">L\u2019exposition met \u00e9galement en valeur l\u2019\u00e9volution des troupes de montagne et leurs missions, en France comme \u00e0 l\u2019\u00e9tranger. Elle insiste sur leur adaptation aux conditions extr\u00eames et sur leur r\u00f4le strat\u00e9gique dans les zones alpines.<\/p>\n<p data-start=\"1297\" data-end=\"1536\">Accessible par t\u00e9l\u00e9ph\u00e9rique, sentiers ou voiture, le mus\u00e9e b\u00e9n\u00e9ficie d\u2019un emplacement panoramique au-dessus de Grenoble. Il est aussi int\u00e9gr\u00e9 au parcours m\u00e9moriel menant au m\u00e9morial national des troupes de montagne situ\u00e9 sur le mont Jalla.<\/p>\n<div>\n<div class=\"ATCbm\">\n<h3 class=\"XfVdV o AIbhI\">Mus\u00e9um de Grenoble<\/h3>\n<figure id=\"attachment_5519\" aria-describedby=\"caption-attachment-5519\" style=\"width: 1024px\" class=\"wp-caption aligncenter\"><img data-dominant-color=\"8d8162\" data-has-transparency=\"false\" style=\"--dominant-color: #8d8162;\" loading=\"lazy\" decoding=\"async\" class=\"size-large wp-image-5519 not-transparent\" src=\"https:\/\/www.parisenigmes.com\/blog\/wp-content\/uploads\/2026\/04\/Entree_museum_-_Grenoble-1024x768.webp\" alt=\"Mus\u00e9um de Grenoble\" width=\"1024\" height=\"768\" srcset=\"https:\/\/www.parisenigmes.com\/blog\/wp-content\/uploads\/2026\/04\/Entree_museum_-_Grenoble-1024x768.webp 1024w, https:\/\/www.parisenigmes.com\/blog\/wp-content\/uploads\/2026\/04\/Entree_museum_-_Grenoble-300x225.webp 300w, https:\/\/www.parisenigmes.com\/blog\/wp-content\/uploads\/2026\/04\/Entree_museum_-_Grenoble-768x576.webp 768w, https:\/\/www.parisenigmes.com\/blog\/wp-content\/uploads\/2026\/04\/Entree_museum_-_Grenoble.webp 1280w\" sizes=\"auto, (max-width: 1024px) 100vw, 1024px\" \/><figcaption id=\"caption-attachment-5519\" class=\"wp-caption-text\">Mus\u00e9um de Grenoble<\/figcaption><\/figure>\n<p data-start=\"0\" data-end=\"191\">Le <a href=\"https:\/\/www.grenoble.fr\/74-museum-de-grenoble.htm\"><span class=\"hover:entity-accent entity-underline inline cursor-pointer align-baseline\"><span class=\"whitespace-normal\">Mus\u00e9um d&rsquo;histoire naturelle de Grenoble<\/span><\/span><\/a> est un mus\u00e9e municipal fond\u00e9 en 1775. Il est install\u00e9 dans son b\u00e2timent actuel depuis 1855, au c\u0153ur du Jardin des plantes Jos\u00e9phine Baker.<\/p>\n<p data-start=\"193\" data-end=\"433\">Il poss\u00e8de l\u2019une des plus importantes collections naturalistes de France, avec environ 1,5 million de sp\u00e9cimens. Ses collections couvrent plusieurs disciplines scientifiques, notamment la botanique, la zoologie, la g\u00e9ologie et l\u2019ethnologie. Le mus\u00e9um trouve son origine dans un \u00ab cabinet d\u2019histoire naturelle \u00bb cr\u00e9\u00e9 \u00e0 la fin du XVIIIe si\u00e8cle gr\u00e2ce \u00e0 l\u2019initiative de savants et de notables grenoblois. Il devient une institution municipale en 1814 avant d\u2019\u00e9voluer progressivement vers un v\u00e9ritable mus\u00e9e scientifique.<\/p>\n<p data-start=\"1003\" data-end=\"1238\">Au fil du temps, le mus\u00e9um s\u2019est enrichi de nombreuses collections issues de dons, d\u2019exp\u00e9ditions scientifiques et d\u2019acquisitions. Le mus\u00e9um pr\u00e9sente aujourd\u2019hui plusieurs espaces permanents consacr\u00e9s \u00e0 la faune alpine, \u00e0 la g\u00e9ologie des Alpes, aux min\u00e9raux, aux esp\u00e8ces disparues et \u00e0 la biodiversit\u00e9. Il dispose \u00e9galement d\u2019un espace d\u00e9di\u00e9 aux expositions temporaires.<\/p>\n<h2 id=\"section-3\" tabindex=\"-1\" data-start=\"1042\" data-end=\"1085\"><strong data-start=\"1048\" data-end=\"1085\">Parcs et espaces verts de\u00a0<\/strong><strong data-start=\"294\" data-end=\"341\">Grenoble<\/strong><\/h2>\n<\/div>\n<\/div>\n<\/div>\n<\/div>\n<\/div>\n<\/div>\n<\/div>\n<\/div>\n<\/div>\n<\/div>\n<\/div>\n<\/div>\n<\/div>\n<\/header>\n<\/div>\n<p>&nbsp;<\/p>\n<\/div>\n<div id=\"map-infowindow-attr-description-container\" class=\"i4ewOd-TaUzNb-g7W7Ed-haAclf \">\n<div class=\"ATCbm\">\n<h3 class=\"XfVdV o AIbhI\">Grand Lac de Laffrey<\/h3>\n<div>\n<p data-start=\"0\" data-end=\"178\">Le <span class=\"hover:entity-accent entity-underline inline cursor-pointer align-baseline\"><span class=\"whitespace-normal\">Grand lac de Laffrey<\/span><\/span> est un lac naturel d\u2019origine glaciaire situ\u00e9 \u00e0 environ 23 km de Grenoble, au c\u0153ur du massif du Taillefer.<\/p>\n<p data-start=\"180\" data-end=\"403\">Il fait partie des quatre lacs de Laffrey et s\u2019\u00e9tend sur environ 1,22 km\u00b2, avec une longueur de 2,7 km et une largeur maximale d\u2019environ 600 m\u00e8tres. Son altitude est de 911 m\u00e8tres et sa profondeur atteint jusqu\u2019\u00e0 39 m\u00e8tres.<\/p>\n<p data-start=\"405\" data-end=\"653\">Le lac s\u2019est form\u00e9 \u00e0 la suite du retrait des glaciers de la Romanche durant les derni\u00e8res p\u00e9riodes glaciaires. Les mouvements successifs des glaciers ont fa\u00e7onn\u00e9 des cuvettes naturelles, donnant naissance \u00e0 ce paysage lacustre typique de la r\u00e9gion.<\/p>\n<p data-start=\"655\" data-end=\"856\">Le Grand lac de Laffrey est entour\u00e9 par un environnement montagnard et rural.\u00a0Le climat y est marqu\u00e9 par des hivers froids et parfois rigoureux, avec des temp\u00e9ratures pouvant descendre largement en dessous de z\u00e9ro. Le lac g\u00e8le r\u00e9guli\u00e8rement en hiver, tandis que les \u00e9t\u00e9s peuvent \u00eatre chauds et agr\u00e9ables.<\/p>\n<p data-start=\"1086\" data-end=\"1257\">La route Napol\u00e9on longe la rive ouest du lac, ce qui en fait un site facilement accessible. Cette route historique relie Grenoble \u00e0 la C\u00f4te d\u2019Azur en traversant les Alpes.<\/p>\n<p data-start=\"1448\" data-end=\"1579\" data-is-last-node=\"\" data-is-only-node=\"\"><span style=\"font-family: inherit; font-size: 24px; font-weight: bold;\">Parc Paul Mistral<\/span><\/p>\n<figure id=\"attachment_5518\" aria-describedby=\"caption-attachment-5518\" style=\"width: 1024px\" class=\"wp-caption aligncenter\"><img data-dominant-color=\"6d7c52\" data-has-transparency=\"false\" style=\"--dominant-color: #6d7c52;\" loading=\"lazy\" decoding=\"async\" class=\"size-large wp-image-5518 not-transparent\" src=\"https:\/\/www.parisenigmes.com\/blog\/wp-content\/uploads\/2026\/04\/Parc_Paul-Mistral_Grenoble-1024x498.webp\" alt=\"Parc Paul Mistral\" width=\"1024\" height=\"498\" srcset=\"https:\/\/www.parisenigmes.com\/blog\/wp-content\/uploads\/2026\/04\/Parc_Paul-Mistral_Grenoble-1024x498.webp 1024w, https:\/\/www.parisenigmes.com\/blog\/wp-content\/uploads\/2026\/04\/Parc_Paul-Mistral_Grenoble-300x146.webp 300w, https:\/\/www.parisenigmes.com\/blog\/wp-content\/uploads\/2026\/04\/Parc_Paul-Mistral_Grenoble-768x373.webp 768w, https:\/\/www.parisenigmes.com\/blog\/wp-content\/uploads\/2026\/04\/Parc_Paul-Mistral_Grenoble.webp 1280w\" sizes=\"auto, (max-width: 1024px) 100vw, 1024px\" \/><figcaption id=\"caption-attachment-5518\" class=\"wp-caption-text\">Parc Paul Mistral<\/figcaption><\/figure>\n<p data-start=\"1448\" data-end=\"1579\" data-is-last-node=\"\" data-is-only-node=\"\">Le parc Paul-Mistral est un grand parc urbain de 21 hectares situ\u00e9 \u00e0 Grenoble, en Is\u00e8re. Il occupe un ancien terrain militaire transform\u00e9 \u00e0 l\u2019occasion de l\u2019exposition internationale de 1925.<\/p>\n<p data-start=\"1448\" data-end=\"1579\" data-is-last-node=\"\" data-is-only-node=\"\">Il abrite notamment le stade des Alpes, le palais des sports et plusieurs monuments comm\u00e9moratifs. Son am\u00e9nagement a \u00e9volu\u00e9 au fil du temps, notamment apr\u00e8s les Jeux olympiques d\u2019hiver de 1968.<\/p>\n<p data-start=\"1448\" data-end=\"1579\" data-is-last-node=\"\" data-is-only-node=\"\">Le parc joue \u00e9galement un r\u00f4le important dans la m\u00e9moire historique de Grenoble, avec plusieurs monuments li\u00e9s \u00e0 la Seconde Guerre mondiale. On y trouve une grande diversit\u00e9 d\u2019arbres et une faune urbaine vari\u00e9e, notamment de nombreux oiseaux.<\/p>\n<\/div>\n<div>\n<div class=\"ATCbm\">\n<div class=\"ATCbm\">\n<h3 class=\"XfVdV o AIbhI\">Jardin de Ville<\/h3>\n<figure id=\"attachment_5517\" aria-describedby=\"caption-attachment-5517\" style=\"width: 1024px\" class=\"wp-caption aligncenter\"><img data-dominant-color=\"445651\" data-has-transparency=\"false\" style=\"--dominant-color: #445651;\" loading=\"lazy\" decoding=\"async\" class=\"size-large wp-image-5517 not-transparent\" src=\"https:\/\/www.parisenigmes.com\/blog\/wp-content\/uploads\/2026\/04\/Jardin_de_Ville_-_Grenoble_-_Juin_2012-1024x682.webp\" alt=\"Jardin de Ville\" width=\"1024\" height=\"682\" srcset=\"https:\/\/www.parisenigmes.com\/blog\/wp-content\/uploads\/2026\/04\/Jardin_de_Ville_-_Grenoble_-_Juin_2012-1024x682.webp 1024w, https:\/\/www.parisenigmes.com\/blog\/wp-content\/uploads\/2026\/04\/Jardin_de_Ville_-_Grenoble_-_Juin_2012-300x200.webp 300w, https:\/\/www.parisenigmes.com\/blog\/wp-content\/uploads\/2026\/04\/Jardin_de_Ville_-_Grenoble_-_Juin_2012-768x512.webp 768w, https:\/\/www.parisenigmes.com\/blog\/wp-content\/uploads\/2026\/04\/Jardin_de_Ville_-_Grenoble_-_Juin_2012.webp 1280w\" sizes=\"auto, (max-width: 1024px) 100vw, 1024px\" \/><figcaption id=\"caption-attachment-5517\" class=\"wp-caption-text\">Jardin de Ville<\/figcaption><\/figure>\n<p>Le Jardin de Ville de Grenoble est un jardin urbain historique, v\u00e9ritable exemple de jardin \u00e0 la fran\u00e7aise. Il combine un espace structur\u00e9 avec une roseraie et un espace bois\u00e9 plus naturel.<br data-start=\"242\" data-end=\"245\" data-is-only-node=\"\" \/><br data-start=\"359\" data-end=\"362\" \/>Le parc est \u00e9galement remarquable pour ses arbres anciens, notamment une centaine de platanes dont certains sont class\u00e9s. Le site est domin\u00e9 par de grands arbres comme les tilleuls et les marronniers, offrant une ambiance ombrag\u00e9e et apaisante.<\/p>\n<p>\u00c0 l\u2019origine, le lieu \u00e9tait une prairie appel\u00e9e \u201cle pr\u00e9 de la tr\u00e9sorerie\u201d o\u00f9 Catherine de M\u00e9dicis se serait promen\u00e9e. Au XVIIe si\u00e8cle, le duc de Lesdigui\u00e8res transforma cet espace en jardin priv\u00e9 de style classique.<\/p>\n<p>Le jardin est devenu public en 1719 et conserve aujourd\u2019hui une forte valeur historique et paysag\u00e8re. Avec ses 1,7 hectare, il reste un espace de d\u00e9tente appr\u00e9ci\u00e9 au c\u0153ur de la ville.<\/p>\n<div>\n<h2 id=\"section-4\" tabindex=\"-1\" data-start=\"1294\" data-end=\"1340\"><strong data-start=\"1300\" data-end=\"1340\">Gastronomie &amp; sp\u00e9cialit\u00e9s de\u00a0<\/strong><strong data-start=\"294\" data-end=\"341\">Grenoble<\/strong><\/h2>\n<h3>La Chartreuse<\/h3>\n<figure id=\"attachment_5516\" aria-describedby=\"caption-attachment-5516\" style=\"width: 576px\" class=\"wp-caption aligncenter\"><img data-dominant-color=\"898271\" data-has-transparency=\"false\" style=\"--dominant-color: #898271;\" loading=\"lazy\" decoding=\"async\" class=\"size-large wp-image-5516 not-transparent\" src=\"https:\/\/www.parisenigmes.com\/blog\/wp-content\/uploads\/2026\/04\/standard_compressed_9183769034_f892c06916_o-576x1024.webp\" alt=\"La Chartreuse\" width=\"576\" height=\"1024\" srcset=\"https:\/\/www.parisenigmes.com\/blog\/wp-content\/uploads\/2026\/04\/standard_compressed_9183769034_f892c06916_o-576x1024.webp 576w, https:\/\/www.parisenigmes.com\/blog\/wp-content\/uploads\/2026\/04\/standard_compressed_9183769034_f892c06916_o-169x300.webp 169w, https:\/\/www.parisenigmes.com\/blog\/wp-content\/uploads\/2026\/04\/standard_compressed_9183769034_f892c06916_o.webp 675w\" sizes=\"auto, (max-width: 576px) 100vw, 576px\" \/><figcaption id=\"caption-attachment-5516\" class=\"wp-caption-text\">La Chartreuse<\/figcaption><\/figure>\n<section class=\"text-token-text-primary w-full focus:outline-none [--shadow-height:45px] has-data-writing-block:pointer-events-none has-data-writing-block:-mt-(--shadow-height) has-data-writing-block:pt-(--shadow-height) [&amp;:has([data-writing-block])&gt;*]:pointer-events-auto [content-visibility:auto] supports-[content-visibility:auto]:[contain-intrinsic-size:auto_100lvh] R6Vx5W_threadScrollVars scroll-mb-[calc(var(--scroll-root-safe-area-inset-bottom,0px)+var(--thread-response-height))] scroll-mt-[calc(var(--header-height)+min(200px,max(70px,20svh)))]\" dir=\"auto\" data-turn-id=\"request-WEB:e3a89a6e-10af-4931-bba3-df8852a57def-37\" data-testid=\"conversation-turn-76\" data-scroll-anchor=\"false\" data-turn=\"assistant\">\n<div class=\"text-base my-auto mx-auto pb-10 [--thread-content-margin:var(--thread-content-margin-xs,calc(var(--spacing)*4))] @w-sm\/main:[--thread-content-margin:var(--thread-content-margin-sm,calc(var(--spacing)*6))] @w-lg\/main:[--thread-content-margin:var(--thread-content-margin-lg,calc(var(--spacing)*16))] px-(--thread-content-margin)\">\n<div class=\"[--thread-content-max-width:40rem] @w-lg\/main:[--thread-content-max-width:48rem] mx-auto max-w-(--thread-content-max-width) flex-1 group\/turn-messages focus-visible:outline-hidden relative flex w-full min-w-0 flex-col agent-turn\">\n<div class=\"flex max-w-full flex-col gap-4 grow\">\n<div class=\"min-h-8 text-message relative flex w-full flex-col items-end gap-2 text-start break-words whitespace-normal outline-none keyboard-focused:focus-ring [.text-message+&amp;]:mt-1\" dir=\"auto\" tabindex=\"0\" data-message-author-role=\"assistant\" data-message-id=\"1b05ebca-8480-4ebc-b355-f7e696ca08dc\" data-message-model-slug=\"gpt-5-3-mini\" data-turn-start-message=\"true\">\n<div class=\"flex w-full flex-col gap-1 empty:hidden\">\n<div class=\"markdown prose dark:prose-invert w-full wrap-break-word light markdown-new-styling\">\n<p data-start=\"0\" data-end=\"228\">Elle est produite par les moines de l\u2019Ordre des Chartreux, dans un cadre monastique charg\u00e9 d\u2019histoire et de tradition. Cette boisson unique est \u00e9labor\u00e9e \u00e0 partir d\u2019un m\u00e9lange secret d\u2019environ 130 plantes et herbes, dont la recette exacte reste connue de seulement quelques moines. Elle est distill\u00e9e et vieillie dans la r\u00e9gion d\u2019Entre-deux-Guiers, en Is\u00e8re.<\/p>\n<p data-start=\"470\" data-end=\"695\">On distingue principalement deux types de Chartreuse : la Chartreuse verte, puissante et fortement alcoolis\u00e9e, et la Chartreuse jaune, plus douce et plus sucr\u00e9e. Chacune poss\u00e8de une identit\u00e9 aromatique tr\u00e8s riche et complexe. Elle est consomm\u00e9e principalement en digestif, mais elle est aussi utilis\u00e9e dans certains cocktails et en cuisine.<\/p>\n<\/div>\n<\/div>\n<\/div>\n<\/div>\n<\/div>\n<\/div>\n<\/section>\n<h3>Le gratin dauphinois<\/h3>\n<figure id=\"attachment_5515\" aria-describedby=\"caption-attachment-5515\" style=\"width: 1024px\" class=\"wp-caption aligncenter\"><img data-dominant-color=\"bbaf99\" data-has-transparency=\"false\" style=\"--dominant-color: #bbaf99;\" loading=\"lazy\" decoding=\"async\" class=\"size-large wp-image-5515 not-transparent\" src=\"https:\/\/www.parisenigmes.com\/blog\/wp-content\/uploads\/2026\/04\/Gratin_dauphinois_p1040854-1024x761.webp\" alt=\"Le gratin dauphinois\" width=\"1024\" height=\"761\" srcset=\"https:\/\/www.parisenigmes.com\/blog\/wp-content\/uploads\/2026\/04\/Gratin_dauphinois_p1040854-1024x761.webp 1024w, https:\/\/www.parisenigmes.com\/blog\/wp-content\/uploads\/2026\/04\/Gratin_dauphinois_p1040854-300x223.webp 300w, https:\/\/www.parisenigmes.com\/blog\/wp-content\/uploads\/2026\/04\/Gratin_dauphinois_p1040854-768x571.webp 768w, https:\/\/www.parisenigmes.com\/blog\/wp-content\/uploads\/2026\/04\/Gratin_dauphinois_p1040854.webp 1280w\" sizes=\"auto, (max-width: 1024px) 100vw, 1024px\" \/><figcaption id=\"caption-attachment-5515\" class=\"wp-caption-text\">Le gratin dauphinois<\/figcaption><\/figure>\n<p data-start=\"0\" data-end=\"248\">Le <strong data-start=\"3\" data-end=\"24\">gratin dauphinois<\/strong> est une sp\u00e9cialit\u00e9 traditionnelle de la cuisine fran\u00e7aise, originaire de la r\u00e9gion du Dauphin\u00e9. Il s\u2019agit d\u2019un plat simple et authentique \u00e0 base de pommes de terre, de lait et parfois de cr\u00e8me.<\/p>\n<p data-start=\"250\" data-end=\"488\">Les pommes de terre sont coup\u00e9es en fines rondelles puis cuites lentement au four dans un m\u00e9lange de lait et de cr\u00e8me, ce qui leur donne une texture fondante et savoureuse. Le plat est g\u00e9n\u00e9ralement parfum\u00e9 \u00e0 l\u2019ail et \u00e0 la noix de muscade.<\/p>\n<p data-start=\"708\" data-end=\"915\">Ce plat est souvent servi en accompagnement de viandes, mais il peut aussi constituer un plat principal complet, surtout en hiver.<\/p>\n<h3>Les ravioles du Dauphin\u00e9<\/h3>\n<figure id=\"attachment_5514\" aria-describedby=\"caption-attachment-5514\" style=\"width: 1024px\" class=\"wp-caption aligncenter\"><img data-dominant-color=\"81775c\" data-has-transparency=\"false\" style=\"--dominant-color: #81775c;\" loading=\"lazy\" decoding=\"async\" class=\"size-large wp-image-5514 not-transparent\" src=\"https:\/\/www.parisenigmes.com\/blog\/wp-content\/uploads\/2026\/04\/Salade_de_ravioles-1024x768.webp\" alt=\"Salade de ravioles\" width=\"1024\" height=\"768\" srcset=\"https:\/\/www.parisenigmes.com\/blog\/wp-content\/uploads\/2026\/04\/Salade_de_ravioles-1024x768.webp 1024w, https:\/\/www.parisenigmes.com\/blog\/wp-content\/uploads\/2026\/04\/Salade_de_ravioles-300x225.webp 300w, https:\/\/www.parisenigmes.com\/blog\/wp-content\/uploads\/2026\/04\/Salade_de_ravioles-768x576.webp 768w, https:\/\/www.parisenigmes.com\/blog\/wp-content\/uploads\/2026\/04\/Salade_de_ravioles.webp 1280w\" sizes=\"auto, (max-width: 1024px) 100vw, 1024px\" \/><figcaption id=\"caption-attachment-5514\" class=\"wp-caption-text\">Salade de ravioles<\/figcaption><\/figure>\n<p data-start=\"82\" data-end=\"326\">La raviole du Dauphin\u00e9 est compos\u00e9e de petits carr\u00e9s de p\u00e2te fine farcis d\u2019un m\u00e9lange de fromage, de persil et d\u2019\u0153uf.<\/p>\n<p data-start=\"562\" data-end=\"764\">Historiquement, la raviole est attest\u00e9e depuis le Moyen \u00c2ge et a \u00e9volu\u00e9 au fil du temps. \u00c0 l\u2019origine, elle pouvait \u00eatre garnie de viande ou de l\u00e9gumes, puis le fromage est devenu l\u2019ingr\u00e9dient principal.<\/p>\n<p data-start=\"766\" data-end=\"991\">La raviole du Dauphin\u00e9 se distingue par sa p\u00e2te tr\u00e8s fine \u00e0 base de farine de bl\u00e9 tendre, d\u2019\u0153uf et d\u2019eau. La farce contient notamment du fromage comme le comt\u00e9 ou l\u2019emmental, ainsi que du fromage frais, du persil et de l\u2019\u0153uf.<\/p>\n<p data-start=\"993\" data-end=\"1147\">Elle se consomme g\u00e9n\u00e9ralement poch\u00e9e dans de l\u2019eau fr\u00e9missante pendant une courte cuisson, mais peut aussi \u00eatre servie en gratin, \u00e0 la po\u00eale ou en salade.<\/p>\n<h3>La noix de Grenoble<\/h3>\n<figure id=\"attachment_5513\" aria-describedby=\"caption-attachment-5513\" style=\"width: 1024px\" class=\"wp-caption aligncenter\"><img data-dominant-color=\"b59375\" data-has-transparency=\"false\" style=\"--dominant-color: #b59375;\" loading=\"lazy\" decoding=\"async\" class=\"size-large wp-image-5513 not-transparent\" src=\"https:\/\/www.parisenigmes.com\/blog\/wp-content\/uploads\/2026\/04\/pixnio-4073x2705-1-1024x680.webp\" alt=\"La noix de Grenoble\" width=\"1024\" height=\"680\" srcset=\"https:\/\/www.parisenigmes.com\/blog\/wp-content\/uploads\/2026\/04\/pixnio-4073x2705-1-1024x680.webp 1024w, https:\/\/www.parisenigmes.com\/blog\/wp-content\/uploads\/2026\/04\/pixnio-4073x2705-1-300x199.webp 300w, https:\/\/www.parisenigmes.com\/blog\/wp-content\/uploads\/2026\/04\/pixnio-4073x2705-1-768x510.webp 768w, https:\/\/www.parisenigmes.com\/blog\/wp-content\/uploads\/2026\/04\/pixnio-4073x2705-1-1536x1020.webp 1536w, https:\/\/www.parisenigmes.com\/blog\/wp-content\/uploads\/2026\/04\/pixnio-4073x2705-1-2048x1360.webp 2048w\" sizes=\"auto, (max-width: 1024px) 100vw, 1024px\" \/><figcaption id=\"caption-attachment-5513\" class=\"wp-caption-text\">La noix de Grenoble<\/figcaption><\/figure>\n<p data-start=\"74\" data-end=\"296\">La noix de Grenoble est un fruit \u00e0 coque b\u00e9n\u00e9ficiant d\u2019une Appellation d\u2019Origine Prot\u00e9g\u00e9e (AOP). Elle est produite dans une aire g\u00e9ographique pr\u00e9cise autour de Grenoble, principalement dans la vall\u00e9e de l\u2019Is\u00e8re, en France.<\/p>\n<p data-start=\"298\" data-end=\"546\">L\u2019aire de production couvre plusieurs centaines de communes r\u00e9parties entre l\u2019Is\u00e8re, la Dr\u00f4me et la Savoie. Les principales zones de culture se situent dans la basse vall\u00e9e de l\u2019Is\u00e8re, entre le Voironnais et le Royans, au pied du massif du Vercors.<\/p>\n<p data-start=\"548\" data-end=\"796\">Trois vari\u00e9t\u00e9s de noix sont autoris\u00e9es pour l\u2019appellation : la Franquette, la Mayette et la Parisienne. Ces vari\u00e9t\u00e9s sont cultiv\u00e9es dans des conditions sp\u00e9cifiques, sur des sols bien drain\u00e9s et \u00e0 des altitudes g\u00e9n\u00e9ralement inf\u00e9rieures \u00e0 600 m\u00e8tres.<\/p>\n<p data-start=\"798\" data-end=\"959\">La noix de Grenoble a obtenu une reconnaissance officielle d\u00e8s 1938, ce qui en fait l\u2019une des premi\u00e8res appellations d\u2019origine contr\u00f4l\u00e9e pour un fruit en France. Ce produit est principalement consomm\u00e9 comme fruit sec, mais il est aussi utilis\u00e9 en p\u00e2tisserie, en confiserie et en cuisine. Sa r\u00e9colte a lieu chaque ann\u00e9e \u00e0 l\u2019automne, g\u00e9n\u00e9ralement en septembre et octobre.<\/p>\n<h3>Le mur\u00e7on<\/h3>\n<figure id=\"attachment_5512\" aria-describedby=\"caption-attachment-5512\" style=\"width: 1024px\" class=\"wp-caption aligncenter\"><img data-dominant-color=\"6e6760\" data-has-transparency=\"false\" style=\"--dominant-color: #6e6760;\" loading=\"lazy\" decoding=\"async\" class=\"size-large wp-image-5512 not-transparent\" src=\"https:\/\/www.parisenigmes.com\/blog\/wp-content\/uploads\/2026\/04\/Murcon_acb1-1024x673.webp\" alt=\"Le mur\u00e7on\" width=\"1024\" height=\"673\" srcset=\"https:\/\/www.parisenigmes.com\/blog\/wp-content\/uploads\/2026\/04\/Murcon_acb1-1024x673.webp 1024w, https:\/\/www.parisenigmes.com\/blog\/wp-content\/uploads\/2026\/04\/Murcon_acb1-300x197.webp 300w, https:\/\/www.parisenigmes.com\/blog\/wp-content\/uploads\/2026\/04\/Murcon_acb1-768x505.webp 768w, https:\/\/www.parisenigmes.com\/blog\/wp-content\/uploads\/2026\/04\/Murcon_acb1.webp 1280w\" sizes=\"auto, (max-width: 1024px) 100vw, 1024px\" \/><figcaption id=\"caption-attachment-5512\" class=\"wp-caption-text\">Le mur\u00e7on<\/figcaption><\/figure>\n<p>Le mur\u00e7on (ou murson) est une charcuterie traditionnelle du Dauphin\u00e9, originaire de La Mure, compos\u00e9e de porc hach\u00e9 et de morceaux plus grossiers. Aromatis\u00e9 au carvi, il est cuisin\u00e9 en saucisson \u00e0 cuire dans l\u2019eau et servi chaud, souvent avec des pommes de terre qui s\u2019impr\u00e8gnent de ses ar\u00f4mes.<\/p>\n<h2 id=\"section-5\" data-start=\"1627\" data-end=\"1869\">Excursions depuis\u00a0<strong data-start=\"294\" data-end=\"341\">Grenoble<\/strong><\/h2>\n<h3 class=\"wp-block-heading\">Le Parc Naturel R\u00e9gional du Vercors<\/h3>\n<figure id=\"attachment_5511\" aria-describedby=\"caption-attachment-5511\" style=\"width: 1024px\" class=\"wp-caption aligncenter\"><img data-dominant-color=\"6e7c7f\" data-has-transparency=\"false\" style=\"--dominant-color: #6e7c7f;\" loading=\"lazy\" decoding=\"async\" class=\"size-large wp-image-5511 not-transparent\" src=\"https:\/\/www.parisenigmes.com\/blog\/wp-content\/uploads\/2026\/04\/1280px-Mont_Aiguille_Parc_Naturel_Regional_du_Vercors-1024x768.webp\" alt=\"Mont Aiguille dans le Parc Naturel R\u00e9gional du Vercors\" width=\"1024\" height=\"768\" srcset=\"https:\/\/www.parisenigmes.com\/blog\/wp-content\/uploads\/2026\/04\/1280px-Mont_Aiguille_Parc_Naturel_Regional_du_Vercors-1024x768.webp 1024w, https:\/\/www.parisenigmes.com\/blog\/wp-content\/uploads\/2026\/04\/1280px-Mont_Aiguille_Parc_Naturel_Regional_du_Vercors-300x225.webp 300w, https:\/\/www.parisenigmes.com\/blog\/wp-content\/uploads\/2026\/04\/1280px-Mont_Aiguille_Parc_Naturel_Regional_du_Vercors-768x576.webp 768w, https:\/\/www.parisenigmes.com\/blog\/wp-content\/uploads\/2026\/04\/1280px-Mont_Aiguille_Parc_Naturel_Regional_du_Vercors.webp 1280w\" sizes=\"auto, (max-width: 1024px) 100vw, 1024px\" \/><figcaption id=\"caption-attachment-5511\" class=\"wp-caption-text\">Mont Aiguille dans le Parc Naturel R\u00e9gional du Vercors<\/figcaption><\/figure>\n<p data-start=\"0\" data-end=\"253\">Le Parc naturel r\u00e9gional du Vercors situ\u00e9 \u00e0 moins d\u2019une heure de route de Grenoble, il offre un acc\u00e8s rapide \u00e0 un vaste espace de montagne pr\u00e9serv\u00e9, parfait pour une journ\u00e9e ou un week-end au grand air.<\/p>\n<p data-start=\"255\" data-end=\"507\">Depuis Grenoble, plusieurs secteurs du Vercors sont facilement accessibles, comme le plateau de Lans-en-Vercors, Autrans ou M\u00e9audre. Ces villages sont entour\u00e9s de for\u00eats et de prairies, avec de nombreux sentiers de randonn\u00e9e adapt\u00e9s \u00e0 tous les niveaux.<\/p>\n<p data-start=\"509\" data-end=\"721\">Les gorges de la Bourne constituent \u00e9galement un itin\u00e9raire tr\u00e8s appr\u00e9ci\u00e9. La route y est spectaculaire et permet de d\u00e9couvrir des falaises impressionnantes ainsi que des points de vue remarquables sur le massif.<\/p>\n<p data-start=\"723\" data-end=\"890\">Pour les randonneurs plus exp\u00e9riment\u00e9s, les Hauts-Plateaux du Vercors offrent un environnement sauvage et prot\u00e9g\u00e9, avec de grands espaces naturels et une faune vari\u00e9e.<\/p>\n<p data-start=\"892\" data-end=\"1110\">Le Vercors est aussi une destination attractive en toute saison. En \u00e9t\u00e9, on peut y pratiquer la randonn\u00e9e, le VTT ou l\u2019escalade, tandis qu\u2019en hiver, les stations du massif proposent ski alpin, ski de fond et raquettes.<\/p>\n<h3 class=\"wp-block-heading\"><strong>Le Parc Naturel R\u00e9gional de Chartreuse<\/strong><\/h3>\n<figure id=\"attachment_5510\" aria-describedby=\"caption-attachment-5510\" style=\"width: 1024px\" class=\"wp-caption aligncenter\"><img data-dominant-color=\"808885\" data-has-transparency=\"false\" style=\"--dominant-color: #808885;\" loading=\"lazy\" decoding=\"async\" class=\"size-large wp-image-5510 not-transparent\" src=\"https:\/\/www.parisenigmes.com\/blog\/wp-content\/uploads\/2026\/04\/Vue_panoramique_de_la_reserve_naturelle_nationale_des_Hauts_de_Chartreuse-1024x386.webp\" alt=\"Le Parc Naturel R\u00e9gional de Chartreuse\" width=\"1024\" height=\"386\" srcset=\"https:\/\/www.parisenigmes.com\/blog\/wp-content\/uploads\/2026\/04\/Vue_panoramique_de_la_reserve_naturelle_nationale_des_Hauts_de_Chartreuse-1024x386.webp 1024w, https:\/\/www.parisenigmes.com\/blog\/wp-content\/uploads\/2026\/04\/Vue_panoramique_de_la_reserve_naturelle_nationale_des_Hauts_de_Chartreuse-300x113.webp 300w, https:\/\/www.parisenigmes.com\/blog\/wp-content\/uploads\/2026\/04\/Vue_panoramique_de_la_reserve_naturelle_nationale_des_Hauts_de_Chartreuse-768x289.webp 768w, https:\/\/www.parisenigmes.com\/blog\/wp-content\/uploads\/2026\/04\/Vue_panoramique_de_la_reserve_naturelle_nationale_des_Hauts_de_Chartreuse.webp 1280w\" sizes=\"auto, (max-width: 1024px) 100vw, 1024px\" \/><figcaption id=\"caption-attachment-5510\" class=\"wp-caption-text\">Le Parc Naturel R\u00e9gional de Chartreuse<\/figcaption><\/figure>\n<p data-start=\"0\" data-end=\"178\">Le <span class=\"hover:entity-accent entity-underline inline cursor-pointer align-baseline\"><span class=\"whitespace-normal\">Parc naturel r\u00e9gional de Chartreuse<\/span><\/span> est un espace naturel situ\u00e9 entre Grenoble, Chamb\u00e9ry et Voiron.<\/p>\n<p data-start=\"180\" data-end=\"386\">Ce parc de moyenne montagne est connu pour ses paysages de for\u00eats, de falaises et de reliefs calcaires typiques des Pr\u00e9alpes. Il offre un cadre id\u00e9al pour les activit\u00e9s de plein air \u00e0 proximit\u00e9 de la ville. Depuis Grenoble, plusieurs sites sont rapidement accessibles comme le Col de Porte, le Sappey-en-Chartreuse ou Saint-Pierre-de-Chartreuse. Ces secteurs proposent de nombreux sentiers de randonn\u00e9e adapt\u00e9s \u00e0 tous les niveaux, ainsi que de beaux points de vue sur les massifs environnants.<\/p>\n<p data-start=\"676\" data-end=\"934\">Le cirque de Saint-M\u00eame est l\u2019un des sites les plus embl\u00e9matiques du parc, avec ses cascades et son environnement naturel pr\u00e9serv\u00e9. Le Monast\u00e8re de la Grande Chartreuse constitue \u00e9galement un lieu important, charg\u00e9 d\u2019histoire et nich\u00e9 au c\u0153ur de la montagne.<\/p>\n<p data-start=\"936\" data-end=\"1146\">La Chartreuse est particuli\u00e8rement appr\u00e9ci\u00e9e pour ses activit\u00e9s de randonn\u00e9e, de VTT et de d\u00e9couverte de la nature. En hiver, on peut \u00e9galement y pratiquer la raquette et le ski nordique dans certains secteurs.<\/p>\n<h3 class=\"wp-block-heading\"><strong>Le Monast\u00e8re de la Grande Chartreuse<\/strong><\/h3>\n<figure id=\"attachment_5509\" aria-describedby=\"caption-attachment-5509\" style=\"width: 1024px\" class=\"wp-caption aligncenter\"><img data-dominant-color=\"605e5e\" data-has-transparency=\"false\" style=\"--dominant-color: #605e5e;\" loading=\"lazy\" decoding=\"async\" class=\"size-large wp-image-5509 not-transparent\" src=\"https:\/\/www.parisenigmes.com\/blog\/wp-content\/uploads\/2026\/04\/La_Grande_Chartreuse-1024x768.webp\" alt=\"Le Monast\u00e8re de la Grande Chartreuse\" width=\"1024\" height=\"768\" srcset=\"https:\/\/www.parisenigmes.com\/blog\/wp-content\/uploads\/2026\/04\/La_Grande_Chartreuse-1024x768.webp 1024w, https:\/\/www.parisenigmes.com\/blog\/wp-content\/uploads\/2026\/04\/La_Grande_Chartreuse-300x225.webp 300w, https:\/\/www.parisenigmes.com\/blog\/wp-content\/uploads\/2026\/04\/La_Grande_Chartreuse-768x576.webp 768w, https:\/\/www.parisenigmes.com\/blog\/wp-content\/uploads\/2026\/04\/La_Grande_Chartreuse.webp 1280w\" sizes=\"auto, (max-width: 1024px) 100vw, 1024px\" \/><figcaption id=\"caption-attachment-5509\" class=\"wp-caption-text\">Le Monast\u00e8re de la Grande Chartreuse<\/figcaption><\/figure>\n<section class=\"text-token-text-primary w-full focus:outline-none [--shadow-height:45px] has-data-writing-block:pointer-events-none has-data-writing-block:-mt-(--shadow-height) has-data-writing-block:pt-(--shadow-height) [&amp;:has([data-writing-block])&gt;*]:pointer-events-auto [content-visibility:auto] supports-[content-visibility:auto]:[contain-intrinsic-size:auto_100lvh] R6Vx5W_threadScrollVars scroll-mb-[calc(var(--scroll-root-safe-area-inset-bottom,0px)+var(--thread-response-height))] scroll-mt-[calc(var(--header-height)+min(200px,max(70px,20svh)))]\" dir=\"auto\" data-turn-id=\"request-WEB:e3a89a6e-10af-4931-bba3-df8852a57def-48\" data-testid=\"conversation-turn-98\" data-scroll-anchor=\"false\" data-turn=\"assistant\">\n<div class=\"text-base my-auto mx-auto pb-10 [--thread-content-margin:var(--thread-content-margin-xs,calc(var(--spacing)*4))] @w-sm\/main:[--thread-content-margin:var(--thread-content-margin-sm,calc(var(--spacing)*6))] @w-lg\/main:[--thread-content-margin:var(--thread-content-margin-lg,calc(var(--spacing)*16))] px-(--thread-content-margin)\">\n<div class=\"[--thread-content-max-width:40rem] @w-lg\/main:[--thread-content-max-width:48rem] mx-auto max-w-(--thread-content-max-width) flex-1 group\/turn-messages focus-visible:outline-hidden relative flex w-full min-w-0 flex-col agent-turn\">\n<div class=\"flex max-w-full flex-col gap-4 grow\">\n<div class=\"min-h-8 text-message relative flex w-full flex-col items-end gap-2 text-start break-words whitespace-normal outline-none keyboard-focused:focus-ring [.text-message+&amp;]:mt-1\" dir=\"auto\" tabindex=\"0\" data-message-author-role=\"assistant\" data-message-id=\"4f13c5c6-7628-4b7b-abb6-a00c94ae08d0\" data-message-model-slug=\"gpt-5-3-mini\" data-turn-start-message=\"true\">\n<div class=\"flex w-full flex-col gap-1 empty:hidden\">\n<div class=\"markdown prose dark:prose-invert w-full wrap-break-word light markdown-new-styling\">\n<p data-start=\"0\" data-end=\"214\">Le monast\u00e8re de la Grande Chartreuse est la maison-m\u00e8re de l\u2019ordre des Chartreux, fond\u00e9 en 1084 par saint Bruno dans le massif de la Chartreuse. Il est situ\u00e9 sur la commune de Saint-Pierre-de-Chartreuse, dans un environnement montagneux isol\u00e9 propice \u00e0 la vie monastique et au silence. Le site actuel a \u00e9t\u00e9 reconstruit apr\u00e8s plusieurs incendies, notamment celui de 1676, qui a d\u00e9truit une grande partie des anciens b\u00e2timents.<\/p>\n<p data-start=\"498\" data-end=\"733\">L\u2019ordre des Chartreux est connu pour son mode de vie tr\u00e8s retir\u00e9, m\u00ealant solitude en cellule et moments de pri\u00e8re communautaire. Le monast\u00e8re n\u2019est pas ouvert \u00e0 la visite afin de pr\u00e9server le silence et la vie contemplative des moines.<\/p>\n<p data-start=\"735\" data-end=\"985\">Un mus\u00e9e a \u00e9t\u00e9 install\u00e9 \u00e0 la Correrie, \u00e0 proximit\u00e9, pour pr\u00e9senter l\u2019histoire et la vie des chartreux au public. Le monast\u00e8re a \u00e9galement connu des p\u00e9riodes difficiles, notamment sous la R\u00e9volution fran\u00e7aise et lors de l\u2019expulsion des moines en 1903.<\/p>\n<p data-start=\"987\" data-end=\"1174\">Les chartreux ont pu revenir en 1940, et la communaut\u00e9 est toujours active aujourd\u2019hui.\u00a0 La Grande Chartreuse est aussi connue pour son r\u00f4le dans la production de la c\u00e9l\u00e8bre liqueur Chartreuse, \u00e9labor\u00e9e par les moines depuis plusieurs si\u00e8cles.<\/p>\n<\/div>\n<\/div>\n<\/div>\n<\/div>\n<\/div>\n<\/div>\n<\/section>\n<h3 class=\"wp-block-heading\"><strong>Le fort du Saint-Eynard<\/strong><\/h3>\n<figure id=\"attachment_5508\" aria-describedby=\"caption-attachment-5508\" style=\"width: 1024px\" class=\"wp-caption aligncenter\"><img data-dominant-color=\"666053\" data-has-transparency=\"false\" style=\"--dominant-color: #666053;\" loading=\"lazy\" decoding=\"async\" class=\"size-large wp-image-5508 not-transparent\" src=\"https:\/\/www.parisenigmes.com\/blog\/wp-content\/uploads\/2026\/04\/Fort_Saint-Eynard1-1024x768.webp\" alt=\"Le fort du Saint-Eynard\" width=\"1024\" height=\"768\" srcset=\"https:\/\/www.parisenigmes.com\/blog\/wp-content\/uploads\/2026\/04\/Fort_Saint-Eynard1-1024x768.webp 1024w, https:\/\/www.parisenigmes.com\/blog\/wp-content\/uploads\/2026\/04\/Fort_Saint-Eynard1-300x225.webp 300w, https:\/\/www.parisenigmes.com\/blog\/wp-content\/uploads\/2026\/04\/Fort_Saint-Eynard1-768x576.webp 768w, https:\/\/www.parisenigmes.com\/blog\/wp-content\/uploads\/2026\/04\/Fort_Saint-Eynard1.webp 1280w\" sizes=\"auto, (max-width: 1024px) 100vw, 1024px\" \/><figcaption id=\"caption-attachment-5508\" class=\"wp-caption-text\">Le fort du Saint-Eynard<\/figcaption><\/figure>\n<p>Le Fort du Saint-Eynard est une fortification situ\u00e9e dans le massif de la Chartreuse, au-dessus de Grenoble. Il a \u00e9t\u00e9 construit entre 1873 et 1879 dans le cadre du syst\u00e8me de d\u00e9fense S\u00e9r\u00e9 de Rivi\u00e8res.<\/p>\n<p>Le fort fait partie de la ceinture fortifi\u00e9e de Grenoble, compos\u00e9e de plusieurs ouvrages militaires. Il est situ\u00e9 \u00e0 environ 1 325 m\u00e8tres d\u2019altitude, sur le mont Saint-Eynard.<\/p>\n<p>Sa position dominante lui permet de surveiller la vall\u00e9e de Grenoble et les acc\u00e8s depuis la Savoie. Le fort pouvait accueillir environ 470 soldats et \u00e9tait \u00e9quip\u00e9 de plusieurs pi\u00e8ces d\u2019artillerie.<\/p>\n<p>Malgr\u00e9 son importance strat\u00e9gique, il n\u2019a jamais \u00e9t\u00e9 utilis\u00e9 lors de conflits militaires. Il a \u00e9t\u00e9 abandonn\u00e9 par l\u2019arm\u00e9e puis rachet\u00e9 par des communes en 1963. Aujourd\u2019hui, le fort a \u00e9t\u00e9 restaur\u00e9 et il accueille un mus\u00e9e et un restaurant ouverts au public.<\/p>\n<h3 class=\"wp-block-heading\"><strong>La grotte de Choranche<\/strong><\/h3>\n<figure id=\"attachment_5507\" aria-describedby=\"caption-attachment-5507\" style=\"width: 1024px\" class=\"wp-caption aligncenter\"><img data-dominant-color=\"6c5536\" data-has-transparency=\"false\" style=\"--dominant-color: #6c5536;\" loading=\"lazy\" decoding=\"async\" class=\"size-large wp-image-5507 not-transparent\" src=\"https:\/\/www.parisenigmes.com\/blog\/wp-content\/uploads\/2026\/04\/Isere_Grotte_de_Choranche_Galerie_des_Serpentines_01-1024x767.webp\" alt=\"La grotte de Choranche\" width=\"1024\" height=\"767\" srcset=\"https:\/\/www.parisenigmes.com\/blog\/wp-content\/uploads\/2026\/04\/Isere_Grotte_de_Choranche_Galerie_des_Serpentines_01-1024x767.webp 1024w, https:\/\/www.parisenigmes.com\/blog\/wp-content\/uploads\/2026\/04\/Isere_Grotte_de_Choranche_Galerie_des_Serpentines_01-300x225.webp 300w, https:\/\/www.parisenigmes.com\/blog\/wp-content\/uploads\/2026\/04\/Isere_Grotte_de_Choranche_Galerie_des_Serpentines_01-768x575.webp 768w, https:\/\/www.parisenigmes.com\/blog\/wp-content\/uploads\/2026\/04\/Isere_Grotte_de_Choranche_Galerie_des_Serpentines_01.webp 1280w\" sizes=\"auto, (max-width: 1024px) 100vw, 1024px\" \/><figcaption id=\"caption-attachment-5507\" class=\"wp-caption-text\">La grotte de Choranche<\/figcaption><\/figure>\n<p data-start=\"84\" data-end=\"258\">La grotte de Choranche se trouve pr\u00e8s de la commune de Choranche, au pied des falaises de Presles. Cette grotte est une cavit\u00e9 naturelle creus\u00e9e par l\u2019eau dans le calcaire. Elle poss\u00e8de un r\u00e9seau souterrain tr\u00e8s d\u00e9velopp\u00e9, avec plus de 32 km de galeries connues.<\/p>\n<p data-start=\"425\" data-end=\"681\">La grotte est c\u00e9l\u00e8bre pour ses concr\u00e9tions, notamment les fistuleuses, qui sont de fines colonnes de calcite pouvant atteindre plusieurs m\u00e8tres de long. Elle contient aussi une rivi\u00e8re souterraine, appel\u00e9e la Serpentine, ainsi que des lacs et des cascades.<\/p>\n<p data-start=\"683\" data-end=\"906\">L\u2019exploration de la grotte a commenc\u00e9 \u00e0 la fin du XIXe si\u00e8cle et s\u2019est poursuivie tout au long du XXe si\u00e8cle gr\u00e2ce aux sp\u00e9l\u00e9ologues. Plusieurs r\u00e9seaux ont \u00e9t\u00e9 reli\u00e9s progressivement pour former l\u2019ensemble connu aujourd\u2019hui.<\/p>\n<p data-start=\"908\" data-end=\"1047\">La grotte de Choranche abrite aussi une esp\u00e8ce rare, le prot\u00e9e anguillard, un animal cavernicole aveugle vivant dans les eaux souterraines.<\/p>\n<p data-start=\"1049\" data-end=\"1210\" data-is-last-node=\"\" data-is-only-node=\"\">Aujourd\u2019hui, la grotte est un site touristique am\u00e9nag\u00e9 et ouvert au public.<\/p>\n<h3>Alpes d&rsquo;Huez<\/h3>\n<figure id=\"attachment_5506\" aria-describedby=\"caption-attachment-5506\" style=\"width: 1024px\" class=\"wp-caption aligncenter\"><img data-dominant-color=\"a8a8a8\" data-has-transparency=\"false\" style=\"--dominant-color: #a8a8a8;\" loading=\"lazy\" decoding=\"async\" class=\"size-large wp-image-5506 not-transparent\" src=\"https:\/\/www.parisenigmes.com\/blog\/wp-content\/uploads\/2026\/04\/Alpes_huez_pano_02_sign-1024x440.webp\" alt=\"Vue a\u00e9rienne Alpes d'Huez\" width=\"1024\" height=\"440\" srcset=\"https:\/\/www.parisenigmes.com\/blog\/wp-content\/uploads\/2026\/04\/Alpes_huez_pano_02_sign-1024x440.webp 1024w, https:\/\/www.parisenigmes.com\/blog\/wp-content\/uploads\/2026\/04\/Alpes_huez_pano_02_sign-300x129.webp 300w, https:\/\/www.parisenigmes.com\/blog\/wp-content\/uploads\/2026\/04\/Alpes_huez_pano_02_sign-768x330.webp 768w, https:\/\/www.parisenigmes.com\/blog\/wp-content\/uploads\/2026\/04\/Alpes_huez_pano_02_sign.webp 1280w\" sizes=\"auto, (max-width: 1024px) 100vw, 1024px\" \/><figcaption id=\"caption-attachment-5506\" class=\"wp-caption-text\">Vue a\u00e9rienne Alpes d&rsquo;Huez<\/figcaption><\/figure>\n<section class=\"text-token-text-primary w-full focus:outline-none [--shadow-height:45px] has-data-writing-block:pointer-events-none has-data-writing-block:-mt-(--shadow-height) has-data-writing-block:pt-(--shadow-height) [&amp;:has([data-writing-block])&gt;*]:pointer-events-auto [content-visibility:auto] supports-[content-visibility:auto]:[contain-intrinsic-size:auto_100lvh] R6Vx5W_threadScrollVars scroll-mb-[calc(var(--scroll-root-safe-area-inset-bottom,0px)+var(--thread-response-height))] scroll-mt-[calc(var(--header-height)+min(200px,max(70px,20svh)))]\" dir=\"auto\" data-turn-id=\"request-WEB:e3a89a6e-10af-4931-bba3-df8852a57def-52\" data-testid=\"conversation-turn-106\" data-scroll-anchor=\"false\" data-turn=\"assistant\">\n<div class=\"text-base my-auto mx-auto pb-10 [--thread-content-margin:var(--thread-content-margin-xs,calc(var(--spacing)*4))] @w-sm\/main:[--thread-content-margin:var(--thread-content-margin-sm,calc(var(--spacing)*6))] @w-lg\/main:[--thread-content-margin:var(--thread-content-margin-lg,calc(var(--spacing)*16))] px-(--thread-content-margin)\">\n<div class=\"[--thread-content-max-width:40rem] @w-lg\/main:[--thread-content-max-width:48rem] mx-auto max-w-(--thread-content-max-width) flex-1 group\/turn-messages focus-visible:outline-hidden relative flex w-full min-w-0 flex-col agent-turn\">\n<div class=\"flex max-w-full flex-col gap-4 grow\">\n<div class=\"min-h-8 text-message relative flex w-full flex-col items-end gap-2 text-start break-words whitespace-normal outline-none keyboard-focused:focus-ring [.text-message+&amp;]:mt-1\" dir=\"auto\" tabindex=\"0\" data-message-author-role=\"assistant\" data-message-id=\"b265e590-ce80-496f-9348-2ee808c2f168\" data-message-model-slug=\"gpt-5-3-mini\" data-turn-start-message=\"true\">\n<div class=\"flex w-full flex-col gap-1 empty:hidden\">\n<div class=\"markdown prose dark:prose-invert w-full wrap-break-word light markdown-new-styling\">\n<p data-start=\"76\" data-end=\"274\">L\u2019Alpe d\u2019Huez est une station de sports d\u2019hiver situ\u00e9e dans les Alpes fran\u00e7aises. Elle se trouve \u00e0 environ 1 850 m\u00e8tres d\u2019altitude, sur le massif des Grandes Rousses. La station est facilement accessible depuis Grenoble et fait partie d\u2019un grand domaine skiable appel\u00e9 l\u2019Espace Alpe d\u2019Huez. Celui-ci comprend plusieurs villages et stations reli\u00e9s entre eux.<\/p>\n<p data-start=\"468\" data-end=\"666\">L\u2019Alpe d\u2019Huez est connue pour ses nombreuses pistes de ski, environ 135 au total, et ses 250 km de domaine skiable. Elle dispose aussi de nombreuses remont\u00e9es m\u00e9caniques et d\u2019installations modernes. La station a une longue histoire. Elle s\u2019est d\u00e9velopp\u00e9e au d\u00e9but du XXe si\u00e8cle et a connu un fort essor avec le tourisme et les sports d\u2019hiver. Elle a \u00e9galement accueilli les Jeux olympiques d\u2019hiver de 1968, notamment pour la piste de bobsleigh.<\/p>\n<p data-start=\"915\" data-end=\"1082\">En \u00e9t\u00e9, l\u2019Alpe d\u2019Huez propose aussi des activit\u00e9s comme la randonn\u00e9e, le VTT et le triathlon. Elle accueille \u00e9galement des \u00e9v\u00e9nements sportifs et culturels importants. L\u2019Alpe d\u2019Huez est aussi c\u00e9l\u00e8bre pour la mont\u00e9e cycliste des 21 virages, souvent utilis\u00e9e lors du Tour de France, ce qui lui donne une grande renomm\u00e9e internationale.<\/p>\n<\/div>\n<\/div>\n<\/div>\n<\/div>\n<\/div>\n<\/div>\n<\/section>\n<\/div>\n<\/div>\n<\/div>\n<\/div>\n<\/div>\n<\/div>\n<\/div>\n<div class=\"z-0 flex min-h-[46px] justify-start\"><\/div>\n<h2>Conclusion<\/h2>\n<div id=\"map-infowindow-content\">\n<div id=\"map-infowindow-attr-description-container\" class=\"i4ewOd-TaUzNb-g7W7Ed-haAclf \">\n<div class=\"ATCbm\">\n<div>\n<div class=\"ATCbm\">\n<div class=\"ATCbm\">\n<div>\n<section class=\"text-token-text-primary w-full focus:outline-none [--shadow-height:45px] has-data-writing-block:pointer-events-none has-data-writing-block:-mt-(--shadow-height) has-data-writing-block:pt-(--shadow-height) [&amp;:has([data-writing-block])&gt;*]:pointer-events-auto [content-visibility:auto] supports-[content-visibility:auto]:[contain-intrinsic-size:auto_100lvh] R6Vx5W_threadScrollVars scroll-mb-[calc(var(--scroll-root-safe-area-inset-bottom,0px)+var(--thread-response-height))] scroll-mt-[calc(var(--header-height)+min(200px,max(70px,20svh)))]\" dir=\"auto\" data-turn-id=\"request-WEB:e3a89a6e-10af-4931-bba3-df8852a57def-52\" data-testid=\"conversation-turn-106\" data-scroll-anchor=\"false\" data-turn=\"assistant\">\n<div class=\"text-base my-auto mx-auto pb-10 [--thread-content-margin:var(--thread-content-margin-xs,calc(var(--spacing)*4))] @w-sm\/main:[--thread-content-margin:var(--thread-content-margin-sm,calc(var(--spacing)*6))] @w-lg\/main:[--thread-content-margin:var(--thread-content-margin-lg,calc(var(--spacing)*16))] px-(--thread-content-margin)\">\n<div class=\"[--thread-content-max-width:40rem] @w-lg\/main:[--thread-content-max-width:48rem] mx-auto max-w-(--thread-content-max-width) flex-1 group\/turn-messages focus-visible:outline-hidden relative flex w-full min-w-0 flex-col agent-turn\">\n<div class=\"mt-3 w-full empty:hidden\">\n<div class=\"text-center\">\n<p data-start=\"170\" data-end=\"585\">Visiter <span class=\"hover:entity-accent entity-underline inline cursor-pointer align-baseline\"><span class=\"whitespace-normal\">Grenoble<\/span><\/span>, c\u2019est s\u2019offrir un voyage au c\u0153ur d\u2019une ville riche en histoire, en patrimoine et en paysages exceptionnels. Entre les panoramas offerts par le <span class=\"hover:entity-accent entity-underline inline cursor-pointer align-baseline\"><span class=\"whitespace-normal\">Fort de la Bastille<\/span><\/span>, les tr\u00e9sors architecturaux comme le <span class=\"hover:entity-accent entity-underline inline cursor-pointer align-baseline\"><span class=\"whitespace-normal\">Palais du Parlement du Dauphin\u00e9<\/span><\/span> ou encore les espaces culturels et mus\u00e9es renomm\u00e9s, la ville propose une exp\u00e9rience vari\u00e9e et accessible \u00e0 tous.<\/p>\n<p data-start=\"587\" data-end=\"884\">Au-del\u00e0 de son centre historique anim\u00e9, Grenoble s\u00e9duit \u00e9galement par sa proximit\u00e9 imm\u00e9diate avec la nature, notamment gr\u00e2ce aux massifs du <span class=\"hover:entity-accent entity-underline inline cursor-pointer align-baseline\"><span class=\"whitespace-normal\">Parc naturel r\u00e9gional du Vercors<\/span><\/span> et de la <span class=\"hover:entity-accent entity-underline inline cursor-pointer align-baseline\"><span class=\"whitespace-normal\">Parc naturel r\u00e9gional de Chartreuse<\/span><\/span>, id\u00e9als pour prolonger le s\u00e9jour entre randonn\u00e9e, d\u00e9tente et d\u00e9couverte.<\/p>\n<p data-start=\"886\" data-end=\"1142\">Que ce soit pour un week-end ou un s\u00e9jour plus long, visiter Grenoble permet de combiner facilement culture, gastronomie et activit\u00e9s de plein air, faisant de cette destination alpine un choix incontournable pour tous les voyageurs en qu\u00eate d\u2019authenticit\u00e9.<\/p>\n<\/div>\n<\/div>\n<\/div>\n<\/div>\n<\/section>\n<div class=\"pointer-events-none -mt-px h-px translate-y-[calc(var(--scroll-root-safe-area-inset-bottom)-14*var(--spacing))]\" aria-hidden=\"true\"><\/div>\n<\/div>\n<\/div>\n<\/div>\n<\/div>\n<\/div>\n<\/div>\n<\/div>\n","protected":false},"excerpt":{"rendered":"<p>Visiter Grenoble, c\u2019est d\u00e9couvrir une destination unique o\u00f9 patrimoine historique, culture et nature alpine se rencontrent harmonieusement. Situ\u00e9e au c\u0153ur&#8230;<\/p>\n","protected":false},"author":1,"featured_media":5537,"comment_status":"closed","ping_status":"closed","sticky":false,"template":"","format":"standard","meta":{"_kad_post_transparent":"default","_kad_post_title":"default","_kad_post_layout":"default","_kad_post_sidebar_id":"","_kad_post_content_style":"default","_kad_post_vertical_padding":"default","_kad_post_feature":"","_kad_post_feature_position":"","_kad_post_header":false,"_kad_post_footer":false,"footnotes":""},"categories":[5],"tags":[],"class_list":["post-5471","post","type-post","status-publish","format-standard","has-post-thumbnail","hentry","category-france-fr"],"yoast_head":"<!-- This site is optimized with the Yoast SEO plugin v26.2 - https:\/\/yoast.com\/wordpress\/plugins\/seo\/ -->\n<title>Visiter Grenoble : 30 incontournables \u00e0 faire et voir - Paris Enigmes - Blog<\/title>\n<meta name=\"description\" content=\"Visiter Grenoble, capitale des Alpes, et d\u00e9couvrez ses monument, mus\u00e9es, sp\u00e9cialit\u00e9s et paysages naturels exceptionnels.\" \/>\n<meta name=\"robots\" content=\"index, follow, max-snippet:-1, max-image-preview:large, max-video-preview:-1\" \/>\n<link rel=\"canonical\" href=\"https:\/\/www.parisenigmes.com\/blog\/visiter-grenoble\/\" \/>\n<meta property=\"og:locale\" content=\"fr_FR\" \/>\n<meta property=\"og:type\" content=\"article\" \/>\n<meta property=\"og:title\" content=\"Visiter Grenoble : 30 incontournables \u00e0 faire et voir\" \/>\n<meta property=\"og:description\" content=\"Visiter Grenoble, capitale des Alpes, et d\u00e9couvrez ses monument, mus\u00e9es, sp\u00e9cialit\u00e9s et paysages naturels exceptionnels.\" \/>\n<meta property=\"og:url\" content=\"https:\/\/www.parisenigmes.com\/blog\/visiter-grenoble\/\" \/>\n<meta property=\"og:site_name\" content=\"Paris Enigmes - Blog\" \/>\n<meta property=\"article:publisher\" content=\"https:\/\/www.facebook.com\/ParisEnigmes\/\" \/>\n<meta property=\"article:published_time\" content=\"2026-04-26T17:59:14+00:00\" \/>\n<meta property=\"article:modified_time\" content=\"2026-04-28T18:19:08+00:00\" \/>\n<meta property=\"og:image\" content=\"https:\/\/www.parisenigmes.com\/blog\/wp-content\/uploads\/2026\/04\/grenoble-ville.webp\" \/>\n\t<meta property=\"og:image:width\" content=\"1200\" \/>\n\t<meta property=\"og:image:height\" content=\"627\" \/>\n\t<meta property=\"og:image:type\" content=\"image\/jpeg\" \/>\n<meta name=\"author\" content=\"parisenigmes\" \/>\n<meta name=\"twitter:card\" content=\"summary_large_image\" \/>\n<meta name=\"twitter:title\" content=\"Visiter Grenoble : 30 incontournables \u00e0 faire et voir\" \/>\n<meta name=\"twitter:description\" content=\"Visiter Grenoble, capitale des Alpes, et d\u00e9couvrez ses monument, mus\u00e9es, sp\u00e9cialit\u00e9s et paysages naturels exceptionnels.\" \/>\n<meta name=\"twitter:image\" content=\"https:\/\/www.parisenigmes.com\/blog\/wp-content\/uploads\/2026\/04\/grenoble-ville.webp\" \/>\n<meta name=\"twitter:label1\" content=\"Written by\" \/>\n\t<meta name=\"twitter:data1\" content=\"parisenigmes\" \/>\n\t<meta name=\"twitter:label2\" content=\"Est. reading time\" \/>\n\t<meta name=\"twitter:data2\" content=\"38 minutes\" \/>\n<script type=\"application\/ld+json\" class=\"yoast-schema-graph\">{\"@context\":\"https:\/\/schema.org\",\"@graph\":[{\"@type\":\"Article\",\"@id\":\"https:\/\/www.parisenigmes.com\/blog\/visiter-grenoble\/#article\",\"isPartOf\":{\"@id\":\"https:\/\/www.parisenigmes.com\/blog\/visiter-grenoble\/\"},\"author\":{\"name\":\"parisenigmes\",\"@id\":\"https:\/\/www.parisenigmes.com\/blog\/#\/schema\/person\/2e217698c5034e9884190e3c9c806c22\"},\"headline\":\"Visiter Grenoble : 30 incontournables \u00e0 faire et voir\",\"datePublished\":\"2026-04-26T17:59:14+00:00\",\"dateModified\":\"2026-04-28T18:19:08+00:00\",\"mainEntityOfPage\":{\"@id\":\"https:\/\/www.parisenigmes.com\/blog\/visiter-grenoble\/\"},\"wordCount\":6897,\"publisher\":{\"@id\":\"https:\/\/www.parisenigmes.com\/blog\/#organization\"},\"image\":{\"@id\":\"https:\/\/www.parisenigmes.com\/blog\/visiter-grenoble\/#primaryimage\"},\"thumbnailUrl\":\"https:\/\/www.parisenigmes.com\/blog\/wp-content\/uploads\/2026\/04\/grenoble-ville.webp\",\"articleSection\":[\"France\"],\"inLanguage\":\"fr-FR\"},{\"@type\":\"WebPage\",\"@id\":\"https:\/\/www.parisenigmes.com\/blog\/visiter-grenoble\/\",\"url\":\"https:\/\/www.parisenigmes.com\/blog\/visiter-grenoble\/\",\"name\":\"Visiter Grenoble : 30 incontournables \u00e0 faire et voir - Paris Enigmes - Blog\",\"isPartOf\":{\"@id\":\"https:\/\/www.parisenigmes.com\/blog\/#website\"},\"primaryImageOfPage\":{\"@id\":\"https:\/\/www.parisenigmes.com\/blog\/visiter-grenoble\/#primaryimage\"},\"image\":{\"@id\":\"https:\/\/www.parisenigmes.com\/blog\/visiter-grenoble\/#primaryimage\"},\"thumbnailUrl\":\"https:\/\/www.parisenigmes.com\/blog\/wp-content\/uploads\/2026\/04\/grenoble-ville.webp\",\"datePublished\":\"2026-04-26T17:59:14+00:00\",\"dateModified\":\"2026-04-28T18:19:08+00:00\",\"description\":\"Visiter Grenoble, capitale des Alpes, et d\u00e9couvrez ses monument, mus\u00e9es, sp\u00e9cialit\u00e9s et paysages naturels exceptionnels.\",\"breadcrumb\":{\"@id\":\"https:\/\/www.parisenigmes.com\/blog\/visiter-grenoble\/#breadcrumb\"},\"inLanguage\":\"fr-FR\",\"potentialAction\":[{\"@type\":\"ReadAction\",\"target\":[\"https:\/\/www.parisenigmes.com\/blog\/visiter-grenoble\/\"]}]},{\"@type\":\"ImageObject\",\"inLanguage\":\"fr-FR\",\"@id\":\"https:\/\/www.parisenigmes.com\/blog\/visiter-grenoble\/#primaryimage\",\"url\":\"https:\/\/www.parisenigmes.com\/blog\/wp-content\/uploads\/2026\/04\/grenoble-ville.webp\",\"contentUrl\":\"https:\/\/www.parisenigmes.com\/blog\/wp-content\/uploads\/2026\/04\/grenoble-ville.webp\",\"width\":1200,\"height\":627,\"caption\":\"grenoble\"},{\"@type\":\"BreadcrumbList\",\"@id\":\"https:\/\/www.parisenigmes.com\/blog\/visiter-grenoble\/#breadcrumb\",\"itemListElement\":[{\"@type\":\"ListItem\",\"position\":1,\"name\":\"Home\",\"item\":\"https:\/\/www.parisenigmes.com\/blog\/\"},{\"@type\":\"ListItem\",\"position\":2,\"name\":\"Visiter Grenoble : 30 incontournables \u00e0 faire et voir\"}]},{\"@type\":\"WebSite\",\"@id\":\"https:\/\/www.parisenigmes.com\/blog\/#website\",\"url\":\"https:\/\/www.parisenigmes.com\/blog\/\",\"name\":\"Paris Enigmes - Blog\",\"description\":\"\",\"publisher\":{\"@id\":\"https:\/\/www.parisenigmes.com\/blog\/#organization\"},\"potentialAction\":[{\"@type\":\"SearchAction\",\"target\":{\"@type\":\"EntryPoint\",\"urlTemplate\":\"https:\/\/www.parisenigmes.com\/blog\/?s={search_term_string}\"},\"query-input\":{\"@type\":\"PropertyValueSpecification\",\"valueRequired\":true,\"valueName\":\"search_term_string\"}}],\"inLanguage\":\"fr-FR\"},{\"@type\":\"Organization\",\"@id\":\"https:\/\/www.parisenigmes.com\/blog\/#organization\",\"name\":\"Paris Enigmes - Blog\",\"url\":\"https:\/\/www.parisenigmes.com\/blog\/\",\"logo\":{\"@type\":\"ImageObject\",\"inLanguage\":\"fr-FR\",\"@id\":\"https:\/\/www.parisenigmes.com\/blog\/#\/schema\/logo\/image\/\",\"url\":\"https:\/\/www.parisenigmes.com\/blog\/wp-content\/uploads\/2025\/08\/ic_launcher.png\",\"contentUrl\":\"https:\/\/www.parisenigmes.com\/blog\/wp-content\/uploads\/2025\/08\/ic_launcher.png\",\"width\":1080,\"height\":1080,\"caption\":\"Paris Enigmes - Blog\"},\"image\":{\"@id\":\"https:\/\/www.parisenigmes.com\/blog\/#\/schema\/logo\/image\/\"},\"sameAs\":[\"https:\/\/www.facebook.com\/ParisEnigmes\/\",\"https:\/\/www.instagram.com\/parisenigmes\/\"]},{\"@type\":\"Person\",\"@id\":\"https:\/\/www.parisenigmes.com\/blog\/#\/schema\/person\/2e217698c5034e9884190e3c9c806c22\",\"name\":\"parisenigmes\",\"image\":{\"@type\":\"ImageObject\",\"inLanguage\":\"fr-FR\",\"@id\":\"https:\/\/www.parisenigmes.com\/blog\/#\/schema\/person\/image\/\",\"url\":\"https:\/\/secure.gravatar.com\/avatar\/c462456799ea25a5b7e4a315895b6249adf94c7d85c70bcb626bb5d99e5b7a4d?s=96&d=mm&r=g\",\"contentUrl\":\"https:\/\/secure.gravatar.com\/avatar\/c462456799ea25a5b7e4a315895b6249adf94c7d85c70bcb626bb5d99e5b7a4d?s=96&d=mm&r=g\",\"caption\":\"parisenigmes\"},\"sameAs\":[\"https:\/\/www.parisenigmes.com\/ressources\/wordpress\"],\"url\":\"https:\/\/www.parisenigmes.com\/blog\/author\/parisenigmes\/\"}]}<\/script>\n<!-- \/ Yoast SEO plugin. -->","yoast_head_json":{"title":"Visiter Grenoble : 30 incontournables \u00e0 faire et voir - Paris Enigmes - Blog","description":"Visiter Grenoble, capitale des Alpes, et d\u00e9couvrez ses monument, mus\u00e9es, sp\u00e9cialit\u00e9s et paysages naturels exceptionnels.","robots":{"index":"index","follow":"follow","max-snippet":"max-snippet:-1","max-image-preview":"max-image-preview:large","max-video-preview":"max-video-preview:-1"},"canonical":"https:\/\/www.parisenigmes.com\/blog\/visiter-grenoble\/","og_locale":"fr_FR","og_type":"article","og_title":"Visiter Grenoble : 30 incontournables \u00e0 faire et voir","og_description":"Visiter Grenoble, capitale des Alpes, et d\u00e9couvrez ses monument, mus\u00e9es, sp\u00e9cialit\u00e9s et paysages naturels exceptionnels.","og_url":"https:\/\/www.parisenigmes.com\/blog\/visiter-grenoble\/","og_site_name":"Paris Enigmes - Blog","article_publisher":"https:\/\/www.facebook.com\/ParisEnigmes\/","article_published_time":"2026-04-26T17:59:14+00:00","article_modified_time":"2026-04-28T18:19:08+00:00","og_image":[{"width":1200,"height":627,"url":"https:\/\/www.parisenigmes.com\/blog\/wp-content\/uploads\/2026\/04\/grenoble-ville.webp","type":"image\/jpeg"}],"author":"parisenigmes","twitter_card":"summary_large_image","twitter_title":"Visiter Grenoble : 30 incontournables \u00e0 faire et voir","twitter_description":"Visiter Grenoble, capitale des Alpes, et d\u00e9couvrez ses monument, mus\u00e9es, sp\u00e9cialit\u00e9s et paysages naturels exceptionnels.","twitter_image":"https:\/\/www.parisenigmes.com\/blog\/wp-content\/uploads\/2026\/04\/grenoble-ville.webp","twitter_misc":{"Written by":"parisenigmes","Est. reading time":"38 minutes"},"schema":{"@context":"https:\/\/schema.org","@graph":[{"@type":"Article","@id":"https:\/\/www.parisenigmes.com\/blog\/visiter-grenoble\/#article","isPartOf":{"@id":"https:\/\/www.parisenigmes.com\/blog\/visiter-grenoble\/"},"author":{"name":"parisenigmes","@id":"https:\/\/www.parisenigmes.com\/blog\/#\/schema\/person\/2e217698c5034e9884190e3c9c806c22"},"headline":"Visiter Grenoble : 30 incontournables \u00e0 faire et voir","datePublished":"2026-04-26T17:59:14+00:00","dateModified":"2026-04-28T18:19:08+00:00","mainEntityOfPage":{"@id":"https:\/\/www.parisenigmes.com\/blog\/visiter-grenoble\/"},"wordCount":6897,"publisher":{"@id":"https:\/\/www.parisenigmes.com\/blog\/#organization"},"image":{"@id":"https:\/\/www.parisenigmes.com\/blog\/visiter-grenoble\/#primaryimage"},"thumbnailUrl":"https:\/\/www.parisenigmes.com\/blog\/wp-content\/uploads\/2026\/04\/grenoble-ville.webp","articleSection":["France"],"inLanguage":"fr-FR"},{"@type":"WebPage","@id":"https:\/\/www.parisenigmes.com\/blog\/visiter-grenoble\/","url":"https:\/\/www.parisenigmes.com\/blog\/visiter-grenoble\/","name":"Visiter Grenoble : 30 incontournables \u00e0 faire et voir - Paris Enigmes - Blog","isPartOf":{"@id":"https:\/\/www.parisenigmes.com\/blog\/#website"},"primaryImageOfPage":{"@id":"https:\/\/www.parisenigmes.com\/blog\/visiter-grenoble\/#primaryimage"},"image":{"@id":"https:\/\/www.parisenigmes.com\/blog\/visiter-grenoble\/#primaryimage"},"thumbnailUrl":"https:\/\/www.parisenigmes.com\/blog\/wp-content\/uploads\/2026\/04\/grenoble-ville.webp","datePublished":"2026-04-26T17:59:14+00:00","dateModified":"2026-04-28T18:19:08+00:00","description":"Visiter Grenoble, capitale des Alpes, et d\u00e9couvrez ses monument, mus\u00e9es, sp\u00e9cialit\u00e9s et paysages naturels exceptionnels.","breadcrumb":{"@id":"https:\/\/www.parisenigmes.com\/blog\/visiter-grenoble\/#breadcrumb"},"inLanguage":"fr-FR","potentialAction":[{"@type":"ReadAction","target":["https:\/\/www.parisenigmes.com\/blog\/visiter-grenoble\/"]}]},{"@type":"ImageObject","inLanguage":"fr-FR","@id":"https:\/\/www.parisenigmes.com\/blog\/visiter-grenoble\/#primaryimage","url":"https:\/\/www.parisenigmes.com\/blog\/wp-content\/uploads\/2026\/04\/grenoble-ville.webp","contentUrl":"https:\/\/www.parisenigmes.com\/blog\/wp-content\/uploads\/2026\/04\/grenoble-ville.webp","width":1200,"height":627,"caption":"grenoble"},{"@type":"BreadcrumbList","@id":"https:\/\/www.parisenigmes.com\/blog\/visiter-grenoble\/#breadcrumb","itemListElement":[{"@type":"ListItem","position":1,"name":"Home","item":"https:\/\/www.parisenigmes.com\/blog\/"},{"@type":"ListItem","position":2,"name":"Visiter Grenoble : 30 incontournables \u00e0 faire et voir"}]},{"@type":"WebSite","@id":"https:\/\/www.parisenigmes.com\/blog\/#website","url":"https:\/\/www.parisenigmes.com\/blog\/","name":"Paris Enigmes - Blog","description":"","publisher":{"@id":"https:\/\/www.parisenigmes.com\/blog\/#organization"},"potentialAction":[{"@type":"SearchAction","target":{"@type":"EntryPoint","urlTemplate":"https:\/\/www.parisenigmes.com\/blog\/?s={search_term_string}"},"query-input":{"@type":"PropertyValueSpecification","valueRequired":true,"valueName":"search_term_string"}}],"inLanguage":"fr-FR"},{"@type":"Organization","@id":"https:\/\/www.parisenigmes.com\/blog\/#organization","name":"Paris Enigmes - Blog","url":"https:\/\/www.parisenigmes.com\/blog\/","logo":{"@type":"ImageObject","inLanguage":"fr-FR","@id":"https:\/\/www.parisenigmes.com\/blog\/#\/schema\/logo\/image\/","url":"https:\/\/www.parisenigmes.com\/blog\/wp-content\/uploads\/2025\/08\/ic_launcher.png","contentUrl":"https:\/\/www.parisenigmes.com\/blog\/wp-content\/uploads\/2025\/08\/ic_launcher.png","width":1080,"height":1080,"caption":"Paris Enigmes - Blog"},"image":{"@id":"https:\/\/www.parisenigmes.com\/blog\/#\/schema\/logo\/image\/"},"sameAs":["https:\/\/www.facebook.com\/ParisEnigmes\/","https:\/\/www.instagram.com\/parisenigmes\/"]},{"@type":"Person","@id":"https:\/\/www.parisenigmes.com\/blog\/#\/schema\/person\/2e217698c5034e9884190e3c9c806c22","name":"parisenigmes","image":{"@type":"ImageObject","inLanguage":"fr-FR","@id":"https:\/\/www.parisenigmes.com\/blog\/#\/schema\/person\/image\/","url":"https:\/\/secure.gravatar.com\/avatar\/c462456799ea25a5b7e4a315895b6249adf94c7d85c70bcb626bb5d99e5b7a4d?s=96&d=mm&r=g","contentUrl":"https:\/\/secure.gravatar.com\/avatar\/c462456799ea25a5b7e4a315895b6249adf94c7d85c70bcb626bb5d99e5b7a4d?s=96&d=mm&r=g","caption":"parisenigmes"},"sameAs":["https:\/\/www.parisenigmes.com\/ressources\/wordpress"],"url":"https:\/\/www.parisenigmes.com\/blog\/author\/parisenigmes\/"}]}},"_links":{"self":[{"href":"https:\/\/www.parisenigmes.com\/blog\/wp-json\/wp\/v2\/posts\/5471","targetHints":{"allow":["GET"]}}],"collection":[{"href":"https:\/\/www.parisenigmes.com\/blog\/wp-json\/wp\/v2\/posts"}],"about":[{"href":"https:\/\/www.parisenigmes.com\/blog\/wp-json\/wp\/v2\/types\/post"}],"author":[{"embeddable":true,"href":"https:\/\/www.parisenigmes.com\/blog\/wp-json\/wp\/v2\/users\/1"}],"replies":[{"embeddable":true,"href":"https:\/\/www.parisenigmes.com\/blog\/wp-json\/wp\/v2\/comments?post=5471"}],"version-history":[{"count":6,"href":"https:\/\/www.parisenigmes.com\/blog\/wp-json\/wp\/v2\/posts\/5471\/revisions"}],"predecessor-version":[{"id":5539,"href":"https:\/\/www.parisenigmes.com\/blog\/wp-json\/wp\/v2\/posts\/5471\/revisions\/5539"}],"wp:featuredmedia":[{"embeddable":true,"href":"https:\/\/www.parisenigmes.com\/blog\/wp-json\/wp\/v2\/media\/5537"}],"wp:attachment":[{"href":"https:\/\/www.parisenigmes.com\/blog\/wp-json\/wp\/v2\/media?parent=5471"}],"wp:term":[{"taxonomy":"category","embeddable":true,"href":"https:\/\/www.parisenigmes.com\/blog\/wp-json\/wp\/v2\/categories?post=5471"},{"taxonomy":"post_tag","embeddable":true,"href":"https:\/\/www.parisenigmes.com\/blog\/wp-json\/wp\/v2\/tags?post=5471"}],"curies":[{"name":"wp","href":"https:\/\/api.w.org\/{rel}","templated":true}]}}