{"id":5483,"date":"2026-04-28T07:46:35","date_gmt":"2026-04-28T05:46:35","guid":{"rendered":"https:\/\/www.parisenigmes.com\/blog\/?p=5483"},"modified":"2026-04-29T09:11:02","modified_gmt":"2026-04-29T07:11:02","slug":"visiter-orlean","status":"publish","type":"post","link":"https:\/\/www.parisenigmes.com\/blog\/visiter-orlean\/","title":{"rendered":"Visiter Orl\u00e9ans : 30 incontournables \u00e0 faire et voir"},"content":{"rendered":"<p>Visiter <span class=\"hover:entity-accent entity-underline inline cursor-pointer align-baseline\"><span class=\"whitespace-normal\">Orl\u00e9ans<\/span><\/span>, c\u2019est partir \u00e0 la d\u00e9couverte d\u2019une ville charg\u00e9e d\u2019histoire, situ\u00e9e au c\u0153ur du Val de Loire et intimement li\u00e9e \u00e0 la figure de <span class=\"hover:entity-accent entity-underline inline cursor-pointer align-baseline\"><span class=\"whitespace-normal\">Jeanne d\u2019Arc<\/span><\/span>. Entre patrimoine m\u00e9di\u00e9val, architecture Renaissance et am\u00e9nagements plus contemporains, Orl\u00e9ans offre un \u00e9quilibre agr\u00e9able entre tradition et modernit\u00e9.<\/p>\n<p>En fl\u00e2nant dans son centre historique, on d\u00e9couvre des monuments embl\u00e9matiques, des rues anim\u00e9es et une atmosph\u00e8re vivante port\u00e9e par ses commerces et ses march\u00e9s. Bord\u00e9e par la Loire, la ville s\u00e9duit aussi par ses espaces naturels et ses quais propices \u00e0 la promenade, faisant d\u2019Orl\u00e9ans une destination id\u00e9ale pour un s\u00e9jour m\u00ealant culture, d\u00e9tente et gastronomie.<\/p>\n<h2 id=\"section-1\" tabindex=\"-1\" data-start=\"288\" data-end=\"341\"><strong data-start=\"294\" data-end=\"341\">Monuments &amp; Patrimoine Historique \u00e0 Or\u00e9lans<\/strong><\/h2>\n<h3>Cath\u00e9drale Sainte-Croix d&rsquo;Orl\u00e9ans<\/h3>\n<figure id=\"attachment_5568\" aria-describedby=\"caption-attachment-5568\" style=\"width: 1024px\" class=\"wp-caption aligncenter\"><img data-dominant-color=\"9099a2\" data-has-transparency=\"false\" style=\"--dominant-color: #9099a2;\" loading=\"lazy\" decoding=\"async\" class=\"size-large wp-image-5568 not-transparent\" src=\"https:\/\/www.parisenigmes.com\/blog\/wp-content\/uploads\/2026\/04\/Cathedrale_Sainte-Croix_dOrleans_vue_de_la_tour_St_Paul-1024x755.webp\" alt=\"Cath\u00e9drale Sainte-Croix d'Orl\u00e9ans\" width=\"1024\" height=\"755\" srcset=\"https:\/\/www.parisenigmes.com\/blog\/wp-content\/uploads\/2026\/04\/Cathedrale_Sainte-Croix_dOrleans_vue_de_la_tour_St_Paul-1024x755.webp 1024w, https:\/\/www.parisenigmes.com\/blog\/wp-content\/uploads\/2026\/04\/Cathedrale_Sainte-Croix_dOrleans_vue_de_la_tour_St_Paul-300x221.webp 300w, https:\/\/www.parisenigmes.com\/blog\/wp-content\/uploads\/2026\/04\/Cathedrale_Sainte-Croix_dOrleans_vue_de_la_tour_St_Paul-768x566.webp 768w, https:\/\/www.parisenigmes.com\/blog\/wp-content\/uploads\/2026\/04\/Cathedrale_Sainte-Croix_dOrleans_vue_de_la_tour_St_Paul.webp 1109w\" sizes=\"auto, (max-width: 1024px) 100vw, 1024px\" \/><figcaption id=\"caption-attachment-5568\" class=\"wp-caption-text\">Cath\u00e9drale Sainte-Croix d&rsquo;Orl\u00e9ans<\/figcaption><\/figure>\n<p data-start=\"123\" data-end=\"455\">La <span class=\"hover:entity-accent entity-underline inline cursor-pointer align-baseline\"><span class=\"whitespace-normal\">Cath\u00e9drale Sainte-Croix d&rsquo;Orl\u00e9ans<\/span><\/span> situ\u00e9e en plein centre historique, elle est le si\u00e8ge du dioc\u00e8se d\u2019Orl\u00e9ans et un chef-d\u2019\u0153uvre de l\u2019architecture gothique, enrichi de styles n\u00e9ogothiques au fil des si\u00e8cles.<\/p>\n<p data-start=\"457\" data-end=\"841\">Sa construction d\u00e9bute au XIIIe si\u00e8cle et s\u2019\u00e9tend sur plusieurs si\u00e8cles, jusqu\u2019au XIXe si\u00e8cle, donnant \u00e0 l\u2019\u00e9difice une histoire longue et mouvement\u00e9e. La cath\u00e9drale est notamment li\u00e9e \u00e0 des \u00e9v\u00e9nements majeurs de l\u2019histoire de France, comme le passage de Jeanne d\u2019Arc, qui y est \u00e9troitement associ\u00e9e, ainsi qu\u2019\u00e0 plusieurs sacres royaux et \u00e9v\u00e9nements politiques importants du Moyen \u00c2ge.<\/p>\n<p data-start=\"843\" data-end=\"1066\">Class\u00e9e monument historique depuis 1862, la cath\u00e9drale impressionne par ses dimensions monumentales, ses vitraux remarquables retra\u00e7ant l\u2019histoire de Jeanne d\u2019Arc et ses deux imposantes tours visibles depuis toute la ville.<\/p>\n<h3>H\u00f4tel Groslot<\/h3>\n<figure id=\"attachment_5569\" aria-describedby=\"caption-attachment-5569\" style=\"width: 1024px\" class=\"wp-caption aligncenter\"><img data-dominant-color=\"5c6b7a\" data-has-transparency=\"false\" style=\"--dominant-color: #5c6b7a;\" loading=\"lazy\" decoding=\"async\" class=\"size-large wp-image-5569 not-transparent\" src=\"https:\/\/www.parisenigmes.com\/blog\/wp-content\/uploads\/2026\/04\/Orleans_Hotel_Groslot_2-1024x683.webp\" alt=\"H\u00f4tel Groslot\" width=\"1024\" height=\"683\" srcset=\"https:\/\/www.parisenigmes.com\/blog\/wp-content\/uploads\/2026\/04\/Orleans_Hotel_Groslot_2-1024x683.webp 1024w, https:\/\/www.parisenigmes.com\/blog\/wp-content\/uploads\/2026\/04\/Orleans_Hotel_Groslot_2-300x200.webp 300w, https:\/\/www.parisenigmes.com\/blog\/wp-content\/uploads\/2026\/04\/Orleans_Hotel_Groslot_2-768x512.webp 768w, https:\/\/www.parisenigmes.com\/blog\/wp-content\/uploads\/2026\/04\/Orleans_Hotel_Groslot_2.webp 1280w\" sizes=\"auto, (max-width: 1024px) 100vw, 1024px\" \/><figcaption id=\"caption-attachment-5569\" class=\"wp-caption-text\">H\u00f4tel Groslot<\/figcaption><\/figure>\n<p data-start=\"103\" data-end=\"460\">L\u2019<span class=\"hover:entity-accent entity-underline inline cursor-pointer align-baseline\"><span class=\"whitespace-normal\">H\u00f4tel Groslot<\/span><\/span> est un magnifique h\u00f4tel particulier de la Renaissance situ\u00e9 au c\u0153ur du centre historique d\u2019Orl\u00e9ans, sur la place de l\u2019\u00c9tape. Construit au XVIe si\u00e8cle pour la famille Groslot, il a \u00e9t\u00e9 dessin\u00e9 par l\u2019architecte Jacques Ier Androuet du Cerceau et t\u00e9moigne du prestige de l\u2019architecture de la Renaissance en Val de Loire.<\/p>\n<p data-start=\"462\" data-end=\"849\">Ce monument charg\u00e9 d\u2019histoire a accueilli plusieurs figures royales importantes, dont le roi Fran\u00e7ois II, qui y est d\u00e9c\u00e9d\u00e9 en 1560, ainsi que Catherine de M\u00e9dicis et Charles IX lors de p\u00e9riodes cl\u00e9s de l\u2019histoire de France. Transform\u00e9 ensuite en h\u00f4tel de ville apr\u00e8s la R\u00e9volution, il est aujourd\u2019hui un lieu embl\u00e9matique de la vie orl\u00e9anaise, notamment utilis\u00e9 pour les mariages civils.<\/p>\n<p data-start=\"851\" data-end=\"1136\">Class\u00e9 monument historique, l\u2019H\u00f4tel Groslot se distingue par sa fa\u00e7ade en briques rouges et pierres, son escalier monumental et ses salles richement d\u00e9cor\u00e9es de style n\u00e9o-Renaissance. Il abrite \u00e9galement de nombreux \u00e9l\u00e9ments de mobilier historique et des souvenirs li\u00e9s \u00e0 Jeanne d\u2019Arc.<\/p>\n<h3>Statue de Jeanne d&rsquo;Arc<\/h3>\n<figure id=\"attachment_5567\" aria-describedby=\"caption-attachment-5567\" style=\"width: 768px\" class=\"wp-caption aligncenter\"><img data-dominant-color=\"617388\" data-has-transparency=\"false\" style=\"--dominant-color: #617388;\" loading=\"lazy\" decoding=\"async\" class=\"size-large wp-image-5567 not-transparent\" src=\"https:\/\/www.parisenigmes.com\/blog\/wp-content\/uploads\/2026\/04\/Orleans_\u2013_Jeanne_dArc_Martroi_02-768x1024.webp\" alt=\"Statue de Jeanne d'Arc\" width=\"768\" height=\"1024\" srcset=\"https:\/\/www.parisenigmes.com\/blog\/wp-content\/uploads\/2026\/04\/Orleans_\u2013_Jeanne_dArc_Martroi_02-768x1024.webp 768w, https:\/\/www.parisenigmes.com\/blog\/wp-content\/uploads\/2026\/04\/Orleans_\u2013_Jeanne_dArc_Martroi_02-225x300.webp 225w, https:\/\/www.parisenigmes.com\/blog\/wp-content\/uploads\/2026\/04\/Orleans_\u2013_Jeanne_dArc_Martroi_02.webp 960w\" sizes=\"auto, (max-width: 768px) 100vw, 768px\" \/><figcaption id=\"caption-attachment-5567\" class=\"wp-caption-text\">Statue de Jeanne d&rsquo;Arc<\/figcaption><\/figure>\n<p data-start=\"117\" data-end=\"385\">La <span class=\"hover:entity-accent entity-underline inline cursor-pointer align-baseline\"><span class=\"whitespace-normal\">Statue \u00e9questre de Jeanne d&rsquo;Arc (Orl\u00e9ans)<\/span><\/span> situ\u00e9e sur la place du Martroi, repr\u00e9sente Jeanne d\u2019Arc en chef de guerre, \u00e9p\u00e9e lev\u00e9e, incarnant le courage et la victoire de la ville lors de la guerre de Cent Ans.<\/p>\n<p data-start=\"387\" data-end=\"655\">R\u00e9alis\u00e9e en 1855 par le sculpteur Denis Foyatier, cette statue monumentale en bronze est devenue un symbole fort de l\u2019identit\u00e9 orl\u00e9anaise. Elle comm\u00e9more la lib\u00e9ration d\u2019Orl\u00e9ans par Jeanne d\u2019Arc en 1429 et occupe une place centrale lors des c\u00e9l\u00e8bres F\u00eates johanniques.<\/p>\n<p data-start=\"657\" data-end=\"873\">Endommag\u00e9e pendant la Seconde Guerre mondiale, elle a \u00e9t\u00e9 restaur\u00e9e apr\u00e8s 1945 avec la participation de la ville d\u2019Orl\u00e9ans et de La Nouvelle-Orl\u00e9ans. Aujourd\u2019hui, elle est prot\u00e9g\u00e9e au titre des monuments historiques.<\/p>\n<h3>Rue Royale<\/h3>\n<figure id=\"attachment_5566\" aria-describedby=\"caption-attachment-5566\" style=\"width: 1024px\" class=\"wp-caption aligncenter\"><img data-dominant-color=\"858481\" data-has-transparency=\"false\" style=\"--dominant-color: #858481;\" loading=\"lazy\" decoding=\"async\" class=\"size-full wp-image-5566 not-transparent\" src=\"https:\/\/www.parisenigmes.com\/blog\/wp-content\/uploads\/2026\/04\/Orleans_Rue_Royale.webp\" alt=\"Rue Royale\" width=\"1024\" height=\"744\" srcset=\"https:\/\/www.parisenigmes.com\/blog\/wp-content\/uploads\/2026\/04\/Orleans_Rue_Royale.webp 1024w, https:\/\/www.parisenigmes.com\/blog\/wp-content\/uploads\/2026\/04\/Orleans_Rue_Royale-300x218.webp 300w, https:\/\/www.parisenigmes.com\/blog\/wp-content\/uploads\/2026\/04\/Orleans_Rue_Royale-768x558.webp 768w\" sizes=\"auto, (max-width: 1024px) 100vw, 1024px\" \/><figcaption id=\"caption-attachment-5566\" class=\"wp-caption-text\">Rue Royale<\/figcaption><\/figure>\n<p data-start=\"110\" data-end=\"365\">La <span class=\"hover:entity-accent entity-underline inline cursor-pointer align-baseline\"><span class=\"whitespace-normal\">Rue Royale (Orl\u00e9ans)<\/span><\/span> est l\u2019une des principales art\u00e8res du centre-ville d\u2019Orl\u00e9ans. Construite au XVIIIe si\u00e8cle sous le r\u00e8gne de Louis XV, elle relie la place du Martroi au pont George-V, formant un axe urbain majeur au c\u0153ur de la ville.<\/p>\n<p data-start=\"367\" data-end=\"678\">Con\u00e7ue selon un projet d\u2019urbanisme harmonieux sign\u00e9 Jean Hupeau, la rue se distingue par ses fa\u00e7ades uniformes \u00e0 arcades, caract\u00e9ristiques de l\u2019architecture classique fran\u00e7aise. Longue d\u2019environ 450 m\u00e8tres, elle a \u00e9t\u00e9 pens\u00e9e pour accompagner la reconstruction du pont et structurer l\u2019entr\u00e9e de ville c\u00f4t\u00e9 Loire.<\/p>\n<p data-start=\"680\" data-end=\"1020\">Au fil de son histoire, la rue Royale a connu plusieurs transformations. Partiellement d\u00e9truite lors des bombardements de 1940 pendant la Seconde Guerre mondiale, elle a ensuite \u00e9t\u00e9 reconstruite \u00e0 l\u2019identique, en respectant son style d\u2019origine. Aujourd\u2019hui, elle est class\u00e9e et constitue un exemple remarquable de restauration patrimoniale.<\/p>\n<p data-start=\"1022\" data-end=\"1270\">V\u00e9ritable c\u0153ur commer\u00e7ant d\u2019Orl\u00e9ans, la rue abrite boutiques, restaurants et b\u00e2timents historiques sous ses arcades. Elle est \u00e9galement un axe vivant, travers\u00e9 par le tramway, et accueille des \u00e9l\u00e9ments artistiques comme la fontaine de La Baigneuse.<\/p>\n<h3>\u00c9glise Saint-Paterne<\/h3>\n<figure id=\"attachment_5565\" aria-describedby=\"caption-attachment-5565\" style=\"width: 1024px\" class=\"wp-caption aligncenter\"><img data-dominant-color=\"6d7d89\" data-has-transparency=\"false\" style=\"--dominant-color: #6d7d89;\" loading=\"lazy\" decoding=\"async\" class=\"size-large wp-image-5565 not-transparent\" src=\"https:\/\/www.parisenigmes.com\/blog\/wp-content\/uploads\/2026\/04\/Orleans_eglise_Saint-Paterne_1-1024x786.webp\" alt=\"\u00c9glise Saint-Paterne\" width=\"1024\" height=\"786\" srcset=\"https:\/\/www.parisenigmes.com\/blog\/wp-content\/uploads\/2026\/04\/Orleans_eglise_Saint-Paterne_1-1024x786.webp 1024w, https:\/\/www.parisenigmes.com\/blog\/wp-content\/uploads\/2026\/04\/Orleans_eglise_Saint-Paterne_1-300x230.webp 300w, https:\/\/www.parisenigmes.com\/blog\/wp-content\/uploads\/2026\/04\/Orleans_eglise_Saint-Paterne_1-768x590.webp 768w, https:\/\/www.parisenigmes.com\/blog\/wp-content\/uploads\/2026\/04\/Orleans_eglise_Saint-Paterne_1.webp 1280w\" sizes=\"auto, (max-width: 1024px) 100vw, 1024px\" \/><figcaption id=\"caption-attachment-5565\" class=\"wp-caption-text\">\u00c9glise Saint-Paterne<\/figcaption><\/figure>\n<section class=\"text-token-text-primary w-full focus:outline-none [--shadow-height:45px] has-data-writing-block:pointer-events-none has-data-writing-block:-mt-(--shadow-height) has-data-writing-block:pt-(--shadow-height) [&amp;:has([data-writing-block])&gt;*]:pointer-events-auto R6Vx5W_threadScrollVars scroll-mb-[calc(var(--scroll-root-safe-area-inset-bottom,0px)+var(--thread-response-height))] scroll-mt-(--header-height)\" dir=\"auto\" data-turn-id=\"38d01a0e-148e-4b7b-9d0a-cb3f7881c19e\" data-testid=\"conversation-turn-19\" data-scroll-anchor=\"false\" data-turn=\"user\"><\/section>\n<section class=\"text-token-text-primary w-full focus:outline-none [--shadow-height:45px] has-data-writing-block:pointer-events-none has-data-writing-block:-mt-(--shadow-height) has-data-writing-block:pt-(--shadow-height) [&amp;:has([data-writing-block])&gt;*]:pointer-events-auto [content-visibility:auto] supports-[content-visibility:auto]:[contain-intrinsic-size:auto_100lvh] R6Vx5W_threadScrollVars scroll-mb-[calc(var(--scroll-root-safe-area-inset-bottom,0px)+var(--thread-response-height))] scroll-mt-[calc(var(--header-height)+min(200px,max(70px,20svh)))]\" dir=\"auto\" data-turn-id=\"request-WEB:edf5ed59-3c1c-4fa6-8168-f54b903972fb-14\" data-testid=\"conversation-turn-20\" data-scroll-anchor=\"false\" data-turn=\"assistant\">\n<div class=\"text-base my-auto mx-auto pb-10 [--thread-content-margin:var(--thread-content-margin-xs,calc(var(--spacing)*4))] @w-sm\/main:[--thread-content-margin:var(--thread-content-margin-sm,calc(var(--spacing)*6))] @w-lg\/main:[--thread-content-margin:var(--thread-content-margin-lg,calc(var(--spacing)*16))] px-(--thread-content-margin)\">\n<div class=\"[--thread-content-max-width:40rem] @w-lg\/main:[--thread-content-max-width:48rem] mx-auto max-w-(--thread-content-max-width) flex-1 group\/turn-messages focus-visible:outline-hidden relative flex w-full min-w-0 flex-col agent-turn\">\n<div class=\"flex max-w-full flex-col gap-4 grow\">\n<div class=\"min-h-8 text-message relative flex w-full flex-col items-end gap-2 text-start break-words whitespace-normal outline-none keyboard-focused:focus-ring [.text-message+&amp;]:mt-1\" dir=\"auto\" tabindex=\"0\" data-message-author-role=\"assistant\" data-message-id=\"f440f1b7-0a4f-42ad-b6e4-11373db43ff5\" data-message-model-slug=\"gpt-5-3-mini\" data-turn-start-message=\"true\">\n<div class=\"flex w-full flex-col gap-1 empty:hidden\">\n<div class=\"markdown prose dark:prose-invert w-full wrap-break-word light markdown-new-styling\">\n<p data-start=\"0\" data-end=\"274\">L\u2019\u00e9glise Saint-Paterne d\u2019Orl\u00e9ans est un \u00e9difice catholique situ\u00e9 dans la ville d\u2019<span class=\"hover:entity-accent entity-underline inline cursor-pointer align-baseline\"><span class=\"whitespace-normal\">Orl\u00e9ans<\/span><\/span>. Son origine remonte au XIIe si\u00e8cle, lorsqu\u2019un prieur\u00e9, une chapelle et un hospice sont install\u00e9s sur le site. Elle est d\u00e9di\u00e9e \u00e0 saint Paterne d\u2019Avranches.<\/p>\n<p data-start=\"276\" data-end=\"626\">Au cours de son histoire, l\u2019\u00e9glise a \u00e9t\u00e9 d\u00e9truite et reconstruite \u00e0 plusieurs reprises. Elle est notamment ras\u00e9e pendant la guerre de Cent Ans par les habitants eux-m\u00eames, puis \u00e0 nouveau d\u00e9truite lors des guerres de Religion au XVIe si\u00e8cle. Sous la R\u00e9volution fran\u00e7aise, elle perd temporairement sa fonction religieuse et sert \u00e0 divers usages civils.<\/p>\n<p data-start=\"628\" data-end=\"995\">L\u2019\u00e9difice actuel date principalement de la fin du XIXe si\u00e8cle. Il est reconstruit entre 1876 et 1883 sous la direction de l\u2019architecte Paul Desh\u00e9rault, \u00e0 l\u2019initiative de l\u2019\u00e9v\u00eaque F\u00e9lix Dupanloup. L\u2019\u00e9glise est ensuite consacr\u00e9e en 1894. Son architecture de style n\u00e9ogothique reprend les codes des grandes \u00e9glises m\u00e9di\u00e9vales tout en int\u00e9grant des \u00e9l\u00e9ments plus r\u00e9cents.<\/p>\n<p data-start=\"997\" data-end=\"1304\" data-is-last-node=\"\" data-is-only-node=\"\">L\u2019\u00e9glise Saint-Paterne est \u00e9galement connue pour son orgue, install\u00e9 au XIXe si\u00e8cle et issu de la manufacture Cavaill\u00e9-Coll, ainsi que pour ses vitraux r\u00e9alis\u00e9s au XXe si\u00e8cle par Jacques Le Chevallier. Elle accueille aujourd\u2019hui des offices religieux mais aussi des concerts, gr\u00e2ce \u00e0 son acoustique r\u00e9put\u00e9e.<\/p>\n<p data-start=\"997\" data-end=\"1304\" data-is-last-node=\"\" data-is-only-node=\"\">\n<\/div>\n<\/div>\n<\/div>\n<\/div>\n<\/div>\n<\/div>\n<\/section>\n<h3>Coll\u00e9giale Saint-Aignan d&rsquo;Orl\u00e9ans<\/h3>\n<figure id=\"attachment_5564\" aria-describedby=\"caption-attachment-5564\" style=\"width: 960px\" class=\"wp-caption aligncenter\"><img data-dominant-color=\"879598\" data-has-transparency=\"false\" style=\"--dominant-color: #879598;\" loading=\"lazy\" decoding=\"async\" class=\"size-full wp-image-5564 not-transparent\" src=\"https:\/\/www.parisenigmes.com\/blog\/wp-content\/uploads\/2026\/04\/Saint-aignan-orleans.webp\" alt=\"Coll\u00e9giale Saint-Aignan d'Orl\u00e9ans\" width=\"960\" height=\"820\" srcset=\"https:\/\/www.parisenigmes.com\/blog\/wp-content\/uploads\/2026\/04\/Saint-aignan-orleans.webp 960w, https:\/\/www.parisenigmes.com\/blog\/wp-content\/uploads\/2026\/04\/Saint-aignan-orleans-300x256.webp 300w, https:\/\/www.parisenigmes.com\/blog\/wp-content\/uploads\/2026\/04\/Saint-aignan-orleans-768x656.webp 768w\" sizes=\"auto, (max-width: 960px) 100vw, 960px\" \/><figcaption id=\"caption-attachment-5564\" class=\"wp-caption-text\">Coll\u00e9giale Saint-Aignan d&rsquo;Orl\u00e9ans<\/figcaption><\/figure>\n<p data-start=\"81\" data-end=\"420\">La <span class=\"hover:entity-accent entity-underline inline cursor-pointer align-baseline\"><span class=\"whitespace-normal\">coll\u00e9giale Saint-Aignan d&rsquo;Orl\u00e9ans<\/span><\/span> est une \u00e9glise embl\u00e9matique situ\u00e9e au c\u0153ur du centre historique d\u2019Orl\u00e9ans, dans le quartier Bourgogne, sur la rive nord de la Loire. D\u00e9di\u00e9e \u00e0 <span class=\"hover:entity-accent entity-underline inline cursor-pointer align-baseline\"><span class=\"whitespace-normal\">saint Aignan d&rsquo;Orl\u00e9ans<\/span><\/span>, elle t\u00e9moigne d\u2019une histoire riche m\u00ealant traditions religieuses, \u00e9v\u00e9nements historiques et patrimoine architectural.<\/p>\n<p data-start=\"422\" data-end=\"840\">Selon la tradition, saint Aignan aurait jou\u00e9 un r\u00f4le d\u00e9terminant en 451 lors de l\u2019invasion des Huns men\u00e9s par <span class=\"hover:entity-accent entity-underline inline cursor-pointer align-baseline\"><span class=\"whitespace-normal\">Attila<\/span><\/span>. Par ses pri\u00e8res et son action, il aurait permis de prot\u00e9ger la ville en attendant l\u2019arriv\u00e9e des troupes romaines dirig\u00e9es par <span class=\"hover:entity-accent entity-underline inline cursor-pointer align-baseline\"><span class=\"whitespace-normal\">Flavius Aetius<\/span><\/span>. Cette l\u00e9gende a profond\u00e9ment marqu\u00e9 l\u2019identit\u00e9 d\u2019Orl\u00e9ans, faisant de saint Aignan le patron de la ville.<\/p>\n<p data-start=\"842\" data-end=\"1241\">D\u00e8s le haut Moyen \u00c2ge, le site devient un important centre religieux. Il \u00e9volue d\u2019un monast\u00e8re \u00e0 une abbaye, puis \u00e0 une coll\u00e9giale dirig\u00e9e par des chanoines. Malgr\u00e9 son importance, l\u2019\u00e9difice subit de nombreuses destructions, notamment lors des invasions vikings au IXe si\u00e8cle et du grand incendie de 999, qui ravage la ville. La crypte actuelle est l\u2019un des rares vestiges de cette p\u00e9riode ancienne.<\/p>\n<p data-start=\"1243\" data-end=\"1570\">Au XIe si\u00e8cle, le roi <span class=\"hover:entity-accent entity-underline inline cursor-pointer align-baseline\"><span class=\"whitespace-normal\">Robert II le Pieux<\/span><\/span> fait reconstruire une basilique, dont la crypte subsiste encore aujourd\u2019hui. Cette derni\u00e8re est remarquable par ses dimensions et son architecture romane, avec un d\u00e9ambulatoire, des chapelles rayonnantes et des chapiteaux sculpt\u00e9s repr\u00e9sentant des sc\u00e8nes symboliques.<\/p>\n<p data-start=\"1572\" data-end=\"1969\">La coll\u00e9giale est \u00e0 nouveau d\u00e9truite et reconstruite \u00e0 plusieurs reprises durant la guerre de Cent Ans, puis pendant les guerres de Religion au XVIe si\u00e8cle. Les reliques de saint Aignan sont alors en partie d\u00e9truites, affaiblissant le r\u00f4le spirituel du lieu. Apr\u00e8s ces p\u00e9riodes troubl\u00e9es, des restaurations sont entreprises, notamment gr\u00e2ce au soutien du roi <span class=\"hover:entity-accent entity-underline inline cursor-pointer align-baseline\"><span class=\"whitespace-normal\">Louis XIII<\/span><\/span>.<\/p>\n<p data-start=\"1971\" data-end=\"2222\">\u00c0 la R\u00e9volution fran\u00e7aise, la coll\u00e9giale perd sa fonction religieuse et conna\u00eet divers usages, avant d\u2019\u00eatre rendue au culte en 1802 apr\u00e8s le Concordat. Class\u00e9e monument historique d\u00e8s 1840, elle b\u00e9n\u00e9ficie depuis de plusieurs campagnes de restauration.<\/p>\n<p data-start=\"2224\" data-end=\"2488\">Aujourd\u2019hui, il ne subsiste qu\u2019une partie de l\u2019\u00e9difice d\u2019origine, notamment le ch\u0153ur, les transepts et la crypte. Cette derni\u00e8re constitue un \u00e9l\u00e9ment majeur du patrimoine architectural d\u2019Orl\u00e9ans et attire de nombreux visiteurs passionn\u00e9s d\u2019histoire et d\u2019art roman. Enfin, la coll\u00e9giale Saint-Aignan fut aussi un haut lieu de la musique religieuse. Elle abritait un ch\u0153ur professionnel et a vu passer de nombreux compositeurs et organistes, contribuant au rayonnement musical de la ville pendant plusieurs si\u00e8cles.<\/p>\n<h3>\u00c9glise Saint-Marceau d&rsquo;Orl\u00e9ans<\/h3>\n<figure id=\"attachment_5563\" aria-describedby=\"caption-attachment-5563\" style=\"width: 768px\" class=\"wp-caption aligncenter\"><img data-dominant-color=\"647a9a\" data-has-transparency=\"false\" style=\"--dominant-color: #647a9a;\" loading=\"lazy\" decoding=\"async\" class=\"size-large wp-image-5563 not-transparent\" src=\"https:\/\/www.parisenigmes.com\/blog\/wp-content\/uploads\/2026\/04\/Orleans_-_eglise_Saint-Marceau_04-768x1024.webp\" alt=\"\u00c9glise Saint-Marceau d'Orl\u00e9ans\" width=\"768\" height=\"1024\" srcset=\"https:\/\/www.parisenigmes.com\/blog\/wp-content\/uploads\/2026\/04\/Orleans_-_eglise_Saint-Marceau_04-768x1024.webp 768w, https:\/\/www.parisenigmes.com\/blog\/wp-content\/uploads\/2026\/04\/Orleans_-_eglise_Saint-Marceau_04-225x300.webp 225w, https:\/\/www.parisenigmes.com\/blog\/wp-content\/uploads\/2026\/04\/Orleans_-_eglise_Saint-Marceau_04.webp 960w\" sizes=\"auto, (max-width: 768px) 100vw, 768px\" \/><figcaption id=\"caption-attachment-5563\" class=\"wp-caption-text\">\u00c9glise Saint-Marceau d&rsquo;Orl\u00e9ans<\/figcaption><\/figure>\n<p data-start=\"93\" data-end=\"338\">L\u2019<span class=\"hover:entity-accent entity-underline inline cursor-pointer align-baseline\"><span class=\"whitespace-normal\">\u00c9glise Saint-Marceau d\u2019Orl\u00e9ans<\/span><\/span> est un \u00e9difice religieux. Bien que l\u2019\u00e9glise actuelle date de la fin du XIXe si\u00e8cle, sa pr\u00e9sence est attest\u00e9e d\u00e8s le IXe si\u00e8cle.<\/p>\n<p data-start=\"340\" data-end=\"692\">Au fil des si\u00e8cles, l\u2019\u00e9glise a connu de nombreux bouleversements. D\u00e9pendante du monast\u00e8re de Micy au Moyen \u00c2ge, elle est reconstruite une premi\u00e8re fois en 1082. Elle subit ensuite les ravages du <span class=\"hover:entity-accent entity-underline inline cursor-pointer align-baseline\"><span class=\"whitespace-normal\">Si\u00e8ge d&rsquo;Orl\u00e9ans (1428-1429)<\/span><\/span>, puis est \u00e0 nouveau d\u00e9truite pendant les guerres de Religion en 1567 avant d\u2019\u00eatre reconstruite \u00e0 la fin du XVIe si\u00e8cle.<\/p>\n<p data-start=\"694\" data-end=\"898\">Pendant la R\u00e9volution fran\u00e7aise, l\u2019\u00e9glise change compl\u00e8tement de fonction : elle devient un lieu politique, puis un \u00ab temple de l\u2019agriculture \u00bb en 1798, avant d\u2019\u00eatre rendue au culte en 1803 sous Napol\u00e9on.<\/p>\n<p data-start=\"900\" data-end=\"1194\">L\u2019\u00e9difice actuel est reconstruit entre 1888 et 1901, l\u00e9g\u00e8rement au nord de l\u2019ancienne \u00e9glise devenue trop fragile, notamment apr\u00e8s les grandes inondations du XIXe si\u00e8cle. Le clocher, achev\u00e9 en 1900, sera d\u00e9truit en 1944 lors des bombardements, puis reconstruit plus modestement apr\u00e8s la guerre. L\u2019\u00e9glise est particuli\u00e8rement connue pour avoir accueilli en 1909 l\u2019un des premiers autels d\u00e9di\u00e9s \u00e0 <span class=\"hover:entity-accent entity-underline inline cursor-pointer align-baseline\"><span class=\"whitespace-normal\">Jeanne d\u2019Arc<\/span><\/span>, figure embl\u00e9matique d\u2019Orl\u00e9ans.<\/p>\n<p data-start=\"1367\" data-end=\"1678\">Chaque ann\u00e9e, \u00e0 la fin du mois d\u2019ao\u00fbt, elle devient le c\u0153ur des c\u00e9l\u00e9brations de la Saint-Fiacre. Cette f\u00eate traditionnelle rend hommage au pass\u00e9 horticole du quartier : l\u2019\u00e9glise est alors d\u00e9cor\u00e9e de fruits et l\u00e9gumes selon un th\u00e8me renouvel\u00e9, dans une ambiance festive m\u00ealant march\u00e9, animations et convivialit\u00e9.<\/p>\n<p data-start=\"1680\" data-end=\"1974\">\u00c0 l\u2019int\u00e9rieur, les vitraux \u00e9voquent notamment l\u2019histoire de <span class=\"hover:entity-accent entity-underline inline cursor-pointer align-baseline\"><span class=\"whitespace-normal\">saint Marceau<\/span><\/span>, auquel l\u2019\u00e9glise est d\u00e9di\u00e9e. Selon la tradition, ce diacre du IIe si\u00e8cle aurait subi le martyre en 177. Son culte s\u2019est d\u00e9velopp\u00e9 au fil du temps, notamment gr\u00e2ce aux translations de ses reliques.<\/p>\n<h3>\u00c9glise Notre-Dame des Miracles<\/h3>\n<figure id=\"attachment_5562\" aria-describedby=\"caption-attachment-5562\" style=\"width: 683px\" class=\"wp-caption aligncenter\"><img data-dominant-color=\"8e5e2a\" data-has-transparency=\"false\" style=\"--dominant-color: #8e5e2a;\" loading=\"lazy\" decoding=\"async\" class=\"size-large wp-image-5562 not-transparent\" src=\"https:\/\/www.parisenigmes.com\/blog\/wp-content\/uploads\/2026\/04\/Orleans_-_Eglise_Notre-Dame-des-Miracles_-_10-683x1024.webp\" alt=\"\u00c9glise Notre-Dame des Miracles\" width=\"683\" height=\"1024\" srcset=\"https:\/\/www.parisenigmes.com\/blog\/wp-content\/uploads\/2026\/04\/Orleans_-_Eglise_Notre-Dame-des-Miracles_-_10-683x1024.webp 683w, https:\/\/www.parisenigmes.com\/blog\/wp-content\/uploads\/2026\/04\/Orleans_-_Eglise_Notre-Dame-des-Miracles_-_10-200x300.webp 200w, https:\/\/www.parisenigmes.com\/blog\/wp-content\/uploads\/2026\/04\/Orleans_-_Eglise_Notre-Dame-des-Miracles_-_10-768x1152.webp 768w, https:\/\/www.parisenigmes.com\/blog\/wp-content\/uploads\/2026\/04\/Orleans_-_Eglise_Notre-Dame-des-Miracles_-_10.webp 960w\" sizes=\"auto, (max-width: 683px) 100vw, 683px\" \/><figcaption id=\"caption-attachment-5562\" class=\"wp-caption-text\">\u00c9glise Notre-Dame des Miracles<\/figcaption><\/figure>\n<p data-start=\"101\" data-end=\"250\">L\u2019<span class=\"hover:entity-accent entity-underline inline cursor-pointer align-baseline\"><span class=\"whitespace-normal\">\u00c9glise Notre-Dame-des-Miracles d\u2019Orl\u00e9ans<\/span><\/span>, anciennement appel\u00e9e \u00e9glise Saint-Pol, est un lieu embl\u00e9matique de spiritualit\u00e9 situ\u00e9 en plein centre-ville.<\/p>\n<p data-start=\"252\" data-end=\"620\">Son histoire remonte au VIe si\u00e8cle, lorsque des commer\u00e7ants syriens install\u00e9s dans le quartier d\u2019Avenum y apportent une statue en bois de la Vierge noire. Cette statue devient rapidement un objet de d\u00e9votion, notamment apr\u00e8s qu\u2019un miracle lui est attribu\u00e9 lors d\u2019une attaque des Normands au IXe si\u00e8cle, repouss\u00e9s selon la tradition gr\u00e2ce \u00e0 l\u2019intercession de la Vierge.<\/p>\n<p data-start=\"622\" data-end=\"882\">Une premi\u00e8re \u00e9glise est construite au XIIe si\u00e8cle pour abriter cette statue. Au fil du temps, le lieu devient un important centre de p\u00e8lerinage. Pendant le Moyen \u00c2ge, les habitants viennent y prier pour la protection de la ville, notamment durant les conflits.<\/p>\n<p data-start=\"884\" data-end=\"1043\">En 1429, <span class=\"hover:entity-accent entity-underline inline cursor-pointer align-baseline\"><span class=\"whitespace-normal\">Jeanne d\u2019Arc<\/span><\/span> elle-m\u00eame vient s\u2019y recueillir lors du si\u00e8ge d\u2019Orl\u00e9ans, renfor\u00e7ant encore la dimension symbolique du sanctuaire.<\/p>\n<p data-start=\"1045\" data-end=\"1267\">L\u2019\u00e9glise subit de nombreuses destructions, notamment pendant les guerres de Religion, au cours desquelles la statue d\u2019origine est d\u00e9truite. Elle est alors remplac\u00e9e par une copie, peinte en noir en souvenir de la premi\u00e8re. \u00c0 la R\u00e9volution fran\u00e7aise, l\u2019\u00e9difice est pill\u00e9, mais la statue de la Vierge r\u00e9siste aux d\u00e9gradations, ce qui renforce la ferveur populaire autour de ce lieu.<\/p>\n<p data-start=\"1428\" data-end=\"1703\">En 1940, un bombardement provoque un incendie qui d\u00e9truit presque enti\u00e8rement l\u2019\u00e9glise. Seule la chapelle de la Vierge noire subsiste. L\u2019\u00e9difice est ensuite reconstruit dans la seconde moiti\u00e9 du XXe si\u00e8cle, avec une orientation diff\u00e9rente, adapt\u00e9e \u00e0 la partie rest\u00e9e intacte.<\/p>\n<h3>Maison de Jeanne d&rsquo;Arc<\/h3>\n<figure id=\"attachment_5561\" aria-describedby=\"caption-attachment-5561\" style=\"width: 768px\" class=\"wp-caption aligncenter\"><img data-dominant-color=\"949493\" data-has-transparency=\"false\" style=\"--dominant-color: #949493;\" loading=\"lazy\" decoding=\"async\" class=\"size-large wp-image-5561 not-transparent\" src=\"https:\/\/www.parisenigmes.com\/blog\/wp-content\/uploads\/2026\/04\/Maison_de_Jeanne_dArc_Orleans_01-768x1024.webp\" alt=\"Maison de Jeanne d'Arc\" width=\"768\" height=\"1024\" srcset=\"https:\/\/www.parisenigmes.com\/blog\/wp-content\/uploads\/2026\/04\/Maison_de_Jeanne_dArc_Orleans_01-768x1024.webp 768w, https:\/\/www.parisenigmes.com\/blog\/wp-content\/uploads\/2026\/04\/Maison_de_Jeanne_dArc_Orleans_01-225x300.webp 225w, https:\/\/www.parisenigmes.com\/blog\/wp-content\/uploads\/2026\/04\/Maison_de_Jeanne_dArc_Orleans_01.webp 960w\" sizes=\"auto, (max-width: 768px) 100vw, 768px\" \/><figcaption id=\"caption-attachment-5561\" class=\"wp-caption-text\">Maison de Jeanne d&rsquo;Arc<\/figcaption><\/figure>\n<p data-start=\"71\" data-end=\"218\">La <span class=\"hover:entity-accent entity-underline inline cursor-pointer align-baseline\"><span class=\"whitespace-normal\">Maison de Jeanne d\u2019Arc \u00e0 Orl\u00e9ans<\/span><\/span> est un lieu embl\u00e9matique du centre-ville, aujourd\u2019hui transform\u00e9 en mus\u00e9e d\u00e9di\u00e9 \u00e0 l\u2019histoire de l\u2019h\u00e9ro\u00efne. \u00c0 l\u2019origine, cette maison appartenait \u00e0 Jacques Boucher, tr\u00e9sorier du duc d\u2019Orl\u00e9ans. C\u2019est ici que <span class=\"hover:entity-accent entity-underline inline cursor-pointer align-baseline\"><span class=\"whitespace-normal\">Jeanne d\u2019Arc<\/span><\/span> s\u00e9journe en 1429, pendant quelques semaines d\u00e9cisives, alors qu\u2019elle participe \u00e0 la lib\u00e9ration de la ville lors du <span class=\"hover:entity-accent entity-underline inline cursor-pointer align-baseline\"><span class=\"whitespace-normal\">Si\u00e8ge d&rsquo;Orl\u00e9ans (1428-1429)<\/span><\/span>.<\/p>\n<p data-start=\"512\" data-end=\"793\">La maison m\u00e9di\u00e9vale d\u2019origine, construite en pans de bois et \u00e0 colombages, est malheureusement d\u00e9truite en 1940 lors des bombardements de la Seconde Guerre mondiale. Elle est ensuite reconstruite \u00e0 l\u2019identique en 1965, afin de pr\u00e9server la m\u00e9moire de cet \u00e9pisode historique majeur.<\/p>\n<p data-start=\"795\" data-end=\"1105\">En 1974, le b\u00e2timent devient un mus\u00e9e municipal consacr\u00e9 \u00e0 Jeanne d\u2019Arc et \u00e0 son \u00e9poque. Il abrite aujourd\u2019hui un important fonds documentaire compos\u00e9 de milliers de documents : manuscrits, livres, gravures, affiches et archives retra\u00e7ant la vie de la Pucelle d\u2019Orl\u00e9ans et le contexte de la guerre de Cent Ans.<\/p>\n<h3>\u00c9glise Saint-Pierre du Martroi<\/h3>\n<figure id=\"attachment_5560\" aria-describedby=\"caption-attachment-5560\" style=\"width: 680px\" class=\"wp-caption aligncenter\"><img data-dominant-color=\"707782\" data-has-transparency=\"false\" style=\"--dominant-color: #707782;\" loading=\"lazy\" decoding=\"async\" class=\"size-large wp-image-5560 not-transparent\" src=\"https:\/\/www.parisenigmes.com\/blog\/wp-content\/uploads\/2026\/04\/Orleans_eglise_Saint-Pierre-du-Martroi_2-680x1024.webp\" alt=\"\u00c9glise Saint-Pierre du Martroi\" width=\"680\" height=\"1024\" srcset=\"https:\/\/www.parisenigmes.com\/blog\/wp-content\/uploads\/2026\/04\/Orleans_eglise_Saint-Pierre-du-Martroi_2-680x1024.webp 680w, https:\/\/www.parisenigmes.com\/blog\/wp-content\/uploads\/2026\/04\/Orleans_eglise_Saint-Pierre-du-Martroi_2-199x300.webp 199w, https:\/\/www.parisenigmes.com\/blog\/wp-content\/uploads\/2026\/04\/Orleans_eglise_Saint-Pierre-du-Martroi_2-768x1156.webp 768w, https:\/\/www.parisenigmes.com\/blog\/wp-content\/uploads\/2026\/04\/Orleans_eglise_Saint-Pierre-du-Martroi_2.webp 960w\" sizes=\"auto, (max-width: 680px) 100vw, 680px\" \/><figcaption id=\"caption-attachment-5560\" class=\"wp-caption-text\">\u00c9glise Saint-Pierre du Martroi<\/figcaption><\/figure>\n<p data-start=\"59\" data-end=\"348\">L\u2019<span class=\"hover:entity-accent entity-underline inline cursor-pointer align-baseline\"><span class=\"whitespace-normal\">\u00c9glise Saint-Pierre du Martroi<\/span><\/span>, situ\u00e9e en plein c\u0153ur d\u2019<span class=\"hover:entity-accent entity-underline inline cursor-pointer align-baseline\"><span class=\"whitespace-normal\">Orl\u00e9ans<\/span><\/span>, implant\u00e9e \u00e0 proximit\u00e9 de la place du Martroi, elle appartient au dioc\u00e8se d\u2019Orl\u00e9ans et reste aujourd\u2019hui un lieu de culte actif.<\/p>\n<p data-start=\"350\" data-end=\"791\">L\u2019histoire de cette \u00e9glise remonte au Xe si\u00e8cle, \u00e9poque \u00e0 laquelle une premi\u00e8re construction, nomm\u00e9e Saint-Pierre-Ensentel\u00e9e, existait d\u00e9j\u00e0 sur ce site. D\u00e9truite durant la guerre de Cent Ans, elle est reconstruite au XVIe si\u00e8cle pour r\u00e9pondre aux besoins d\u2019une paroisse en plein d\u00e9veloppement. L\u2019\u00e9difice subit ensuite plusieurs transformations aux XVIIIe et XIXe si\u00e8cles, t\u00e9moignant des \u00e9volutions architecturales et des al\u00e9as de l\u2019histoire.<\/p>\n<p data-start=\"793\" data-end=\"1282\">Sur le plan architectural, l\u2019\u00e9glise pr\u00e9sente une structure classique compos\u00e9e d\u2019une nef centrale encadr\u00e9e de bas-c\u00f4t\u00e9s, reli\u00e9s par des arcades. Des chapelles lat\u00e9rales ont \u00e9t\u00e9 ajout\u00e9es apr\u00e8s la construction initiale. Les vo\u00fbtes actuelles, reconstruites au XVIIe si\u00e8cle apr\u00e8s les guerres de Religion, reposent sur une structure en bois et pl\u00e2tre, rempla\u00e7ant les anciennes vo\u00fbtes de pierre. \u00c0 l\u2019ext\u00e9rieur, l\u2019usage de la brique rouge conf\u00e8re \u00e0 l\u2019ensemble un aspect sobre mais caract\u00e9ristique.<\/p>\n<p data-start=\"1284\" data-end=\"1641\">La fa\u00e7ade principale, d\u2019inspiration Renaissance, est enrichie d\u2019\u00e9l\u00e9ments ajout\u00e9s au XVIIe si\u00e8cle, notamment des portes de style Louis XIV et un bas-relief repr\u00e9sentant saint Pierre d\u00e9livr\u00e9 par les anges. Class\u00e9e monument historique depuis 1942, l\u2019\u00e9glise Saint-Pierre du Martroi constitue un t\u00e9moignage pr\u00e9cieux de l\u2019histoire religieuse et urbaine d\u2019Orl\u00e9ans.<\/p>\n<h3>Campo Santo<\/h3>\n<figure id=\"attachment_5559\" aria-describedby=\"caption-attachment-5559\" style=\"width: 1024px\" class=\"wp-caption aligncenter\"><img data-dominant-color=\"687470\" data-has-transparency=\"false\" style=\"--dominant-color: #687470;\" loading=\"lazy\" decoding=\"async\" class=\"size-large wp-image-5559 not-transparent\" src=\"https:\/\/www.parisenigmes.com\/blog\/wp-content\/uploads\/2026\/04\/Le_Campo_Santo-1024x682.webp\" alt=\"Campo Santo\" width=\"1024\" height=\"682\" srcset=\"https:\/\/www.parisenigmes.com\/blog\/wp-content\/uploads\/2026\/04\/Le_Campo_Santo-1024x682.webp 1024w, https:\/\/www.parisenigmes.com\/blog\/wp-content\/uploads\/2026\/04\/Le_Campo_Santo-300x200.webp 300w, https:\/\/www.parisenigmes.com\/blog\/wp-content\/uploads\/2026\/04\/Le_Campo_Santo-768x512.webp 768w, https:\/\/www.parisenigmes.com\/blog\/wp-content\/uploads\/2026\/04\/Le_Campo_Santo.webp 1280w\" sizes=\"auto, (max-width: 1024px) 100vw, 1024px\" \/><figcaption id=\"caption-attachment-5559\" class=\"wp-caption-text\">Campo Santo<\/figcaption><\/figure>\n<p data-start=\"61\" data-end=\"347\">Le <span class=\"hover:entity-accent entity-underline inline cursor-pointer align-baseline\"><span class=\"whitespace-normal\">Campo Santo d&rsquo;Orl\u00e9ans<\/span><\/span> est aujourd\u2019hui transform\u00e9 en espace culturel, il se pr\u00e9sente comme un vaste clo\u00eetre entour\u00e9 d\u2019arcades, offrant un cadre unique au c\u0153ur de la ville.<\/p>\n<p data-start=\"349\" data-end=\"785\">Son histoire remonte au XIIe si\u00e8cle. Pendant plusieurs si\u00e8cles, le Campo Santo sert de cimeti\u00e8re principal, connu sous le nom de \u00ab Grand cimeti\u00e8re \u00bb ou \u00ab Martroi-aux-Corps \u00bb. Les galeries qui l\u2019entourent sont construites entre les XVe et XVIe si\u00e8cles afin de prot\u00e9ger les lieux, notamment des animaux. Toutefois, le site subit d\u2019importantes d\u00e9gradations lors des guerres de Religion, avec des destructions de chapelles et de structures.<\/p>\n<p data-start=\"787\" data-end=\"1148\">\u00c0 la fin du XVIIIe si\u00e8cle, les pr\u00e9occupations sanitaires entra\u00eenent le d\u00e9placement des cimeti\u00e8res hors des villes. Le Campo Santo est alors d\u00e9saffect\u00e9 en tant que lieu d\u2019inhumation, et les restes sont transf\u00e9r\u00e9s vers de nouveaux cimeti\u00e8res en p\u00e9riph\u00e9rie d\u2019Orl\u00e9ans. Le site conna\u00eet ensuite plusieurs usages, notamment comme halle aux grains jusqu\u2019au XIXe si\u00e8cle.<\/p>\n<p data-start=\"1150\" data-end=\"1476\">Au XXe si\u00e8cle, le lieu est profond\u00e9ment r\u00e9am\u00e9nag\u00e9. Apr\u00e8s la destruction de certaines constructions anciennes, le Campo Santo devient un espace ouvert d\u00e9di\u00e9 \u00e0 la culture et aux \u00e9v\u00e9nements. Aujourd\u2019hui, il accueille r\u00e9guli\u00e8rement des manifestations, comme des march\u00e9s, des festivals ou des \u00e9v\u00e9nements li\u00e9s aux f\u00eates johanniques.<\/p>\n<p data-start=\"1478\" data-end=\"1736\">Class\u00e9 monument historique, le Campo Santo conserve notamment ses arcades, prot\u00e9g\u00e9es depuis 1913, ainsi que sa porte monumentale du XVIe si\u00e8cle. Il incarne ainsi un lieu charg\u00e9 d\u2019histoire, pass\u00e9 d\u2019un espace fun\u00e9raire \u00e0 un v\u00e9ritable c\u0153ur culturel de la ville.<\/p>\n<h3>Salle des th\u00e8ses<\/h3>\n<figure id=\"attachment_5558\" aria-describedby=\"caption-attachment-5558\" style=\"width: 686px\" class=\"wp-caption aligncenter\"><img data-dominant-color=\"7c7265\" data-has-transparency=\"false\" style=\"--dominant-color: #7c7265;\" loading=\"lazy\" decoding=\"async\" class=\"size-large wp-image-5558 not-transparent\" src=\"https:\/\/www.parisenigmes.com\/blog\/wp-content\/uploads\/2026\/04\/Thesensaal-686x1024.webp\" alt=\"Salle des th\u00e8ses\" width=\"686\" height=\"1024\" srcset=\"https:\/\/www.parisenigmes.com\/blog\/wp-content\/uploads\/2026\/04\/Thesensaal-686x1024.webp 686w, https:\/\/www.parisenigmes.com\/blog\/wp-content\/uploads\/2026\/04\/Thesensaal-201x300.webp 201w, https:\/\/www.parisenigmes.com\/blog\/wp-content\/uploads\/2026\/04\/Thesensaal-768x1147.webp 768w, https:\/\/www.parisenigmes.com\/blog\/wp-content\/uploads\/2026\/04\/Thesensaal.webp 960w\" sizes=\"auto, (max-width: 686px) 100vw, 686px\" \/><figcaption id=\"caption-attachment-5558\" class=\"wp-caption-text\">Salle des th\u00e8ses<\/figcaption><\/figure>\n<p data-start=\"61\" data-end=\"352\">La <span class=\"hover:entity-accent entity-underline inline cursor-pointer align-baseline\"><span class=\"whitespace-normal\">Salle des th\u00e8ses d&rsquo;Orl\u00e9ans<\/span><\/span> est l\u2019un des rares vestiges de l\u2019ancienne universit\u00e9 d\u2019<span class=\"hover:entity-accent entity-underline inline cursor-pointer align-baseline\"><span class=\"whitespace-normal\">Orl\u00e9ans<\/span><\/span>, autrefois r\u00e9put\u00e9e dans toute la France pour son enseignement. Situ\u00e9e \u00e0 quelques pas de la pr\u00e9fecture, elle t\u00e9moigne du riche pass\u00e9 intellectuel de la ville.<\/p>\n<p data-start=\"354\" data-end=\"831\">Class\u00e9e monument historique, cette salle a longtemps servi \u00e0 la fois de biblioth\u00e8que et de lieu d\u2019examen pour les \u00e9tudiants. Elle a vu passer de grandes figures de l\u2019histoire et de la culture, parmi lesquelles <span class=\"hover:entity-accent entity-underline inline cursor-pointer align-baseline\"><span class=\"whitespace-normal\">Jean Calvin<\/span><\/span>, qui fonda \u00e0 proximit\u00e9 son premier temple protestant, mais aussi <span class=\"hover:entity-accent entity-underline inline cursor-pointer align-baseline\"><span class=\"whitespace-normal\">\u00c9rasme<\/span><\/span>, <span class=\"hover:entity-accent entity-underline inline cursor-pointer align-baseline\"><span class=\"whitespace-normal\">Fran\u00e7ois Rabelais<\/span><\/span>, <span class=\"hover:entity-accent entity-underline inline cursor-pointer align-baseline\"><span class=\"whitespace-normal\">Charles Perrault<\/span><\/span> ou encore <span class=\"hover:entity-accent entity-underline inline cursor-pointer align-baseline\"><span class=\"whitespace-normal\">Jean de La Bruy\u00e8re<\/span><\/span>.<\/p>\n<h3>Place du Ch\u00e2telet<\/h3>\n<figure id=\"attachment_5557\" aria-describedby=\"caption-attachment-5557\" style=\"width: 1024px\" class=\"wp-caption aligncenter\"><img data-dominant-color=\"7f7f7c\" data-has-transparency=\"false\" style=\"--dominant-color: #7f7f7c;\" loading=\"lazy\" decoding=\"async\" class=\"size-large wp-image-5557 not-transparent\" src=\"https:\/\/www.parisenigmes.com\/blog\/wp-content\/uploads\/2026\/04\/Orleans_place_du_Chatelet_1-1024x768.webp\" alt=\"Place du Ch\u00e2telet\" width=\"1024\" height=\"768\" srcset=\"https:\/\/www.parisenigmes.com\/blog\/wp-content\/uploads\/2026\/04\/Orleans_place_du_Chatelet_1-1024x768.webp 1024w, https:\/\/www.parisenigmes.com\/blog\/wp-content\/uploads\/2026\/04\/Orleans_place_du_Chatelet_1-300x225.webp 300w, https:\/\/www.parisenigmes.com\/blog\/wp-content\/uploads\/2026\/04\/Orleans_place_du_Chatelet_1-768x576.webp 768w, https:\/\/www.parisenigmes.com\/blog\/wp-content\/uploads\/2026\/04\/Orleans_place_du_Chatelet_1.webp 1280w\" sizes=\"auto, (max-width: 1024px) 100vw, 1024px\" \/><figcaption id=\"caption-attachment-5557\" class=\"wp-caption-text\">Place du Ch\u00e2telet<\/figcaption><\/figure>\n<p data-start=\"59\" data-end=\"354\">La <span class=\"hover:entity-accent entity-underline inline cursor-pointer align-baseline\"><span class=\"whitespace-normal\">Place du Ch\u00e2telet<\/span><\/span> est une place embl\u00e9matique du centre-ville d\u2019<span class=\"hover:entity-accent entity-underline inline cursor-pointer align-baseline\"><span class=\"whitespace-normal\">Orl\u00e9ans<\/span><\/span>, situ\u00e9e sur la rive droite de la Loire, \u00e0 proximit\u00e9 du pont George-V.\u00a0 Cr\u00e9\u00e9e \u00e0 la fin du XIXe si\u00e8cle, la place r\u00e9sulte d\u2019un vaste r\u00e9am\u00e9nagement urbain ayant n\u00e9cessit\u00e9 la d\u00e9molition d\u2019anciennes maisons et de ruelles m\u00e9di\u00e9vales. Cet espace d\u00e9gag\u00e9 permet alors l\u2019installation de halles m\u00e9talliques en 1882, destin\u00e9es au march\u00e9 de gros, t\u00e9moignant de l\u2019activit\u00e9 commerciale florissante de la ville \u00e0 cette \u00e9poque.<\/p>\n<p data-start=\"696\" data-end=\"990\">Au fil du temps, le site \u00e9volue : les anciennes halles sont remplac\u00e9es en 1977 par un centre commercial moderne, qui occupe aujourd\u2019hui une grande partie de la place. Malgr\u00e9 ces transformations, quelques b\u00e2timents anciens ont \u00e9t\u00e9 pr\u00e9serv\u00e9s, offrant un aper\u00e7u du pass\u00e9 architectural du quartier.<\/p>\n<p data-start=\"992\" data-end=\"1345\">Parmi eux, la maison dite de Jean Dalibert, construite au XVIe si\u00e8cle, conserve le plan d\u2019une demeure m\u00e9di\u00e9vale. D\u2019autres immeubles Renaissance subsistent \u00e9galement, dont certains sont inscrits \u00e0 l\u2019inventaire des monuments historiques. Ainsi, la place du Ch\u00e2telet illustre parfaitement le dialogue entre patrimoine ancien et modernit\u00e9 au c\u0153ur d\u2019Orl\u00e9ans.<\/p>\n<h2 id=\"section-2\" tabindex=\"-1\" data-start=\"590\" data-end=\"622\"><strong data-start=\"596\" data-end=\"622\">Mus\u00e9es incontournables d&rsquo;Or\u00e9lans<\/strong><\/h2>\n<div class=\"ATCbm\">\n<h3 class=\"XfVdV o AIbhI\">Mus\u00e9e des Beaux-Arts<\/h3>\n<figure id=\"attachment_5556\" aria-describedby=\"caption-attachment-5556\" style=\"width: 1024px\" class=\"wp-caption aligncenter\"><img data-dominant-color=\"66594a\" data-has-transparency=\"false\" style=\"--dominant-color: #66594a;\" loading=\"lazy\" decoding=\"async\" class=\"size-large wp-image-5556 not-transparent\" src=\"https:\/\/www.parisenigmes.com\/blog\/wp-content\/uploads\/2026\/04\/Salle_Richelieu_musee_des_Beaux-Arts_dOrleans_2024-1024x768.webp\" alt=\"Mus\u00e9e des Beaux-Arts\" width=\"1024\" height=\"768\" srcset=\"https:\/\/www.parisenigmes.com\/blog\/wp-content\/uploads\/2026\/04\/Salle_Richelieu_musee_des_Beaux-Arts_dOrleans_2024-1024x768.webp 1024w, https:\/\/www.parisenigmes.com\/blog\/wp-content\/uploads\/2026\/04\/Salle_Richelieu_musee_des_Beaux-Arts_dOrleans_2024-300x225.webp 300w, https:\/\/www.parisenigmes.com\/blog\/wp-content\/uploads\/2026\/04\/Salle_Richelieu_musee_des_Beaux-Arts_dOrleans_2024-768x576.webp 768w, https:\/\/www.parisenigmes.com\/blog\/wp-content\/uploads\/2026\/04\/Salle_Richelieu_musee_des_Beaux-Arts_dOrleans_2024.webp 1280w\" sizes=\"auto, (max-width: 1024px) 100vw, 1024px\" \/><figcaption id=\"caption-attachment-5556\" class=\"wp-caption-text\">Mus\u00e9e des Beaux-Arts<\/figcaption><\/figure>\n<p data-start=\"0\" data-end=\"199\">Le <a href=\"https:\/\/museesorleans.fr\/\">mus\u00e9e des Beaux-Arts d\u2019Orl\u00e9ans<\/a> est l\u2019un des plus anciens mus\u00e9es de province en France. Il a \u00e9t\u00e9 fond\u00e9 en 1797 et poss\u00e8de des collections tr\u00e8s riches couvrant une large p\u00e9riode, du XVe au XXe si\u00e8cle, comprenant 700 \u0153uvres expos\u00e9es. On y trouve des peintures, des sculptures, des dessins, des pastels et des estampes provenant des grandes \u00e9coles europ\u00e9ennes.<\/p>\n<p data-start=\"417\" data-end=\"669\">Le mus\u00e9e pr\u00e9sente des \u0153uvres d\u2019artistes majeurs comme Le Corr\u00e8ge, V\u00e9lasquez, Delacroix, Courbet, Gauguin ou encore Picasso. Sa collection de peinture est particuli\u00e8rement vari\u00e9e, avec des \u0153uvres italiennes, espagnoles, fran\u00e7aises et des \u00e9coles du Nord.<\/p>\n<p data-start=\"671\" data-end=\"867\">Il est \u00e9galement reconnu pour son important cabinet d\u2019arts graphiques, qui rassemble plus de 10 000 dessins et une des plus grandes collections de pastels de France apr\u00e8s celle du mus\u00e9e du Louvre.<\/p>\n<div>\n<div class=\"ATCbm\">\n<h3 class=\"XfVdV o AIbhI\">Mus\u00e9e M\u00e9morial des Enfants du Vel d&rsquo;Hiv<\/h3>\n<figure id=\"attachment_5555\" aria-describedby=\"caption-attachment-5555\" style=\"width: 1024px\" class=\"wp-caption aligncenter\"><img data-dominant-color=\"959292\" data-has-transparency=\"false\" style=\"--dominant-color: #959292;\" loading=\"lazy\" decoding=\"async\" class=\"size-large wp-image-5555 not-transparent\" src=\"https:\/\/www.parisenigmes.com\/blog\/wp-content\/uploads\/2026\/04\/1280px-Orleans_-_CERCIL_06-1024x768.webp\" alt=\"Mus\u00e9e M\u00e9morial des Enfants du Vel d'Hiv\" width=\"1024\" height=\"768\" srcset=\"https:\/\/www.parisenigmes.com\/blog\/wp-content\/uploads\/2026\/04\/1280px-Orleans_-_CERCIL_06-1024x768.webp 1024w, https:\/\/www.parisenigmes.com\/blog\/wp-content\/uploads\/2026\/04\/1280px-Orleans_-_CERCIL_06-300x225.webp 300w, https:\/\/www.parisenigmes.com\/blog\/wp-content\/uploads\/2026\/04\/1280px-Orleans_-_CERCIL_06-768x576.webp 768w, https:\/\/www.parisenigmes.com\/blog\/wp-content\/uploads\/2026\/04\/1280px-Orleans_-_CERCIL_06.webp 1280w\" sizes=\"auto, (max-width: 1024px) 100vw, 1024px\" \/><figcaption id=\"caption-attachment-5555\" class=\"wp-caption-text\">Mus\u00e9e M\u00e9morial des Enfants du Vel d&rsquo;Hiv<\/figcaption><\/figure>\n<div>\n<p data-start=\"0\" data-end=\"212\">Le <a href=\"https:\/\/www.musee-memorial-cercil.fr\/\"><strong data-start=\"3\" data-end=\"55\">CERCIL \u2013 Mus\u00e9e-M\u00e9morial des enfants du Vel d\u2019Hiv<\/strong><\/a> est un centre d\u2019histoire et de m\u00e9moire situ\u00e9 \u00e0 Orl\u00e9ans. Il est consacr\u00e9 \u00e0 la Seconde Guerre mondiale et \u00e0 l\u2019histoire des camps d\u2019internement dans le Loiret.<\/p>\n<p data-start=\"253\" data-end=\"503\">Ce mus\u00e9e retrace le sort des populations intern\u00e9es dans les camps de Beaune-la-Rolande, Pithiviers et Jargeau, situ\u00e9s dans le d\u00e9partement du Loiret. Il met particuli\u00e8rement en lumi\u00e8re l\u2019histoire des milliers d\u2019enfants juifs d\u00e9port\u00e9s pendant la Shoah.<\/p>\n<p data-start=\"505\" data-end=\"794\">Le mus\u00e9e propose une exposition permanente qui pr\u00e9sente des documents, des t\u00e9moignages et des objets li\u00e9s \u00e0 cette p\u00e9riode tragique de l\u2019histoire. Il s\u2019agit \u00e0 la fois d\u2019un lieu de m\u00e9moire et d\u2019un espace p\u00e9dagogique destin\u00e9 \u00e0 transmettre l\u2019histoire de la Shoah et des pers\u00e9cutions en France.<\/p>\n<h3 data-start=\"796\" data-end=\"949\">Mus\u00e9e d&rsquo;Histoire et d&rsquo;Arch\u00e9ologie d&rsquo;Orl\u00e9ans<\/h3>\n<figure id=\"attachment_5553\" aria-describedby=\"caption-attachment-5553\" style=\"width: 1024px\" class=\"wp-caption aligncenter\"><img data-dominant-color=\"9e9684\" data-has-transparency=\"false\" style=\"--dominant-color: #9e9684;\" loading=\"lazy\" decoding=\"async\" class=\"size-large wp-image-5553 not-transparent\" src=\"https:\/\/www.parisenigmes.com\/blog\/wp-content\/uploads\/2026\/04\/Musee_dHistoire_et_dArcheologie_dOrleans_1-1024x768.webp\" alt=\"Mus\u00e9e d'Histoire et d'Arch\u00e9ologie d'Orl\u00e9ans\" width=\"1024\" height=\"768\" srcset=\"https:\/\/www.parisenigmes.com\/blog\/wp-content\/uploads\/2026\/04\/Musee_dHistoire_et_dArcheologie_dOrleans_1-1024x768.webp 1024w, https:\/\/www.parisenigmes.com\/blog\/wp-content\/uploads\/2026\/04\/Musee_dHistoire_et_dArcheologie_dOrleans_1-300x225.webp 300w, https:\/\/www.parisenigmes.com\/blog\/wp-content\/uploads\/2026\/04\/Musee_dHistoire_et_dArcheologie_dOrleans_1-768x576.webp 768w, https:\/\/www.parisenigmes.com\/blog\/wp-content\/uploads\/2026\/04\/Musee_dHistoire_et_dArcheologie_dOrleans_1.webp 1280w\" sizes=\"auto, (max-width: 1024px) 100vw, 1024px\" \/><figcaption id=\"caption-attachment-5553\" class=\"wp-caption-text\">Mus\u00e9e d&rsquo;Histoire et d&rsquo;Arch\u00e9ologie d&rsquo;Orl\u00e9ans<\/figcaption><\/figure>\n<p data-start=\"0\" data-end=\"162\">Le <a href=\"https:\/\/museesorleans.fr\/\"><strong data-start=\"3\" data-end=\"55\">Mus\u00e9e historique et arch\u00e9ologique de l\u2019Orl\u00e9anais<\/strong><\/a>, fond\u00e9 en 1823, fait partie des plus anciens mus\u00e9es de la ville d\u2019Orl\u00e9ans. Il est aujourd\u2019hui situ\u00e9 dans l\u2019H\u00f4tel Cabu, un b\u00e2timent historique du centre-ville, et poss\u00e8de le label \u00ab Mus\u00e9e de France \u00bb.<\/p>\n<p data-start=\"406\" data-end=\"680\">Le mus\u00e9e pr\u00e9sente des collections tr\u00e8s vari\u00e9es qui permettent de retracer l\u2019histoire de la r\u00e9gion, de l\u2019Antiquit\u00e9 \u00e0 l\u2019\u00e9poque moderne. On y trouve notamment le c\u00e9l\u00e8bre tr\u00e9sor de Neuvy-en-Sullias, un ensemble exceptionnel de statues en bronze datant de l\u2019\u00e9poque gallo-romaine.<\/p>\n<p data-start=\"682\" data-end=\"897\">Les collections comprennent \u00e9galement des objets du Moyen \u00c2ge et de la Renaissance, comme des \u00e9l\u00e9ments architecturaux provenant de monuments religieux de la r\u00e9gion, ainsi que des pi\u00e8ces li\u00e9es \u00e0 l\u2019histoire d\u2019Orl\u00e9ans.<\/p>\n<p data-start=\"899\" data-end=\"1056\">Une partie importante des collections est consacr\u00e9e \u00e0 Jeanne d\u2019Arc et \u00e0 l\u2019histoire de la ville, ainsi qu\u2019\u00e0 la Loire et \u00e0 la vie locale \u00e0 travers les si\u00e8cles.<\/p>\n<p data-start=\"1058\" data-end=\"1243\">Le mus\u00e9e a \u00e9t\u00e9 marqu\u00e9 par l\u2019histoire, notamment par un incendie en 1940 qui a d\u00e9truit une partie de ses collections. Il a ensuite \u00e9t\u00e9 restaur\u00e9 et rouvert au public dans les ann\u00e9es 1960.<\/p>\n<\/div>\n<div>\n<div class=\"ATCbm\">\n<div>\n<div class=\"afQPz SyjMH qcDHf o KMJGg y Fl FECMt\">\n<div class=\"PUReL\">\n<div class=\"qPmPe t l\">\n<div class=\"Vonpt _T _Z baOlF\">\n<div class=\"bnvMY GhbeP\">\n<div class=\"bgrcm f v K xXDwN qDvJZ qTwSb\">\n<div class=\"f\">\n<div class=\"qijCB _Q\"><\/div>\n<\/div>\n<\/div>\n<\/div>\n<\/div>\n<\/div>\n<\/div>\n<\/div>\n<div class=\"hZuqH y\">\n<header class=\"VLKGO y\">\n<div class=\"NxKBB\">\n<div>\n<div class=\"alPVI eNNhq PgLKC tnGGX\">\n<div class=\"ATCbm\">\n<h3 class=\"XfVdV o AIbhI\">Frac (Fonds R\u00e9gional d&rsquo;Art Contemporain)<\/h3>\n<figure id=\"attachment_5552\" aria-describedby=\"caption-attachment-5552\" style=\"width: 612px\" class=\"wp-caption aligncenter\"><img data-dominant-color=\"8192ae\" data-has-transparency=\"false\" style=\"--dominant-color: #8192ae;\" loading=\"lazy\" decoding=\"async\" class=\"size-full wp-image-5552 not-transparent\" src=\"https:\/\/www.parisenigmes.com\/blog\/wp-content\/uploads\/2026\/04\/FRAC_Centre_by_Jakob__MacFarlane_-_2013.webp\" alt=\"Frac\" width=\"612\" height=\"612\" srcset=\"https:\/\/www.parisenigmes.com\/blog\/wp-content\/uploads\/2026\/04\/FRAC_Centre_by_Jakob__MacFarlane_-_2013.webp 612w, https:\/\/www.parisenigmes.com\/blog\/wp-content\/uploads\/2026\/04\/FRAC_Centre_by_Jakob__MacFarlane_-_2013-300x300.webp 300w, https:\/\/www.parisenigmes.com\/blog\/wp-content\/uploads\/2026\/04\/FRAC_Centre_by_Jakob__MacFarlane_-_2013-150x150.webp 150w\" sizes=\"auto, (max-width: 612px) 100vw, 612px\" \/><figcaption id=\"caption-attachment-5552\" class=\"wp-caption-text\">Frac<\/figcaption><\/figure>\n<p>Le <a href=\"https:\/\/www.frac-centre.fr\/\">FRAC<\/a> Centre-Val de Loire fait partie du r\u00e9seau des Fonds r\u00e9gionaux d\u2019art contemporain, cr\u00e9\u00e9 en France dans les ann\u00e9es 1980. Les FRAC ont pour mission de constituer et diffuser des collections d\u2019art contemporain sur l\u2019ensemble du territoire.<\/p>\n<p>Les \u0153uvres des FRAC ne sont pas conserv\u00e9es dans un seul lieu mais circulent \u00e0 travers des expositions r\u00e9gionales, nationales et internationales. Le FRAC Centre-Val de Loire participe \u00e0 la d\u00e9mocratisation de l\u2019art contemporain en rendant les \u0153uvres accessibles au plus grand nombre.<\/p>\n<div>\n<div class=\"ATCbm\">\n<h3 class=\"XfVdV o AIbhI\">Mus\u00e9um d&rsquo;Orl\u00e9ans pour la Biodiversit\u00e9 et l&rsquo;Environnement &#8211; Le MOBE<\/h3>\n<figure id=\"attachment_5551\" aria-describedby=\"caption-attachment-5551\" style=\"width: 1024px\" class=\"wp-caption aligncenter\"><img data-dominant-color=\"798284\" data-has-transparency=\"false\" style=\"--dominant-color: #798284;\" loading=\"lazy\" decoding=\"async\" class=\"size-large wp-image-5551 not-transparent\" src=\"https:\/\/www.parisenigmes.com\/blog\/wp-content\/uploads\/2026\/04\/Orleans_-_MOBE_01-1024x682.webp\" alt=\"Le MOBE\" width=\"1024\" height=\"682\" srcset=\"https:\/\/www.parisenigmes.com\/blog\/wp-content\/uploads\/2026\/04\/Orleans_-_MOBE_01-1024x682.webp 1024w, https:\/\/www.parisenigmes.com\/blog\/wp-content\/uploads\/2026\/04\/Orleans_-_MOBE_01-300x200.webp 300w, https:\/\/www.parisenigmes.com\/blog\/wp-content\/uploads\/2026\/04\/Orleans_-_MOBE_01-768x512.webp 768w, https:\/\/www.parisenigmes.com\/blog\/wp-content\/uploads\/2026\/04\/Orleans_-_MOBE_01.webp 1280w\" sizes=\"auto, (max-width: 1024px) 100vw, 1024px\" \/><figcaption id=\"caption-attachment-5551\" class=\"wp-caption-text\">Le MOBE<\/figcaption><\/figure>\n<\/div>\n<\/div>\n<\/div>\n<\/div>\n<\/div>\n<\/div>\n<\/header>\n<\/div>\n<\/div>\n<\/div>\n<\/div>\n<\/div>\n<\/div>\n<\/div>\n<div>\n<p data-start=\"116\" data-end=\"249\">Le <a href=\"https:\/\/www.orleans.fr\/que-faire-a-orleans\/musees\/museum-dorleans-pour-la-biodiversite-et-lenvironnement\">Mus\u00e9um d\u2019Orl\u00e9ans pour la biodiversit\u00e9 et l\u2019environnement<\/a> (MOBE) est un mus\u00e9e d\u2019histoire naturelle situ\u00e9 \u00e0 Orl\u00e9ans, dans le Loiret. Il est d\u00e9di\u00e9 \u00e0 la d\u00e9couverte de la biodiversit\u00e9, des sciences naturelles et des relations entre l\u2019homme et l\u2019environnement.<\/p>\n<p data-start=\"376\" data-end=\"483\">Le mus\u00e9um a \u00e9t\u00e9 inaugur\u00e9 en 1823 et fait partie des plus anciens \u00e9tablissements scientifiques de la r\u00e9gion. Il est class\u00e9 \u00ab Mus\u00e9e de France \u00bb, un label attribu\u00e9 par le minist\u00e8re de la Culture.<\/p>\n<p data-start=\"571\" data-end=\"661\">Le MOBE pr\u00e9sente des collections riches en zoologie, botanique, pal\u00e9ontologie et g\u00e9ologie. Ses collections regroupent plus de 435 000 sp\u00e9cimens issus de dons, de collectes et de recherches scientifiques.<\/p>\n<p data-start=\"777\" data-end=\"930\">Le mus\u00e9e propose une approche p\u00e9dagogique moderne, avec des expositions organis\u00e9es autour de th\u00e9matiques plut\u00f4t que de simples classements scientifiques. Il a \u00e9t\u00e9 enti\u00e8rement r\u00e9nov\u00e9 et a rouvert au public le 19 mai 2021 apr\u00e8s plusieurs ann\u00e9es de fermeture.<\/p>\n<\/div>\n<h2 id=\"section-3\" tabindex=\"-1\" data-start=\"1042\" data-end=\"1085\"><strong data-start=\"1048\" data-end=\"1085\">Parcs et espaces verts d&rsquo;<\/strong>Orl\u00e9ans<\/h2>\n<div class=\"ATCbm\">\n<h3 class=\"XfVdV o AIbhI\">Parc Floral de La Source<\/h3>\n<figure id=\"attachment_5550\" aria-describedby=\"caption-attachment-5550\" style=\"width: 1024px\" class=\"wp-caption aligncenter\"><img data-dominant-color=\"72725d\" data-has-transparency=\"false\" style=\"--dominant-color: #72725d;\" loading=\"lazy\" decoding=\"async\" class=\"size-large wp-image-5550 not-transparent\" src=\"https:\/\/www.parisenigmes.com\/blog\/wp-content\/uploads\/2026\/04\/Parc_floral_de_La_Source_Fontaine-1024x680.webp\" alt=\"Parc Floral de La Source\" width=\"1024\" height=\"680\" srcset=\"https:\/\/www.parisenigmes.com\/blog\/wp-content\/uploads\/2026\/04\/Parc_floral_de_La_Source_Fontaine-1024x680.webp 1024w, https:\/\/www.parisenigmes.com\/blog\/wp-content\/uploads\/2026\/04\/Parc_floral_de_La_Source_Fontaine-300x199.webp 300w, https:\/\/www.parisenigmes.com\/blog\/wp-content\/uploads\/2026\/04\/Parc_floral_de_La_Source_Fontaine-768x510.webp 768w, https:\/\/www.parisenigmes.com\/blog\/wp-content\/uploads\/2026\/04\/Parc_floral_de_La_Source_Fontaine.webp 1280w\" sizes=\"auto, (max-width: 1024px) 100vw, 1024px\" \/><figcaption id=\"caption-attachment-5550\" class=\"wp-caption-text\">Parc Floral de La Source<\/figcaption><\/figure>\n<div>Le Parc floral de la Source est un jardin public situ\u00e9 \u00e0 Orl\u00e9ans, dans le quartier de La Source, au sud de la Loire. Il a \u00e9t\u00e9 cr\u00e9\u00e9 en 1963 par l\u2019architecte et urbaniste Louis Arretche. Le parc s\u2019\u00e9tend sur environ 35 hectares et constitue un espace m\u00ealant nature, botanique et loisirs.<\/div>\n<div><\/div>\n<div>Il est travers\u00e9 par la source du Loiret, appel\u00e9e le Bouillon, qui constitue une r\u00e9surgence naturelle au c\u0153ur du site. Le Parc floral est class\u00e9 \u00ab Jardin remarquable \u00bb et attire chaque ann\u00e9e de nombreux visiteurs. Le site est organis\u00e9 entre le plateau de Sologne et la plaine du Val de Loire, offrant des paysages vari\u00e9s.<\/div>\n<div><\/div>\n<div>On y trouve de nombreux jardins th\u00e9matiques comme la roseraie, le jardin d\u2019iris ou encore la serre aux papillons. Le parc accueille \u00e9galement des espaces animaliers et des \u00e9quipements de loisirs pour le public.<\/div>\n<div><\/div>\n<div>\n<div class=\"ATCbm\">\n<h3 class=\"XfVdV o AIbhI\">Jardin des Plantes Orl\u00e9ans<\/h3>\n<figure id=\"attachment_5549\" aria-describedby=\"caption-attachment-5549\" style=\"width: 1024px\" class=\"wp-caption aligncenter\"><img data-dominant-color=\"5a6a46\" data-has-transparency=\"false\" style=\"--dominant-color: #5a6a46;\" loading=\"lazy\" decoding=\"async\" class=\"size-large wp-image-5549 not-transparent\" src=\"https:\/\/www.parisenigmes.com\/blog\/wp-content\/uploads\/2026\/04\/France_Orleans_Jardin_des_plantes_02-1024x681.webp\" alt=\"Jardin des Plantes Orl\u00e9ans\" width=\"1024\" height=\"681\" srcset=\"https:\/\/www.parisenigmes.com\/blog\/wp-content\/uploads\/2026\/04\/France_Orleans_Jardin_des_plantes_02-1024x681.webp 1024w, https:\/\/www.parisenigmes.com\/blog\/wp-content\/uploads\/2026\/04\/France_Orleans_Jardin_des_plantes_02-300x199.webp 300w, https:\/\/www.parisenigmes.com\/blog\/wp-content\/uploads\/2026\/04\/France_Orleans_Jardin_des_plantes_02-768x511.webp 768w, https:\/\/www.parisenigmes.com\/blog\/wp-content\/uploads\/2026\/04\/France_Orleans_Jardin_des_plantes_02.webp 1280w\" sizes=\"auto, (max-width: 1024px) 100vw, 1024px\" \/><figcaption id=\"caption-attachment-5549\" class=\"wp-caption-text\">Jardin des Plantes Orl\u00e9ans<\/figcaption><\/figure>\n<p>Le Jardin des plantes d\u2019Orl\u00e9ans est un jardin botanique situ\u00e9 dans le quartier Saint-Marceau, au sud de la Loire. Il a \u00e9t\u00e9 cr\u00e9\u00e9 en 1834 et fait partie des plus anciens jardins botaniques de France encore en activit\u00e9. Le jardin s\u2019\u00e9tend sur environ 3,5 hectares \u00e0 proximit\u00e9 du centre-ville d\u2019Orl\u00e9ans.<\/p>\n<p>Le site comprend un jardin \u00e0 la fran\u00e7aise, une orangerie et plusieurs serres tropicales. Le Jardin des plantes poss\u00e8de \u00e9galement un jardin de roses et des espaces d\u00e9di\u00e9s aux plantes climatiques. On y trouve des collections v\u00e9g\u00e9tales vari\u00e9es, notamment des arbres, des fleurs et des plantes exotiques.<\/p>\n<p>Le jardin a \u00e9t\u00e9 con\u00e7u en partie par l\u2019architecte Fran\u00e7ois-Narcisse Pagot, qui a \u00e9galement r\u00e9alis\u00e9 l\u2019orangerie.<\/p>\n<div>\n<div class=\"ATCbm\">\n<h3 class=\"XfVdV o AIbhI\">Parc Louis Pasteur<\/h3>\n<figure id=\"attachment_5548\" aria-describedby=\"caption-attachment-5548\" style=\"width: 1024px\" class=\"wp-caption aligncenter\"><img data-dominant-color=\"63695e\" data-has-transparency=\"false\" style=\"--dominant-color: #63695e;\" loading=\"lazy\" decoding=\"async\" class=\"size-large wp-image-5548 not-transparent\" src=\"https:\/\/www.parisenigmes.com\/blog\/wp-content\/uploads\/2026\/04\/Orleans_Parc_Pasteur_2-1024x768.webp\" alt=\"Parc Louis Pasteur\" width=\"1024\" height=\"768\" srcset=\"https:\/\/www.parisenigmes.com\/blog\/wp-content\/uploads\/2026\/04\/Orleans_Parc_Pasteur_2-1024x768.webp 1024w, https:\/\/www.parisenigmes.com\/blog\/wp-content\/uploads\/2026\/04\/Orleans_Parc_Pasteur_2-300x225.webp 300w, https:\/\/www.parisenigmes.com\/blog\/wp-content\/uploads\/2026\/04\/Orleans_Parc_Pasteur_2-768x576.webp 768w, https:\/\/www.parisenigmes.com\/blog\/wp-content\/uploads\/2026\/04\/Orleans_Parc_Pasteur_2.webp 1280w\" sizes=\"auto, (max-width: 1024px) 100vw, 1024px\" \/><figcaption id=\"caption-attachment-5548\" class=\"wp-caption-text\">Parc Louis Pasteur<\/figcaption><\/figure>\n<p>Le Parc Louis-Pasteur est un jardin public situ\u00e9 au centre-ville d\u2019Orl\u00e9ans, au nord de la Loire. Il a \u00e9t\u00e9 cr\u00e9\u00e9 en 1927 et s\u2019\u00e9tend sur environ 4 hectares. Le parc porte le nom du scientifique Louis Pasteur en hommage \u00e0 ses travaux.<\/p>\n<p>Il est situ\u00e9 dans le quartier Saint-Vincent, \u00e0 proximit\u00e9 de plusieurs \u00e9tablissements scolaires. Le site \u00e9tait autrefois un cimeti\u00e8re avant d\u2019\u00eatre transform\u00e9 en espace vert public. Le Parc Pasteur a \u00e9t\u00e9 con\u00e7u par l\u2019architecte paysagiste \u00c9douard Gitton.<\/p>\n<p>Il comprend des jardins \u00e0 la fran\u00e7aise, de grandes pelouses et de nombreux arbres remarquables. On y trouve \u00e9galement des sculptures, des monuments et un m\u00e9morial d\u00e9di\u00e9 \u00e0 Jean Zay. Le parc poss\u00e8de des \u00e9quipements de loisirs comme un man\u00e8ge, un terrain de tennis et un petit train.<\/p>\n<div>\n<div class=\"ATCbm\">\n<h3 class=\"XfVdV o AIbhI\">Base de Loisirs de l&rsquo;\u00cele Charlemagne<\/h3>\n<figure id=\"attachment_5547\" aria-describedby=\"caption-attachment-5547\" style=\"width: 1024px\" class=\"wp-caption aligncenter\"><img data-dominant-color=\"8e9893\" data-has-transparency=\"false\" style=\"--dominant-color: #8e9893;\" loading=\"lazy\" decoding=\"async\" class=\"size-large wp-image-5547 not-transparent\" src=\"https:\/\/www.parisenigmes.com\/blog\/wp-content\/uploads\/2026\/04\/Ile_Charlemagne-Plage-Zones-1024x768.webp\" alt=\"La base de loisirs de l\u2019\u00cele Charlemagne\" width=\"1024\" height=\"768\" srcset=\"https:\/\/www.parisenigmes.com\/blog\/wp-content\/uploads\/2026\/04\/Ile_Charlemagne-Plage-Zones-1024x768.webp 1024w, https:\/\/www.parisenigmes.com\/blog\/wp-content\/uploads\/2026\/04\/Ile_Charlemagne-Plage-Zones-300x225.webp 300w, https:\/\/www.parisenigmes.com\/blog\/wp-content\/uploads\/2026\/04\/Ile_Charlemagne-Plage-Zones-768x576.webp 768w, https:\/\/www.parisenigmes.com\/blog\/wp-content\/uploads\/2026\/04\/Ile_Charlemagne-Plage-Zones.webp 1280w\" sizes=\"auto, (max-width: 1024px) 100vw, 1024px\" \/><figcaption id=\"caption-attachment-5547\" class=\"wp-caption-text\">La base de loisirs de l\u2019\u00cele Charlemagne<\/figcaption><\/figure>\n<p data-start=\"0\" data-end=\"304\">La base de loisirs de l\u2019\u00cele Charlemagne \u2013 Parc de Loire est un vaste espace de plein air situ\u00e9 \u00e0 Saint-Jean-le-Blanc, pr\u00e8s d\u2019Orl\u00e9ans, sur les bords de la Loire. Elle s\u2019\u00e9tend sur environ 70 hectares et a \u00e9t\u00e9 am\u00e9nag\u00e9e en 1987 afin de proposer un lieu de d\u00e9tente et d\u2019activit\u00e9s sportives en pleine nature.<\/p>\n<p data-start=\"306\" data-end=\"648\">Ce site est principalement consacr\u00e9 aux loisirs de plein air et aux activit\u00e9s nautiques. On y trouve notamment deux plages surveill\u00e9es en \u00e9t\u00e9, o\u00f9 la baignade est autoris\u00e9e de mai \u00e0 septembre. Il est \u00e9galement possible d\u2019y pratiquer de nombreuses activit\u00e9s comme la voile, le cano\u00eb-kayak, la planche \u00e0 voile, le catamaran ou encore la p\u00eache.<\/p>\n<p data-start=\"650\" data-end=\"924\">La base de loisirs propose aussi de nombreuses activit\u00e9s sportives et de d\u00e9tente telles que le VTT, le jogging, le beach-volley, le football, la p\u00e9tanque ou encore des aires de jeux pour enfants. Un parc aventure avec accrobranche et paintball compl\u00e8te l\u2019offre de loisirs.<\/p>\n<p data-start=\"926\" data-end=\"1162\">Le site est travers\u00e9 par l\u2019itin\u00e9raire cyclable de la Loire \u00e0 V\u00e9lo, ce qui en fait un lieu appr\u00e9ci\u00e9 des cyclistes. L\u2019acc\u00e8s est libre et gratuit, et des espaces de pique-nique ainsi que des buvettes sont disponibles en p\u00e9riode estivale.<\/p>\n<\/div>\n<\/div>\n<\/div>\n<\/div>\n<\/div>\n<\/div>\n<\/div>\n<div><\/div>\n<h2>Sp\u00e9cialit\u00e9s culinaires Or\u00e9lans<\/h2>\n<div>\n<h3>Andouille de Jargeau<\/h3>\n<figure id=\"attachment_5546\" aria-describedby=\"caption-attachment-5546\" style=\"width: 1024px\" class=\"wp-caption aligncenter\"><img data-dominant-color=\"877a5c\" data-has-transparency=\"false\" style=\"--dominant-color: #877a5c;\" loading=\"lazy\" decoding=\"async\" class=\"size-large wp-image-5546 not-transparent\" src=\"https:\/\/www.parisenigmes.com\/blog\/wp-content\/uploads\/2026\/04\/Andouillette_de_Jargeau_02-1024x768.webp\" alt=\"Andouille de Jargeau\" width=\"1024\" height=\"768\" srcset=\"https:\/\/www.parisenigmes.com\/blog\/wp-content\/uploads\/2026\/04\/Andouillette_de_Jargeau_02-1024x768.webp 1024w, https:\/\/www.parisenigmes.com\/blog\/wp-content\/uploads\/2026\/04\/Andouillette_de_Jargeau_02-300x225.webp 300w, https:\/\/www.parisenigmes.com\/blog\/wp-content\/uploads\/2026\/04\/Andouillette_de_Jargeau_02-768x576.webp 768w, https:\/\/www.parisenigmes.com\/blog\/wp-content\/uploads\/2026\/04\/Andouillette_de_Jargeau_02.webp 1280w\" sizes=\"auto, (max-width: 1024px) 100vw, 1024px\" \/><figcaption id=\"caption-attachment-5546\" class=\"wp-caption-text\">Andouille de Jargeau<\/figcaption><\/figure>\n<section class=\"text-token-text-primary w-full focus:outline-none [--shadow-height:45px] has-data-writing-block:pointer-events-none has-data-writing-block:-mt-(--shadow-height) has-data-writing-block:pt-(--shadow-height) [&amp;:has([data-writing-block])&gt;*]:pointer-events-auto [content-visibility:auto] supports-[content-visibility:auto]:[contain-intrinsic-size:auto_100lvh] R6Vx5W_threadScrollVars scroll-mb-[calc(var(--scroll-root-safe-area-inset-bottom,0px)+var(--thread-response-height))] scroll-mt-[calc(var(--header-height)+min(200px,max(70px,20svh)))]\" dir=\"auto\" data-turn-id=\"request-WEB:edf5ed59-3c1c-4fa6-8168-f54b903972fb-39\" data-testid=\"conversation-turn-70\" data-scroll-anchor=\"false\" data-turn=\"assistant\">\n<div class=\"text-base my-auto mx-auto pb-10 [--thread-content-margin:var(--thread-content-margin-xs,calc(var(--spacing)*4))] @w-sm\/main:[--thread-content-margin:var(--thread-content-margin-sm,calc(var(--spacing)*6))] @w-lg\/main:[--thread-content-margin:var(--thread-content-margin-lg,calc(var(--spacing)*16))] px-(--thread-content-margin)\">\n<div class=\"[--thread-content-max-width:40rem] @w-lg\/main:[--thread-content-max-width:48rem] mx-auto max-w-(--thread-content-max-width) flex-1 group\/turn-messages focus-visible:outline-hidden relative flex w-full min-w-0 flex-col agent-turn\">\n<div class=\"flex max-w-full flex-col gap-4 grow\">\n<div class=\"min-h-8 text-message relative flex w-full flex-col items-end gap-2 text-start break-words whitespace-normal outline-none keyboard-focused:focus-ring [.text-message+&amp;]:mt-1\" dir=\"auto\" tabindex=\"0\" data-message-author-role=\"assistant\" data-message-id=\"8a890839-b601-4afd-9b86-099a97573219\" data-message-model-slug=\"gpt-5-3-mini\" data-turn-start-message=\"true\">\n<div class=\"flex w-full flex-col gap-1 empty:hidden\">\n<div class=\"markdown prose dark:prose-invert w-full wrap-break-word light markdown-new-styling\">\n<p data-start=\"0\" data-end=\"275\">L\u2019andouille de Jargeau est principalement compos\u00e9e de viande de porc, avec une faible proportion d\u2019abats, ce qui la distingue de l\u2019andouillette.<\/p>\n<p data-start=\"277\" data-end=\"479\">Cette charcuterie, consomm\u00e9e g\u00e9n\u00e9ralement chaude, est souvent accompagn\u00e9e de pommes de terre, de l\u00e9gumes ou de lentilles. Elle est reconnue comme une sp\u00e9cialit\u00e9 r\u00e9gionale depuis la fin du XIXe si\u00e8cle.<\/p>\n<\/div>\n<\/div>\n<\/div>\n<\/div>\n<\/div>\n<\/div>\n<\/section>\n<h3>Moutarde d\u2019Orl\u00e9ans<\/h3>\n<figure id=\"attachment_5545\" aria-describedby=\"caption-attachment-5545\" style=\"width: 720px\" class=\"wp-caption aligncenter\"><img data-dominant-color=\"97836f\" data-has-transparency=\"false\" style=\"--dominant-color: #97836f;\" loading=\"lazy\" decoding=\"async\" class=\"size-full wp-image-5545 not-transparent\" src=\"https:\/\/www.parisenigmes.com\/blog\/wp-content\/uploads\/2026\/04\/Martin-Pouret_Orleans._Moutarde_dOrleans.webp\" alt=\"Moutarde d\u2019Orl\u00e9ans\" width=\"720\" height=\"540\" srcset=\"https:\/\/www.parisenigmes.com\/blog\/wp-content\/uploads\/2026\/04\/Martin-Pouret_Orleans._Moutarde_dOrleans.webp 720w, https:\/\/www.parisenigmes.com\/blog\/wp-content\/uploads\/2026\/04\/Martin-Pouret_Orleans._Moutarde_dOrleans-300x225.webp 300w\" sizes=\"auto, (max-width: 720px) 100vw, 720px\" \/><figcaption id=\"caption-attachment-5545\" class=\"wp-caption-text\">Moutarde d\u2019Orl\u00e9ans<\/figcaption><\/figure>\n<p data-start=\"0\" data-end=\"269\">La moutarde d\u2019Orl\u00e9ans\u00a0 est \u00e9labor\u00e9e \u00e0 partir de graines de moutarde broy\u00e9es \u00e0 la meule de pierre, m\u00e9lang\u00e9es avec du vinaigre d\u2019Orl\u00e9ans, du sel de Gu\u00e9rande et parfois des aromates. Sa fabrication remonte au XVIe si\u00e8cle, lorsque les vinaigriers-moutardiers d\u2019Orl\u00e9ans obtiennent une reconnaissance officielle de leur savoir-faire en 1580 afin de garantir la qualit\u00e9 et l\u2019authenticit\u00e9 de leurs produits. Cette tradition a permis de d\u00e9velopper une moutarde au go\u00fbt fin, \u00e0 la fois douce et relev\u00e9e.<\/p>\n<h3>Cotignac d\u2019Orl\u00e9ans<\/h3>\n<figure id=\"attachment_5544\" aria-describedby=\"caption-attachment-5544\" style=\"width: 1024px\" class=\"wp-caption aligncenter\"><img data-dominant-color=\"806f68\" data-has-transparency=\"false\" style=\"--dominant-color: #806f68;\" loading=\"lazy\" decoding=\"async\" class=\"size-large wp-image-5544 not-transparent\" src=\"https:\/\/www.parisenigmes.com\/blog\/wp-content\/uploads\/2026\/04\/Cotignac_dOrleans._B._Gouchault._Saint-Ay-1024x682.webp\" alt=\"Cotignac d\u2019Orl\u00e9ans\" width=\"1024\" height=\"682\" srcset=\"https:\/\/www.parisenigmes.com\/blog\/wp-content\/uploads\/2026\/04\/Cotignac_dOrleans._B._Gouchault._Saint-Ay-1024x682.webp 1024w, https:\/\/www.parisenigmes.com\/blog\/wp-content\/uploads\/2026\/04\/Cotignac_dOrleans._B._Gouchault._Saint-Ay-300x200.webp 300w, https:\/\/www.parisenigmes.com\/blog\/wp-content\/uploads\/2026\/04\/Cotignac_dOrleans._B._Gouchault._Saint-Ay-768x512.webp 768w, https:\/\/www.parisenigmes.com\/blog\/wp-content\/uploads\/2026\/04\/Cotignac_dOrleans._B._Gouchault._Saint-Ay.webp 1280w\" sizes=\"auto, (max-width: 1024px) 100vw, 1024px\" \/><figcaption id=\"caption-attachment-5544\" class=\"wp-caption-text\">Cotignac d\u2019Orl\u00e9ans<\/figcaption><\/figure>\n<p data-start=\"0\" data-end=\"261\">Le cotignac d\u2019Orl\u00e9ans est une gel\u00e9e \u00e9paisse \u00e0 base de coings et de sucre, consid\u00e9r\u00e9e comme une confiserie typique de la r\u00e9gion depuis le Moyen \u00c2ge.<\/p>\n<p data-start=\"263\" data-end=\"498\">Ce produit est g\u00e9n\u00e9ralement pr\u00e9sent\u00e9 dans de petites bo\u00eetes en bois, en porcelaine ou en verre. Il se d\u00e9guste en cassant un morceau de la bo\u00eete ou directement \u00e0 la cuill\u00e8re, ce qui en fait une gourmandise originale et traditionnelle.<\/p>\n<h3><strong>Macarons aux fruits d\u2019Orl\u00e9ans<\/strong><\/h3>\n<figure id=\"attachment_5543\" aria-describedby=\"caption-attachment-5543\" style=\"width: 1024px\" class=\"wp-caption aligncenter\"><img data-dominant-color=\"7d6877\" data-has-transparency=\"false\" style=\"--dominant-color: #7d6877;\" loading=\"lazy\" decoding=\"async\" class=\"size-large wp-image-5543 not-transparent\" src=\"https:\/\/www.parisenigmes.com\/blog\/wp-content\/uploads\/2026\/04\/1280px-Macarons_Raspberry-1024x674.webp\" alt=\"Macarons aux fruits d\u2019Orl\u00e9ans\" width=\"1024\" height=\"674\" srcset=\"https:\/\/www.parisenigmes.com\/blog\/wp-content\/uploads\/2026\/04\/1280px-Macarons_Raspberry-1024x674.webp 1024w, https:\/\/www.parisenigmes.com\/blog\/wp-content\/uploads\/2026\/04\/1280px-Macarons_Raspberry-300x197.webp 300w, https:\/\/www.parisenigmes.com\/blog\/wp-content\/uploads\/2026\/04\/1280px-Macarons_Raspberry-768x505.webp 768w, https:\/\/www.parisenigmes.com\/blog\/wp-content\/uploads\/2026\/04\/1280px-Macarons_Raspberry.webp 1280w\" sizes=\"auto, (max-width: 1024px) 100vw, 1024px\" \/><figcaption id=\"caption-attachment-5543\" class=\"wp-caption-text\">Macarons aux fruits d\u2019Orl\u00e9ans<\/figcaption><\/figure>\n<\/div>\n<p data-start=\"0\" data-end=\"252\">Les macarons aux fruits d\u2019Orl\u00e9ans sont une sp\u00e9cialit\u00e9 p\u00e2tissi\u00e8re cr\u00e9\u00e9e en 2006 par des artisans orl\u00e9anais afin de valoriser la gastronomie locale. Ces macarons se d\u00e9clinent en plusieurs parfums comme la fraise d\u00e9glac\u00e9e au vinaigre d\u2019Orl\u00e9ans, la poire et gingembre, la noisette, ou encore un m\u00e9lange de p\u00e9tales de rose, citron vert et cannelle. Ils sont r\u00e9put\u00e9s pour leur finesse et leur cr\u00e9ativit\u00e9.<\/p>\n<h2>Excursion depuis Or\u00e9lans<\/h2>\n<h3>Les ch\u00e2teaux de la loire Chambord, Chenonceau<\/h3>\n<figure id=\"attachment_5542\" aria-describedby=\"caption-attachment-5542\" style=\"width: 1024px\" class=\"wp-caption aligncenter\"><img data-dominant-color=\"6b7b8a\" data-has-transparency=\"false\" style=\"--dominant-color: #6b7b8a;\" loading=\"lazy\" decoding=\"async\" class=\"size-large wp-image-5542 not-transparent\" src=\"https:\/\/www.parisenigmes.com\/blog\/wp-content\/uploads\/2026\/04\/France_Loir-et-Cher_Chambord_Chateau_03-1024x765.webp\" alt=\"Ch\u00e2teau de Chambord\" width=\"1024\" height=\"765\" srcset=\"https:\/\/www.parisenigmes.com\/blog\/wp-content\/uploads\/2026\/04\/France_Loir-et-Cher_Chambord_Chateau_03-1024x765.webp 1024w, https:\/\/www.parisenigmes.com\/blog\/wp-content\/uploads\/2026\/04\/France_Loir-et-Cher_Chambord_Chateau_03-300x224.webp 300w, https:\/\/www.parisenigmes.com\/blog\/wp-content\/uploads\/2026\/04\/France_Loir-et-Cher_Chambord_Chateau_03-768x574.webp 768w, https:\/\/www.parisenigmes.com\/blog\/wp-content\/uploads\/2026\/04\/France_Loir-et-Cher_Chambord_Chateau_03.webp 1280w\" sizes=\"auto, (max-width: 1024px) 100vw, 1024px\" \/><figcaption id=\"caption-attachment-5542\" class=\"wp-caption-text\">Ch\u00e2teau de Chambord<\/figcaption><\/figure>\n<p data-start=\"293\" data-end=\"581\">Depuis Orl\u00e9ans, il est possible de partir facilement en excursion pour d\u00e9couvrir les plus c\u00e9l\u00e8bres ch\u00e2teaux de la Loire. Parmi les incontournables figurent le ch\u00e2teau de Chambord et le ch\u00e2teau de Chenonceau, deux joyaux du patrimoine fran\u00e7ais situ\u00e9s \u00e0 une distance raisonnable en voiture.<\/p>\n<p data-start=\"410\" data-end=\"783\">Le ch\u00e2teau de Chambord est le plus vaste des ch\u00e2teaux de la Loire. Construit au XVIe si\u00e8cle \u00e0 la demande de Fran\u00e7ois Ier, il est c\u00e9l\u00e8bre pour son architecture spectaculaire, ses nombreuses tours et son escalier \u00e0 double r\u00e9volution attribu\u00e9 \u00e0 L\u00e9onard de Vinci. Entour\u00e9 d\u2019un immense parc forestier, il offre une visite impressionnante m\u00ealant histoire, nature et architecture.<\/p>\n<p data-start=\"785\" data-end=\"1125\">Le ch\u00e2teau de Chenonceau, surnomm\u00e9 le \u00ab ch\u00e2teau des Dames \u00bb, est l\u2019un des plus \u00e9l\u00e9gants de la r\u00e9gion. Construit sur le Cher, il est remarquable par sa galerie qui enjambe la rivi\u00e8re. Son histoire est li\u00e9e \u00e0 plusieurs grandes figures f\u00e9minines comme Diane de Poitiers et Catherine de M\u00e9dicis, qui ont marqu\u00e9 son am\u00e9nagement et sa d\u00e9coration.<\/p>\n<h3>Blois<\/h3>\n<figure id=\"attachment_5323\" aria-describedby=\"caption-attachment-5323\" style=\"width: 1024px\" class=\"wp-caption aligncenter\"><img data-dominant-color=\"5f797e\" data-has-transparency=\"false\" style=\"--dominant-color: #5f797e;\" loading=\"lazy\" decoding=\"async\" class=\"size-large wp-image-5323 not-transparent\" src=\"https:\/\/www.parisenigmes.com\/blog\/wp-content\/uploads\/2026\/04\/Blois_vu_de_la_rive_gauche_rive_sud_de_la_Loire-1024x768.webp\" alt=\"Blois\" width=\"1024\" height=\"768\" srcset=\"https:\/\/www.parisenigmes.com\/blog\/wp-content\/uploads\/2026\/04\/Blois_vu_de_la_rive_gauche_rive_sud_de_la_Loire-1024x768.webp 1024w, https:\/\/www.parisenigmes.com\/blog\/wp-content\/uploads\/2026\/04\/Blois_vu_de_la_rive_gauche_rive_sud_de_la_Loire-300x225.webp 300w, https:\/\/www.parisenigmes.com\/blog\/wp-content\/uploads\/2026\/04\/Blois_vu_de_la_rive_gauche_rive_sud_de_la_Loire-768x576.webp 768w, https:\/\/www.parisenigmes.com\/blog\/wp-content\/uploads\/2026\/04\/Blois_vu_de_la_rive_gauche_rive_sud_de_la_Loire.webp 1280w\" sizes=\"auto, (max-width: 1024px) 100vw, 1024px\" \/><figcaption id=\"caption-attachment-5323\" class=\"wp-caption-text\">Blois<\/figcaption><\/figure>\n<p data-start=\"38\" data-end=\"297\"><span class=\"hover:entity-accent entity-underline inline cursor-pointer align-baseline\"><span class=\"whitespace-normal\">Blois<\/span><\/span> est situ\u00e9e \u00e0 environ 1h de route d&rsquo;Or\u00e9lans, la ville s\u00e9duit par son patrimoine historique dense et son ambiance typiquement lig\u00e9rienne.<\/p>\n<p data-start=\"299\" data-end=\"626\">Le site le plus embl\u00e9matique est le ch\u00e2teau royal de Blois, r\u00e9sidence favorite de plusieurs rois de France \u00e0 la Renaissance. Ce monument unique se distingue par ses quatre ailes de styles architecturaux diff\u00e9rents (m\u00e9di\u00e9val, gothique, Renaissance et classique), qui racontent \u00e0 eux seuls plusieurs si\u00e8cles d\u2019histoire de France.<\/p>\n<p data-start=\"628\" data-end=\"887\">En se promenant dans le centre ancien, on d\u00e9couvre des ruelles pav\u00e9es, des maisons \u00e0 colombages et des escaliers pittoresques qui descendent vers la Loire. La ville offre \u00e9galement de beaux points de vue sur le fleuve et des quais agr\u00e9ables pour la promenade.<\/p>\n<h3>Ambroise<\/h3>\n<figure id=\"attachment_5541\" aria-describedby=\"caption-attachment-5541\" style=\"width: 1024px\" class=\"wp-caption aligncenter\"><img data-dominant-color=\"7e826e\" data-has-transparency=\"false\" style=\"--dominant-color: #7e826e;\" loading=\"lazy\" decoding=\"async\" class=\"size-large wp-image-5541 not-transparent\" src=\"https:\/\/www.parisenigmes.com\/blog\/wp-content\/uploads\/2026\/04\/Ville_dAmboise_2-1024x680.webp\" alt=\"Vue a\u00e9rienne d'Ambroise\" width=\"1024\" height=\"680\" srcset=\"https:\/\/www.parisenigmes.com\/blog\/wp-content\/uploads\/2026\/04\/Ville_dAmboise_2-1024x680.webp 1024w, https:\/\/www.parisenigmes.com\/blog\/wp-content\/uploads\/2026\/04\/Ville_dAmboise_2-300x199.webp 300w, https:\/\/www.parisenigmes.com\/blog\/wp-content\/uploads\/2026\/04\/Ville_dAmboise_2-768x510.webp 768w, https:\/\/www.parisenigmes.com\/blog\/wp-content\/uploads\/2026\/04\/Ville_dAmboise_2.webp 1280w\" sizes=\"auto, (max-width: 1024px) 100vw, 1024px\" \/><figcaption id=\"caption-attachment-5541\" class=\"wp-caption-text\">Vue a\u00e9rienne d&rsquo;Ambroise<\/figcaption><\/figure>\n<p data-start=\"40\" data-end=\"289\"><span class=\"hover:entity-accent entity-underline inline cursor-pointer align-baseline\"><span class=\"whitespace-normal\">Amboise<\/span><\/span> est situ\u00e9e \u00e0 environ 1h15 de route au c\u0153ur du Val de Loire. La ville est particuli\u00e8rement connue pour son patrimoine royal et ses liens avec la Renaissance fran\u00e7aise.<\/p>\n<p data-start=\"291\" data-end=\"607\">Le point central de la visite est le ch\u00e2teau royal d\u2019Amboise, perch\u00e9 sur un promontoire dominant la Loire. Ce ch\u00e2teau fut une r\u00e9sidence des rois de France \u00e0 la fin du Moyen \u00c2ge et au d\u00e9but de la Renaissance. Il offre aujourd\u2019hui une vue panoramique sur le fleuve et la ville, ainsi que de beaux jardins en terrasses.<\/p>\n<p data-start=\"609\" data-end=\"849\">\u00c0 proximit\u00e9 imm\u00e9diate, on trouve le Clos Luc\u00e9, derni\u00e8re demeure de L\u00e9onard de Vinci, o\u00f9 il a pass\u00e9 les derni\u00e8res ann\u00e9es de sa vie. Le site propose des expositions, des reconstitutions de ses inventions et un grand parc d\u00e9di\u00e9 \u00e0 ses machines.<\/p>\n<p data-start=\"851\" data-end=\"1123\" data-is-last-node=\"\" data-is-only-node=\"\">Le centre-ville d\u2019Amboise est agr\u00e9able \u00e0 parcourir, avec ses ruelles commer\u00e7antes, ses maisons anciennes et les bords de Loire propices aux promenades. La ville constitue aussi une excellente base pour d\u00e9couvrir plusieurs autres ch\u00e2teaux du Val de Loire dans les environs.<\/p>\n<h3>Tours<\/h3>\n<figure id=\"attachment_5341\" aria-describedby=\"caption-attachment-5341\" style=\"width: 1024px\" class=\"wp-caption aligncenter\"><img data-dominant-color=\"5f7f95\" data-has-transparency=\"false\" style=\"--dominant-color: #5f7f95;\" loading=\"lazy\" decoding=\"async\" class=\"size-large wp-image-5341 not-transparent\" src=\"https:\/\/www.parisenigmes.com\/blog\/wp-content\/uploads\/2026\/04\/Tours_-_Hotel_de_Ville_-_17-1-1024x731.webp\" alt=\"H\u00f4tel de Ville de Tours\" width=\"1024\" height=\"731\" srcset=\"https:\/\/www.parisenigmes.com\/blog\/wp-content\/uploads\/2026\/04\/Tours_-_Hotel_de_Ville_-_17-1-1024x731.webp 1024w, https:\/\/www.parisenigmes.com\/blog\/wp-content\/uploads\/2026\/04\/Tours_-_Hotel_de_Ville_-_17-1-300x214.webp 300w, https:\/\/www.parisenigmes.com\/blog\/wp-content\/uploads\/2026\/04\/Tours_-_Hotel_de_Ville_-_17-1-768x548.webp 768w, https:\/\/www.parisenigmes.com\/blog\/wp-content\/uploads\/2026\/04\/Tours_-_Hotel_de_Ville_-_17-1.webp 1280w\" sizes=\"auto, (max-width: 1024px) 100vw, 1024px\" \/><figcaption id=\"caption-attachment-5341\" class=\"wp-caption-text\">H\u00f4tel de Ville de Tours<\/figcaption><\/figure>\n<p data-start=\"38\" data-end=\"261\"><span class=\"hover:entity-accent entity-underline inline cursor-pointer align-baseline\"><span class=\"whitespace-normal\">Tours<\/span><\/span> est situ\u00e9e \u00e0 environ 1h30 de route. Le c\u0153ur de la visite se situe dans le Vieux Tours, autour de la c\u00e9l\u00e8bre place Plumereau, r\u00e9put\u00e9e pour ses maisons \u00e0 colombages et son ambiance anim\u00e9e. C\u2019est l\u2019endroit id\u00e9al pour fl\u00e2ner, prendre un caf\u00e9 ou profiter des nombreux restaurants.<\/p>\n<p data-start=\"504\" data-end=\"773\">Parmi les incontournables, la cath\u00e9drale Saint-Gatien impressionne par son architecture gothique et ses magnifiques vitraux. Non loin, le mus\u00e9e des Beaux-Arts, install\u00e9 dans l\u2019ancien palais \u00e9piscopal, abrite une riche collection allant de la Renaissance au XIXe si\u00e8cle.<\/p>\n<h2 data-start=\"504\" data-end=\"773\">Conclusion<\/h2>\n<section class=\"text-token-text-primary w-full focus:outline-none [--shadow-height:45px] has-data-writing-block:pointer-events-none has-data-writing-block:-mt-(--shadow-height) has-data-writing-block:pt-(--shadow-height) [&amp;:has([data-writing-block])&gt;*]:pointer-events-auto [content-visibility:auto] supports-[content-visibility:auto]:[contain-intrinsic-size:auto_100lvh] R6Vx5W_threadScrollVars scroll-mb-[calc(var(--scroll-root-safe-area-inset-bottom,0px)+var(--thread-response-height))] scroll-mt-[calc(var(--header-height)+min(200px,max(70px,20svh)))]\" dir=\"auto\" data-turn-id=\"request-WEB:edf5ed59-3c1c-4fa6-8168-f54b903972fb-49\" data-testid=\"conversation-turn-90\" data-scroll-anchor=\"false\" data-turn=\"assistant\">\n<div class=\"text-base my-auto mx-auto pb-10 [--thread-content-margin:var(--thread-content-margin-xs,calc(var(--spacing)*4))] @w-sm\/main:[--thread-content-margin:var(--thread-content-margin-sm,calc(var(--spacing)*6))] @w-lg\/main:[--thread-content-margin:var(--thread-content-margin-lg,calc(var(--spacing)*16))] px-(--thread-content-margin)\">\n<div class=\"[--thread-content-max-width:40rem] @w-lg\/main:[--thread-content-max-width:48rem] mx-auto max-w-(--thread-content-max-width) flex-1 group\/turn-messages focus-visible:outline-hidden relative flex w-full min-w-0 flex-col agent-turn\">\n<div class=\"flex max-w-full flex-col gap-4 grow\">\n<div class=\"min-h-8 text-message relative flex w-full flex-col items-end gap-2 text-start break-words whitespace-normal outline-none keyboard-focused:focus-ring [.text-message+&amp;]:mt-1\" dir=\"auto\" tabindex=\"0\" data-message-author-role=\"assistant\" data-message-id=\"e1074a91-959d-4844-8eaa-57672364cbc4\" data-message-model-slug=\"gpt-5-3\" data-turn-start-message=\"true\">\n<div class=\"flex w-full flex-col gap-1 empty:hidden\">\n<div class=\"markdown prose dark:prose-invert w-full wrap-break-word light markdown-new-styling\">\n<p data-start=\"0\" data-end=\"675\" data-is-last-node=\"\" data-is-only-node=\"\">Visiter <span class=\"hover:entity-accent entity-underline inline cursor-pointer align-baseline\"><span class=\"whitespace-normal\">Orl\u00e9ans<\/span><\/span>, c\u2019est d\u00e9couvrir une ville \u00e0 taille humaine o\u00f9 l\u2019histoire se m\u00eale harmonieusement \u00e0 la vie quotidienne, notamment \u00e0 travers l\u2019h\u00e9ritage de <span class=\"hover:entity-accent entity-underline inline cursor-pointer align-baseline\"><span class=\"whitespace-normal\">Jeanne d\u2019Arc<\/span><\/span> qui marque profond\u00e9ment son identit\u00e9. Entre monuments embl\u00e9matiques, mus\u00e9es vari\u00e9s, espaces verts et sp\u00e9cialit\u00e9s culinaires, Orl\u00e9ans propose une exp\u00e9rience riche et \u00e9quilibr\u00e9e, id\u00e9ale pour un s\u00e9jour culturel et d\u00e9tente.<\/p>\n<p data-start=\"0\" data-end=\"675\" data-is-last-node=\"\" data-is-only-node=\"\">Gr\u00e2ce \u00e0 sa situation privil\u00e9gi\u00e9e au c\u0153ur du Val de Loire, la ville constitue \u00e9galement un excellent point de d\u00e9part pour explorer les ch\u00e2teaux environnants et profiter des paysages lig\u00e9riens class\u00e9s au patrimoine mondial de l\u2019UNESCO.<\/p>\n<\/div>\n<\/div>\n<\/div>\n<\/div>\n<div class=\"z-0 flex min-h-[46px] justify-start\"><\/div>\n<div class=\"mt-3 w-full empty:hidden\">\n<div class=\"text-center\"><\/div>\n<\/div>\n<\/div>\n<\/div>\n<\/section>\n<div class=\"pointer-events-none -mt-px h-px translate-y-[calc(var(--scroll-root-safe-area-inset-bottom)-14*var(--spacing))]\" aria-hidden=\"true\"><\/div>\n","protected":false},"excerpt":{"rendered":"<p>Visiter Orl\u00e9ans, c\u2019est partir \u00e0 la d\u00e9couverte d\u2019une ville charg\u00e9e d\u2019histoire, situ\u00e9e au c\u0153ur du Val de Loire et intimement&#8230;<\/p>\n","protected":false},"author":1,"featured_media":5571,"comment_status":"closed","ping_status":"closed","sticky":false,"template":"","format":"standard","meta":{"_kad_post_transparent":"default","_kad_post_title":"default","_kad_post_layout":"default","_kad_post_sidebar_id":"","_kad_post_content_style":"default","_kad_post_vertical_padding":"default","_kad_post_feature":"","_kad_post_feature_position":"","_kad_post_header":false,"_kad_post_footer":false,"footnotes":""},"categories":[5],"tags":[],"class_list":["post-5483","post","type-post","status-publish","format-standard","has-post-thumbnail","hentry","category-france-fr"],"yoast_head":"<!-- This site is optimized with the Yoast SEO plugin v26.2 - https:\/\/yoast.com\/wordpress\/plugins\/seo\/ -->\n<title>Visiter Orl\u00e9ans : 30 incontournables \u00e0 faire et voir - Paris Enigmes - Blog<\/title>\n<meta name=\"description\" content=\"Visiter Orl\u00e9ans : d\u00e9couvrez son patrimoine historique, ses monuments embl\u00e9matiques, ses parcs, sa gastronomie locale ...\" \/>\n<meta name=\"robots\" content=\"index, follow, max-snippet:-1, max-image-preview:large, max-video-preview:-1\" \/>\n<link rel=\"canonical\" href=\"https:\/\/www.parisenigmes.com\/blog\/visiter-orlean\/\" \/>\n<meta property=\"og:locale\" content=\"fr_FR\" \/>\n<meta property=\"og:type\" content=\"article\" \/>\n<meta property=\"og:title\" content=\"Visiter Orl\u00e9ans : 30 incontournables \u00e0 faire et voir\" \/>\n<meta property=\"og:description\" content=\"Visiter Orl\u00e9ans : d\u00e9couvrez son patrimoine historique, ses monuments embl\u00e9matiques, ses parcs, sa gastronomie locale ...\" \/>\n<meta property=\"og:url\" content=\"https:\/\/www.parisenigmes.com\/blog\/visiter-orlean\/\" \/>\n<meta property=\"og:site_name\" content=\"Paris Enigmes - Blog\" \/>\n<meta property=\"article:publisher\" content=\"https:\/\/www.facebook.com\/ParisEnigmes\/\" \/>\n<meta property=\"article:published_time\" content=\"2026-04-28T05:46:35+00:00\" \/>\n<meta property=\"article:modified_time\" content=\"2026-04-29T07:11:02+00:00\" \/>\n<meta property=\"og:image\" content=\"https:\/\/www.parisenigmes.com\/blog\/wp-content\/uploads\/2026\/04\/orelans.webp\" \/>\n\t<meta property=\"og:image:width\" content=\"1200\" \/>\n\t<meta property=\"og:image:height\" content=\"627\" \/>\n\t<meta property=\"og:image:type\" content=\"image\/jpeg\" \/>\n<meta name=\"author\" content=\"parisenigmes\" \/>\n<meta name=\"twitter:card\" content=\"summary_large_image\" \/>\n<meta name=\"twitter:title\" content=\"Visiter Orl\u00e9ans : 30 incontournables \u00e0 faire et voir\" \/>\n<meta name=\"twitter:description\" content=\"Visiter Orl\u00e9ans : d\u00e9couvrez son patrimoine historique, ses monuments embl\u00e9matiques, ses parcs, sa gastronomie locale ...\" \/>\n<meta name=\"twitter:image\" content=\"https:\/\/www.parisenigmes.com\/blog\/wp-content\/uploads\/2026\/04\/orelans.webp\" \/>\n<meta name=\"twitter:label1\" content=\"Written by\" \/>\n\t<meta name=\"twitter:data1\" content=\"parisenigmes\" \/>\n\t<meta name=\"twitter:label2\" content=\"Est. reading time\" \/>\n\t<meta name=\"twitter:data2\" content=\"33 minutes\" \/>\n<script type=\"application\/ld+json\" class=\"yoast-schema-graph\">{\"@context\":\"https:\/\/schema.org\",\"@graph\":[{\"@type\":\"Article\",\"@id\":\"https:\/\/www.parisenigmes.com\/blog\/visiter-orlean\/#article\",\"isPartOf\":{\"@id\":\"https:\/\/www.parisenigmes.com\/blog\/visiter-orlean\/\"},\"author\":{\"name\":\"parisenigmes\",\"@id\":\"https:\/\/www.parisenigmes.com\/blog\/#\/schema\/person\/2e217698c5034e9884190e3c9c806c22\"},\"headline\":\"Visiter Orl\u00e9ans : 30 incontournables \u00e0 faire et voir\",\"datePublished\":\"2026-04-28T05:46:35+00:00\",\"dateModified\":\"2026-04-29T07:11:02+00:00\",\"mainEntityOfPage\":{\"@id\":\"https:\/\/www.parisenigmes.com\/blog\/visiter-orlean\/\"},\"wordCount\":6032,\"publisher\":{\"@id\":\"https:\/\/www.parisenigmes.com\/blog\/#organization\"},\"image\":{\"@id\":\"https:\/\/www.parisenigmes.com\/blog\/visiter-orlean\/#primaryimage\"},\"thumbnailUrl\":\"https:\/\/www.parisenigmes.com\/blog\/wp-content\/uploads\/2026\/04\/orelans.webp\",\"articleSection\":[\"France\"],\"inLanguage\":\"fr-FR\"},{\"@type\":\"WebPage\",\"@id\":\"https:\/\/www.parisenigmes.com\/blog\/visiter-orlean\/\",\"url\":\"https:\/\/www.parisenigmes.com\/blog\/visiter-orlean\/\",\"name\":\"Visiter Orl\u00e9ans : 30 incontournables \u00e0 faire et voir - Paris Enigmes - Blog\",\"isPartOf\":{\"@id\":\"https:\/\/www.parisenigmes.com\/blog\/#website\"},\"primaryImageOfPage\":{\"@id\":\"https:\/\/www.parisenigmes.com\/blog\/visiter-orlean\/#primaryimage\"},\"image\":{\"@id\":\"https:\/\/www.parisenigmes.com\/blog\/visiter-orlean\/#primaryimage\"},\"thumbnailUrl\":\"https:\/\/www.parisenigmes.com\/blog\/wp-content\/uploads\/2026\/04\/orelans.webp\",\"datePublished\":\"2026-04-28T05:46:35+00:00\",\"dateModified\":\"2026-04-29T07:11:02+00:00\",\"description\":\"Visiter Orl\u00e9ans : d\u00e9couvrez son patrimoine historique, ses monuments embl\u00e9matiques, ses parcs, sa gastronomie locale ...\",\"breadcrumb\":{\"@id\":\"https:\/\/www.parisenigmes.com\/blog\/visiter-orlean\/#breadcrumb\"},\"inLanguage\":\"fr-FR\",\"potentialAction\":[{\"@type\":\"ReadAction\",\"target\":[\"https:\/\/www.parisenigmes.com\/blog\/visiter-orlean\/\"]}]},{\"@type\":\"ImageObject\",\"inLanguage\":\"fr-FR\",\"@id\":\"https:\/\/www.parisenigmes.com\/blog\/visiter-orlean\/#primaryimage\",\"url\":\"https:\/\/www.parisenigmes.com\/blog\/wp-content\/uploads\/2026\/04\/orelans.webp\",\"contentUrl\":\"https:\/\/www.parisenigmes.com\/blog\/wp-content\/uploads\/2026\/04\/orelans.webp\",\"width\":1200,\"height\":627,\"caption\":\"Orl\u00e9ans\"},{\"@type\":\"BreadcrumbList\",\"@id\":\"https:\/\/www.parisenigmes.com\/blog\/visiter-orlean\/#breadcrumb\",\"itemListElement\":[{\"@type\":\"ListItem\",\"position\":1,\"name\":\"Home\",\"item\":\"https:\/\/www.parisenigmes.com\/blog\/\"},{\"@type\":\"ListItem\",\"position\":2,\"name\":\"Visiter Orl\u00e9ans : 30 incontournables \u00e0 faire et voir\"}]},{\"@type\":\"WebSite\",\"@id\":\"https:\/\/www.parisenigmes.com\/blog\/#website\",\"url\":\"https:\/\/www.parisenigmes.com\/blog\/\",\"name\":\"Paris Enigmes - Blog\",\"description\":\"\",\"publisher\":{\"@id\":\"https:\/\/www.parisenigmes.com\/blog\/#organization\"},\"potentialAction\":[{\"@type\":\"SearchAction\",\"target\":{\"@type\":\"EntryPoint\",\"urlTemplate\":\"https:\/\/www.parisenigmes.com\/blog\/?s={search_term_string}\"},\"query-input\":{\"@type\":\"PropertyValueSpecification\",\"valueRequired\":true,\"valueName\":\"search_term_string\"}}],\"inLanguage\":\"fr-FR\"},{\"@type\":\"Organization\",\"@id\":\"https:\/\/www.parisenigmes.com\/blog\/#organization\",\"name\":\"Paris Enigmes - Blog\",\"url\":\"https:\/\/www.parisenigmes.com\/blog\/\",\"logo\":{\"@type\":\"ImageObject\",\"inLanguage\":\"fr-FR\",\"@id\":\"https:\/\/www.parisenigmes.com\/blog\/#\/schema\/logo\/image\/\",\"url\":\"https:\/\/www.parisenigmes.com\/blog\/wp-content\/uploads\/2025\/08\/ic_launcher.png\",\"contentUrl\":\"https:\/\/www.parisenigmes.com\/blog\/wp-content\/uploads\/2025\/08\/ic_launcher.png\",\"width\":1080,\"height\":1080,\"caption\":\"Paris Enigmes - Blog\"},\"image\":{\"@id\":\"https:\/\/www.parisenigmes.com\/blog\/#\/schema\/logo\/image\/\"},\"sameAs\":[\"https:\/\/www.facebook.com\/ParisEnigmes\/\",\"https:\/\/www.instagram.com\/parisenigmes\/\"]},{\"@type\":\"Person\",\"@id\":\"https:\/\/www.parisenigmes.com\/blog\/#\/schema\/person\/2e217698c5034e9884190e3c9c806c22\",\"name\":\"parisenigmes\",\"image\":{\"@type\":\"ImageObject\",\"inLanguage\":\"fr-FR\",\"@id\":\"https:\/\/www.parisenigmes.com\/blog\/#\/schema\/person\/image\/\",\"url\":\"https:\/\/secure.gravatar.com\/avatar\/c462456799ea25a5b7e4a315895b6249adf94c7d85c70bcb626bb5d99e5b7a4d?s=96&d=mm&r=g\",\"contentUrl\":\"https:\/\/secure.gravatar.com\/avatar\/c462456799ea25a5b7e4a315895b6249adf94c7d85c70bcb626bb5d99e5b7a4d?s=96&d=mm&r=g\",\"caption\":\"parisenigmes\"},\"sameAs\":[\"https:\/\/www.parisenigmes.com\/ressources\/wordpress\"],\"url\":\"https:\/\/www.parisenigmes.com\/blog\/author\/parisenigmes\/\"}]}<\/script>\n<!-- \/ Yoast SEO plugin. -->","yoast_head_json":{"title":"Visiter Orl\u00e9ans : 30 incontournables \u00e0 faire et voir - Paris Enigmes - Blog","description":"Visiter Orl\u00e9ans : d\u00e9couvrez son patrimoine historique, ses monuments embl\u00e9matiques, ses parcs, sa gastronomie locale ...","robots":{"index":"index","follow":"follow","max-snippet":"max-snippet:-1","max-image-preview":"max-image-preview:large","max-video-preview":"max-video-preview:-1"},"canonical":"https:\/\/www.parisenigmes.com\/blog\/visiter-orlean\/","og_locale":"fr_FR","og_type":"article","og_title":"Visiter Orl\u00e9ans : 30 incontournables \u00e0 faire et voir","og_description":"Visiter Orl\u00e9ans : d\u00e9couvrez son patrimoine historique, ses monuments embl\u00e9matiques, ses parcs, sa gastronomie locale ...","og_url":"https:\/\/www.parisenigmes.com\/blog\/visiter-orlean\/","og_site_name":"Paris Enigmes - Blog","article_publisher":"https:\/\/www.facebook.com\/ParisEnigmes\/","article_published_time":"2026-04-28T05:46:35+00:00","article_modified_time":"2026-04-29T07:11:02+00:00","og_image":[{"width":1200,"height":627,"url":"https:\/\/www.parisenigmes.com\/blog\/wp-content\/uploads\/2026\/04\/orelans.webp","type":"image\/jpeg"}],"author":"parisenigmes","twitter_card":"summary_large_image","twitter_title":"Visiter Orl\u00e9ans : 30 incontournables \u00e0 faire et voir","twitter_description":"Visiter Orl\u00e9ans : d\u00e9couvrez son patrimoine historique, ses monuments embl\u00e9matiques, ses parcs, sa gastronomie locale ...","twitter_image":"https:\/\/www.parisenigmes.com\/blog\/wp-content\/uploads\/2026\/04\/orelans.webp","twitter_misc":{"Written by":"parisenigmes","Est. reading time":"33 minutes"},"schema":{"@context":"https:\/\/schema.org","@graph":[{"@type":"Article","@id":"https:\/\/www.parisenigmes.com\/blog\/visiter-orlean\/#article","isPartOf":{"@id":"https:\/\/www.parisenigmes.com\/blog\/visiter-orlean\/"},"author":{"name":"parisenigmes","@id":"https:\/\/www.parisenigmes.com\/blog\/#\/schema\/person\/2e217698c5034e9884190e3c9c806c22"},"headline":"Visiter Orl\u00e9ans : 30 incontournables \u00e0 faire et voir","datePublished":"2026-04-28T05:46:35+00:00","dateModified":"2026-04-29T07:11:02+00:00","mainEntityOfPage":{"@id":"https:\/\/www.parisenigmes.com\/blog\/visiter-orlean\/"},"wordCount":6032,"publisher":{"@id":"https:\/\/www.parisenigmes.com\/blog\/#organization"},"image":{"@id":"https:\/\/www.parisenigmes.com\/blog\/visiter-orlean\/#primaryimage"},"thumbnailUrl":"https:\/\/www.parisenigmes.com\/blog\/wp-content\/uploads\/2026\/04\/orelans.webp","articleSection":["France"],"inLanguage":"fr-FR"},{"@type":"WebPage","@id":"https:\/\/www.parisenigmes.com\/blog\/visiter-orlean\/","url":"https:\/\/www.parisenigmes.com\/blog\/visiter-orlean\/","name":"Visiter Orl\u00e9ans : 30 incontournables \u00e0 faire et voir - Paris Enigmes - Blog","isPartOf":{"@id":"https:\/\/www.parisenigmes.com\/blog\/#website"},"primaryImageOfPage":{"@id":"https:\/\/www.parisenigmes.com\/blog\/visiter-orlean\/#primaryimage"},"image":{"@id":"https:\/\/www.parisenigmes.com\/blog\/visiter-orlean\/#primaryimage"},"thumbnailUrl":"https:\/\/www.parisenigmes.com\/blog\/wp-content\/uploads\/2026\/04\/orelans.webp","datePublished":"2026-04-28T05:46:35+00:00","dateModified":"2026-04-29T07:11:02+00:00","description":"Visiter Orl\u00e9ans : d\u00e9couvrez son patrimoine historique, ses monuments embl\u00e9matiques, ses parcs, sa gastronomie locale ...","breadcrumb":{"@id":"https:\/\/www.parisenigmes.com\/blog\/visiter-orlean\/#breadcrumb"},"inLanguage":"fr-FR","potentialAction":[{"@type":"ReadAction","target":["https:\/\/www.parisenigmes.com\/blog\/visiter-orlean\/"]}]},{"@type":"ImageObject","inLanguage":"fr-FR","@id":"https:\/\/www.parisenigmes.com\/blog\/visiter-orlean\/#primaryimage","url":"https:\/\/www.parisenigmes.com\/blog\/wp-content\/uploads\/2026\/04\/orelans.webp","contentUrl":"https:\/\/www.parisenigmes.com\/blog\/wp-content\/uploads\/2026\/04\/orelans.webp","width":1200,"height":627,"caption":"Orl\u00e9ans"},{"@type":"BreadcrumbList","@id":"https:\/\/www.parisenigmes.com\/blog\/visiter-orlean\/#breadcrumb","itemListElement":[{"@type":"ListItem","position":1,"name":"Home","item":"https:\/\/www.parisenigmes.com\/blog\/"},{"@type":"ListItem","position":2,"name":"Visiter Orl\u00e9ans : 30 incontournables \u00e0 faire et voir"}]},{"@type":"WebSite","@id":"https:\/\/www.parisenigmes.com\/blog\/#website","url":"https:\/\/www.parisenigmes.com\/blog\/","name":"Paris Enigmes - Blog","description":"","publisher":{"@id":"https:\/\/www.parisenigmes.com\/blog\/#organization"},"potentialAction":[{"@type":"SearchAction","target":{"@type":"EntryPoint","urlTemplate":"https:\/\/www.parisenigmes.com\/blog\/?s={search_term_string}"},"query-input":{"@type":"PropertyValueSpecification","valueRequired":true,"valueName":"search_term_string"}}],"inLanguage":"fr-FR"},{"@type":"Organization","@id":"https:\/\/www.parisenigmes.com\/blog\/#organization","name":"Paris Enigmes - Blog","url":"https:\/\/www.parisenigmes.com\/blog\/","logo":{"@type":"ImageObject","inLanguage":"fr-FR","@id":"https:\/\/www.parisenigmes.com\/blog\/#\/schema\/logo\/image\/","url":"https:\/\/www.parisenigmes.com\/blog\/wp-content\/uploads\/2025\/08\/ic_launcher.png","contentUrl":"https:\/\/www.parisenigmes.com\/blog\/wp-content\/uploads\/2025\/08\/ic_launcher.png","width":1080,"height":1080,"caption":"Paris Enigmes - Blog"},"image":{"@id":"https:\/\/www.parisenigmes.com\/blog\/#\/schema\/logo\/image\/"},"sameAs":["https:\/\/www.facebook.com\/ParisEnigmes\/","https:\/\/www.instagram.com\/parisenigmes\/"]},{"@type":"Person","@id":"https:\/\/www.parisenigmes.com\/blog\/#\/schema\/person\/2e217698c5034e9884190e3c9c806c22","name":"parisenigmes","image":{"@type":"ImageObject","inLanguage":"fr-FR","@id":"https:\/\/www.parisenigmes.com\/blog\/#\/schema\/person\/image\/","url":"https:\/\/secure.gravatar.com\/avatar\/c462456799ea25a5b7e4a315895b6249adf94c7d85c70bcb626bb5d99e5b7a4d?s=96&d=mm&r=g","contentUrl":"https:\/\/secure.gravatar.com\/avatar\/c462456799ea25a5b7e4a315895b6249adf94c7d85c70bcb626bb5d99e5b7a4d?s=96&d=mm&r=g","caption":"parisenigmes"},"sameAs":["https:\/\/www.parisenigmes.com\/ressources\/wordpress"],"url":"https:\/\/www.parisenigmes.com\/blog\/author\/parisenigmes\/"}]}},"_links":{"self":[{"href":"https:\/\/www.parisenigmes.com\/blog\/wp-json\/wp\/v2\/posts\/5483","targetHints":{"allow":["GET"]}}],"collection":[{"href":"https:\/\/www.parisenigmes.com\/blog\/wp-json\/wp\/v2\/posts"}],"about":[{"href":"https:\/\/www.parisenigmes.com\/blog\/wp-json\/wp\/v2\/types\/post"}],"author":[{"embeddable":true,"href":"https:\/\/www.parisenigmes.com\/blog\/wp-json\/wp\/v2\/users\/1"}],"replies":[{"embeddable":true,"href":"https:\/\/www.parisenigmes.com\/blog\/wp-json\/wp\/v2\/comments?post=5483"}],"version-history":[{"count":8,"href":"https:\/\/www.parisenigmes.com\/blog\/wp-json\/wp\/v2\/posts\/5483\/revisions"}],"predecessor-version":[{"id":5608,"href":"https:\/\/www.parisenigmes.com\/blog\/wp-json\/wp\/v2\/posts\/5483\/revisions\/5608"}],"wp:featuredmedia":[{"embeddable":true,"href":"https:\/\/www.parisenigmes.com\/blog\/wp-json\/wp\/v2\/media\/5571"}],"wp:attachment":[{"href":"https:\/\/www.parisenigmes.com\/blog\/wp-json\/wp\/v2\/media?parent=5483"}],"wp:term":[{"taxonomy":"category","embeddable":true,"href":"https:\/\/www.parisenigmes.com\/blog\/wp-json\/wp\/v2\/categories?post=5483"},{"taxonomy":"post_tag","embeddable":true,"href":"https:\/\/www.parisenigmes.com\/blog\/wp-json\/wp\/v2\/tags?post=5483"}],"curies":[{"name":"wp","href":"https:\/\/api.w.org\/{rel}","templated":true}]}}