{"id":5485,"date":"2026-04-28T07:46:55","date_gmt":"2026-04-28T05:46:55","guid":{"rendered":"https:\/\/www.parisenigmes.com\/blog\/?p=5485"},"modified":"2026-04-29T09:09:43","modified_gmt":"2026-04-29T07:09:43","slug":"visiter-metz","status":"publish","type":"post","link":"https:\/\/www.parisenigmes.com\/blog\/visiter-metz\/","title":{"rendered":"Visiter Metz : 30 incontournables \u00e0 faire et voir"},"content":{"rendered":"<p data-start=\"0\" data-end=\"308\">Visiter Metz, c\u2019est d\u00e9couvrir une ville au riche pass\u00e9 historique situ\u00e9e au c\u0153ur du Grand Est, \u00e0 la crois\u00e9e de la France, de l\u2019Allemagne et du Luxembourg. Ancienne cit\u00e9 gallo-romaine puis ville strat\u00e9gique au fil des si\u00e8cles, Metz a conserv\u00e9 un patrimoine exceptionnel qui refl\u00e8te ces diff\u00e9rentes influences.<\/p>\n<p data-start=\"310\" data-end=\"658\">Son centre-ville m\u00eale harmonieusement architecture m\u00e9di\u00e9vale, \u00e9difices religieux remarquables comme la cath\u00e9drale Saint-\u00c9tienne, et constructions plus r\u00e9centes issues des p\u00e9riodes fran\u00e7aise et allemande. La ville est \u00e9galement connue pour ses mus\u00e9es, ses places historiques et ses nombreux espaces verts qui lui donnent un cadre agr\u00e9able et vivant.<\/p>\n<p data-start=\"660\" data-end=\"972\" data-is-last-node=\"\" data-is-only-node=\"\">Gr\u00e2ce \u00e0 sa position g\u00e9ographique privil\u00e9gi\u00e9e, Metz constitue aussi un point de d\u00e9part id\u00e9al pour explorer la r\u00e9gion. De nombreuses excursions permettent de d\u00e9couvrir des sites vari\u00e9s comme Nancy, Luxembourg, Rodemack ou encore le ch\u00e2teau de Malbrouck, offrant ainsi un voyage entre culture, histoire et paysages.<\/p>\n<h2 id=\"section-1\" tabindex=\"-1\" data-start=\"288\" data-end=\"341\"><strong data-start=\"294\" data-end=\"341\">Monuments et Patrimoine Historique \u00e0 Metz<\/strong><\/h2>\n<h3>Cath\u00e9drale Saint-Etienne de Metz<\/h3>\n<figure id=\"attachment_5574\" aria-describedby=\"caption-attachment-5574\" style=\"width: 1024px\" class=\"wp-caption aligncenter\"><img data-dominant-color=\"708299\" data-has-transparency=\"false\" style=\"--dominant-color: #708299;\" loading=\"lazy\" decoding=\"async\" class=\"size-large wp-image-5574 not-transparent\" src=\"https:\/\/www.parisenigmes.com\/blog\/wp-content\/uploads\/2026\/04\/Metz_Moselle_-_Cathedrale_Saint-Etienne_32283913217-1-1024x822.webp\" alt=\"Cath\u00e9drale Saint-Etienne de Metz\" width=\"1024\" height=\"822\" srcset=\"https:\/\/www.parisenigmes.com\/blog\/wp-content\/uploads\/2026\/04\/Metz_Moselle_-_Cathedrale_Saint-Etienne_32283913217-1-1024x822.webp 1024w, https:\/\/www.parisenigmes.com\/blog\/wp-content\/uploads\/2026\/04\/Metz_Moselle_-_Cathedrale_Saint-Etienne_32283913217-1-300x241.webp 300w, https:\/\/www.parisenigmes.com\/blog\/wp-content\/uploads\/2026\/04\/Metz_Moselle_-_Cathedrale_Saint-Etienne_32283913217-1-768x616.webp 768w, https:\/\/www.parisenigmes.com\/blog\/wp-content\/uploads\/2026\/04\/Metz_Moselle_-_Cathedrale_Saint-Etienne_32283913217-1.webp 1280w\" sizes=\"auto, (max-width: 1024px) 100vw, 1024px\" \/><figcaption id=\"caption-attachment-5574\" class=\"wp-caption-text\">Cath\u00e9drale Saint-Etienne de Metz<\/figcaption><\/figure>\n<p data-start=\"0\" data-end=\"661\">La <span class=\"hover:entity-accent entity-underline inline cursor-pointer align-baseline\"><span class=\"whitespace-normal\">Cath\u00e9drale Saint-\u00c9tienne de Metz<\/span><\/span> est l\u2019un des plus grands chefs-d\u2019\u0153uvre de l\u2019architecture gothique en Europe, construite entre le XIIIe et le XVIe si\u00e8cle tout en conservant une remarquable unit\u00e9 de style. Surnomm\u00e9e la \u00ab lanterne de Dieu \u00bb, elle se distingue par ses immenses vitraux couvrant pr\u00e8s de 6 500 m\u00b2, qui en font la cath\u00e9drale la plus lumineuse de France.<\/p>\n<p data-start=\"0\" data-end=\"661\">\u00c9difi\u00e9e sur les vestiges d\u2019anciens sanctuaires remontant au Ve si\u00e8cle, elle r\u00e9sulte d\u2019une longue \u00e9volution m\u00ealant h\u00e9ritage roman et innovations gothiques. Avec ses vo\u00fbtes atteignant plus de 41 m\u00e8tres de hauteur, elle compte parmi les \u00e9difices religieux les plus impressionnants du pays.<\/p>\n<p data-start=\"663\" data-end=\"1365\" data-is-last-node=\"\" data-is-only-node=\"\">Au fil des si\u00e8cles, la cath\u00e9drale a connu de nombreuses transformations, notamment au XVIIIe si\u00e8cle avec des am\u00e9nagements classiques, puis au XIXe si\u00e8cle avec des restaurations n\u00e9ogothiques visant \u00e0 retrouver son aspect m\u00e9di\u00e9val. Apr\u00e8s les d\u00e9g\u00e2ts subis durant la Seconde Guerre mondiale, d\u2019importantes campagnes de restauration ont permis de pr\u00e9server ce monument embl\u00e9matique.<\/p>\n<p data-start=\"663\" data-end=\"1365\" data-is-last-node=\"\" data-is-only-node=\"\">Aujourd\u2019hui, elle associe patrimoine ancien et cr\u00e9ation contemporaine, notamment gr\u00e2ce aux vitraux r\u00e9alis\u00e9s par des artistes comme <span class=\"hover:entity-accent entity-underline inline cursor-pointer align-baseline\"><span class=\"whitespace-normal\">Marc Chagall<\/span><\/span>.<\/p>\n<h3>Fort de Queuleu<\/h3>\n<figure id=\"attachment_5575\" aria-describedby=\"caption-attachment-5575\" style=\"width: 1024px\" class=\"wp-caption aligncenter\"><img data-dominant-color=\"7e7154\" data-has-transparency=\"false\" style=\"--dominant-color: #7e7154;\" loading=\"lazy\" decoding=\"async\" class=\"size-large wp-image-5575 not-transparent\" src=\"https:\/\/www.parisenigmes.com\/blog\/wp-content\/uploads\/2026\/04\/Fort_de_Queuleu_-_Interieur_-_Metz-1024x682.webp\" alt=\"Fort de Queuleu\" width=\"1024\" height=\"682\" srcset=\"https:\/\/www.parisenigmes.com\/blog\/wp-content\/uploads\/2026\/04\/Fort_de_Queuleu_-_Interieur_-_Metz-1024x682.webp 1024w, https:\/\/www.parisenigmes.com\/blog\/wp-content\/uploads\/2026\/04\/Fort_de_Queuleu_-_Interieur_-_Metz-300x200.webp 300w, https:\/\/www.parisenigmes.com\/blog\/wp-content\/uploads\/2026\/04\/Fort_de_Queuleu_-_Interieur_-_Metz-768x512.webp 768w, https:\/\/www.parisenigmes.com\/blog\/wp-content\/uploads\/2026\/04\/Fort_de_Queuleu_-_Interieur_-_Metz.webp 1280w\" sizes=\"auto, (max-width: 1024px) 100vw, 1024px\" \/><figcaption id=\"caption-attachment-5575\" class=\"wp-caption-text\">Fort de Queuleu<\/figcaption><\/figure>\n<p data-start=\"0\" data-end=\"331\">Le fort de Queuleu est un vaste ouvrage militaire construit entre 1868 et 1870 dans le cadre de la premi\u00e8re ceinture fortifi\u00e9e imagin\u00e9e par S\u00e9r\u00e9 de Rivi\u00e8res. Con\u00e7u pour d\u00e9fendre la ville gr\u00e2ce \u00e0 un r\u00e9seau de forts espac\u00e9s, il pouvait accueillir jusqu\u2019\u00e0 2 000 hommes et disposait d\u2019un important armement d\u2019artillerie.<\/p>\n<p data-start=\"333\" data-end=\"654\">Apr\u00e8s la guerre franco-prussienne de 1870, le fort passe sous domination allemande et est modernis\u00e9 en profondeur entre 1872 et 1890, perdant ensuite progressivement son r\u00f4le strat\u00e9gique avec l\u2019\u00e9volution de l\u2019artillerie. Il reste n\u00e9anmoins utilis\u00e9 comme lieu de cantonnement militaire jusqu\u2019\u00e0 la Premi\u00e8re Guerre mondiale.<\/p>\n<p data-start=\"656\" data-end=\"952\">Durant les deux guerres mondiales, le site conna\u00eet plusieurs usages, notamment comme camp de prisonniers. Pendant la Seconde Guerre mondiale, il devient un lieu de d\u00e9tention et d\u2019interrogatoire nazi, o\u00f9 environ 1 800 r\u00e9sistants sont intern\u00e9s et subissent de graves violences avant la d\u00e9portation.<\/p>\n<p data-start=\"954\" data-end=\"1153\">Apr\u00e8s la Lib\u00e9ration, le fort sert successivement de centre d\u2019internement pour suspects et civils allemands, de camp de prisonniers de guerre, puis de lieu d\u2019accueil pour des travailleurs indochinois.<\/p>\n<p data-start=\"1155\" data-end=\"1474\" data-is-last-node=\"\" data-is-only-node=\"\">\u00c0 partir des ann\u00e9es 1970, le fort est progressivement transform\u00e9 en lieu de m\u00e9moire, avec la cr\u00e9ation d\u2019un m\u00e9morial d\u00e9di\u00e9 \u00e0 la r\u00e9sistance et \u00e0 la d\u00e9portation. Aujourd\u2019hui, il est \u00e0 la fois un site historique prot\u00e9g\u00e9, un espace de comm\u00e9moration, et un lieu ouvert au public pour la promenade et les activit\u00e9s de loisirs.<\/p>\n<h3>Porte des Allemands<\/h3>\n<figure id=\"attachment_5576\" aria-describedby=\"caption-attachment-5576\" style=\"width: 1024px\" class=\"wp-caption aligncenter\"><img data-dominant-color=\"7e8792\" data-has-transparency=\"false\" style=\"--dominant-color: #7e8792;\" loading=\"lazy\" decoding=\"async\" class=\"size-large wp-image-5576 not-transparent\" src=\"https:\/\/www.parisenigmes.com\/blog\/wp-content\/uploads\/2026\/04\/Metz_Porte_des_Allemands_R07-1024x656.webp\" alt=\"Porte des Allemands\" width=\"1024\" height=\"656\" srcset=\"https:\/\/www.parisenigmes.com\/blog\/wp-content\/uploads\/2026\/04\/Metz_Porte_des_Allemands_R07-1024x656.webp 1024w, https:\/\/www.parisenigmes.com\/blog\/wp-content\/uploads\/2026\/04\/Metz_Porte_des_Allemands_R07-300x192.webp 300w, https:\/\/www.parisenigmes.com\/blog\/wp-content\/uploads\/2026\/04\/Metz_Porte_des_Allemands_R07-768x492.webp 768w, https:\/\/www.parisenigmes.com\/blog\/wp-content\/uploads\/2026\/04\/Metz_Porte_des_Allemands_R07.webp 1280w\" sizes=\"auto, (max-width: 1024px) 100vw, 1024px\" \/><figcaption id=\"caption-attachment-5576\" class=\"wp-caption-text\">Porte des Allemands<\/figcaption><\/figure>\n<p data-start=\"96\" data-end=\"300\">La Porte des Allemands est une ancienne porte fortifi\u00e9e situ\u00e9e \u00e0 Metz, construite entre le XIIIe et le XVIe si\u00e8cle. Elle constitue l\u2019un des vestiges les plus importants des remparts m\u00e9di\u00e9vaux de la ville.<\/p>\n<p data-start=\"302\" data-end=\"628\">\u00c9difi\u00e9e \u00e0 partir de 1230, puis renforc\u00e9e au XVe si\u00e8cle avec de puissantes tours d\u00e9fensives, elle servait \u00e0 la fois de porte d\u2019entr\u00e9e et de pont fortifi\u00e9 au-dessus de la Seille. Son architecture m\u00eale styles gothique et Renaissance, avec des \u00e9l\u00e9ments militaires avanc\u00e9s comme des m\u00e2chicoulis, des cr\u00e9neaux et des tours massives.<\/p>\n<p data-start=\"630\" data-end=\"896\">Au fil des si\u00e8cles, la porte est r\u00e9guli\u00e8rement modifi\u00e9e et restaur\u00e9e, notamment par Vauban au XVIIe si\u00e8cle puis par les autorit\u00e9s allemandes \u00e0 la fin du XIXe si\u00e8cle. Elle perd progressivement son r\u00f4le militaire mais reste conserv\u00e9e gr\u00e2ce \u00e0 son importance historique.<\/p>\n<p data-start=\"898\" data-end=\"1120\">Au XXe si\u00e8cle, elle est utilis\u00e9e comme mus\u00e9e avant d\u2019\u00eatre class\u00e9e monument historique en 1966. Une grande restauration entre 2013 et 2014 permet de la rouvrir au public et d\u2019en faire un lieu culturel et patrimonial majeur.<\/p>\n<h3>Temple Neuf<\/h3>\n<figure id=\"attachment_5577\" aria-describedby=\"caption-attachment-5577\" style=\"width: 660px\" class=\"wp-caption aligncenter\"><img data-dominant-color=\"626e89\" data-has-transparency=\"false\" style=\"--dominant-color: #626e89;\" loading=\"lazy\" decoding=\"async\" class=\"size-large wp-image-5577 not-transparent\" src=\"https:\/\/www.parisenigmes.com\/blog\/wp-content\/uploads\/2026\/04\/Metz_Temple_Neuf_R02-660x1024.webp\" alt=\"Temple Neuf\" width=\"660\" height=\"1024\" srcset=\"https:\/\/www.parisenigmes.com\/blog\/wp-content\/uploads\/2026\/04\/Metz_Temple_Neuf_R02-660x1024.webp 660w, https:\/\/www.parisenigmes.com\/blog\/wp-content\/uploads\/2026\/04\/Metz_Temple_Neuf_R02-193x300.webp 193w, https:\/\/www.parisenigmes.com\/blog\/wp-content\/uploads\/2026\/04\/Metz_Temple_Neuf_R02-768x1192.webp 768w, https:\/\/www.parisenigmes.com\/blog\/wp-content\/uploads\/2026\/04\/Metz_Temple_Neuf_R02.webp 960w\" sizes=\"auto, (max-width: 660px) 100vw, 660px\" \/><figcaption id=\"caption-attachment-5577\" class=\"wp-caption-text\">Temple Neuf<\/figcaption><\/figure>\n<p data-start=\"84\" data-end=\"540\">Le <span class=\"hover:entity-accent entity-underline inline cursor-pointer align-baseline\"><span class=\"whitespace-normal\">Temple neuf (Metz)<\/span><\/span> est un temple protestant r\u00e9form\u00e9 situ\u00e9 \u00e0 Metz, construit entre 1901 et 1905 pendant la p\u00e9riode allemande (Empire wilhelmien). Il s\u2019inscrit dans une politique architecturale visant \u00e0 moderniser et \u00ab germaniser \u00bb la ville apr\u00e8s l\u2019annexion de l\u2019Alsace-Lorraine. L\u2019\u00e9difice, con\u00e7u par l\u2019architecte Conrad Wahn, adopte un style n\u00e9o-roman rh\u00e9nan inspir\u00e9 de mod\u00e8les m\u00e9di\u00e9vaux allemands, avec une forte influence ottonienne.<\/p>\n<p data-start=\"542\" data-end=\"942\">Le b\u00e2timent est en forme de croix grecque, avec une grande tour centrale et deux clochers en fa\u00e7ade. Il est construit en gr\u00e8s sombre, ce qui le distingue des b\u00e2timents environnants en pierre claire. Le temple peut accueillir plus de 1 200 personnes et poss\u00e8de une architecture int\u00e9rieure riche, avec galeries, colonnes sculpt\u00e9es et vitraux.<\/p>\n<p data-start=\"944\" data-end=\"1129\">Class\u00e9 monument historique en 1930, il a aussi \u00e9t\u00e9 restaur\u00e9 et reste un \u00e9l\u00e9ment embl\u00e9matique du paysage architectural messin, malgr\u00e9 les critiques qu\u2019il a pu susciter \u00e0 sa construction.<\/p>\n<h3>Place Saint Louis<\/h3>\n<figure id=\"attachment_5578\" aria-describedby=\"caption-attachment-5578\" style=\"width: 1024px\" class=\"wp-caption aligncenter\"><img data-dominant-color=\"80868e\" data-has-transparency=\"false\" style=\"--dominant-color: #80868e;\" loading=\"lazy\" decoding=\"async\" class=\"size-large wp-image-5578 not-transparent\" src=\"https:\/\/www.parisenigmes.com\/blog\/wp-content\/uploads\/2026\/04\/Place_Saint-Louis_Vue_densemble_-_Metz_57-1024x682.webp\" alt=\"Place Saint Louis\" width=\"1024\" height=\"682\" srcset=\"https:\/\/www.parisenigmes.com\/blog\/wp-content\/uploads\/2026\/04\/Place_Saint-Louis_Vue_densemble_-_Metz_57-1024x682.webp 1024w, https:\/\/www.parisenigmes.com\/blog\/wp-content\/uploads\/2026\/04\/Place_Saint-Louis_Vue_densemble_-_Metz_57-300x200.webp 300w, https:\/\/www.parisenigmes.com\/blog\/wp-content\/uploads\/2026\/04\/Place_Saint-Louis_Vue_densemble_-_Metz_57-768x512.webp 768w, https:\/\/www.parisenigmes.com\/blog\/wp-content\/uploads\/2026\/04\/Place_Saint-Louis_Vue_densemble_-_Metz_57.webp 1280w\" sizes=\"auto, (max-width: 1024px) 100vw, 1024px\" \/><figcaption id=\"caption-attachment-5578\" class=\"wp-caption-text\">Place Saint Louis<\/figcaption><\/figure>\n<p data-start=\"0\" data-end=\"353\">La place Saint-Louis \u00e0 Metz est une place m\u00e9di\u00e9vale situ\u00e9e dans le centre-ville, au pied de la colline Sainte-Croix. Elle est c\u00e9l\u00e8bre pour ses arcades couvertes et ses maisons anciennes \u00e0 fa\u00e7ades m\u00e9di\u00e9vales et Renaissance, autrefois occup\u00e9es par des changeurs et commer\u00e7ants lombards, ce qui en faisait une grande place marchande d\u00e8s le XIVe si\u00e8cle.<\/p>\n<p data-start=\"355\" data-end=\"572\">Elle doit son nom \u00e0 Saint Louis (Louis IX), \u00e0 la suite d\u2019une confusion historique li\u00e9e \u00e0 une ancienne statue. Aujourd\u2019hui, elle est devenue un espace pi\u00e9ton anim\u00e9, avec caf\u00e9s et \u00e9v\u00e9nements comme le march\u00e9 de No\u00ebl.<\/p>\n<p data-start=\"574\" data-end=\"941\" data-is-last-node=\"\" data-is-only-node=\"\"><span class=\"hover:entity-accent entity-underline inline cursor-pointer align-baseline\"><span class=\"whitespace-normal\">Place Saint-Louis <\/span><\/span>\u00a0conserve encore son architecture m\u00e9di\u00e9vale remarquable, avec des maisons \u00e9troites, des arcades continues et des \u00e9l\u00e9ments d\u00e9coratifs comme des cr\u00e9neaux ou des balcons Renaissance. Apr\u00e8s avoir servi de parking au XXe si\u00e8cle, elle a \u00e9t\u00e9 r\u00e9am\u00e9nag\u00e9e en zone pi\u00e9tonne en 2007 et reste un lieu embl\u00e9matique du centre historique de Metz.<\/p>\n<h3>Basilique Saint-Pierre-aux-Nonnains<\/h3>\n<figure id=\"attachment_5579\" aria-describedby=\"caption-attachment-5579\" style=\"width: 1024px\" class=\"wp-caption aligncenter\"><img data-dominant-color=\"8a8a81\" data-has-transparency=\"false\" style=\"--dominant-color: #8a8a81;\" loading=\"lazy\" decoding=\"async\" class=\"size-large wp-image-5579 not-transparent\" src=\"https:\/\/www.parisenigmes.com\/blog\/wp-content\/uploads\/2026\/04\/Metz_-_Eglise_Saint-Pierre-aux-Nonnais_-_Vue_du_cote_Est-1024x722.webp\" alt=\"Basilique Saint-Pierre-aux-Nonnains\" width=\"1024\" height=\"722\" srcset=\"https:\/\/www.parisenigmes.com\/blog\/wp-content\/uploads\/2026\/04\/Metz_-_Eglise_Saint-Pierre-aux-Nonnais_-_Vue_du_cote_Est-1024x722.webp 1024w, https:\/\/www.parisenigmes.com\/blog\/wp-content\/uploads\/2026\/04\/Metz_-_Eglise_Saint-Pierre-aux-Nonnais_-_Vue_du_cote_Est-300x212.webp 300w, https:\/\/www.parisenigmes.com\/blog\/wp-content\/uploads\/2026\/04\/Metz_-_Eglise_Saint-Pierre-aux-Nonnais_-_Vue_du_cote_Est-768x542.webp 768w, https:\/\/www.parisenigmes.com\/blog\/wp-content\/uploads\/2026\/04\/Metz_-_Eglise_Saint-Pierre-aux-Nonnais_-_Vue_du_cote_Est.webp 1280w\" sizes=\"auto, (max-width: 1024px) 100vw, 1024px\" \/><figcaption id=\"caption-attachment-5579\" class=\"wp-caption-text\">Basilique Saint-Pierre-aux-Nonnains<\/figcaption><\/figure>\n<p data-start=\"0\" data-end=\"246\"><span class=\"hover:entity-accent entity-underline inline cursor-pointer align-baseline\"><span class=\"whitespace-normal\">\u00c9glise Saint-Pierre-aux-Nonnains de Metz<\/span><\/span> est l\u2019un des plus anciens b\u00e2timents conserv\u00e9s de France. Construit \u00e0 la fin du IVe si\u00e8cle, il s\u2019agissait \u00e0 l\u2019origine d\u2019un \u00e9difice romain (probablement une palestre ou une basilique civile li\u00e9e \u00e0 des thermes).<\/p>\n<p data-start=\"248\" data-end=\"519\">Au VIIe si\u00e8cle, le b\u00e2timent est transform\u00e9 en lieu de culte chr\u00e9tien et devient une \u00e9glise rattach\u00e9e \u00e0 une abbaye b\u00e9n\u00e9dictine. Il est ensuite profond\u00e9ment modifi\u00e9 au fil du Moyen \u00c2ge : ajout d\u2019\u00e9l\u00e9ments romans vers l\u2019an 1000, puis de vo\u00fbtes gothiques aux XVe\u2013XVIe si\u00e8cles.<\/p>\n<p data-start=\"521\" data-end=\"724\">Apr\u00e8s le si\u00e8ge de Metz en 1552, une partie de l\u2019abbaye est d\u00e9truite et le b\u00e2timent est r\u00e9utilis\u00e9 \u00e0 des fins militaires (entrep\u00f4t, caserne) pendant plusieurs si\u00e8cles. Il perd alors sa fonction religieuse.<\/p>\n<p data-start=\"726\" data-end=\"992\" data-is-last-node=\"\" data-is-only-node=\"\">Au XXe si\u00e8cle, il est class\u00e9 monument historique et fait l\u2019objet de fouilles et restaurations importantes. Depuis les ann\u00e9es 1970, il est reconverti en salle de concerts et d\u2019expositions, tout en conservant ses structures antiques, m\u00e9di\u00e9vales et militaires visibles.<\/p>\n<h3>Ch\u00e2teau de Pange<\/h3>\n<figure id=\"attachment_5580\" aria-describedby=\"caption-attachment-5580\" style=\"width: 1024px\" class=\"wp-caption aligncenter\"><img data-dominant-color=\"758568\" data-has-transparency=\"false\" style=\"--dominant-color: #758568;\" loading=\"lazy\" decoding=\"async\" class=\"size-large wp-image-5580 not-transparent\" src=\"https:\/\/www.parisenigmes.com\/blog\/wp-content\/uploads\/2026\/04\/Chateau_Pange-1024x577.webp\" alt=\"Ch\u00e2teau de Pange\" width=\"1024\" height=\"577\" srcset=\"https:\/\/www.parisenigmes.com\/blog\/wp-content\/uploads\/2026\/04\/Chateau_Pange-1024x577.webp 1024w, https:\/\/www.parisenigmes.com\/blog\/wp-content\/uploads\/2026\/04\/Chateau_Pange-300x169.webp 300w, https:\/\/www.parisenigmes.com\/blog\/wp-content\/uploads\/2026\/04\/Chateau_Pange-768x433.webp 768w, https:\/\/www.parisenigmes.com\/blog\/wp-content\/uploads\/2026\/04\/Chateau_Pange.webp 1280w\" sizes=\"auto, (max-width: 1024px) 100vw, 1024px\" \/><figcaption id=\"caption-attachment-5580\" class=\"wp-caption-text\">Ch\u00e2teau de Pange<\/figcaption><\/figure>\n<p data-start=\"0\" data-end=\"173\"><span class=\"hover:entity-accent entity-underline inline cursor-pointer align-baseline\"><span class=\"whitespace-normal\">Ch\u00e2teau de Pange<\/span><\/span> est un ch\u00e2teau du XVIIIe si\u00e8cle situ\u00e9 en Moselle, construit vers 1720 dans un style classique pour Jean-Baptiste-Louis Thomas de Pange.<\/p>\n<p data-start=\"175\" data-end=\"503\">Il remplace d\u2019anciennes forteresses m\u00e9di\u00e9vales d\u00e9truites et devient une r\u00e9sidence noble li\u00e9e \u00e0 la famille de Pange, qui en est toujours propri\u00e9taire. Le domaine est associ\u00e9 \u00e0 plusieurs figures historiques et a accueilli des personnages importants comme Marie-Louise d\u2019Autriche ou encore des dirigeants pendant la guerre de 1870.<\/p>\n<p data-start=\"505\" data-end=\"838\">Architecturalement, le ch\u00e2teau est compos\u00e9 d\u2019un corps central avec fronton et de deux pavillons encadrant la fa\u00e7ade sur la Nied. Les tours d\u2019origine ont disparu au XIXe si\u00e8cle. \u00c0 l\u2019int\u00e9rieur, certaines pi\u00e8ces remarquables et \u00e9l\u00e9ments d\u00e9coratifs sont prot\u00e9g\u00e9s au titre des monuments historiques (class\u00e9 et inscrit entre 1986 et 1990).<\/p>\n<p data-start=\"840\" data-end=\"1127\">Les jardins, enti\u00e8rement r\u00e9am\u00e9nag\u00e9s en 2002 par le paysagiste Louis Benech, font partie du r\u00e9seau \u201cJardins sans Limites\u201d et sont labellis\u00e9s \u201cJardin remarquable\u201d. Ils m\u00ealent jardins \u00e0 la fran\u00e7aise, espaces contemporains et anciennes douves r\u00e9interpr\u00e9t\u00e9es avec des plantations d\u00e9coratives.<\/p>\n<p data-start=\"1129\" data-end=\"1267\" data-is-last-node=\"\" data-is-only-node=\"\">Aujourd\u2019hui, le ch\u00e2teau reste une r\u00e9sidence priv\u00e9e et un site patrimonial important, connu pour son architecture classique et ses jardins.<\/p>\n<h3>\u00c9glise Saint-Maximin<\/h3>\n<figure id=\"attachment_5581\" aria-describedby=\"caption-attachment-5581\" style=\"width: 1024px\" class=\"wp-caption aligncenter\"><img data-dominant-color=\"9c9b95\" data-has-transparency=\"false\" style=\"--dominant-color: #9c9b95;\" loading=\"lazy\" decoding=\"async\" class=\"size-large wp-image-5581 not-transparent\" src=\"https:\/\/www.parisenigmes.com\/blog\/wp-content\/uploads\/2026\/04\/Metz_-_Eglise_Saint-Maximin_-608-1024x768.webp\" alt=\"\u00c9glise Saint-Maximin\" width=\"1024\" height=\"768\" srcset=\"https:\/\/www.parisenigmes.com\/blog\/wp-content\/uploads\/2026\/04\/Metz_-_Eglise_Saint-Maximin_-608-1024x768.webp 1024w, https:\/\/www.parisenigmes.com\/blog\/wp-content\/uploads\/2026\/04\/Metz_-_Eglise_Saint-Maximin_-608-300x225.webp 300w, https:\/\/www.parisenigmes.com\/blog\/wp-content\/uploads\/2026\/04\/Metz_-_Eglise_Saint-Maximin_-608-768x576.webp 768w, https:\/\/www.parisenigmes.com\/blog\/wp-content\/uploads\/2026\/04\/Metz_-_Eglise_Saint-Maximin_-608.webp 1280w\" sizes=\"auto, (max-width: 1024px) 100vw, 1024px\" \/><figcaption id=\"caption-attachment-5581\" class=\"wp-caption-text\">\u00c9glise Saint-Maximin<\/figcaption><\/figure>\n<p data-start=\"0\" data-end=\"296\"><span class=\"hover:entity-accent entity-underline inline cursor-pointer align-baseline\"><span class=\"whitespace-normal\">\u00c9glise Saint-Maximin de Metz<\/span><\/span> est une \u00e9glise catholique situ\u00e9e \u00e0 Metz, dont la construction s\u2019\u00e9tend du XIIe si\u00e8cle jusqu\u2019au XVIIIe si\u00e8cle. Elle m\u00eale styles roman, gothique et baroque, avec des \u00e9l\u00e9ments majeurs comme le ch\u0153ur roman, une nef gothique et un portail remani\u00e9 au XVIIIe si\u00e8cle.<\/p>\n<p data-start=\"298\" data-end=\"615\">Elle est surtout connue pour ses vitraux r\u00e9alis\u00e9s \u00e0 partir des dessins de Jean Cocteau dans les ann\u00e9es 1960. Ces \u0153uvres, install\u00e9es apr\u00e8s sa mort, font partie de ses derni\u00e8res cr\u00e9ations majeures et donnent \u00e0 l\u2019\u00e9glise une forte identit\u00e9 artistique contemporaine, m\u00ealant symbolisme, mythologie et inspirations modernes.<\/p>\n<p data-start=\"617\" data-end=\"775\">L\u2019\u00e9glise abrite aussi un orgue restaur\u00e9, r\u00e9guli\u00e8rement utilis\u00e9 pour des concerts, ce qui en fait un lieu culturel important en plus de sa fonction religieuse. Class\u00e9e monument historique depuis 1923, elle reste aujourd\u2019hui une \u00e9glise paroissiale active et un site patrimonial et artistique majeur de Metz.<\/p>\n<h3>Place de la Com\u00e9die<\/h3>\n<figure id=\"attachment_5582\" aria-describedby=\"caption-attachment-5582\" style=\"width: 1024px\" class=\"wp-caption aligncenter\"><img data-dominant-color=\"848f91\" data-has-transparency=\"false\" style=\"--dominant-color: #848f91;\" loading=\"lazy\" decoding=\"async\" class=\"size-large wp-image-5582 not-transparent\" src=\"https:\/\/www.parisenigmes.com\/blog\/wp-content\/uploads\/2026\/04\/1280px-METZ_JArdin_dete_place_de_la_Comedie_1-1024x683.webp\" alt=\"Place de la Com\u00e9die\" width=\"1024\" height=\"683\" srcset=\"https:\/\/www.parisenigmes.com\/blog\/wp-content\/uploads\/2026\/04\/1280px-METZ_JArdin_dete_place_de_la_Comedie_1-1024x683.webp 1024w, https:\/\/www.parisenigmes.com\/blog\/wp-content\/uploads\/2026\/04\/1280px-METZ_JArdin_dete_place_de_la_Comedie_1-300x200.webp 300w, https:\/\/www.parisenigmes.com\/blog\/wp-content\/uploads\/2026\/04\/1280px-METZ_JArdin_dete_place_de_la_Comedie_1-768x512.webp 768w, https:\/\/www.parisenigmes.com\/blog\/wp-content\/uploads\/2026\/04\/1280px-METZ_JArdin_dete_place_de_la_Comedie_1.webp 1280w\" sizes=\"auto, (max-width: 1024px) 100vw, 1024px\" \/><figcaption id=\"caption-attachment-5582\" class=\"wp-caption-text\">Place de la Com\u00e9die<\/figcaption><\/figure>\n<p data-start=\"0\" data-end=\"204\"><span class=\"hover:entity-accent entity-underline inline cursor-pointer align-baseline\"><span class=\"whitespace-normal\">Place de la Com\u00e9die <\/span><\/span>est une place centrale de Metz, situ\u00e9e dans le centre-ville, devant l\u2019<span class=\"hover:entity-accent entity-underline inline cursor-pointer align-baseline\"><span class=\"whitespace-normal\">Temple Neuf de Metz<\/span><\/span> et \u00e0 proximit\u00e9 de l\u2019<span class=\"hover:entity-accent entity-underline inline cursor-pointer align-baseline\"><span class=\"whitespace-normal\">Op\u00e9ra-Th\u00e9\u00e2tre de Metz M\u00e9tropole<\/span><\/span>.<\/p>\n<p data-start=\"206\" data-end=\"406\">Elle est am\u00e9nag\u00e9e au XVIIIe si\u00e8cle, avec un pavage en 1732 et la construction de l\u2019op\u00e9ra entre 1738 et 1752. C\u2019est une place de style classique, rectangulaire, typique de l\u2019urbanisme de cette p\u00e9riode.<\/p>\n<p data-start=\"408\" data-end=\"590\" data-is-last-node=\"\" data-is-only-node=\"\">Aujourd\u2019hui, elle reste un espace urbain important du centre de Metz, entour\u00e9 de b\u00e2timents institutionnels et culturels, et sert de lieu de passage et de rassemblement dans la ville.<\/p>\n<h3>Palais du Gouverneur Militaire<\/h3>\n<figure id=\"attachment_5583\" aria-describedby=\"caption-attachment-5583\" style=\"width: 768px\" class=\"wp-caption aligncenter\"><img data-dominant-color=\"949490\" data-has-transparency=\"false\" style=\"--dominant-color: #949490;\" loading=\"lazy\" decoding=\"async\" class=\"size-large wp-image-5583 not-transparent\" src=\"https:\/\/www.parisenigmes.com\/blog\/wp-content\/uploads\/2026\/04\/Palais_du_Gouverneur_Metz_08-768x1024.webp\" alt=\"Palais du Gouverneur Militaire\" width=\"768\" height=\"1024\" srcset=\"https:\/\/www.parisenigmes.com\/blog\/wp-content\/uploads\/2026\/04\/Palais_du_Gouverneur_Metz_08-768x1024.webp 768w, https:\/\/www.parisenigmes.com\/blog\/wp-content\/uploads\/2026\/04\/Palais_du_Gouverneur_Metz_08-225x300.webp 225w, https:\/\/www.parisenigmes.com\/blog\/wp-content\/uploads\/2026\/04\/Palais_du_Gouverneur_Metz_08.webp 960w\" sizes=\"auto, (max-width: 768px) 100vw, 768px\" \/><figcaption id=\"caption-attachment-5583\" class=\"wp-caption-text\">Palais du Gouverneur Militaire<\/figcaption><\/figure>\n<p data-start=\"0\" data-end=\"263\">Le Palais du Gouverneur de Metz est un b\u00e2timent militaire n\u00e9o-Renaissance construit entre 1902 et 1905 \u00e0 Metz (Moselle), sous l\u2019Empire allemand, pour servir de r\u00e9sidence au commandant du XVIe corps d\u2019arm\u00e9e et de pied-\u00e0-terre \u00e0 l\u2019empereur Guillaume II.<\/p>\n<p data-start=\"265\" data-end=\"652\">\u00c9difi\u00e9 sur un site historique li\u00e9 \u00e0 l\u2019ancienne citadelle, il est con\u00e7u par l\u2019architecte Ferdinand Sch\u00f6nhals et r\u00e9alis\u00e9 par Max Stolterforth. Le b\u00e2timent en pierre de Jaumont adopte un plan en \u00ab V \u00bb et m\u00eale influences gothiques et Renaissance. Il comprend de nombreuses pi\u00e8ces (environ 30 habitables et plusieurs dizaines d\u2019espaces annexes) et des appartements imp\u00e9riaux au premier \u00e9tage.<\/p>\n<p data-start=\"654\" data-end=\"950\">Apr\u00e8s 1918, avec le retour de Metz \u00e0 la France, il devient r\u00e9sidence des autorit\u00e9s militaires fran\u00e7aises et prend le nom de palais du Gouverneur. Il est r\u00e9utilis\u00e9 par l\u2019arm\u00e9e allemande pendant la Seconde Guerre mondiale, puis redevient un centre de commandement militaire fran\u00e7ais apr\u00e8s 1945.<\/p>\n<p data-start=\"952\" data-end=\"1109\">Prot\u00e9g\u00e9 au titre des monuments historiques depuis 1975, il est aujourd\u2019hui toujours utilis\u00e9 par l\u2019arm\u00e9e fran\u00e7aise et a \u00e9t\u00e9 restaur\u00e9 dans les ann\u00e9es 1990.<\/p>\n<h3>Chapelle des Templiers de Metz<\/h3>\n<figure id=\"attachment_5584\" aria-describedby=\"caption-attachment-5584\" style=\"width: 960px\" class=\"wp-caption aligncenter\"><img data-dominant-color=\"989a8d\" data-has-transparency=\"false\" style=\"--dominant-color: #989a8d;\" loading=\"lazy\" decoding=\"async\" class=\"size-full wp-image-5584 not-transparent\" src=\"https:\/\/www.parisenigmes.com\/blog\/wp-content\/uploads\/2026\/04\/Metz_-_Chapelle_des_Templiers_-1.webp\" alt=\"Chapelle des Templiers de Metz\" width=\"960\" height=\"952\" srcset=\"https:\/\/www.parisenigmes.com\/blog\/wp-content\/uploads\/2026\/04\/Metz_-_Chapelle_des_Templiers_-1.webp 960w, https:\/\/www.parisenigmes.com\/blog\/wp-content\/uploads\/2026\/04\/Metz_-_Chapelle_des_Templiers_-1-300x298.webp 300w, https:\/\/www.parisenigmes.com\/blog\/wp-content\/uploads\/2026\/04\/Metz_-_Chapelle_des_Templiers_-1-150x150.webp 150w, https:\/\/www.parisenigmes.com\/blog\/wp-content\/uploads\/2026\/04\/Metz_-_Chapelle_des_Templiers_-1-768x762.webp 768w\" sizes=\"auto, (max-width: 960px) 100vw, 960px\" \/><figcaption id=\"caption-attachment-5584\" class=\"wp-caption-text\">Chapelle des Templiers de Metz<\/figcaption><\/figure>\n<p data-start=\"0\" data-end=\"207\">La chapelle des Templiers de Metz est un \u00e9difice religieux du XIIe\u2013XIIIe si\u00e8cle situ\u00e9 dans le quartier de l\u2019Arsenal \u00e0 Metz. Elle constitue le dernier vestige d\u2019une ancienne commanderie templi\u00e8re.<\/p>\n<p data-start=\"209\" data-end=\"579\">Construite entre 1180 et 1220, elle adopte un plan octogonal central, rare en Lorraine, typique de l\u2019architecture templi\u00e8re inspir\u00e9e du Saint-S\u00e9pulcre. Son style est \u00e0 la transition entre roman et gothique. \u00c0 l\u2019int\u00e9rieur, on trouve des vo\u00fbtes sur crois\u00e9es d\u2019ogives, des chapiteaux sculpt\u00e9s et des fresques m\u00e9di\u00e9vales du XIVe si\u00e8cle, partiellement restaur\u00e9es.<\/p>\n<p data-start=\"581\" data-end=\"848\">Apr\u00e8s la dissolution de l\u2019ordre du Temple en 1312, le site passe aux Hospitaliers. L\u2019\u00e9difice survit \u00e0 de nombreuses transformations : d\u00e9p\u00f4t militaire au XVIe si\u00e8cle, station de t\u00e9l\u00e9graphie sous l\u2019Empire allemand, restaurations successives aux XIXe et XXe si\u00e8cles.<\/p>\n<p data-start=\"850\" data-end=\"972\">Class\u00e9e monument historique d\u00e8s 1840, la chapelle est aujourd\u2019hui restaur\u00e9e et utilis\u00e9e comme espace d\u2019exposition.<\/p>\n<h3>Clo\u00eetre des R\u00e9collets<\/h3>\n<figure id=\"attachment_5585\" aria-describedby=\"caption-attachment-5585\" style=\"width: 800px\" class=\"wp-caption aligncenter\"><img data-dominant-color=\"68604d\" data-has-transparency=\"false\" style=\"--dominant-color: #68604d;\" loading=\"lazy\" decoding=\"async\" class=\"size-full wp-image-5585 not-transparent\" src=\"https:\/\/www.parisenigmes.com\/blog\/wp-content\/uploads\/2026\/04\/Lesrecolletscloitre.webp\" alt=\"Clo\u00eetre des R\u00e9collets\" width=\"800\" height=\"600\" srcset=\"https:\/\/www.parisenigmes.com\/blog\/wp-content\/uploads\/2026\/04\/Lesrecolletscloitre.webp 800w, https:\/\/www.parisenigmes.com\/blog\/wp-content\/uploads\/2026\/04\/Lesrecolletscloitre-300x225.webp 300w, https:\/\/www.parisenigmes.com\/blog\/wp-content\/uploads\/2026\/04\/Lesrecolletscloitre-768x576.webp 768w\" sizes=\"auto, (max-width: 800px) 100vw, 800px\" \/><figcaption id=\"caption-attachment-5585\" class=\"wp-caption-text\">Clo\u00eetre des R\u00e9collets<\/figcaption><\/figure>\n<p data-start=\"0\" data-end=\"209\">Le clo\u00eetre des R\u00e9collets de Metz est un ancien couvent m\u00e9di\u00e9val situ\u00e9 dans le centre historique de Metz, aujourd\u2019hui occup\u00e9 notamment par l\u2019Institut europ\u00e9en d\u2019\u00e9cologie et les archives municipales.<\/p>\n<p data-start=\"211\" data-end=\"594\">Fond\u00e9 au XIIIe si\u00e8cle par les Cordeliers, puis occup\u00e9 \u00e0 partir de 1602 par les R\u00e9collets, l\u2019ensemble est construit principalement aux XIIIe et XIVe si\u00e8cles. Il comprend un clo\u00eetre gothique, une salle capitulaire et un jardin central avec puits. Les b\u00e2timents pr\u00e9sentent une architecture simple, avec des galeries souvent en charpente bois\u00e9e plut\u00f4t qu\u2019en vo\u00fbtes de pierre.<\/p>\n<p data-start=\"596\" data-end=\"814\">Le site conserve des \u00e9l\u00e9ments remarquables comme des pierres tombales, un gisant et des fragments de d\u00e9cor religieux, ainsi qu\u2019une peinture murale du XIVe si\u00e8cle repr\u00e9sentant l\u2019Annonciation, d\u00e9couverte en 1975.<\/p>\n<p data-start=\"816\" data-end=\"1040\">Apr\u00e8s la R\u00e9volution, le couvent conna\u00eet divers usages : occupation militaire, puis orphelinat au XIXe si\u00e8cle. Depuis 1972, il est class\u00e9 monument historique et r\u00e9utilis\u00e9 pour des fonctions culturelles et administratives.<\/p>\n<h3>Op\u00e9ra-Th\u00e9\u00e2tre de Metz<\/h3>\n<figure id=\"attachment_5587\" aria-describedby=\"caption-attachment-5587\" style=\"width: 1024px\" class=\"wp-caption aligncenter\"><img data-dominant-color=\"a29f9e\" data-has-transparency=\"false\" style=\"--dominant-color: #a29f9e;\" loading=\"lazy\" decoding=\"async\" class=\"size-large wp-image-5587 not-transparent\" src=\"https:\/\/www.parisenigmes.com\/blog\/wp-content\/uploads\/2026\/04\/Opera-theatre_de_Metz_Metz_Lorraine_France_-_panoramio-1024x680.webp\" alt=\"Op\u00e9ra-Th\u00e9\u00e2tre de Metz\" width=\"1024\" height=\"680\" srcset=\"https:\/\/www.parisenigmes.com\/blog\/wp-content\/uploads\/2026\/04\/Opera-theatre_de_Metz_Metz_Lorraine_France_-_panoramio-1024x680.webp 1024w, https:\/\/www.parisenigmes.com\/blog\/wp-content\/uploads\/2026\/04\/Opera-theatre_de_Metz_Metz_Lorraine_France_-_panoramio-300x199.webp 300w, https:\/\/www.parisenigmes.com\/blog\/wp-content\/uploads\/2026\/04\/Opera-theatre_de_Metz_Metz_Lorraine_France_-_panoramio-768x510.webp 768w, https:\/\/www.parisenigmes.com\/blog\/wp-content\/uploads\/2026\/04\/Opera-theatre_de_Metz_Metz_Lorraine_France_-_panoramio.webp 1280w\" sizes=\"auto, (max-width: 1024px) 100vw, 1024px\" \/><figcaption id=\"caption-attachment-5587\" class=\"wp-caption-text\">Op\u00e9ra-Th\u00e9\u00e2tre de Metz<\/figcaption><\/figure>\n<p data-start=\"0\" data-end=\"280\">L\u2019<a href=\"https:\/\/opera.eurometropolemetz.eu\/fr\/\">Op\u00e9ra-Th\u00e9\u00e2tre de l\u2019Eurom\u00e9tropole de Metz<\/a>, anciennement H\u00f4tel des Spectacles puis Op\u00e9ra-Th\u00e9\u00e2tre de Metz, est l\u2019un des premiers th\u00e9\u00e2tres construits en France et le plus ancien encore en activit\u00e9. Il est situ\u00e9 sur la place de la Com\u00e9die, sur l\u2019\u00eele du Petit-Saulcy, au c\u0153ur de Metz.<\/p>\n<p data-start=\"282\" data-end=\"508\">Construit entre 1738 et 1752 dans un style classique d\u2019inspiration italienne, il est con\u00e7u par l\u2019architecte Jacques Oger. Il est inaugur\u00e9 le 3 f\u00e9vrier 1752 et devient rapidement un \u00e9l\u00e9ment central du projet urbain de la ville.<\/p>\n<p data-start=\"510\" data-end=\"766\">Le b\u00e2timent a \u00e9t\u00e9 am\u00e9nag\u00e9 pour s\u2019int\u00e9grer dans un ensemble architectural harmonieux comprenant plusieurs pavillons et une place publique moderne voulue par le duc de Belle-Isle. Son p\u00e9ristyle et ses arcades ont \u00e9t\u00e9 ajout\u00e9s en 1754 pour structurer l\u2019espace.<\/p>\n<p data-start=\"768\" data-end=\"1027\">Au fil du temps, le th\u00e9\u00e2tre a connu plusieurs transformations, notamment au XIXe si\u00e8cle avec l\u2019ajout de sculptures d\u00e9coratives sur la fa\u00e7ade et l\u2019am\u00e9nagement de l\u2019int\u00e9rieur. Une fontaine monumentale a \u00e9galement \u00e9t\u00e9 install\u00e9e sur la place avant de dispara\u00eetre.<\/p>\n<p data-start=\"1029\" data-end=\"1233\">L\u2019Op\u00e9ra-Th\u00e9\u00e2tre est rest\u00e9 en activit\u00e9 sans interruption depuis son inauguration, ce qui en fait un cas unique en France. Il a accueilli de nombreux artistes c\u00e9l\u00e8bres comme Sarah Bernhardt et Jean Cocteau.<\/p>\n<p data-start=\"1235\" data-end=\"1425\" data-is-last-node=\"\" data-is-only-node=\"\">Class\u00e9 monument historique depuis 1930, il est aujourd\u2019hui g\u00e9r\u00e9 par l\u2019Eurom\u00e9tropole de Metz et propose une programmation vari\u00e9e incluant op\u00e9ras, ballets, th\u00e9\u00e2tre et cr\u00e9ations contemporaines.<\/p>\n<h2 id=\"section-2\" tabindex=\"-1\" data-start=\"590\" data-end=\"622\"><strong data-start=\"596\" data-end=\"622\">Mus\u00e9es incontournables de\u00a0<\/strong><strong data-start=\"294\" data-end=\"341\">Metz<\/strong><\/h2>\n<div class=\"ATCbm\">\n<h3 class=\"XfVdV o AIbhI\">Mus\u00e9e de La Cour d&rsquo;Or<\/h3>\n<figure id=\"attachment_5588\" aria-describedby=\"caption-attachment-5588\" style=\"width: 1024px\" class=\"wp-caption aligncenter\"><img data-dominant-color=\"725b3f\" data-has-transparency=\"false\" style=\"--dominant-color: #725b3f;\" loading=\"lazy\" decoding=\"async\" class=\"size-large wp-image-5588 not-transparent\" src=\"https:\/\/www.parisenigmes.com\/blog\/wp-content\/uploads\/2026\/04\/Metz_Moselle_-_Musee_de_La_Cour_dOr_-_Grenier_de_Chevremont_46695095784-1024x678.webp\" alt=\"Mus\u00e9e de La Cour d'Or\" width=\"1024\" height=\"678\" srcset=\"https:\/\/www.parisenigmes.com\/blog\/wp-content\/uploads\/2026\/04\/Metz_Moselle_-_Musee_de_La_Cour_dOr_-_Grenier_de_Chevremont_46695095784-1024x678.webp 1024w, https:\/\/www.parisenigmes.com\/blog\/wp-content\/uploads\/2026\/04\/Metz_Moselle_-_Musee_de_La_Cour_dOr_-_Grenier_de_Chevremont_46695095784-300x199.webp 300w, https:\/\/www.parisenigmes.com\/blog\/wp-content\/uploads\/2026\/04\/Metz_Moselle_-_Musee_de_La_Cour_dOr_-_Grenier_de_Chevremont_46695095784-768x509.webp 768w, https:\/\/www.parisenigmes.com\/blog\/wp-content\/uploads\/2026\/04\/Metz_Moselle_-_Musee_de_La_Cour_dOr_-_Grenier_de_Chevremont_46695095784.webp 1280w\" sizes=\"auto, (max-width: 1024px) 100vw, 1024px\" \/><figcaption id=\"caption-attachment-5588\" class=\"wp-caption-text\">Mus\u00e9e de La Cour d&rsquo;Or<\/figcaption><\/figure>\n<p data-start=\"0\" data-end=\"180\">Le <a href=\"https:\/\/musee.eurometropolemetz.eu\/fr\/\">mus\u00e9e de La Cour d\u2019Or<\/a> est un mus\u00e9e d\u2019art et d\u2019histoire situ\u00e9 au centre de Metz. Fond\u00e9 en 1839, il est install\u00e9 sur un site historique li\u00e9 \u00e0 l\u2019ancien palais des rois d\u2019Austrasie.<\/p>\n<p data-start=\"182\" data-end=\"406\">Le mus\u00e9e rassemble plusieurs disciplines dans un m\u00eame ensemble : arch\u00e9ologie, architecture et beaux-arts. Il poss\u00e8de d\u2019importantes collections gallo-romaines et m\u00e9di\u00e9vales, ainsi que des \u0153uvres allant du XVIIe au XXe si\u00e8cle.<\/p>\n<p data-start=\"408\" data-end=\"591\">Le b\u00e2timent lui-m\u00eame est remarquable, car il int\u00e8gre des vestiges anciens directement dans son parcours, comme des thermes romains, un grenier gothique ou encore une chapelle baroque.<\/p>\n<p data-start=\"593\" data-end=\"762\">Au fil du temps, le mus\u00e9e s\u2019est agrandi et modernis\u00e9, notamment au XXe si\u00e8cle avec la cr\u00e9ation d\u2019un nouveau parcours mus\u00e9ographique et plusieurs r\u00e9novations importantes.<\/p>\n<div>\n<div class=\"ATCbm\">\n<h3 class=\"XfVdV o AIbhI\">Centre Pompidou-Metz<\/h3>\n<figure id=\"attachment_5589\" aria-describedby=\"caption-attachment-5589\" style=\"width: 1024px\" class=\"wp-caption aligncenter\"><img data-dominant-color=\"5f7993\" data-has-transparency=\"false\" style=\"--dominant-color: #5f7993;\" loading=\"lazy\" decoding=\"async\" class=\"size-large wp-image-5589 not-transparent\" src=\"https:\/\/www.parisenigmes.com\/blog\/wp-content\/uploads\/2026\/04\/4913713833_d2d7aaa7ef_h-1024x725.webp\" alt=\"Centre Pompidou-Metz\" width=\"1024\" height=\"725\" srcset=\"https:\/\/www.parisenigmes.com\/blog\/wp-content\/uploads\/2026\/04\/4913713833_d2d7aaa7ef_h-1024x725.webp 1024w, https:\/\/www.parisenigmes.com\/blog\/wp-content\/uploads\/2026\/04\/4913713833_d2d7aaa7ef_h-300x212.webp 300w, https:\/\/www.parisenigmes.com\/blog\/wp-content\/uploads\/2026\/04\/4913713833_d2d7aaa7ef_h-768x544.webp 768w, https:\/\/www.parisenigmes.com\/blog\/wp-content\/uploads\/2026\/04\/4913713833_d2d7aaa7ef_h-1536x1087.webp 1536w, https:\/\/www.parisenigmes.com\/blog\/wp-content\/uploads\/2026\/04\/4913713833_d2d7aaa7ef_h.webp 1599w\" sizes=\"auto, (max-width: 1024px) 100vw, 1024px\" \/><figcaption id=\"caption-attachment-5589\" class=\"wp-caption-text\">Centre Pompidou-Metz<\/figcaption><\/figure>\n<p data-start=\"0\" data-end=\"252\">Le <a href=\"https:\/\/www.centrepompidou-metz.fr\/fr\"><span class=\"hover:entity-accent entity-underline inline cursor-pointer align-baseline\"><span class=\"whitespace-normal\">Centre Pompidou-Metz<\/span><\/span><\/a> est un mus\u00e9e d\u2019art moderne et contemporain situ\u00e9 \u00e0 Metz, en France, ouvert en 2010. Il s\u2019agit de la premi\u00e8re d\u00e9centralisation d\u2019un grand \u00e9tablissement culturel parisien, en lien avec le Centre Pompidou de Paris.<\/p>\n<p data-start=\"254\" data-end=\"550\">Con\u00e7u par les architectes Shigeru Ban, Jean de Gastines et Philip Gumuchdjian, le b\u00e2timent se distingue par son architecture innovante, notamment sa grande toiture en bois inspir\u00e9e d\u2019un chapeau traditionnel chinois. Il est situ\u00e9 dans le quartier de l\u2019Amphith\u00e9\u00e2tre, \u00e0 proximit\u00e9 de la gare de Metz.<\/p>\n<p data-start=\"552\" data-end=\"796\">Le mus\u00e9e propose des expositions temporaires vari\u00e9es autour de l\u2019art moderne et contemporain, issues de la collection du Centre Pompidou et de pr\u00eats internationaux. Il renouvelle r\u00e9guli\u00e8rement sa programmation avec plusieurs expositions par an.<\/p>\n<p data-start=\"798\" data-end=\"994\">Le Centre Pompidou-Metz est devenu l\u2019un des mus\u00e9es les plus fr\u00e9quent\u00e9s hors de Paris, attirant un large public fran\u00e7ais et international gr\u00e2ce \u00e0 sa programmation et \u00e0 son architecture remarquable.<\/p>\n<div>\n<h3 class=\"entry-title\">Mus\u00e9e de la Guerre de 1870 et de l\u2019Annexion<\/h3>\n<figure id=\"attachment_5590\" aria-describedby=\"caption-attachment-5590\" style=\"width: 1024px\" class=\"wp-caption aligncenter\"><img data-dominant-color=\"6d6d67\" data-has-transparency=\"false\" style=\"--dominant-color: #6d6d67;\" loading=\"lazy\" decoding=\"async\" class=\"size-large wp-image-5590 not-transparent\" src=\"https:\/\/www.parisenigmes.com\/blog\/wp-content\/uploads\/2026\/04\/Musee_de_la_Guerre_de_1870_et_de_lAnnexion_egalement_musee_de_Gravelotte-1024x551.webp\" alt=\"Mus\u00e9e de la Guerre de 1870 et de l\u2019Annexion\" width=\"1024\" height=\"551\" srcset=\"https:\/\/www.parisenigmes.com\/blog\/wp-content\/uploads\/2026\/04\/Musee_de_la_Guerre_de_1870_et_de_lAnnexion_egalement_musee_de_Gravelotte-1024x551.webp 1024w, https:\/\/www.parisenigmes.com\/blog\/wp-content\/uploads\/2026\/04\/Musee_de_la_Guerre_de_1870_et_de_lAnnexion_egalement_musee_de_Gravelotte-300x161.webp 300w, https:\/\/www.parisenigmes.com\/blog\/wp-content\/uploads\/2026\/04\/Musee_de_la_Guerre_de_1870_et_de_lAnnexion_egalement_musee_de_Gravelotte-768x413.webp 768w, https:\/\/www.parisenigmes.com\/blog\/wp-content\/uploads\/2026\/04\/Musee_de_la_Guerre_de_1870_et_de_lAnnexion_egalement_musee_de_Gravelotte.webp 1280w\" sizes=\"auto, (max-width: 1024px) 100vw, 1024px\" \/><figcaption id=\"caption-attachment-5590\" class=\"wp-caption-text\">Mus\u00e9e de la Guerre de 1870 et de l\u2019Annexion<\/figcaption><\/figure>\n<p data-start=\"0\" data-end=\"353\">Le <a href=\"https:\/\/moselle-culture.fr\/site\/musee-de-la-guerre-de-1870-et-de-lannexion\/\"><span class=\"hover:entity-accent entity-underline inline cursor-pointer align-baseline\"><span class=\"whitespace-normal\">Mus\u00e9e de la Guerre de 1870 et de l\u2019Annexion<\/span><\/span><\/a>, situ\u00e9 \u00e0 Gravelotte en Moselle \u00e0 proximit\u00e9 de Metz, est un mus\u00e9e consacr\u00e9 \u00e0 la guerre franco-prussienne de 1870 et \u00e0 ses cons\u00e9quences, notamment l\u2019annexion de l\u2019Alsace-Moselle par l\u2019Empire allemand. Install\u00e9 \u00e0 proximit\u00e9 des anciens champs de bataille, il permet de mieux comprendre cet \u00e9pisode majeur de l\u2019histoire franco-allemande.<\/p>\n<p data-start=\"355\" data-end=\"576\">Le site actuel a \u00e9t\u00e9 inaugur\u00e9 en 2014 dans un b\u00e2timent moderne con\u00e7u par l\u2019architecte Bruno Mader. Il remplace un ancien mus\u00e9e plus ancien, cr\u00e9\u00e9 au XIXe si\u00e8cle et plusieurs fois d\u00e9truit et reconstruit au fil des conflits.<\/p>\n<p data-start=\"578\" data-end=\"846\">Le mus\u00e9e pr\u00e9sente des collections vari\u00e9es comprenant objets militaires, peintures, sculptures et documents historiques, illustrant la violence des combats et la m\u00e9moire de cette guerre. Il met \u00e9galement en lumi\u00e8re les cons\u00e9quences politiques et humaines de l\u2019annexion.<\/p>\n<h2 id=\"section-3\" tabindex=\"-1\" data-start=\"1042\" data-end=\"1085\"><strong data-start=\"1048\" data-end=\"1085\">Parcs et espaces verts de\u00a0<\/strong><strong data-start=\"294\" data-end=\"341\">Metz<\/strong><\/h2>\n<div class=\"ATCbm\">\n<div>\n<div class=\"ATCbm\">\n<h3 class=\"XfVdV o AIbhI\">L&rsquo;Esplanade<\/h3>\n<figure id=\"attachment_5591\" aria-describedby=\"caption-attachment-5591\" style=\"width: 1024px\" class=\"wp-caption aligncenter\"><img data-dominant-color=\"909c8d\" data-has-transparency=\"false\" style=\"--dominant-color: #909c8d;\" loading=\"lazy\" decoding=\"async\" class=\"size-large wp-image-5591 not-transparent\" src=\"https:\/\/www.parisenigmes.com\/blog\/wp-content\/uploads\/2026\/04\/Esplanade-metz-1024x682.webp\" alt=\"L'Esplanade\" width=\"1024\" height=\"682\" srcset=\"https:\/\/www.parisenigmes.com\/blog\/wp-content\/uploads\/2026\/04\/Esplanade-metz-1024x682.webp 1024w, https:\/\/www.parisenigmes.com\/blog\/wp-content\/uploads\/2026\/04\/Esplanade-metz-300x200.webp 300w, https:\/\/www.parisenigmes.com\/blog\/wp-content\/uploads\/2026\/04\/Esplanade-metz-768x512.webp 768w, https:\/\/www.parisenigmes.com\/blog\/wp-content\/uploads\/2026\/04\/Esplanade-metz.webp 1280w\" sizes=\"auto, (max-width: 1024px) 100vw, 1024px\" \/><figcaption id=\"caption-attachment-5591\" class=\"wp-caption-text\">L&rsquo;Esplanade<\/figcaption><\/figure>\n<div>\n<p data-start=\"0\" data-end=\"280\">L\u2019Esplanade de Metz est un jardin public historique situ\u00e9 au c\u0153ur de la ville, offrant un vaste espace de promenade bord\u00e9 d\u2019arbres et de monuments. Cr\u00e9\u00e9e au XIX\u1d49 si\u00e8cle sur d\u2019anciens foss\u00e9s de citadelle, elle constitue aujourd\u2019hui un lieu embl\u00e9matique de d\u00e9tente et de patrimoine.<\/p>\n<p data-start=\"282\" data-end=\"498\">Le jardin est structur\u00e9 autour d\u2019all\u00e9es de tilleuls et de marronniers, avec un bassin central orn\u00e9 d\u2019un jet d\u2019eau. Il est \u00e9galement connu pour ses nombreuses sculptures, r\u00e9alis\u00e9es par des artistes de l\u2019\u00c9cole de Metz.<\/p>\n<p data-start=\"500\" data-end=\"667\">Parmi les \u0153uvres les plus c\u00e9l\u00e8bres figurent le Monument au mar\u00e9chal Ney, la statue de la Na\u00efade, le Cheval de bronze, le Poilu lib\u00e9rateur et le buste de Paul Verlaine.<\/p>\n<p data-start=\"669\" data-end=\"872\">L\u2019Esplanade a \u00e9galement une forte dimension historique, ayant accueilli des \u00e9v\u00e9nements marquants comme une partie de l\u2019Exposition universelle de 1861 et diverses transformations urbaines au fil du temps.<\/p>\n<\/div>\n<div>\n<div class=\"ATCbm\">\n<h3 class=\"XfVdV o AIbhI\"><strong data-start=\"4\" data-end=\"31\">Jardins Jean-Marie-Pelt<\/strong><\/h3>\n<figure id=\"attachment_5592\" aria-describedby=\"caption-attachment-5592\" style=\"width: 1024px\" class=\"wp-caption aligncenter\"><img data-dominant-color=\"6a8491\" data-has-transparency=\"false\" style=\"--dominant-color: #6a8491;\" loading=\"lazy\" decoding=\"async\" class=\"size-large wp-image-5592 not-transparent\" src=\"https:\/\/www.parisenigmes.com\/blog\/wp-content\/uploads\/2026\/04\/Parc_de_la_Seille_-_Metz_-_Nord-1024x682.webp\" alt=\"Jardins Jean-Marie-Pelt\" width=\"1024\" height=\"682\" srcset=\"https:\/\/www.parisenigmes.com\/blog\/wp-content\/uploads\/2026\/04\/Parc_de_la_Seille_-_Metz_-_Nord-1024x682.webp 1024w, https:\/\/www.parisenigmes.com\/blog\/wp-content\/uploads\/2026\/04\/Parc_de_la_Seille_-_Metz_-_Nord-300x200.webp 300w, https:\/\/www.parisenigmes.com\/blog\/wp-content\/uploads\/2026\/04\/Parc_de_la_Seille_-_Metz_-_Nord-768x512.webp 768w, https:\/\/www.parisenigmes.com\/blog\/wp-content\/uploads\/2026\/04\/Parc_de_la_Seille_-_Metz_-_Nord.webp 1280w\" sizes=\"auto, (max-width: 1024px) 100vw, 1024px\" \/><figcaption id=\"caption-attachment-5592\" class=\"wp-caption-text\">Jardins Jean-Marie-Pelt<\/figcaption><\/figure>\n<p data-start=\"0\" data-end=\"188\">Les <strong data-start=\"4\" data-end=\"31\">Jardins Jean-Marie-Pelt<\/strong> (anciennement parc de la Seille) sont un grand parc urbain de Metz, inaugur\u00e9 en 2002 et situ\u00e9 pr\u00e8s du quartier de l\u2019Amphith\u00e9\u00e2tre et du centre Pompidou-Metz.<\/p>\n<p data-start=\"190\" data-end=\"446\">Ce parc de 20 hectares a \u00e9t\u00e9 con\u00e7u de mani\u00e8re \u00e9cologique, avec une gestion naturelle de l\u2019eau, des mat\u00e9riaux recycl\u00e9s et une forte int\u00e9gration de la biodiversit\u00e9. Il comprend des prairies, collines, bassins et zones humides favorisant la faune et la flore.<\/p>\n<p data-start=\"448\" data-end=\"610\">On y trouve de nombreux sentiers, pistes cyclables, aires de jeux et \u00e9quipements sportifs, ce qui en fait un lieu tr\u00e8s fr\u00e9quent\u00e9 pour la promenade et les loisirs.<\/p>\n<p data-start=\"612\" data-end=\"837\">Le parc abrite aussi des \u0153uvres d\u2019art contemporaines, comme <strong data-start=\"672\" data-end=\"695\">Tremblement de ciel<\/strong> ou <strong data-start=\"699\" data-end=\"714\">Lib\u00e9razione<\/strong>, ainsi que des \u00e9v\u00e9nements culturels importants, notamment des concerts et feux d\u2019artifice lors de la f\u00eate de la Mirabelle.<\/p>\n<p data-start=\"839\" data-end=\"990\" data-is-last-node=\"\" data-is-only-node=\"\">Renomm\u00e9 en 2016 en hommage au botaniste Jean-Marie Pelt, il est aujourd\u2019hui un espace vert majeur m\u00ealant nature, culture et activit\u00e9s sportives \u00e0 Metz.<\/p>\n<h3>Jardin botanique de Metz<\/h3>\n<figure id=\"attachment_5593\" aria-describedby=\"caption-attachment-5593\" style=\"width: 1024px\" class=\"wp-caption aligncenter\"><img data-dominant-color=\"6b7b75\" data-has-transparency=\"false\" style=\"--dominant-color: #6b7b75;\" loading=\"lazy\" decoding=\"async\" class=\"size-large wp-image-5593 not-transparent\" src=\"https:\/\/www.parisenigmes.com\/blog\/wp-content\/uploads\/2026\/04\/1280px-Serre_du_jardin_botanique_de_Metz-1024x768.webp\" alt=\"Jardin botanique de Metz\" width=\"1024\" height=\"768\" srcset=\"https:\/\/www.parisenigmes.com\/blog\/wp-content\/uploads\/2026\/04\/1280px-Serre_du_jardin_botanique_de_Metz-1024x768.webp 1024w, https:\/\/www.parisenigmes.com\/blog\/wp-content\/uploads\/2026\/04\/1280px-Serre_du_jardin_botanique_de_Metz-300x225.webp 300w, https:\/\/www.parisenigmes.com\/blog\/wp-content\/uploads\/2026\/04\/1280px-Serre_du_jardin_botanique_de_Metz-768x576.webp 768w, https:\/\/www.parisenigmes.com\/blog\/wp-content\/uploads\/2026\/04\/1280px-Serre_du_jardin_botanique_de_Metz.webp 1280w\" sizes=\"auto, (max-width: 1024px) 100vw, 1024px\" \/><figcaption id=\"caption-attachment-5593\" class=\"wp-caption-text\">Jardin botanique de Metz<\/figcaption><\/figure>\n<p data-start=\"61\" data-end=\"308\">Le jardin botanique de Metz, anciennement appel\u00e9 parc Frescatelly, est un espace vert de 4,4 hectares situ\u00e9 \u00e0 Montigny-l\u00e8s-Metz. Acquis par la ville en 1866, il est aujourd\u2019hui un lieu majeur de promenade et de d\u00e9couverte botanique dans la r\u00e9gion.<\/p>\n<p data-start=\"310\" data-end=\"618\">Am\u00e9nag\u00e9 \u00e0 partir de 1867, le parc associe un jardin \u00e0 l\u2019anglaise, un jardin \u00e0 la fran\u00e7aise et des espaces plus modernes. Il accueille de nombreuses esp\u00e8ces v\u00e9g\u00e9tales remarquables, dont des arbres centenaires et exotiques, ainsi que des serres abritant des milliers de plantes tropicales, cactus et orchid\u00e9es.<\/p>\n<p data-start=\"620\" data-end=\"831\">Le jardin poss\u00e8de \u00e9galement plusieurs bassins, des sculptures en bronze et un riche patrimoine paysager. Il fait partie du r\u00e9seau des \u00ab Jardins sans limites \u00bb et est reconnu pour son r\u00f4le \u00e9cologique et \u00e9ducatif.<\/p>\n<h2 id=\"section-4\" tabindex=\"-1\" data-start=\"1294\" data-end=\"1340\"><strong data-start=\"1300\" data-end=\"1340\">Gastronomie et sp\u00e9cialit\u00e9s de <\/strong><strong data-start=\"294\" data-end=\"341\">Metz<\/strong><\/h2>\n<h3>\u00a0La quiche lorraine<\/h3>\n<figure id=\"attachment_5594\" aria-describedby=\"caption-attachment-5594\" style=\"width: 1024px\" class=\"wp-caption aligncenter\"><img data-dominant-color=\"a7956f\" data-has-transparency=\"false\" style=\"--dominant-color: #a7956f;\" loading=\"lazy\" decoding=\"async\" class=\"size-large wp-image-5594 not-transparent\" src=\"https:\/\/www.parisenigmes.com\/blog\/wp-content\/uploads\/2026\/04\/Quiche_lorraine_04-1-1024x768.webp\" alt=\"\u00a0La quiche lorraine\" width=\"1024\" height=\"768\" srcset=\"https:\/\/www.parisenigmes.com\/blog\/wp-content\/uploads\/2026\/04\/Quiche_lorraine_04-1-1024x768.webp 1024w, https:\/\/www.parisenigmes.com\/blog\/wp-content\/uploads\/2026\/04\/Quiche_lorraine_04-1-300x225.webp 300w, https:\/\/www.parisenigmes.com\/blog\/wp-content\/uploads\/2026\/04\/Quiche_lorraine_04-1-768x576.webp 768w, https:\/\/www.parisenigmes.com\/blog\/wp-content\/uploads\/2026\/04\/Quiche_lorraine_04-1.webp 1280w\" sizes=\"auto, (max-width: 1024px) 100vw, 1024px\" \/><figcaption id=\"caption-attachment-5594\" class=\"wp-caption-text\">La quiche lorraine<\/figcaption><\/figure>\n<p data-start=\"52\" data-end=\"298\">La quiche lorraine est une sp\u00e9cialit\u00e9 culinaire traditionnelle originaire de Lorraine, en France. Il s\u2019agit d\u2019une tarte sal\u00e9e compos\u00e9e d\u2019une p\u00e2te bris\u00e9e garnie d\u2019un m\u00e9lange appel\u00e9 \u00ab migaine \u00bb (\u0153ufs et cr\u00e8me fra\u00eeche), auquel on ajoute des lardons.<\/p>\n<p data-start=\"300\" data-end=\"647\">\u00c0 l\u2019origine, la quiche \u00e9tait un plat simple et rustique, pr\u00e9par\u00e9 lors de la cuisson du pain dans les fours communaux. Sa recette a \u00e9volu\u00e9 au XIXe si\u00e8cle, en devenant plus riche et plus \u00e9paisse, notamment avec l\u2019ajout de lard. Aujourd\u2019hui, elle est consomm\u00e9e chaude ou froide, en entr\u00e9e, en plat principal accompagn\u00e9e d\u2019une salade, ou \u00e0 l\u2019ap\u00e9ritif.<\/p>\n<p data-start=\"649\" data-end=\"927\">La quiche lorraine conna\u00eet de nombreuses variantes modernes, int\u00e9grant parfois fromage, l\u00e9gumes ou autres ingr\u00e9dients.<\/p>\n<h3>Le p\u00e2t\u00e9 lorrain<\/h3>\n<figure id=\"attachment_5595\" aria-describedby=\"caption-attachment-5595\" style=\"width: 1024px\" class=\"wp-caption aligncenter\"><img data-dominant-color=\"b18961\" data-has-transparency=\"false\" style=\"--dominant-color: #b18961;\" loading=\"lazy\" decoding=\"async\" class=\"size-large wp-image-5595 not-transparent\" src=\"https:\/\/www.parisenigmes.com\/blog\/wp-content\/uploads\/2026\/04\/Pate_lorrain-1024x576.webp\" alt=\"Le p\u00e2t\u00e9 lorrain\" width=\"1024\" height=\"576\" srcset=\"https:\/\/www.parisenigmes.com\/blog\/wp-content\/uploads\/2026\/04\/Pate_lorrain-1024x576.webp 1024w, https:\/\/www.parisenigmes.com\/blog\/wp-content\/uploads\/2026\/04\/Pate_lorrain-300x169.webp 300w, https:\/\/www.parisenigmes.com\/blog\/wp-content\/uploads\/2026\/04\/Pate_lorrain-768x432.webp 768w, https:\/\/www.parisenigmes.com\/blog\/wp-content\/uploads\/2026\/04\/Pate_lorrain.webp 1280w\" sizes=\"auto, (max-width: 1024px) 100vw, 1024px\" \/><figcaption id=\"caption-attachment-5595\" class=\"wp-caption-text\">Le p\u00e2t\u00e9 lorrain<\/figcaption><\/figure>\n<p data-start=\"0\" data-end=\"170\">Le p\u00e2t\u00e9 lorrain est une sp\u00e9cialit\u00e9 traditionnelle de la cuisine lorraine, compos\u00e9e de viande de porc et de veau marin\u00e9e au vin blanc, puis cuite dans une p\u00e2te feuillet\u00e9e. Il est originaire du Moyen \u00c2ge et reste aujourd\u2019hui un plat embl\u00e9matique de l\u2019Est de la France.<\/p>\n<p data-start=\"269\" data-end=\"342\">Servi chaud en entr\u00e9e, il est g\u00e9n\u00e9ralement accompagn\u00e9 d\u2019une salade verte. Certaines variantes utilisent du vin rouge ou s\u2019adaptent en tourte lorraine.<\/p>\n<h3>Les macarons de Nancy<\/h3>\n<figure id=\"attachment_5596\" aria-describedby=\"caption-attachment-5596\" style=\"width: 1024px\" class=\"wp-caption aligncenter\"><img data-dominant-color=\"8c8487\" data-has-transparency=\"false\" style=\"--dominant-color: #8c8487;\" loading=\"lazy\" decoding=\"async\" class=\"size-large wp-image-5596 not-transparent\" src=\"https:\/\/www.parisenigmes.com\/blog\/wp-content\/uploads\/2026\/04\/Macaron_de_Nancy_-_IMG_2841-1-1024x768.webp\" alt=\"Les macarons de Nancy\" width=\"1024\" height=\"768\" srcset=\"https:\/\/www.parisenigmes.com\/blog\/wp-content\/uploads\/2026\/04\/Macaron_de_Nancy_-_IMG_2841-1-1024x768.webp 1024w, https:\/\/www.parisenigmes.com\/blog\/wp-content\/uploads\/2026\/04\/Macaron_de_Nancy_-_IMG_2841-1-300x225.webp 300w, https:\/\/www.parisenigmes.com\/blog\/wp-content\/uploads\/2026\/04\/Macaron_de_Nancy_-_IMG_2841-1-768x576.webp 768w, https:\/\/www.parisenigmes.com\/blog\/wp-content\/uploads\/2026\/04\/Macaron_de_Nancy_-_IMG_2841-1.webp 1280w\" sizes=\"auto, (max-width: 1024px) 100vw, 1024px\" \/><figcaption id=\"caption-attachment-5596\" class=\"wp-caption-text\">Les macarons de Nancy<\/figcaption><\/figure>\n<p data-start=\"0\" data-end=\"150\">Le <strong data-start=\"3\" data-end=\"23\">macaron de Nancy<\/strong> est un biscuit traditionnel de Lorraine, apparu au XVIII\u1d49 si\u00e8cle. Il est fait d\u2019amandes, de sucre glace et de blancs d\u2019\u0153ufs. Devenu tr\u00e8s populaire au XIX\u1d49 si\u00e8cle, il est fabriqu\u00e9 par plusieurs maisons p\u00e2tissi\u00e8res, souvent vendues \u00e0 la douzaine. Sa recette reste simple mais chaque fabricant garde ses proportions et son savoir-faire secrets.<\/p>\n<h2 id=\"section-5\" data-start=\"1627\" data-end=\"1869\">Excursions depuis\u00a0<strong data-start=\"294\" data-end=\"341\">Metz<\/strong><\/h2>\n<h3>Nancy<\/h3>\n<figure id=\"attachment_1500\" aria-describedby=\"caption-attachment-1500\" style=\"width: 1024px\" class=\"wp-caption aligncenter\"><img data-dominant-color=\"778998\" data-has-transparency=\"false\" style=\"--dominant-color: #778998;\" loading=\"lazy\" decoding=\"async\" class=\"size-large wp-image-1500 not-transparent\" src=\"https:\/\/www.parisenigmes.com\/blog\/wp-content\/uploads\/2025\/11\/1080px-Palais_du_Gouvernement_Nancy-1024x683.webp\" alt=\"Palais du Gouvernement Nancy\" width=\"1024\" height=\"683\" srcset=\"https:\/\/www.parisenigmes.com\/blog\/wp-content\/uploads\/2025\/11\/1080px-Palais_du_Gouvernement_Nancy-1024x683.webp 1024w, https:\/\/www.parisenigmes.com\/blog\/wp-content\/uploads\/2025\/11\/1080px-Palais_du_Gouvernement_Nancy-300x200.webp 300w, https:\/\/www.parisenigmes.com\/blog\/wp-content\/uploads\/2025\/11\/1080px-Palais_du_Gouvernement_Nancy-768x512.webp 768w, https:\/\/www.parisenigmes.com\/blog\/wp-content\/uploads\/2025\/11\/1080px-Palais_du_Gouvernement_Nancy.webp 1080w\" sizes=\"auto, (max-width: 1024px) 100vw, 1024px\" \/><figcaption id=\"caption-attachment-1500\" class=\"wp-caption-text\">Palais du Gouvernement Nancy<\/figcaption><\/figure>\n<p>Nancy est c\u00e9l\u00e8bre pour la magnifique <strong data-start=\"166\" data-end=\"185\">place Stanislas<\/strong>, class\u00e9e au patrimoine mondial de l\u2019UNESCO. Cette place est entour\u00e9e de b\u00e2timents \u00e9l\u00e9gants datant du XVIIIe si\u00e8cle et de grilles dor\u00e9es remarquables.<\/p>\n<p>Nancy poss\u00e8de aussi un centre-ville agr\u00e9able avec des rues anciennes et de nombreux monuments. La ville est un haut lieu de l\u2019Art nouveau, visible dans ses b\u00e2timents et mus\u00e9es comme le mus\u00e9e de l\u2019\u00c9cole de Nancy.<\/p>\n<p>On peut \u00e9galement y d\u00e9couvrir la cath\u00e9drale Notre-Dame-de-l\u2019Annonciation et le palais ducal. Nancy est une ville vivante, avec des parcs, des caf\u00e9s et une ambiance \u00e9tudiante dynamique.<\/p>\n<h3 id=\"rodemack-la-petite-carcassonne-lorraine\" data-pm-slice=\"1 1 []\">Rodemack<\/h3>\n<figure id=\"attachment_5597\" aria-describedby=\"caption-attachment-5597\" style=\"width: 1024px\" class=\"wp-caption aligncenter\"><img data-dominant-color=\"9d9690\" data-has-transparency=\"false\" style=\"--dominant-color: #9d9690;\" loading=\"lazy\" decoding=\"async\" class=\"size-large wp-image-5597 not-transparent\" src=\"https:\/\/www.parisenigmes.com\/blog\/wp-content\/uploads\/2026\/04\/1280px-Moselle_Rodemack_fortifications_porte-1024x768.webp\" alt=\"Rodemack\" width=\"1024\" height=\"768\" srcset=\"https:\/\/www.parisenigmes.com\/blog\/wp-content\/uploads\/2026\/04\/1280px-Moselle_Rodemack_fortifications_porte-1024x768.webp 1024w, https:\/\/www.parisenigmes.com\/blog\/wp-content\/uploads\/2026\/04\/1280px-Moselle_Rodemack_fortifications_porte-300x225.webp 300w, https:\/\/www.parisenigmes.com\/blog\/wp-content\/uploads\/2026\/04\/1280px-Moselle_Rodemack_fortifications_porte-768x576.webp 768w, https:\/\/www.parisenigmes.com\/blog\/wp-content\/uploads\/2026\/04\/1280px-Moselle_Rodemack_fortifications_porte.webp 1280w\" sizes=\"auto, (max-width: 1024px) 100vw, 1024px\" \/><figcaption id=\"caption-attachment-5597\" class=\"wp-caption-text\">Rodemack<\/figcaption><\/figure>\n<p>Rodemack se trouve pr\u00e8s des fronti\u00e8res du Luxembourg et de l\u2019Allemagne. Ce village est class\u00e9 parmi les <strong data-start=\"242\" data-end=\"275\">Plus Beaux Villages de France<\/strong>. Rodemack est surnomm\u00e9 la <strong data-start=\"342\" data-end=\"377\">\u00ab petite Carcassonne lorraine \u00bb<\/strong> gr\u00e2ce \u00e0 ses remparts m\u00e9di\u00e9vaux. Ces fortifications entourent encore le village sur environ 700 m\u00e8tres.<\/p>\n<p>On peut y d\u00e9couvrir des ruelles anciennes, une porte fortifi\u00e9e et des vestiges de ch\u00e2teau. Le village poss\u00e8de une ambiance m\u00e9di\u00e9vale tr\u00e8s bien conserv\u00e9e et calme.<\/p>\n<h3>Luxembourg<\/h3>\n<figure id=\"attachment_5598\" aria-describedby=\"caption-attachment-5598\" style=\"width: 1024px\" class=\"wp-caption aligncenter\"><img data-dominant-color=\"948d82\" data-has-transparency=\"false\" style=\"--dominant-color: #948d82;\" loading=\"lazy\" decoding=\"async\" class=\"size-large wp-image-5598 not-transparent\" src=\"https:\/\/www.parisenigmes.com\/blog\/wp-content\/uploads\/2026\/04\/Luxembourg_vue_sur_place_de_Metz_102-1024x576.webp\" alt=\"Luxembourg vue sur place de Metz\" width=\"1024\" height=\"576\" srcset=\"https:\/\/www.parisenigmes.com\/blog\/wp-content\/uploads\/2026\/04\/Luxembourg_vue_sur_place_de_Metz_102-1024x576.webp 1024w, https:\/\/www.parisenigmes.com\/blog\/wp-content\/uploads\/2026\/04\/Luxembourg_vue_sur_place_de_Metz_102-300x169.webp 300w, https:\/\/www.parisenigmes.com\/blog\/wp-content\/uploads\/2026\/04\/Luxembourg_vue_sur_place_de_Metz_102-768x432.webp 768w, https:\/\/www.parisenigmes.com\/blog\/wp-content\/uploads\/2026\/04\/Luxembourg_vue_sur_place_de_Metz_102.webp 1280w\" sizes=\"auto, (max-width: 1024px) 100vw, 1024px\" \/><figcaption id=\"caption-attachment-5598\" class=\"wp-caption-text\">Luxembourg vue sur place de Metz<\/figcaption><\/figure>\n<p>Depuis Metz, la capitale du Luxembourg est accessible en environ 45 \u00e0 60 minutes en voiture ou en train. Sur place, on peut visiter la vieille ville de Luxembourg, class\u00e9e \u00e0 l\u2019UNESCO, avec ses fortifications et ses ponts spectaculaires.<\/p>\n<p>On y d\u00e9couvre aussi la Place Guillaume II, le Palais grand-ducal et la Corniche, tr\u00e8s panoramique. La ville est moderne et dynamique, avec des institutions europ\u00e9ennes importantes et de nombreux quartiers anim\u00e9s.<\/p>\n<h3>Ch\u00e2teau de Malbrouck<\/h3>\n<figure id=\"attachment_5599\" aria-describedby=\"caption-attachment-5599\" style=\"width: 1024px\" class=\"wp-caption aligncenter\"><img data-dominant-color=\"878474\" data-has-transparency=\"false\" style=\"--dominant-color: #878474;\" loading=\"lazy\" decoding=\"async\" class=\"size-large wp-image-5599 not-transparent\" src=\"https:\/\/www.parisenigmes.com\/blog\/wp-content\/uploads\/2026\/04\/Chateau_de_Malbrouck_1-1024x629.webp\" alt=\"Ch\u00e2teau de Malbrouck\" width=\"1024\" height=\"629\" srcset=\"https:\/\/www.parisenigmes.com\/blog\/wp-content\/uploads\/2026\/04\/Chateau_de_Malbrouck_1-1024x629.webp 1024w, https:\/\/www.parisenigmes.com\/blog\/wp-content\/uploads\/2026\/04\/Chateau_de_Malbrouck_1-300x184.webp 300w, https:\/\/www.parisenigmes.com\/blog\/wp-content\/uploads\/2026\/04\/Chateau_de_Malbrouck_1-768x472.webp 768w, https:\/\/www.parisenigmes.com\/blog\/wp-content\/uploads\/2026\/04\/Chateau_de_Malbrouck_1.webp 1280w\" sizes=\"auto, (max-width: 1024px) 100vw, 1024px\" \/><figcaption id=\"caption-attachment-5599\" class=\"wp-caption-text\">Ch\u00e2teau de Malbrouck<\/figcaption><\/figure>\n<p>Le ch\u00e2teau de Malbrouck est situ\u00e9 \u00e0 Manderen, en Moselle, \u00e0 environ 40 minutes de Metz. Il s\u2019agit d\u2019un ch\u00e2teau m\u00e9di\u00e9val construit au XVe si\u00e8cle par le chevalier Arnold VI de Sierck. Son nom vient de la chanson populaire \u00ab Malbrough s\u2019en va-t-en guerre \u00bb.<\/p>\n<p>Le ch\u00e2teau a \u00e9t\u00e9 enti\u00e8rement restaur\u00e9 et propose aujourd\u2019hui des expositions et \u00e9v\u00e9nements culturels. Il poss\u00e8de quatre grandes tours et offre une vue panoramique sur la vall\u00e9e et les trois fronti\u00e8res. \u00c0 l\u2019int\u00e9rieur, on peut visiter des salles historiques et d\u00e9couvrir la vie au Moyen \u00c2ge. Le site accueille r\u00e9guli\u00e8rement des animations, festivals et reconstitutions historiques.<\/p>\n<h3>Parc naturel r\u00e9gional de Lorraine<\/h3>\n<figure id=\"attachment_5600\" aria-describedby=\"caption-attachment-5600\" style=\"width: 1024px\" class=\"wp-caption aligncenter\"><img data-dominant-color=\"6b928e\" data-has-transparency=\"false\" style=\"--dominant-color: #6b928e;\" loading=\"lazy\" decoding=\"async\" class=\"size-large wp-image-5600 not-transparent\" src=\"https:\/\/www.parisenigmes.com\/blog\/wp-content\/uploads\/2026\/04\/0961RBS-1024x486.webp\" alt=\"Parc naturel r\u00e9gional de Lorraine\" width=\"1024\" height=\"486\" srcset=\"https:\/\/www.parisenigmes.com\/blog\/wp-content\/uploads\/2026\/04\/0961RBS-1024x486.webp 1024w, https:\/\/www.parisenigmes.com\/blog\/wp-content\/uploads\/2026\/04\/0961RBS-300x142.webp 300w, https:\/\/www.parisenigmes.com\/blog\/wp-content\/uploads\/2026\/04\/0961RBS-768x364.webp 768w, https:\/\/www.parisenigmes.com\/blog\/wp-content\/uploads\/2026\/04\/0961RBS.webp 1280w\" sizes=\"auto, (max-width: 1024px) 100vw, 1024px\" \/><figcaption id=\"caption-attachment-5600\" class=\"wp-caption-text\">Le lac de Madine &#8211; Parc naturel r\u00e9gional de Lorraine<\/figcaption><\/figure>\n<p>Le Parc naturel r\u00e9gional de Lorraine est un vaste espace prot\u00e9g\u00e9 cr\u00e9\u00e9 en 1974, situ\u00e9 dans le Grand Est entre la Meuse, la Moselle et la Meurthe-et-Moselle. Il couvre plus de 210 000 hectares et comprend des paysages vari\u00e9s comme des for\u00eats, des \u00e9tangs, des vall\u00e9es et des plateaux.<\/p>\n<p>Le parc est divis\u00e9 en deux grandes zones s\u00e9par\u00e9es par le sillon mosellan entre Metz et Nancy. On y trouve des sites naturels remarquables comme le lac de Madine, les c\u00f4tes de Meuse ou le pays des \u00e9tangs. La faune y est riche avec des cerfs, sangliers, renards et de nombreuses esp\u00e8ces d\u2019oiseaux.<\/p>\n<p>La flore est compos\u00e9e de for\u00eats de feuillus, ch\u00eanes, h\u00eatres et autres arbres typiques de la r\u00e9gion. Le territoire comprend environ 180 communes et prot\u00e8ge aussi des paysages et du patrimoine rural.<\/p>\n<h2>Conclusion<\/h2>\n<p data-start=\"0\" data-end=\"423\">Visiter Metz permet de d\u00e9couvrir une ville riche en histoire et en patrimoine, o\u00f9 se c\u00f4toient monuments m\u00e9di\u00e9vaux, architecture imp\u00e9riale et cr\u00e9ations contemporaines. Son centre-ville offre des sites remarquables comme la cath\u00e9drale Saint-\u00c9tienne, la Porte des Allemands ou encore le Temple Neuf, qui t\u00e9moignent de son pass\u00e9 prestigieux. Les mus\u00e9es, parcs et places anim\u00e9es compl\u00e8tent cette immersion culturelle et vivante.<\/p>\n<p data-start=\"425\" data-end=\"723\" data-is-last-node=\"\" data-is-only-node=\"\">Depuis Metz, de nombreuses excursions sont possibles, comme Nancy, Luxembourg, Rodemack ou le ch\u00e2teau de Malbrouck, qui permettent d\u2019explorer la diversit\u00e9 de la r\u00e9gion. Metz constitue ainsi un excellent point de d\u00e9part pour un s\u00e9jour touristique entre patrimoine, nature et d\u00e9couvertes europ\u00e9ennes.<\/p>\n<\/div>\n<\/div>\n<\/div>\n<\/div>\n<\/div>\n<\/div>\n<\/div>\n<\/div>\n<\/div>\n","protected":false},"excerpt":{"rendered":"<p>Visiter Metz, c\u2019est d\u00e9couvrir une ville au riche pass\u00e9 historique situ\u00e9e au c\u0153ur du Grand Est, \u00e0 la crois\u00e9e de&#8230;<\/p>\n","protected":false},"author":1,"featured_media":5602,"comment_status":"closed","ping_status":"closed","sticky":false,"template":"","format":"standard","meta":{"_kad_post_transparent":"default","_kad_post_title":"default","_kad_post_layout":"default","_kad_post_sidebar_id":"","_kad_post_content_style":"default","_kad_post_vertical_padding":"default","_kad_post_feature":"","_kad_post_feature_position":"","_kad_post_header":false,"_kad_post_footer":false,"footnotes":""},"categories":[5],"tags":[],"class_list":["post-5485","post","type-post","status-publish","format-standard","has-post-thumbnail","hentry","category-france-fr"],"yoast_head":"<!-- This site is optimized with the Yoast SEO plugin v26.2 - https:\/\/yoast.com\/wordpress\/plugins\/seo\/ -->\n<title>Visiter Metz : 30 incontournables \u00e0 faire et voir - Paris Enigmes - Blog<\/title>\n<meta name=\"description\" content=\"Visiter Metz, d\u00e9couvrez une ville historique au riche patrimoine entre cath\u00e9drale, mus\u00e9es, gastronomies et parcs\" \/>\n<meta name=\"robots\" content=\"index, follow, max-snippet:-1, max-image-preview:large, max-video-preview:-1\" \/>\n<link rel=\"canonical\" href=\"https:\/\/www.parisenigmes.com\/blog\/visiter-metz\/\" \/>\n<meta property=\"og:locale\" content=\"fr_FR\" \/>\n<meta property=\"og:type\" content=\"article\" \/>\n<meta property=\"og:title\" content=\"Visiter Metz : 30 incontournables \u00e0 faire et voir\" \/>\n<meta property=\"og:description\" content=\"Visiter Metz, d\u00e9couvrez une ville historique au riche patrimoine entre cath\u00e9drale, mus\u00e9es, gastronomies et parcs\" \/>\n<meta property=\"og:url\" content=\"https:\/\/www.parisenigmes.com\/blog\/visiter-metz\/\" \/>\n<meta property=\"og:site_name\" content=\"Paris Enigmes - Blog\" \/>\n<meta property=\"article:publisher\" content=\"https:\/\/www.facebook.com\/ParisEnigmes\/\" \/>\n<meta property=\"article:published_time\" content=\"2026-04-28T05:46:55+00:00\" \/>\n<meta property=\"article:modified_time\" content=\"2026-04-29T07:09:43+00:00\" \/>\n<meta property=\"og:image\" content=\"https:\/\/www.parisenigmes.com\/blog\/wp-content\/uploads\/2026\/04\/metz.webp\" \/>\n\t<meta property=\"og:image:width\" content=\"1200\" \/>\n\t<meta property=\"og:image:height\" content=\"627\" \/>\n\t<meta property=\"og:image:type\" content=\"image\/jpeg\" \/>\n<meta name=\"author\" content=\"parisenigmes\" \/>\n<meta name=\"twitter:card\" content=\"summary_large_image\" \/>\n<meta name=\"twitter:title\" content=\"Visiter Metz : 30 incontournables \u00e0 faire et voir\" \/>\n<meta name=\"twitter:description\" content=\"Visiter Metz, d\u00e9couvrez une ville historique au riche patrimoine entre cath\u00e9drale, mus\u00e9es, gastronomies et parcs\" \/>\n<meta name=\"twitter:image\" content=\"https:\/\/www.parisenigmes.com\/blog\/wp-content\/uploads\/2026\/04\/metz.webp\" \/>\n<meta name=\"twitter:label1\" content=\"Written by\" \/>\n\t<meta name=\"twitter:data1\" content=\"parisenigmes\" \/>\n\t<meta name=\"twitter:label2\" content=\"Est. reading time\" \/>\n\t<meta name=\"twitter:data2\" content=\"27 minutes\" \/>\n<script type=\"application\/ld+json\" class=\"yoast-schema-graph\">{\"@context\":\"https:\/\/schema.org\",\"@graph\":[{\"@type\":\"Article\",\"@id\":\"https:\/\/www.parisenigmes.com\/blog\/visiter-metz\/#article\",\"isPartOf\":{\"@id\":\"https:\/\/www.parisenigmes.com\/blog\/visiter-metz\/\"},\"author\":{\"name\":\"parisenigmes\",\"@id\":\"https:\/\/www.parisenigmes.com\/blog\/#\/schema\/person\/2e217698c5034e9884190e3c9c806c22\"},\"headline\":\"Visiter Metz : 30 incontournables \u00e0 faire et voir\",\"datePublished\":\"2026-04-28T05:46:55+00:00\",\"dateModified\":\"2026-04-29T07:09:43+00:00\",\"mainEntityOfPage\":{\"@id\":\"https:\/\/www.parisenigmes.com\/blog\/visiter-metz\/\"},\"wordCount\":4859,\"publisher\":{\"@id\":\"https:\/\/www.parisenigmes.com\/blog\/#organization\"},\"image\":{\"@id\":\"https:\/\/www.parisenigmes.com\/blog\/visiter-metz\/#primaryimage\"},\"thumbnailUrl\":\"https:\/\/www.parisenigmes.com\/blog\/wp-content\/uploads\/2026\/04\/metz.webp\",\"articleSection\":[\"France\"],\"inLanguage\":\"fr-FR\"},{\"@type\":\"WebPage\",\"@id\":\"https:\/\/www.parisenigmes.com\/blog\/visiter-metz\/\",\"url\":\"https:\/\/www.parisenigmes.com\/blog\/visiter-metz\/\",\"name\":\"Visiter Metz : 30 incontournables \u00e0 faire et voir - Paris Enigmes - Blog\",\"isPartOf\":{\"@id\":\"https:\/\/www.parisenigmes.com\/blog\/#website\"},\"primaryImageOfPage\":{\"@id\":\"https:\/\/www.parisenigmes.com\/blog\/visiter-metz\/#primaryimage\"},\"image\":{\"@id\":\"https:\/\/www.parisenigmes.com\/blog\/visiter-metz\/#primaryimage\"},\"thumbnailUrl\":\"https:\/\/www.parisenigmes.com\/blog\/wp-content\/uploads\/2026\/04\/metz.webp\",\"datePublished\":\"2026-04-28T05:46:55+00:00\",\"dateModified\":\"2026-04-29T07:09:43+00:00\",\"description\":\"Visiter Metz, d\u00e9couvrez une ville historique au riche patrimoine entre cath\u00e9drale, mus\u00e9es, gastronomies et parcs\",\"breadcrumb\":{\"@id\":\"https:\/\/www.parisenigmes.com\/blog\/visiter-metz\/#breadcrumb\"},\"inLanguage\":\"fr-FR\",\"potentialAction\":[{\"@type\":\"ReadAction\",\"target\":[\"https:\/\/www.parisenigmes.com\/blog\/visiter-metz\/\"]}]},{\"@type\":\"ImageObject\",\"inLanguage\":\"fr-FR\",\"@id\":\"https:\/\/www.parisenigmes.com\/blog\/visiter-metz\/#primaryimage\",\"url\":\"https:\/\/www.parisenigmes.com\/blog\/wp-content\/uploads\/2026\/04\/metz.webp\",\"contentUrl\":\"https:\/\/www.parisenigmes.com\/blog\/wp-content\/uploads\/2026\/04\/metz.webp\",\"width\":1200,\"height\":627,\"caption\":\"Metz couverture - porte des allemands\"},{\"@type\":\"BreadcrumbList\",\"@id\":\"https:\/\/www.parisenigmes.com\/blog\/visiter-metz\/#breadcrumb\",\"itemListElement\":[{\"@type\":\"ListItem\",\"position\":1,\"name\":\"Home\",\"item\":\"https:\/\/www.parisenigmes.com\/blog\/\"},{\"@type\":\"ListItem\",\"position\":2,\"name\":\"Visiter Metz : 30 incontournables \u00e0 faire et voir\"}]},{\"@type\":\"WebSite\",\"@id\":\"https:\/\/www.parisenigmes.com\/blog\/#website\",\"url\":\"https:\/\/www.parisenigmes.com\/blog\/\",\"name\":\"Paris Enigmes - Blog\",\"description\":\"\",\"publisher\":{\"@id\":\"https:\/\/www.parisenigmes.com\/blog\/#organization\"},\"potentialAction\":[{\"@type\":\"SearchAction\",\"target\":{\"@type\":\"EntryPoint\",\"urlTemplate\":\"https:\/\/www.parisenigmes.com\/blog\/?s={search_term_string}\"},\"query-input\":{\"@type\":\"PropertyValueSpecification\",\"valueRequired\":true,\"valueName\":\"search_term_string\"}}],\"inLanguage\":\"fr-FR\"},{\"@type\":\"Organization\",\"@id\":\"https:\/\/www.parisenigmes.com\/blog\/#organization\",\"name\":\"Paris Enigmes - Blog\",\"url\":\"https:\/\/www.parisenigmes.com\/blog\/\",\"logo\":{\"@type\":\"ImageObject\",\"inLanguage\":\"fr-FR\",\"@id\":\"https:\/\/www.parisenigmes.com\/blog\/#\/schema\/logo\/image\/\",\"url\":\"https:\/\/www.parisenigmes.com\/blog\/wp-content\/uploads\/2025\/08\/ic_launcher.png\",\"contentUrl\":\"https:\/\/www.parisenigmes.com\/blog\/wp-content\/uploads\/2025\/08\/ic_launcher.png\",\"width\":1080,\"height\":1080,\"caption\":\"Paris Enigmes - Blog\"},\"image\":{\"@id\":\"https:\/\/www.parisenigmes.com\/blog\/#\/schema\/logo\/image\/\"},\"sameAs\":[\"https:\/\/www.facebook.com\/ParisEnigmes\/\",\"https:\/\/www.instagram.com\/parisenigmes\/\"]},{\"@type\":\"Person\",\"@id\":\"https:\/\/www.parisenigmes.com\/blog\/#\/schema\/person\/2e217698c5034e9884190e3c9c806c22\",\"name\":\"parisenigmes\",\"image\":{\"@type\":\"ImageObject\",\"inLanguage\":\"fr-FR\",\"@id\":\"https:\/\/www.parisenigmes.com\/blog\/#\/schema\/person\/image\/\",\"url\":\"https:\/\/secure.gravatar.com\/avatar\/c462456799ea25a5b7e4a315895b6249adf94c7d85c70bcb626bb5d99e5b7a4d?s=96&d=mm&r=g\",\"contentUrl\":\"https:\/\/secure.gravatar.com\/avatar\/c462456799ea25a5b7e4a315895b6249adf94c7d85c70bcb626bb5d99e5b7a4d?s=96&d=mm&r=g\",\"caption\":\"parisenigmes\"},\"sameAs\":[\"https:\/\/www.parisenigmes.com\/ressources\/wordpress\"],\"url\":\"https:\/\/www.parisenigmes.com\/blog\/author\/parisenigmes\/\"}]}<\/script>\n<!-- \/ Yoast SEO plugin. -->","yoast_head_json":{"title":"Visiter Metz : 30 incontournables \u00e0 faire et voir - Paris Enigmes - Blog","description":"Visiter Metz, d\u00e9couvrez une ville historique au riche patrimoine entre cath\u00e9drale, mus\u00e9es, gastronomies et parcs","robots":{"index":"index","follow":"follow","max-snippet":"max-snippet:-1","max-image-preview":"max-image-preview:large","max-video-preview":"max-video-preview:-1"},"canonical":"https:\/\/www.parisenigmes.com\/blog\/visiter-metz\/","og_locale":"fr_FR","og_type":"article","og_title":"Visiter Metz : 30 incontournables \u00e0 faire et voir","og_description":"Visiter Metz, d\u00e9couvrez une ville historique au riche patrimoine entre cath\u00e9drale, mus\u00e9es, gastronomies et parcs","og_url":"https:\/\/www.parisenigmes.com\/blog\/visiter-metz\/","og_site_name":"Paris Enigmes - Blog","article_publisher":"https:\/\/www.facebook.com\/ParisEnigmes\/","article_published_time":"2026-04-28T05:46:55+00:00","article_modified_time":"2026-04-29T07:09:43+00:00","og_image":[{"width":1200,"height":627,"url":"https:\/\/www.parisenigmes.com\/blog\/wp-content\/uploads\/2026\/04\/metz.webp","type":"image\/jpeg"}],"author":"parisenigmes","twitter_card":"summary_large_image","twitter_title":"Visiter Metz : 30 incontournables \u00e0 faire et voir","twitter_description":"Visiter Metz, d\u00e9couvrez une ville historique au riche patrimoine entre cath\u00e9drale, mus\u00e9es, gastronomies et parcs","twitter_image":"https:\/\/www.parisenigmes.com\/blog\/wp-content\/uploads\/2026\/04\/metz.webp","twitter_misc":{"Written by":"parisenigmes","Est. reading time":"27 minutes"},"schema":{"@context":"https:\/\/schema.org","@graph":[{"@type":"Article","@id":"https:\/\/www.parisenigmes.com\/blog\/visiter-metz\/#article","isPartOf":{"@id":"https:\/\/www.parisenigmes.com\/blog\/visiter-metz\/"},"author":{"name":"parisenigmes","@id":"https:\/\/www.parisenigmes.com\/blog\/#\/schema\/person\/2e217698c5034e9884190e3c9c806c22"},"headline":"Visiter Metz : 30 incontournables \u00e0 faire et voir","datePublished":"2026-04-28T05:46:55+00:00","dateModified":"2026-04-29T07:09:43+00:00","mainEntityOfPage":{"@id":"https:\/\/www.parisenigmes.com\/blog\/visiter-metz\/"},"wordCount":4859,"publisher":{"@id":"https:\/\/www.parisenigmes.com\/blog\/#organization"},"image":{"@id":"https:\/\/www.parisenigmes.com\/blog\/visiter-metz\/#primaryimage"},"thumbnailUrl":"https:\/\/www.parisenigmes.com\/blog\/wp-content\/uploads\/2026\/04\/metz.webp","articleSection":["France"],"inLanguage":"fr-FR"},{"@type":"WebPage","@id":"https:\/\/www.parisenigmes.com\/blog\/visiter-metz\/","url":"https:\/\/www.parisenigmes.com\/blog\/visiter-metz\/","name":"Visiter Metz : 30 incontournables \u00e0 faire et voir - Paris Enigmes - Blog","isPartOf":{"@id":"https:\/\/www.parisenigmes.com\/blog\/#website"},"primaryImageOfPage":{"@id":"https:\/\/www.parisenigmes.com\/blog\/visiter-metz\/#primaryimage"},"image":{"@id":"https:\/\/www.parisenigmes.com\/blog\/visiter-metz\/#primaryimage"},"thumbnailUrl":"https:\/\/www.parisenigmes.com\/blog\/wp-content\/uploads\/2026\/04\/metz.webp","datePublished":"2026-04-28T05:46:55+00:00","dateModified":"2026-04-29T07:09:43+00:00","description":"Visiter Metz, d\u00e9couvrez une ville historique au riche patrimoine entre cath\u00e9drale, mus\u00e9es, gastronomies et parcs","breadcrumb":{"@id":"https:\/\/www.parisenigmes.com\/blog\/visiter-metz\/#breadcrumb"},"inLanguage":"fr-FR","potentialAction":[{"@type":"ReadAction","target":["https:\/\/www.parisenigmes.com\/blog\/visiter-metz\/"]}]},{"@type":"ImageObject","inLanguage":"fr-FR","@id":"https:\/\/www.parisenigmes.com\/blog\/visiter-metz\/#primaryimage","url":"https:\/\/www.parisenigmes.com\/blog\/wp-content\/uploads\/2026\/04\/metz.webp","contentUrl":"https:\/\/www.parisenigmes.com\/blog\/wp-content\/uploads\/2026\/04\/metz.webp","width":1200,"height":627,"caption":"Metz couverture - porte des allemands"},{"@type":"BreadcrumbList","@id":"https:\/\/www.parisenigmes.com\/blog\/visiter-metz\/#breadcrumb","itemListElement":[{"@type":"ListItem","position":1,"name":"Home","item":"https:\/\/www.parisenigmes.com\/blog\/"},{"@type":"ListItem","position":2,"name":"Visiter Metz : 30 incontournables \u00e0 faire et voir"}]},{"@type":"WebSite","@id":"https:\/\/www.parisenigmes.com\/blog\/#website","url":"https:\/\/www.parisenigmes.com\/blog\/","name":"Paris Enigmes - Blog","description":"","publisher":{"@id":"https:\/\/www.parisenigmes.com\/blog\/#organization"},"potentialAction":[{"@type":"SearchAction","target":{"@type":"EntryPoint","urlTemplate":"https:\/\/www.parisenigmes.com\/blog\/?s={search_term_string}"},"query-input":{"@type":"PropertyValueSpecification","valueRequired":true,"valueName":"search_term_string"}}],"inLanguage":"fr-FR"},{"@type":"Organization","@id":"https:\/\/www.parisenigmes.com\/blog\/#organization","name":"Paris Enigmes - Blog","url":"https:\/\/www.parisenigmes.com\/blog\/","logo":{"@type":"ImageObject","inLanguage":"fr-FR","@id":"https:\/\/www.parisenigmes.com\/blog\/#\/schema\/logo\/image\/","url":"https:\/\/www.parisenigmes.com\/blog\/wp-content\/uploads\/2025\/08\/ic_launcher.png","contentUrl":"https:\/\/www.parisenigmes.com\/blog\/wp-content\/uploads\/2025\/08\/ic_launcher.png","width":1080,"height":1080,"caption":"Paris Enigmes - Blog"},"image":{"@id":"https:\/\/www.parisenigmes.com\/blog\/#\/schema\/logo\/image\/"},"sameAs":["https:\/\/www.facebook.com\/ParisEnigmes\/","https:\/\/www.instagram.com\/parisenigmes\/"]},{"@type":"Person","@id":"https:\/\/www.parisenigmes.com\/blog\/#\/schema\/person\/2e217698c5034e9884190e3c9c806c22","name":"parisenigmes","image":{"@type":"ImageObject","inLanguage":"fr-FR","@id":"https:\/\/www.parisenigmes.com\/blog\/#\/schema\/person\/image\/","url":"https:\/\/secure.gravatar.com\/avatar\/c462456799ea25a5b7e4a315895b6249adf94c7d85c70bcb626bb5d99e5b7a4d?s=96&d=mm&r=g","contentUrl":"https:\/\/secure.gravatar.com\/avatar\/c462456799ea25a5b7e4a315895b6249adf94c7d85c70bcb626bb5d99e5b7a4d?s=96&d=mm&r=g","caption":"parisenigmes"},"sameAs":["https:\/\/www.parisenigmes.com\/ressources\/wordpress"],"url":"https:\/\/www.parisenigmes.com\/blog\/author\/parisenigmes\/"}]}},"_links":{"self":[{"href":"https:\/\/www.parisenigmes.com\/blog\/wp-json\/wp\/v2\/posts\/5485","targetHints":{"allow":["GET"]}}],"collection":[{"href":"https:\/\/www.parisenigmes.com\/blog\/wp-json\/wp\/v2\/posts"}],"about":[{"href":"https:\/\/www.parisenigmes.com\/blog\/wp-json\/wp\/v2\/types\/post"}],"author":[{"embeddable":true,"href":"https:\/\/www.parisenigmes.com\/blog\/wp-json\/wp\/v2\/users\/1"}],"replies":[{"embeddable":true,"href":"https:\/\/www.parisenigmes.com\/blog\/wp-json\/wp\/v2\/comments?post=5485"}],"version-history":[{"count":6,"href":"https:\/\/www.parisenigmes.com\/blog\/wp-json\/wp\/v2\/posts\/5485\/revisions"}],"predecessor-version":[{"id":5606,"href":"https:\/\/www.parisenigmes.com\/blog\/wp-json\/wp\/v2\/posts\/5485\/revisions\/5606"}],"wp:featuredmedia":[{"embeddable":true,"href":"https:\/\/www.parisenigmes.com\/blog\/wp-json\/wp\/v2\/media\/5602"}],"wp:attachment":[{"href":"https:\/\/www.parisenigmes.com\/blog\/wp-json\/wp\/v2\/media?parent=5485"}],"wp:term":[{"taxonomy":"category","embeddable":true,"href":"https:\/\/www.parisenigmes.com\/blog\/wp-json\/wp\/v2\/categories?post=5485"},{"taxonomy":"post_tag","embeddable":true,"href":"https:\/\/www.parisenigmes.com\/blog\/wp-json\/wp\/v2\/tags?post=5485"}],"curies":[{"name":"wp","href":"https:\/\/api.w.org\/{rel}","templated":true}]}}